{"id":121187,"date":"2025-05-17T17:09:50","date_gmt":"2025-05-17T15:09:50","guid":{"rendered":"http:\/\/www.reunion68.se\/?p=121187"},"modified":"2025-05-17T16:02:50","modified_gmt":"2025-05-17T14:02:50","slug":"17-09-96","status":"publish","type":"post","link":"https:\/\/www.reunion68.se\/?p=121187","title":{"rendered":"Czym naprawd\u0119 zainteresowani s\u0105 Palesty\u0144czycy?"},"content":{"rendered":"<p style=\"text-align: center;\"><img decoding=\"async\" class=\"aligncenter\" src=\"https:\/\/www.gatestoneinstitute.org\/pics\/5356.jpg\" width=\"100%\" \/><span style=\"color: #808080;\"><em>Gdy pod koniec kwietnia w centralnym Izraelu szala\u0142y po\u017cary, wielu Palesty\u0144czyk\u00f3w \u015bwi\u0119towa\u0142o, bezczelnie domaga\u0142o si\u0119 kolejnych po\u017car\u00f3w i wzywa\u0142o do &#8220;spalenia na popi\u00f3\u0142&#8221; izraelskich dom\u00f3w. Palesty\u0144czycy s\u0105 o wiele bardziej zainteresowani mordowaniem \u017byd\u00f3w i podpalaniem Izraela ni\u017c &#8220;wsp\u00f3\u0142istnieniem&#8221;. Na zdj\u0119ciu: helikopter polewa wod\u0105 po\u017car lasu w pobli\u017cu Jerozolimy w Izraelu 30 kwietnia 2025 r. (Zdj\u0119cie: Ori Aviram\/Middle East Images\/AFP via Getty Images)<\/em><\/span><\/p>\n<hr \/>\n<h5 style=\"text-align: center;\"><a href=\"https:\/\/pl.gatestoneinstitute.org\/\" target=\"_blank\" rel=\"noopener noreferrer\"><img decoding=\"async\" class=\"center alignleft\" src=\"https:\/\/pl.gatestoneinstitute.org\/images\/gatestone-logo-1000.gif\" alt=\"\" width=\"50%\" \/><\/a><span style=\"text-decoration: underline; color: #000080;\"><span><strong><a style=\"color: #000080; text-decoration: underline;\" href=\"https:\/\/pl.gatestoneinstitute.org\/21623\/czym-naprawde-zainteresowani-sa-palestynczycy\" target=\"_blank\" rel=\"noopener noreferrer\">Czym naprawd\u0119 zainteresowani s\u0105 Palesty\u0144czycy?<\/a><\/strong><\/span><\/span><\/h5>\n<p style=\"text-align: center;\"><span style=\"color: #000000;\"><strong>Bassam Tawil T\u0142umaczenie: Ma\u0142gorzata Koraszewska<\/strong><\/span><\/p>\n<hr style=\"height: 15px; background: #d0e6fa; width: 100%;\" \/>\n<p style=\"text-align: left;\"><span style=\"color: #000080;\">Gdy pod koniec kwietnia w centralnym Izraelu szala\u0142y po\u017cary, wielu Palesty\u0144czyk\u00f3w\u00a0<a style=\"color: #000080;\" href=\"https:\/\/x.com\/AvivaKlompas\/status\/1917568238512398370\" target=\"_blank\" rel=\"noopener noreferrer\">\u015bwi\u0119towa\u0142o<\/a>, bezczelnie\u00a0<a style=\"color: #000080;\" href=\"https:\/\/x.com\/Hussin_H5\/status\/1917636181212422455\" target=\"_blank\" rel=\"noopener noreferrer\">domagaj\u0105c si\u0119<\/a>\u00a0wi\u0119kszej liczby po\u017car\u00f3w i wzywaj\u0105c do obr\u00f3cenia izraelskich dom\u00f3w w &#8220;popio\u0142y&#8221;.<\/span><\/p>\n<p style=\"text-align: left;\"><span style=\"color: #000080;\">Wszystko to wydarzy\u0142o si\u0119 w dniu, w kt\u00f3rym Izraelczycy czcili pami\u0119\u0107 poleg\u0142ych \u017co\u0142nierzy i ofiar terroryzmu oraz przygotowywali si\u0119 do obchod\u00f3w Dnia Niepodleg\u0142o\u015bci.<\/span><\/p>\n<p style=\"text-align: left;\"><span style=\"color: #000080;\">&#8220;Prosimy Boga, aby chroni\u0142 nasz lud i nasz\u0105 ziemi\u0119. Niech te po\u017cary zdezorientuj\u0105 [izraelskich] okupant\u00f3w i ich osadnik\u00f3w&#8221; \u2013\u00a0<a style=\"color: #000080;\" href=\"https:\/\/www.ynetnews.com\/business\/article\/sybbhggxlg\" target=\"_blank\" rel=\"noopener noreferrer\">napisa\u0142a<\/a>\u00a0palesty\u0144ska u\u017cytkowniczka medi\u00f3w spo\u0142eczno\u015bciowych Hana Barghouti.<\/span><\/p>\n<p style=\"text-align: left;\"><span style=\"color: #000080;\">&#8220;W imi\u0119 Allaha&#8221; &#8211;\u00a0<a style=\"color: #000080;\" href=\"https:\/\/www.ynetnews.com\/business\/article\/sybbhggxlg\" target=\"_blank\" rel=\"noopener noreferrer\">napisa\u0142a<\/a>\u00a0inna u\u017cytkowniczka, Umm Ibrahim, kt\u00f3ra zamie\u015bci\u0142a zdj\u0119cia po\u017car\u00f3w: &#8220;M\u015bciciel, Wszechmog\u0105cy&#8221;.<\/span><\/p>\n<p style=\"text-align: left;\"><span style=\"color: #000080;\">W\u0142adze Izraela\u00a0<a style=\"color: #000080;\" href=\"https:\/\/www.timesofisrael.com\/liveblog-may-01-2025\/\" target=\"_blank\" rel=\"noopener noreferrer\">poinformowa\u0142y<\/a>, \u017ce aresztowano kilku Palesty\u0144czyk\u00f3w pod zarzutem wzniecania po\u017car\u00f3w las\u00f3w. To celowe &#8220;ekob\u00f3jstwo&#8221; przeciwko przyrodzie na ziemi, o kt\u00f3r\u0105 rzekomo walcz\u0105, pokazuje, \u017ce Palesty\u0144czycy nigdy tak naprawd\u0119 nie dbali o t\u0119 ziemi\u0119; po prostu chc\u0105 j\u0105 przej\u0105\u0107 i zabi\u0107 jak najwi\u0119cej \u017byd\u00f3w. Czy &#8220;zielone&#8221; grupy pot\u0119pi\u0105 Palesty\u0144czyk\u00f3w za t\u0119 zbrodni\u0119 przeciwko naturze? Nie czekajcie z zapartym tchem.<\/span><\/p>\n<p style=\"text-align: left;\"><span style=\"color: #000080;\">Wspierana przez Iran palesty\u0144ska organizacja terrorystyczna Hamas\u00a0<a style=\"color: #000080;\" href=\"https:\/\/m.jpost.com\/breaking-news\/article-852155\" target=\"_blank\" rel=\"noopener noreferrer\">pochwali\u0142a<\/a>\u00a0po\u017cary, nazywaj\u0105c je &#8220;\u017co\u0142nierzami Boga&#8221; i wzywa\u0142a Palesty\u0144czyk\u00f3w do wzniecania kolejnych po\u017car\u00f3w w Izraelu,\u00a0<a style=\"color: #000080;\" href=\"https:\/\/x.com\/AvivaKlompas\/status\/1917797038269325550\" target=\"_blank\" rel=\"noopener noreferrer\">pisz\u0105c<\/a>\u00a0na portalu spo\u0142eczno\u015bciowym Telegram:<\/span><\/p>\n<blockquote><p><strong>&#8220;Spalcie wszystko, co mo\u017cecie, gaje, lasy i domy osadnik\u00f3w. [Palesty\u0144ska] m\u0142odzie\u017c z Zachodniego Brzegu, m\u0142odzie\u017c z Jerozolimy i ci w Izraelu, podpalajcie ich samochody&#8221;.<\/strong><\/p><\/blockquote>\n<p>Palesty\u0144ska grupa Sie\u0107 Wiadomo\u015bci D\u017cenin wezwa\u0142a Palesty\u0144czyk\u00f3w do <span style=\"color: #000080;\">&#8220;palenia gaj\u00f3w w pobli\u017cu osiedli&#8221;. Grupa\u00a0<a style=\"color: #000080;\" href=\"https:\/\/m.jpost.com\/breaking-news\/article-852155\" target=\"_blank\" rel=\"noopener noreferrer\">opublikowa\u0142a<\/a>\u00a0zdj\u0119cie zamaskowanego m\u0119\u017cczyzny podpalaj\u0105cego pole, podczas gdy w tle p\u0142on\u0119\u0142o drewno. &#8220;Domy osadnik\u00f3w &#8211; g\u0142osi\u0142 tekst &#8211; zostan\u0105 zamienione w popi\u00f3\u0142 pod stopami rewolucjonist\u00f3w&#8221;.<\/span><\/p>\n<p><span style=\"color: #000080;\">Inna palesty\u0144ska grupa medialna\u00a0<a style=\"color: #000080;\" href=\"https:\/\/x.com\/Stephan_Groulx_\/status\/1917590585663254790\" target=\"_blank\" rel=\"noopener noreferrer\">opublikowa\u0142a nast\u0119puj\u0105cy wpis<\/a>:<\/span><\/p>\n<blockquote><p><strong>&#8220;Bohaterowie Zachodniego Brzegu i Jerozolimy, dzi\u015b jest wasz dzie\u0144. Skorzystajcie z tych po\u017car\u00f3w i sprawcie, by rozprzestrzeni\u0142y si\u0119 dalej. Benzyna i iskra wystarcz\u0105, by zamieni\u0107 [izraelski] tw\u00f3r w piek\u0142o. Jego osady i lasy s\u0105 waszym celem. Ludzie Boga, m\u00f3wcie &#8216;Allahu Akbar!&#8217; (B\u00f3g jest wi\u0119kszy), we wszystkich cz\u0119\u015bciach kraju&#8221;.<\/strong><\/p><\/blockquote>\n<p><span style=\"color: #000080;\">Wielu Palesty\u0144czyk\u00f3w okre\u015bla \u017byd\u00f3w mieszkaj\u0105cych w Izraelu mianem &#8220;osadnik\u00f3w&#8221;. Nie rozr\u00f3\u017cniaj\u0105 \u017byda mieszkaj\u0105cego w Izraelu od \u017byda mieszkaj\u0105cego w osiedlu na Zachodnim Brzegu [Judei i Samarii]. Dla tych Palesty\u0144czyk\u00f3w Izrael jest jedn\u0105 wielk\u0105 osad\u0105, kt\u00f3rej mieszka\u0144c\u00f3w nale\u017cy eksterminowa\u0107.<\/span><\/p>\n<p><span style=\"color: #000080;\">Palesty\u0144ski influencer medi\u00f3w spo\u0142eczno\u015bciowych Chaled Safi\u00a0<a style=\"color: #000080;\" href=\"https:\/\/x.com\/KhaledSafi\/status\/1917909934072533231\" target=\"_blank\" rel=\"noopener noreferrer\">napisa\u0142<\/a>\u00a0do swoich 322 tysi\u0119cy obserwuj\u0105cych na X:<\/span><\/p>\n<blockquote><p><strong>&#8220;Po\u017cary strawi\u0142y 19 tysi\u0119cy dunam\u00f3w ziemi w pobli\u017cu Jerozolimy, co wzmocni\u0142o moje przekonanie, \u017ce upadek tworu [izraelskiego] jest o wiele \u0142atwiejszy, ni\u017c my\u015blimy&#8221;.<\/strong><\/p><\/blockquote>\n<p><span style=\"color: #000080;\">W innym\u00a0<a style=\"color: #000080;\" href=\"https:\/\/x.com\/KhaledSafi\/status\/1917640092551897346\" target=\"_blank\" rel=\"noopener noreferrer\">po\u015bcie<\/a>\u00a0na X Safi zamie\u015bci\u0142 zdj\u0119cie Izraelczyk\u00f3w uciekaj\u0105cych przed po\u017carem lasu:<\/span><\/p>\n<blockquote><p><strong>&#8220;Dla waszego bezpiecze\u0144stwa zalecamy udanie si\u0119 na zach\u00f3d do Hajfy, nast\u0119pnie do portu, a nast\u0119pnie do waszych kraj\u00f3w ojczystych!&#8221;<\/strong><\/p><\/blockquote>\n<p><span style=\"color: #000080;\">Palesty\u0144ski aktywista praw cz\u0142owieka Bassem Eid\u00a0<a style=\"color: #000080;\" href=\"https:\/\/x.com\/realbassemeid\/status\/1917725173236564468\" target=\"_blank\" rel=\"noopener noreferrer\">oskar\u017cy\u0142<\/a>\u00a0Palesty\u0144czyk\u00f3w o celowe podpalanie:<\/span><\/p>\n<blockquote><p><strong>&#8220;Podczas gdy Izrael walczy z du\u017cymi po\u017carami w ca\u0142ym kraju, z kt\u00f3rych cz\u0119\u015b\u0107 zosta\u0142a wywo\u0142ana celowo, palesty\u0144scy terrory\u015bci publikuj\u0105 posty w mediach spo\u0142eczno\u015bciowych, \u015bwi\u0119tuj\u0105c i wzywaj\u0105c ludzi do podpalania izraelskich miast, las\u00f3w i pojazd\u00f3w. Po\u017cary te nara\u017caj\u0105 zar\u00f3wno Izraelczyk\u00f3w, jak i Palesty\u0144czyk\u00f3w na ryzyko i powoduj\u0105 powa\u017cne szkody na ziemi, o kt\u00f3r\u0105 ci terrory\u015bci twierdz\u0105, \u017ce walcz\u0105. Ci ludzie nie s\u0105 zwolennikami Palesty\u0144czyk\u00f3w; s\u0105 zwolennikami terroryzmu przeciwko \u017bydom&#8221;.<\/strong><\/p><\/blockquote>\n<p style=\"text-align: left;\"><span style=\"color: #000080;\">To ci sami Palesty\u0144czycy, kt\u00f3rzy wcze\u015bniej w tym roku\u00a0<a style=\"color: #000080;\" href=\"https:\/\/x.com\/Saul_Sadka\/status\/1877367239667482893\" target=\"_blank\" rel=\"noopener noreferrer\">\u015bwi\u0119towali<\/a>\u00a0i cieszyli si\u0119, gdy szala\u0142y po\u017cary w Los Angeles. Je\u015bli chodzi o wielu Palesty\u0144czyk\u00f3w, USA s\u0105 r\u00f3wnie\u017c ich wrogiem ze wzgl\u0119du na ich wieloletnie poparcie dla Izraela.<\/span><\/p>\n<p style=\"text-align: left;\"><span style=\"color: #000080;\">Za ka\u017cdym razem, gdy Izrael spotyka katastrofa lub \u017byd zostaje zamordowany w ataku terrorystycznym, Palesty\u0144czycy maj\u0105 zwyczaj\u00a0<a style=\"color: #000080;\" href=\"https:\/\/www.jns.org\/the-palestinian-tradition-of-celebrating-the-death-of-jews\/\" target=\"_blank\" rel=\"noopener noreferrer\">\u015bwi\u0119towania<\/a>.<\/span><\/p>\n<p style=\"text-align: left;\"><span style=\"color: #000080;\">W kwietniu 2024 r., gdy Iran wystrzeli\u0142 180 pocisk\u00f3w balistycznych w kierunku Izraela, Palesty\u0144czycy wylegli na ulice, aby\u00a0<a style=\"color: #000080;\" href=\"https:\/\/www.jns.org\/the-palestinian-tradition-of-celebrating-the-death-of-jews\/\" target=\"_blank\" rel=\"noopener noreferrer\">\u015bwi\u0119towa\u0107<\/a>. Mimo \u017ce cz\u0119\u015b\u0107 pocisk\u00f3w spad\u0142a na palesty\u0144skie tereny na Zachodnim Brzegu, \u015bwi\u0119towanie nawet nie przygas\u0142o.<\/span><\/p>\n<p style=\"text-align: left;\"><span style=\"color: #000080;\">Najhuczniejsze obchody odby\u0142y si\u0119 7 pa\u017adziernika 2023 r., kiedy to\u00a0<a style=\"color: #000080;\" href=\"https:\/\/www.perplexity.ai\/search\/how-many-terrorists-and-palest-26qY4adbSR.9GbzckpwL6g\" target=\"_blank\" rel=\"noopener noreferrer\">oko\u0142o 6000 terroryst\u00f3w Hamasu i &#8220;zwyk\u0142ych&#8221; Palesty\u0144czyk\u00f3w<\/a>\u00a0pod os\u0142on\u0105\u00a0<a style=\"color: #000080;\" href=\"https:\/\/www.perplexity.ai\/search\/how-many-rockets-and-missiles-NDCVw6K0Q0Od4KMt0JbIcw\" target=\"_blank\" rel=\"noopener noreferrer\">5 tysi\u0119cy<\/a>\u00a0rakiet i pocisk\u00f3w wystrzelonych w kierunku Izraela, dokona\u0142o inwazji na Izrael ze Strefy Gazy i zamordowa\u0142o ponad 1200 Izraelczyk\u00f3w. Tysi\u0105ce Palesty\u0144czyk\u00f3w wysz\u0142o na ulice Strefy Gazy, aby \u015bwi\u0119towa\u0107 masakr\u0119 i plu\u0107 na porwanych izraelskich m\u0119\u017cczyzn i kobiety, gdy ci\u0105gni\u0119to ich do niewoli w tunelach Gazy.<\/span><\/p>\n<p style=\"text-align: left;\"><span style=\"color: #000080;\">Kiedy w ci\u0105gu ostatnich trzech dekad palesty\u0144scy terrory\u015bci dokonywali w Izraelu zamach\u00f3w samob\u00f3jczych i atak\u00f3w no\u017cowniczych, zawsze mia\u0142y miejsce podobne uroczysto\u015bci.<\/span><\/p>\n<p style=\"text-align: left;\"><span style=\"color: #000080;\">Zachwyt Palesty\u0144czyk\u00f3w z powodu niedawnych po\u017car\u00f3w las\u00f3w w Izraelu jest kolejnym dowodem ich g\u0142\u0119bokiej nienawi\u015bci do Izraela i \u017byd\u00f3w.<\/span><\/p>\n<p style=\"text-align: left;\"><span style=\"color: #000080;\">Za t\u0119 nienawi\u015b\u0107 bezpo\u015brednio odpowiedzialne s\u0105 dziesi\u0119ciolecia antyizraelskiej propagandy palesty\u0144skich przyw\u00f3dc\u00f3w i medi\u00f3w. Dlatego te\u017c wszelkie rozmowy o procesie pokojowym z Palesty\u0144czykami sta\u0142y si\u0119 niestety niczym innym, jak ponurym dowcipem.<\/span><\/p>\n<p style=\"text-align: left;\"><span style=\"color: #000080;\">Palesty\u0144czycy s\u0105 o wiele bardziej zainteresowani mordowaniem \u017byd\u00f3w i podpalaniem Izraela ni\u017c &#8220;wsp\u00f3\u0142istnieniem&#8221;. Nie chc\u0105, aby Izrael &#8220;wsp\u00f3\u0142istnia\u0142&#8221; nawet na milimetrze ich w\u0142asnej historycznej ojczyzny.<\/span><\/p>\n<p style=\"text-align: left;\"><span style=\"color: #000080;\">\u015awiat musi zda\u0107 sobie spraw\u0119, \u017ce Palesty\u0144czycy wychowali ca\u0142e pokolenie, kt\u00f3re czci zag\u0142ad\u0119 i \u015bmier\u0107 \u017byd\u00f3w \u2013 a nawet w\u0142asn\u0105 \u015bmier\u0107 \u2013 o wiele bardziej ni\u017c lepsze i dostatnie \u017cycie.<\/span><\/p>\n<hr \/>\n<p><span style=\"color: #808080;\"><i><b>Bassam Tawil<\/b> jest muzu\u0142ma\u0144skim badaczem i publicyst\u0105 mieszkaj\u0105cym na Bliskim Wschodzie.<\/i><\/span><\/p>\n<hr style=\"height: 15px; background: #d0e6fa; width: 100%;\" \/>\n<div id=\"content\" class=\"content-alignment\">\n<div id=\"watch-description\" class=\"yt-uix-button-panel\">\n<div id=\"watch-description-text\" style=\"text-align: center;\">\n<p><em>Zawarto\u015b\u0107 publikowanych artyku\u0142\u00f3w i materia\u0142\u00f3w nie reprezentuje pogl\u0105d\u00f3w ani opinii Reunion&#8217;68,<\/em><em><br \/>\nani te\u017c webmastera Blogu Reunion&#8217;68, chyba ze jest to wyra\u017anie zaznaczone.<br \/>\nTwoje uwagi, linki, w\u0142asne artyku\u0142y lub wiadomo\u015bci prze\u015blij na adres:<br \/>\n<\/em><span style=\"color: #000080;\"><strong><em><a style=\"color: #000080;\" href=\"mailto:webmaster@reunion68.com\"><span style=\"text-decoration: underline;\">webmaster@reunion68.com<\/span><\/a><\/em><\/strong><\/span><\/p>\n<\/div>\n<\/div>\n<\/div>\n<hr style=\"width: 100%;\" \/>\n","protected":false},"excerpt":{"rendered":"<p>Gdy pod koniec kwietnia w centralnym Izraelu szala\u0142y po\u017cary, wielu Palesty\u0144czyk\u00f3w \u015bwi\u0119towa\u0142o, bezczelnie domaga\u0142o si\u0119 kolejnych po\u017car\u00f3w i wzywa\u0142o do &#8220;spalenia na popi\u00f3\u0142&#8221; izraelskich dom\u00f3w. Palesty\u0144czycy s\u0105 o wiele bardziej zainteresowani mordowaniem \u017byd\u00f3w i podpalaniem Izraela ni\u017c &#8220;wsp\u00f3\u0142istnieniem&#8221;. Na zdj\u0119ciu: helikopter polewa wod\u0105 po\u017car lasu w pobli\u017cu Jerozolimy w Izraelu 30 kwietnia 2025 r. (Zdj\u0119cie: [&hellip;]<\/p>\n","protected":false},"author":1,"featured_media":0,"comment_status":"closed","ping_status":"closed","sticky":false,"template":"","format":"standard","meta":[],"categories":[6],"tags":[26,24],"_links":{"self":[{"href":"https:\/\/www.reunion68.se\/index.php?rest_route=\/wp\/v2\/posts\/121187"}],"collection":[{"href":"https:\/\/www.reunion68.se\/index.php?rest_route=\/wp\/v2\/posts"}],"about":[{"href":"https:\/\/www.reunion68.se\/index.php?rest_route=\/wp\/v2\/types\/post"}],"author":[{"embeddable":true,"href":"https:\/\/www.reunion68.se\/index.php?rest_route=\/wp\/v2\/users\/1"}],"replies":[{"embeddable":true,"href":"https:\/\/www.reunion68.se\/index.php?rest_route=%2Fwp%2Fv2%2Fcomments&post=121187"}],"version-history":[{"count":5,"href":"https:\/\/www.reunion68.se\/index.php?rest_route=\/wp\/v2\/posts\/121187\/revisions"}],"predecessor-version":[{"id":121196,"href":"https:\/\/www.reunion68.se\/index.php?rest_route=\/wp\/v2\/posts\/121187\/revisions\/121196"}],"wp:attachment":[{"href":"https:\/\/www.reunion68.se\/index.php?rest_route=%2Fwp%2Fv2%2Fmedia&parent=121187"}],"wp:term":[{"taxonomy":"category","embeddable":true,"href":"https:\/\/www.reunion68.se\/index.php?rest_route=%2Fwp%2Fv2%2Fcategories&post=121187"},{"taxonomy":"post_tag","embeddable":true,"href":"https:\/\/www.reunion68.se\/index.php?rest_route=%2Fwp%2Fv2%2Ftags&post=121187"}],"curies":[{"name":"wp","href":"https:\/\/api.w.org\/{rel}","templated":true}]}}