{"id":12122,"date":"2015-01-13T19:03:04","date_gmt":"2015-01-13T17:03:04","guid":{"rendered":"http:\/\/www.reunion68.se\/?p=12122"},"modified":"2015-01-13T14:59:59","modified_gmt":"2015-01-13T12:59:59","slug":"12122","status":"publish","type":"post","link":"https:\/\/www.reunion68.se\/?p=12122","title":{"rendered":"Wizja lokalna"},"content":{"rendered":"<h5 style=\"text-align: center;\"><a href=\"http:\/\/www.grupawydawniczafoksal.com\/\" target=\"_blank\"><img decoding=\"async\" class=\"center alignleft\" src=\"http:\/\/www.reunion68.com\/Biuletyn\/img\/foksal.png\" alt=\"\" \/><\/a><span style=\"text-decoration: underline; color: #000080;\"><span style=\"text-decoration: underline;\"><strong><a style=\"color: #000080; text-decoration: underline;\" href=\"http:\/\/www.grupawydawniczafoksal.com\/ksiazki\/wizja-lokalna.html\" target=\"_blank\">Wizja lokalna<\/a><\/strong><\/span><\/span><\/h5>\n<hr style=\"height: 15px; background: #d0e6fa; width: 710px;\" \/>\n<p><img decoding=\"async\" class=\" alignright\" src=\"http:\/\/www.grupawydawniczafoksal.com\/uploads\/book_images\/midi\/cover-6579.jpg\" alt=\"Wizja lokalna\" \/><\/p>\n<p>Autor: <span style=\"color: #333333;\"><strong>W\u0142odzimierz Erlich<\/strong><\/span><br \/>\nTytu\u0142 oryginalny: <span style=\"color: #333333;\"><strong>Wizja lokalna<\/strong><\/span><br \/>\nWydawca: <strong>W.A.B.<\/strong><br \/>\nISBN: <strong>978-83-280-0962-2<\/strong><br \/>\nLiczba stron: <strong>256<\/strong><br \/>\nWymiary: <strong>123mm x 194mm<\/strong><br \/>\nOk\u0142adka: <strong>mi\u0119kka<\/strong><\/p>\n<p style=\"text-align: left;\"><span style=\"color: #000080;\">Moti Landau nie jest Polakiem. Nie jest te\u017c Maroka\u0144czykiem lub na przyk\u0142ad Brazylijczykiem. Ale Polakiem nie jest najbardziej. Ma na to specjalny dokument, kt\u00f3ry dosta\u0142 od PRL-owskich w\u0142adz, gdy opuszcza\u0142 kraj w 1968 roku, w czasach intensyfikacji antysemickiej polityki rz\u0105du. Bo Moti jest \u017bydem. Mieszka\u0142 w Szwecji, Stanach Zjednoczonych i na Karaibach. Jednak po niemal 40 latach wraca do Polski, by pom\u00f3c \u017bydom z Izraela odnale\u017a\u0107 \u015blady ich rodzin. Jednocze\u015bnie stara si\u0119 zrozumie\u0107 w\u0142asny stosunek do kraju swojego dzieci\u0144stwa.<\/span><\/p>\n<p style=\"text-align: left;\"><span style=\"color: #000080;\">Doktor Hanna Wolan, pracowniczka IBHN-u badaj\u0105ca zjawisko \u017cydokomuny, w szczeg\u00f3lno\u015bci za\u015b spraw\u0119 Rogera Akermana, ameryka\u0144skiego archeologa uwi\u0119zionego przez w\u0142adz\u0119 ludow\u0105, odkrywa to\u017csamo\u015b\u0107 zamieszanego w t\u0119 afer\u0119 pracownika UB. \u017beby zweryfikowa\u0107 t\u0119 informacj\u0119, musi porozmawia\u0107 z synem nie\u017cyj\u0105cego ju\u017c agenta. Ten jednak wiele lat temu wyemigrowa\u0142 do Szwecji.<\/span><br \/>\n<span style=\"color: #000080;\"> Losy Motiego, Akermana i Wolan ju\u017c dawno splot\u0142y si\u0119 w skomplikowany w\u0119ze\u0142. Teraz ich wsp\u00f3lna historia ma wyj\u015b\u0107 na \u015bwiat\u0142o dzienne. To, czego o przesz\u0142o\u015bci swego ojca dowie si\u0119 Moti, mo\u017ce na zawsze zmieni\u0107 jego \u017cycie.<\/span><\/p>\n<p><img decoding=\"async\" class=\"center aligncenter\" src=\"http:\/\/www.reunion68.com\/Biuletyn\/img\/break.png\" alt=\"\" \/><\/p>\n<p><img decoding=\"async\" class=\"center alignleft\" src=\"http:\/\/www.reunion68.com\/Biuletyn\/img\/MHZP.jpg\" alt=\"\" \/><\/p>\n<p style=\"text-align: center;\"><span style=\"text-decoration: underline;\"><strong><a href=\"http:\/\/www.polin.pl\/pl\/wydarzenie\/dyskusja-na-temat-ksiazki-wlodzimierza-erlicha-wizja-lokalna?d=0\" target=\"_blank\">Dyskusja na temat ksi\u0105\u017cki W\u0142odzimierza Erlicha \u201eWizja Lokalna\u201d<\/a><\/strong><\/span><\/p>\n<p style=\"text-align: left;\"><span style=\"color: #000080;\">Zapraszamy na rozmow\u0119 o ksi\u0105\u017cce W\u0142odzimierza Erlicha \u201eWizja Lokalna\u201d. Jest to opowie\u015b\u0107 o poszukiwaniu to\u017csamo\u015bci i pr\u00f3ba zrozumienia pe\u0142nych konflikt\u00f3w, ale i wzajemnej fascynacji, stosunk\u00f3w polsko-\u017cydowskich. Spotkanie z autorem prowadzi\u0107 b\u0119dzie Sergiusz Kowalski.<\/span><\/p>\n<p style=\"text-align: left;\"><span style=\"color: #000080;\">G\u0142\u00f3wnym organizatorem wydarzenia jest B\u2019nai B\u2019rith Polin.\u00a018 stycznia godz. 16.00, wst\u0119p wolny.<\/span><\/p>\n<hr style=\"height: 15px; background: #d0e6fa; width: 710px;\" \/>\n<div id=\"content\" class=\"  content-alignment&lt;br \/&gt;&lt;br \/&gt; \">\n<div id=\"watch-description\" class=\"yt-uix-button-panel\">\n<div id=\"watch-description-text\">\n<p style=\"text-align: center;\"><span style=\"color: #808080;\"> twoje uwagi, linki, wlasne artykuly, lub wiadomosci przeslij do: <strong><span style=\"text-decoration: underline;\"><span style=\"color: #808080; text-decoration: underline;\"><a href=\"mailto:webmaster@reunion68.com\">webmaster@reunion68.com<\/a><\/span><\/span><\/strong><\/span><\/p>\n<\/div>\n<\/div>\n<\/div>\n<p>&nbsp;<\/p>\n<hr style=\"width: 710px;\" \/>\n","protected":false},"excerpt":{"rendered":"<p>Wizja lokalna Autor: W\u0142odzimierz Erlich Tytu\u0142 oryginalny: Wizja lokalna Wydawca: W.A.B. ISBN: 978-83-280-0962-2 Liczba stron: 256 Wymiary: 123mm x 194mm Ok\u0142adka: mi\u0119kka Moti Landau nie jest Polakiem. Nie jest te\u017c Maroka\u0144czykiem lub na przyk\u0142ad Brazylijczykiem. Ale Polakiem nie jest najbardziej. Ma na to specjalny dokument, kt\u00f3ry dosta\u0142 od PRL-owskich w\u0142adz, gdy opuszcza\u0142 kraj w 1968 [&hellip;]<\/p>\n","protected":false},"author":1,"featured_media":0,"comment_status":"closed","ping_status":"closed","sticky":false,"template":"","format":"standard","meta":[],"categories":[6],"tags":[24],"_links":{"self":[{"href":"https:\/\/www.reunion68.se\/index.php?rest_route=\/wp\/v2\/posts\/12122"}],"collection":[{"href":"https:\/\/www.reunion68.se\/index.php?rest_route=\/wp\/v2\/posts"}],"about":[{"href":"https:\/\/www.reunion68.se\/index.php?rest_route=\/wp\/v2\/types\/post"}],"author":[{"embeddable":true,"href":"https:\/\/www.reunion68.se\/index.php?rest_route=\/wp\/v2\/users\/1"}],"replies":[{"embeddable":true,"href":"https:\/\/www.reunion68.se\/index.php?rest_route=%2Fwp%2Fv2%2Fcomments&post=12122"}],"version-history":[{"count":15,"href":"https:\/\/www.reunion68.se\/index.php?rest_route=\/wp\/v2\/posts\/12122\/revisions"}],"predecessor-version":[{"id":12177,"href":"https:\/\/www.reunion68.se\/index.php?rest_route=\/wp\/v2\/posts\/12122\/revisions\/12177"}],"wp:attachment":[{"href":"https:\/\/www.reunion68.se\/index.php?rest_route=%2Fwp%2Fv2%2Fmedia&parent=12122"}],"wp:term":[{"taxonomy":"category","embeddable":true,"href":"https:\/\/www.reunion68.se\/index.php?rest_route=%2Fwp%2Fv2%2Fcategories&post=12122"},{"taxonomy":"post_tag","embeddable":true,"href":"https:\/\/www.reunion68.se\/index.php?rest_route=%2Fwp%2Fv2%2Ftags&post=12122"}],"curies":[{"name":"wp","href":"https:\/\/api.w.org\/{rel}","templated":true}]}}