{"id":12138,"date":"2015-01-08T08:39:14","date_gmt":"2015-01-08T06:39:14","guid":{"rendered":"http:\/\/www.reunion68.se\/?p=12138"},"modified":"2015-01-08T08:39:59","modified_gmt":"2015-01-08T06:39:59","slug":"francja-zamach-terrorystyczny-islamisci-zastrzelili-12-osob","status":"publish","type":"post","link":"https:\/\/www.reunion68.se\/?p=12138","title":{"rendered":"Francja: Zamach terrorystyczny. Islami\u015bci zastrzelili 12 os\u00f3b"},"content":{"rendered":"<h5 style=\"text-align: center;\"><a href=\"http:\/\/swiat.newsweek.pl\/\" target=\"_blank\"><img decoding=\"async\" class=\"center alignleft\" src=\"http:\/\/www.reunion68.com\/Biuletyn\/img\/newsweek.jpg\" alt=\"\" \/><\/a><span style=\"text-decoration: underline; color: #000080;\"><span style=\"text-decoration: underline;\"><strong><a style=\"color: #000080; text-decoration: underline;\" href=\"http:\/\/swiat.newsweek.pl\/francja-strzelanina-w-redakcji-pisma-satyrycznego,artykuly,354664,1.html#utm_source=rasp&amp;utm_medium=click&amp;utm_campaign=alertSG\" target=\"_blank\">Francja: Zamach terrorystyczny. Islami\u015bci zastrzelili 12 os\u00f3b<\/a><\/strong><\/span><\/span><\/h5>\n<p style=\"text-align: center;\"><span style=\"color: #808080;\"><strong><span style=\"color: #333333;\">mt, jk\/BBC<\/span><br \/>\n<\/strong><\/span><\/p>\n<hr style=\"height: 15px; background: #d0e6fa; width: 710px;\" \/>\n<div style=\"width: 360px\" class=\"wp-caption alignright\"><img decoding=\"async\" src=\"http:\/\/www.newsweek.pl\/g\/i.aspx\/670\/0\/newsweek\/635562520734471218.jpg\" alt=\"Starcie terroryst\u00f3w, kt\u00f3rzy zaatakowali redakcj\u0119 Charlie Hebdo, z patrolem policji\" width=\"350\" \/><p class=\"wp-caption-text\"><span style=\"color: #000080;\"><em>Starcie terroryst\u00f3w, kt\u00f3rzy zaatakowali redakcj\u0119 Charlie Hebdo, z patrolem policji<\/em><\/span><\/p><\/div>\n<p style=\"text-align: left;\"><span style=\"color: #333333;\"><strong>W redakcji satyrycznego magazynu \u201eCharlie Hebdo\u201d zgin\u0119\u0142o 12 os\u00f3b, 11 jest rannych, w tym cztery ci\u0119\u017cko. Napastnicy, kt\u00f3rzy otworzyli ogie\u0144 z ka\u0142asznikow\u00f3w, krzyczeli \u201eAllah Akbar\u201d i wzywali imi\u0119 proroka. W ob\u0142awie na zamachowc\u00f3w bierze udzia\u0142 3 tys. policjant\u00f3w. Francuskie media poinformowa\u0142y, \u017ce sprawcy ataku zostali zidentyfikowani.<\/strong><\/span><\/p>\n<p style=\"text-align: left;\"><span style=\"color: #000080;\">Policja zna imiona, nazwiska i daty urodzenia sprawc\u00f3w napadu &#8211; poda\u0142 francuski dziennik internetowy &#8220;Info Metronews&#8221;. Informacj\u0119 t\u0119 poda\u0142 r\u00f3wnie\u017c dziennik &#8220;Le Figaro&#8221;.<\/span><\/p>\n<p style=\"text-align: left;\"><span style=\"color: #000080;\">&#8220;Chodzi o trzech m\u0119\u017cczyzn w wieku 18, 32 i 34 lata. Dwaj trzydziestolatkowie, narodowo\u015bci francuskiej, s\u0105 bra\u0107mi, nazywaj\u0105 si\u0119 Said i Cherif K.&#8221; &#8211; pisze dziennik, powo\u0142uj\u0105c si\u0119 na policj\u0119.<\/span><\/p>\n<p style=\"text-align: left;\"><span style=\"color: #000080;\">Nie jest jeszcze znana narodowo\u015b\u0107 trzeciego napastnika; policja podaje, \u017ce nazywa si\u0119 on Hamyd M. Wed\u0142ug lokalnej prasy pochodzi z Reims, dok\u0105d wys\u0142ano ju\u017c si\u0142y specjalne.<\/span><\/p>\n<p style=\"text-align: left;\"><span style=\"color: #000080;\">Cherif K. jest dobrze znany policji. W roku 2005 by\u0142 s\u0105dzony za przynale\u017cno\u015b\u0107 do organizacji zajmuj\u0105cej si\u0119 wysy\u0142aniem przysz\u0142ych d\u017cihadyst\u00f3w do Iraku.<\/span><\/p>\n<p style=\"text-align: left;\"><span style=\"color: #000080;\">Przebieg ataku<\/span><\/p>\n<p style=\"text-align: left;\"><span style=\"color: #000080;\">Wed\u0142ug AFP przebieg wydarze\u0144 na ulicy Nicolas-Apper w centrum Pary\u017ca, gdzie mie\u015bci si\u0119 redakcja magazynu wygl\u0105da\u0142 nast\u0119puj\u0105co: oko\u0142o godz. 11.20 dw\u00f3ch m\u0119\u017cczyzn ubranych na czarno i zamaskowanych, uzbrojonych w ka\u0142asznikowy, pojawi\u0142o si\u0119 na Nicolas-Apper pod numerem 6. Krzyczeli: &#8211; Czy tu jest &#8220;Charlie Hebdo?&#8221;. Spostrzeg\u0142szy, \u017ce pomylili adres, udali si\u0119 pod numer 10, gdzie znajduje si\u0119 redakcja tygodnika. Otworzyli ogie\u0144 na recepcji, a potem weszli na drugie pi\u0119tro.<\/span><\/p>\n<p style=\"text-align: left;\"><span style=\"color: #000080;\">&#8211; Dw\u00f3ch m\u0119\u017cczyzn otworzy\u0142o nast\u0119pnie ogie\u0144, zabijaj\u0105c z zimn\u0105 krwi\u0105 osoby zebrane na kolegium redakcyjnym i policjanta, kt\u00f3ry zajmowa\u0142 si\u0119 ochron\u0105 Charba (pseudonim rysownika Stephane&#8217;a Charbonniera) i kt\u00f3ry nie zd\u0105\u017cy\u0142 zareagowa\u0107 &#8211; poinformowa\u0142o anonimowe \u017ar\u00f3d\u0142o we francuskiej policji.<\/span><\/p>\n<p style=\"text-align: left;\"><span style=\"color: #000080;\">Atak wed\u0142ug AFP prze\u017cy\u0142a jedna osoba, kt\u00f3ra zdo\u0142a\u0142a ukry\u0107 si\u0119 pod sto\u0142em. S\u0142ysza\u0142a ona dw\u00f3ch m\u0119\u017cczyzn krzycz\u0105cych: &#8220;Pom\u015bcili\u015bmy proroka&#8221; i &#8220;Allah Akbar&#8221;.<\/span><\/p>\n<p style=\"text-align: left;\"><span style=\"color: #000080;\">Policja odebra\u0142a sygna\u0142 o strza\u0142ach oko\u0142o godz. 11.30. Na miejsce przyby\u0142 patrol, kt\u00f3ry zamachowcy zaatakowali. Rozpocz\u0119\u0142a si\u0119 intensywna wymiana ognia. Dw\u00f3ch napastnik\u00f3w zacz\u0119\u0142o ucieka\u0107, zn\u00f3w krzyczeli &#8220;Allah Akbar&#8221;. Sprawcy zdo\u0142ali uciec policjantom i odjecha\u0107 samochodem, czarnym citroenem C3.<\/span><\/p>\n<p style=\"text-align: left;\"><span style=\"color: #000080;\">Nast\u0119pnie natrafili kolejny samoch\u00f3d policyjny, kt\u00f3ry r\u00f3wnie\u017c ostrzelali go; policjanci odpowiedzieli ogniem. Na nagraniu z tych wydarze\u0144 wida\u0107, jak nieumundurowany policjant zostaje ranny i pada na ziemi\u0119. Sprawcy wyszli z samochodu, podeszli do niego, a jeden z nich zabi\u0142 rannego strza\u0142em w g\u0142ow\u0119.<\/span><\/p>\n<p style=\"text-align: right;\"><span style=\"color: #000080;\">Czytaj dalej tu: <strong><span style=\"text-decoration: underline;\"><a style=\"color: #000080; text-decoration: underline;\" href=\"http:\/\/swiat.newsweek.pl\/francja-strzelanina-w-redakcji-pisma-satyrycznego,artykuly,354664,1.html#utm_source=rasp&amp;utm_medium=click&amp;utm_campaign=alertSG\" target=\"_blank\">Francja: Zamach terrorystyczny&#8230;<\/a><\/span><\/strong><\/span><\/p>\n<hr style=\"height: 15px; background: #d0e6fa; width: 710px;\" \/>\n<div id=\"content\" class=\"  content-alignment&lt;br \/&gt;&lt;br \/&gt; \">\n<div id=\"watch-description\" class=\"yt-uix-button-panel\">\n<div id=\"watch-description-text\">\n<p style=\"text-align: center;\"><span style=\"color: #808080;\"> twoje uwagi, linki, wlasne artykuly, lub wiadomosci przeslij do: <strong><span style=\"text-decoration: underline;\"><span style=\"color: #808080; text-decoration: underline;\"><a href=\"mailto:webmaster@reunion68.com\">webmaster@reunion68.com<\/a><\/span><\/span><\/strong><\/span><\/p>\n<\/div>\n<\/div>\n<\/div>\n<p>&nbsp;<\/p>\n<hr style=\"width: 710px;\" \/>\n","protected":false},"excerpt":{"rendered":"<p>Francja: Zamach terrorystyczny. Islami\u015bci zastrzelili 12 os\u00f3b mt, jk\/BBC W redakcji satyrycznego magazynu \u201eCharlie Hebdo\u201d zgin\u0119\u0142o 12 os\u00f3b, 11 jest rannych, w tym cztery ci\u0119\u017cko. Napastnicy, kt\u00f3rzy otworzyli ogie\u0144 z ka\u0142asznikow\u00f3w, krzyczeli \u201eAllah Akbar\u201d i wzywali imi\u0119 proroka. W ob\u0142awie na zamachowc\u00f3w bierze udzia\u0142 3 tys. policjant\u00f3w. Francuskie media poinformowa\u0142y, \u017ce sprawcy ataku zostali zidentyfikowani. [&hellip;]<\/p>\n","protected":false},"author":1,"featured_media":0,"comment_status":"closed","ping_status":"closed","sticky":false,"template":"","format":"standard","meta":[],"categories":[6],"tags":[24],"_links":{"self":[{"href":"https:\/\/www.reunion68.se\/index.php?rest_route=\/wp\/v2\/posts\/12138"}],"collection":[{"href":"https:\/\/www.reunion68.se\/index.php?rest_route=\/wp\/v2\/posts"}],"about":[{"href":"https:\/\/www.reunion68.se\/index.php?rest_route=\/wp\/v2\/types\/post"}],"author":[{"embeddable":true,"href":"https:\/\/www.reunion68.se\/index.php?rest_route=\/wp\/v2\/users\/1"}],"replies":[{"embeddable":true,"href":"https:\/\/www.reunion68.se\/index.php?rest_route=%2Fwp%2Fv2%2Fcomments&post=12138"}],"version-history":[{"count":17,"href":"https:\/\/www.reunion68.se\/index.php?rest_route=\/wp\/v2\/posts\/12138\/revisions"}],"predecessor-version":[{"id":12155,"href":"https:\/\/www.reunion68.se\/index.php?rest_route=\/wp\/v2\/posts\/12138\/revisions\/12155"}],"wp:attachment":[{"href":"https:\/\/www.reunion68.se\/index.php?rest_route=%2Fwp%2Fv2%2Fmedia&parent=12138"}],"wp:term":[{"taxonomy":"category","embeddable":true,"href":"https:\/\/www.reunion68.se\/index.php?rest_route=%2Fwp%2Fv2%2Fcategories&post=12138"},{"taxonomy":"post_tag","embeddable":true,"href":"https:\/\/www.reunion68.se\/index.php?rest_route=%2Fwp%2Fv2%2Ftags&post=12138"}],"curies":[{"name":"wp","href":"https:\/\/api.w.org\/{rel}","templated":true}]}}