{"id":121380,"date":"2025-05-23T17:00:26","date_gmt":"2025-05-23T15:00:26","guid":{"rendered":"http:\/\/www.reunion68.se\/?p=121380"},"modified":"2025-05-23T09:20:20","modified_gmt":"2025-05-23T07:20:20","slug":"23-00-107","status":"publish","type":"post","link":"https:\/\/www.reunion68.se\/?p=121380","title":{"rendered":"World\u2019s Jewish Communities Condemn Antisemitic Shooting Outside DC Museum, Urge Swift Action Amid Rising Threats"},"content":{"rendered":"<h5 style=\"text-align: center;\"><a href=\"https:\/\/www.algemeiner.com\/\" target=\"_blank\" rel=\"noopener noreferrer\"><img decoding=\"async\" class=\"center alignleft\" src=\"http:\/\/www.reunion68.com\/Biuletyn\/img\/algem.png\" alt=\"\" width=\"35%\" \/><\/a><span style=\"text-decoration: underline; color: #000080;\"><strong><a style=\"color: #000080; text-decoration: underline;\" href=\"https:\/\/www.algemeiner.com\/2025\/05\/22\/worlds-jewish-communities-condemn-antisemitic-shooting-outside-dc-museum-urge-swift-action-amid-rising-threats\/\" target=\"_blank\" rel=\"noopener noreferrer\">World\u2019s Jewish Communities Condemn Antisemitic Shooting Outside DC Museum, Urge Swift Action Amid Rising Threats<\/a><\/strong><\/span><\/h5>\n<p style=\"text-align: center;\"><span style=\"color: #000000;\"><strong>Ailin Vilches Arguello<\/strong><\/span><\/p>\n<hr style=\"height: 15px; background: #d0e6fa; width: 100%;\" \/>\n<p style=\"text-align: center;\"><img decoding=\"async\" class=\"aligncenter\" src=\"https:\/\/www.algemeiner.com\/wp-content\/uploads\/2025\/05\/2025-05-22T163331Z_2_LYNXMPEL4L0MR_RTROPTP_4_WASHINGTON-SHOOTING-ISRAEL-1.jpg\" width=\"100%\" \/><span style=\"color: #808080;\"><em>Yaron Lischinsky and Sarah Lynn Milgrim who were shot and killed as they left an event at the Capital Jewish Museum, pose for a picture at an unknown location, in this handout image released by Embassy of Israel to the US on May 22, 2025. Photo: Embassy of Israel to the USA via X\/Handout via REUTERS<\/em><\/span><\/p>\n<p style=\"text-align: left;\"><span style=\"color: #000080;\">Jewish communities worldwide have strongly condemned the antisemitic shooting in Washington, DC, on Wednesday night, calling for stronger government action as\u00a0<a style=\"color: #000080;\" href=\"https:\/\/www.algemeiner.com\/2025\/05\/07\/antisemitism-skyrockets-7-countries-largest-jewish-populations-global-report-finds\/\" target=\"_blank\" rel=\"noopener noreferrer\">fears mount over a potential rise in violence<\/a>\u00a0following the deadly assault on two Israeli embassy staffers in the US capital.<\/span><\/p>\n<p style=\"text-align: left;\"><span style=\"color: #000080;\">The victims were\u00a0<a style=\"color: #000080;\" href=\"https:\/\/www.algemeiner.com\/2025\/05\/22\/two-israeli-embassy-staffers-shot-dead-downtown-washington-lone-suspect-held\/\" target=\"_blank\" rel=\"noopener noreferrer\">fatally shot outside the Capital Jewish Museum<\/a>\u00a0in downtown Washington while leaving an event for young professionals and diplomatic staff hosted by the American Jewish Committee (AJC).<\/span><\/p>\n<p style=\"text-align: left;\"><span style=\"color: #000080;\">The suspect, identified as 30-year-old Elias Rodriguez from Chicago, chanted \u201cFree Palestine, Free Palestine\u201d after being taken into custody. He also reportedly said, \u201cI did it for Gaza.\u201d<\/span><\/p>\n<p style=\"text-align: left;\"><span style=\"color: #000080;\">Leading Jewish groups and figures around the world quickly decried the act of violence, expressing alarm about the\u00a0<a style=\"color: #000080;\" href=\"https:\/\/www.algemeiner.com\/2025\/04\/23\/persistent-grim-reality-massive-rise-antisemitic-incidents-recorded-us-2024-new-adl-report-shows\/\" target=\"_blank\" rel=\"noopener noreferrer\">global surge in antisemitism<\/a>\u00a0and noting the connection between anti-Israel animus and antisemitic hate crimes.<\/span><\/p>\n<p style=\"text-align: left;\"><span style=\"color: #000080;\">In France, the Representative Council of Jewish Institutions (CRIF) condemned the shooting, calling it a \u201chateful crime\u201d and emphasizing that \u201cno political cause can ever legitimize antisemitism.\u201d<\/span><\/p>\n<p style=\"text-align: left;\"><span style=\"color: #000080;\">\u201cMake no mistake: targeting a Jewish museum and murdering two people while shouting \u2018Free Palestine\u2019 is not an act of solidarity \u2014 it is a hateful crime, a continuation of the\u00a0<a style=\"color: #000080;\" href=\"https:\/\/www.algemeiner.com\/2025\/01\/22\/antisemitism-continues-skyrocket-france-over-1500-incidents-recorded-2024-new-report-finds\/\" target=\"_blank\" rel=\"noopener noreferrer\">antisemitic violence<\/a>\u00a0seen on Oct. 7, now echoed on other shores,\u201d Yonathan Arfi, president of the CRIF, wrote in a statement on X, referring to Hamas\u2019s Oct. 7, 2023, massacre across southern Israel. Antisemitic incidents have spiked worldwide in the aftermath of the onslaught, the deadliest attack on Jews since the Holocaust.<\/span><\/p>\n<p style=\"text-align: left;\"><span style=\"color: #000080;\">\u201cWhat happened in Washington is a grim reminder that hatred of Jews, disguised as anti-Israel sentiment, is a global menace that knows no borders,\u201d Arfi continued.<\/span><\/p>\n<p><iframe loading=\"lazy\" id=\"twitter-widget-3\" class=\"\" title=\"X Post\" src=\"https:\/\/platform.twitter.com\/embed\/Tweet.html?dnt=false&amp;embedId=twitter-widget-3&amp;features=eyJ0ZndfdGltZWxpbmVfbGlzdCI6eyJidWNrZXQiOltdLCJ2ZXJzaW9uIjpudWxsfSwidGZ3X2ZvbGxvd2VyX2NvdW50X3N1bnNldCI6eyJidWNrZXQiOnRydWUsInZlcnNpb24iOm51bGx9LCJ0ZndfdHdlZXRfZWRpdF9iYWNrZW5kIjp7ImJ1Y2tldCI6Im9uIiwidmVyc2lvbiI6bnVsbH0sInRmd19yZWZzcmNfc2Vzc2lvbiI6eyJidWNrZXQiOiJvbiIsInZlcnNpb24iOm51bGx9LCJ0ZndfZm9zbnJfc29mdF9pbnRlcnZlbnRpb25zX2VuYWJsZWQiOnsiYnVja2V0Ijoib24iLCJ2ZXJzaW9uIjpudWxsfSwidGZ3X21peGVkX21lZGlhXzE1ODk3Ijp7ImJ1Y2tldCI6InRyZWF0bWVudCIsInZlcnNpb24iOm51bGx9LCJ0ZndfZXhwZXJpbWVudHNfY29va2llX2V4cGlyYXRpb24iOnsiYnVja2V0IjoxMjA5NjAwLCJ2ZXJzaW9uIjpudWxsfSwidGZ3X3Nob3dfYmlyZHdhdGNoX3Bpdm90c19lbmFibGVkIjp7ImJ1Y2tldCI6Im9uIiwidmVyc2lvbiI6bnVsbH0sInRmd19kdXBsaWNhdGVfc2NyaWJlc190b19zZXR0aW5ncyI6eyJidWNrZXQiOiJvbiIsInZlcnNpb24iOm51bGx9LCJ0ZndfdXNlX3Byb2ZpbGVfaW1hZ2Vfc2hhcGVfZW5hYmxlZCI6eyJidWNrZXQiOiJvbiIsInZlcnNpb24iOm51bGx9LCJ0ZndfdmlkZW9faGxzX2R5bmFtaWNfbWFuaWZlc3RzXzE1MDgyIjp7ImJ1Y2tldCI6InRydWVfYml0cmF0ZSIsInZlcnNpb24iOm51bGx9LCJ0ZndfbGVnYWN5X3RpbWVsaW5lX3N1bnNldCI6eyJidWNrZXQiOnRydWUsInZlcnNpb24iOm51bGx9LCJ0ZndfdHdlZXRfZWRpdF9mcm9udGVuZCI6eyJidWNrZXQiOiJvbiIsInZlcnNpb24iOm51bGx9fQ%3D%3D&amp;frame=false&amp;hideCard=false&amp;hideThread=false&amp;id=1925451416899825764&amp;lang=en&amp;origin=https%3A%2F%2Fwww.algemeiner.com%2F2025%2F05%2F22%2Fworlds-jewish-communities-condemn-antisemitic-shooting-outside-dc-museum-urge-swift-action-amid-rising-threats%2F&amp;sessionId=185788886025d47a715fc48d564738fb213da669&amp;siteScreenName=Algemeiner&amp;theme=light&amp;widgetsVersion=2615f7e52b7e0%3A1702314776716&amp;width=550px\" width=\"650\" height=\"500\" frameborder=\"0\" scrolling=\"yes\" allowfullscreen=\"allowfullscreen\" data-tweet-id=\"1925451416899825764\" data-mce-fragment=\"1\"><\/iframe><\/p>\n<p style=\"text-align: left;\"><span style=\"color: #000080;\">According to local authorities, the victims were Yaron Lischinsky, a 30-year-old research assistant in the political department at the Israeli embassy in Washington, and Sarah Milgrim, a 26-year-old embassy staffer who organized trips to Israel. The young couple was soon to be engaged.<\/span><\/p>\n<p style=\"text-align: left;\"><span style=\"color: #000080;\">Ted Deutch, CEO of the AJC, denounced the attack, saying the organization stands with the victims\u2019 families and the broader Jewish community as they grieve the tragic loss.<\/span><\/p>\n<p style=\"text-align: left;\"><span style=\"color: #000080;\">\u201cThese are the worst fears of the Jewish community coming true. This was an act of pure evil, and what it did was send shockwaves through the Jewish community around the world,\u201d Deutch said during an interview on Fox News.\u00a0<\/span><\/p>\n<p><iframe loading=\"lazy\" id=\"twitter-widget-4\" class=\"\" title=\"X Post\" src=\"https:\/\/platform.twitter.com\/embed\/Tweet.html?dnt=false&amp;embedId=twitter-widget-4&amp;features=eyJ0ZndfdGltZWxpbmVfbGlzdCI6eyJidWNrZXQiOltdLCJ2ZXJzaW9uIjpudWxsfSwidGZ3X2ZvbGxvd2VyX2NvdW50X3N1bnNldCI6eyJidWNrZXQiOnRydWUsInZlcnNpb24iOm51bGx9LCJ0ZndfdHdlZXRfZWRpdF9iYWNrZW5kIjp7ImJ1Y2tldCI6Im9uIiwidmVyc2lvbiI6bnVsbH0sInRmd19yZWZzcmNfc2Vzc2lvbiI6eyJidWNrZXQiOiJvbiIsInZlcnNpb24iOm51bGx9LCJ0ZndfZm9zbnJfc29mdF9pbnRlcnZlbnRpb25zX2VuYWJsZWQiOnsiYnVja2V0Ijoib24iLCJ2ZXJzaW9uIjpudWxsfSwidGZ3X21peGVkX21lZGlhXzE1ODk3Ijp7ImJ1Y2tldCI6InRyZWF0bWVudCIsInZlcnNpb24iOm51bGx9LCJ0ZndfZXhwZXJpbWVudHNfY29va2llX2V4cGlyYXRpb24iOnsiYnVja2V0IjoxMjA5NjAwLCJ2ZXJzaW9uIjpudWxsfSwidGZ3X3Nob3dfYmlyZHdhdGNoX3Bpdm90c19lbmFibGVkIjp7ImJ1Y2tldCI6Im9uIiwidmVyc2lvbiI6bnVsbH0sInRmd19kdXBsaWNhdGVfc2NyaWJlc190b19zZXR0aW5ncyI6eyJidWNrZXQiOiJvbiIsInZlcnNpb24iOm51bGx9LCJ0ZndfdXNlX3Byb2ZpbGVfaW1hZ2Vfc2hhcGVfZW5hYmxlZCI6eyJidWNrZXQiOiJvbiIsInZlcnNpb24iOm51bGx9LCJ0ZndfdmlkZW9faGxzX2R5bmFtaWNfbWFuaWZlc3RzXzE1MDgyIjp7ImJ1Y2tldCI6InRydWVfYml0cmF0ZSIsInZlcnNpb24iOm51bGx9LCJ0ZndfbGVnYWN5X3RpbWVsaW5lX3N1bnNldCI6eyJidWNrZXQiOnRydWUsInZlcnNpb24iOm51bGx9LCJ0ZndfdHdlZXRfZWRpdF9mcm9udGVuZCI6eyJidWNrZXQiOiJvbiIsInZlcnNpb24iOm51bGx9fQ%3D%3D&amp;frame=false&amp;hideCard=false&amp;hideThread=false&amp;id=1925574541327094126&amp;lang=en&amp;origin=https%3A%2F%2Fwww.algemeiner.com%2F2025%2F05%2F22%2Fworlds-jewish-communities-condemn-antisemitic-shooting-outside-dc-museum-urge-swift-action-amid-rising-threats%2F&amp;sessionId=185788886025d47a715fc48d564738fb213da669&amp;siteScreenName=Algemeiner&amp;theme=light&amp;widgetsVersion=2615f7e52b7e0%3A1702314776716&amp;width=550px\" width=\"650\" height=\"500\" frameborder=\"0\" scrolling=\"yes\" allowfullscreen=\"allowfullscreen\" data-tweet-id=\"1925574541327094126\" data-mce-fragment=\"1\"><\/iframe><\/p>\n<p style=\"text-align: left;\"><span style=\"color: #000080;\">Amid\u00a0<a style=\"color: #000080;\" href=\"https:\/\/www.algemeiner.com\/2025\/05\/05\/far-left-antisemitism-surged-324-8-around-world-2024-new-report-finds\/\" target=\"_blank\" rel=\"noopener noreferrer\">a sharp rise in antisemitism and anti-Jewish hate crimes<\/a>\u00a0since the Hamas-led Oct. 7 invasion of Israel, the shooting on Wednesday night has ignited widespread condemnation from leaders and Jewish communities worldwide, while intensifying fears of further attacks.<\/span><\/p>\n<p style=\"text-align: left;\"><span style=\"color: #000080;\">In the UK, the Board of Deputies of British Jews and the Community Security Trust (CST) \u2014 the latter of which is a nonprofit charity that advises Britain\u2019s Jewish community on security matters \u2014 also denounced the attack, calling for the suspect to face \u201cthe full force of the law.\u201d<\/span><\/p>\n<p style=\"text-align: left;\"><span style=\"color: #000080;\">\u201cThis kind of terrorism is a global threat to all Jewish communities that has risen significantly since Oct. 7, and it is the reason why there is so much security across the\u00a0<a style=\"color: #000080;\" href=\"https:\/\/www.algemeiner.com\/2025\/02\/17\/uk-suffers-second-worst-year-antisemitic-incidents-despite-18-drop\/\" target=\"_blank\" rel=\"noopener noreferrer\">Jewish community in the UK<\/a>,\u201d CST wrote in a statement on X.\u00a0<\/span><\/p>\n<p><iframe loading=\"lazy\" id=\"twitter-widget-5\" class=\"\" title=\"X Post\" src=\"https:\/\/platform.twitter.com\/embed\/Tweet.html?dnt=false&amp;embedId=twitter-widget-5&amp;features=eyJ0ZndfdGltZWxpbmVfbGlzdCI6eyJidWNrZXQiOltdLCJ2ZXJzaW9uIjpudWxsfSwidGZ3X2ZvbGxvd2VyX2NvdW50X3N1bnNldCI6eyJidWNrZXQiOnRydWUsInZlcnNpb24iOm51bGx9LCJ0ZndfdHdlZXRfZWRpdF9iYWNrZW5kIjp7ImJ1Y2tldCI6Im9uIiwidmVyc2lvbiI6bnVsbH0sInRmd19yZWZzcmNfc2Vzc2lvbiI6eyJidWNrZXQiOiJvbiIsInZlcnNpb24iOm51bGx9LCJ0ZndfZm9zbnJfc29mdF9pbnRlcnZlbnRpb25zX2VuYWJsZWQiOnsiYnVja2V0Ijoib24iLCJ2ZXJzaW9uIjpudWxsfSwidGZ3X21peGVkX21lZGlhXzE1ODk3Ijp7ImJ1Y2tldCI6InRyZWF0bWVudCIsInZlcnNpb24iOm51bGx9LCJ0ZndfZXhwZXJpbWVudHNfY29va2llX2V4cGlyYXRpb24iOnsiYnVja2V0IjoxMjA5NjAwLCJ2ZXJzaW9uIjpudWxsfSwidGZ3X3Nob3dfYmlyZHdhdGNoX3Bpdm90c19lbmFibGVkIjp7ImJ1Y2tldCI6Im9uIiwidmVyc2lvbiI6bnVsbH0sInRmd19kdXBsaWNhdGVfc2NyaWJlc190b19zZXR0aW5ncyI6eyJidWNrZXQiOiJvbiIsInZlcnNpb24iOm51bGx9LCJ0ZndfdXNlX3Byb2ZpbGVfaW1hZ2Vfc2hhcGVfZW5hYmxlZCI6eyJidWNrZXQiOiJvbiIsInZlcnNpb24iOm51bGx9LCJ0ZndfdmlkZW9faGxzX2R5bmFtaWNfbWFuaWZlc3RzXzE1MDgyIjp7ImJ1Y2tldCI6InRydWVfYml0cmF0ZSIsInZlcnNpb24iOm51bGx9LCJ0ZndfbGVnYWN5X3RpbWVsaW5lX3N1bnNldCI6eyJidWNrZXQiOnRydWUsInZlcnNpb24iOm51bGx9LCJ0ZndfdHdlZXRfZWRpdF9mcm9udGVuZCI6eyJidWNrZXQiOiJvbiIsInZlcnNpb24iOm51bGx9fQ%3D%3D&amp;frame=false&amp;hideCard=false&amp;hideThread=false&amp;id=1925427961504706733&amp;lang=en&amp;origin=https%3A%2F%2Fwww.algemeiner.com%2F2025%2F05%2F22%2Fworlds-jewish-communities-condemn-antisemitic-shooting-outside-dc-museum-urge-swift-action-amid-rising-threats%2F&amp;sessionId=185788886025d47a715fc48d564738fb213da669&amp;siteScreenName=Algemeiner&amp;theme=light&amp;widgetsVersion=2615f7e52b7e0%3A1702314776716&amp;width=550px\" width=\"650\" height=\"500\" frameborder=\"0\" scrolling=\"yes\" allowfullscreen=\"allowfullscreen\" data-tweet-id=\"1925427961504706733\" data-mce-fragment=\"1\"><\/iframe><\/p>\n<p style=\"text-align: left;\"><span style=\"color: #000080;\">On Thursday, Israeli Prime Minister Benjamin Netanyahu announced heightened security at Israeli embassies worldwide as a preventive measure following the deadly attack on US soil.<\/span><\/p>\n<p style=\"text-align: left;\"><span style=\"color: #000080;\">\u201cWe are witnessing the terrible price of antisemitism and the wild incitement against the State of Israel,\u201d Netanyahu said in a statement. \u201cThe blood libels against Israel are costing us blood and must be fought relentlessly.\u201d<\/span><\/p>\n<p style=\"text-align: left;\"><span style=\"color: #000080;\">\u201cMy heart aches with the families of the young couple, whose lives were cut short by a despicable antisemitic murderer,\u201d the Israeli leader continued. \u201cI have ordered security arrangements to be boosted in Israeli diplomatic missions around the world and around representatives of the state.\u201d<\/span><\/p>\n<p style=\"text-align: left;\"><span style=\"color: #000080;\">In a statement on X, Ronald Lauder, president of the World Jewish Congress (WJC), denounced the attack as \u201ca devastating reminder that the danger facing Jewish communities is not history.\u201d<\/span><\/p>\n<p style=\"text-align: left;\"><span style=\"color: #000080;\">Lauder called on US President Donald Trump and global leaders to act swiftly to\u00a0<a style=\"color: #000080;\" href=\"https:\/\/www.algemeiner.com\/2025\/04\/30\/uk-prosecutors-say-knifeman-who-tried-enter-israeli-embassy-carried-martyrdom-note\/\" target=\"_blank\" rel=\"noopener noreferrer\">bolster security at Jewish institutions around the world<\/a>.<\/span><\/p>\n<p style=\"text-align: left;\"><span style=\"color: #000080;\">\u201cThough this brazen act of violence occurred on American soil, its message was meant to cause Jews everywhere to tremble with fear,\u201d he wrote. \u201cBut let there be no mistake \u2014 this act of terror will not drive us into the shadows. We will not hide our faces or our symbols. We will live openly and proudly, as a courageous people.\u201d\u00a0<\/span><\/p>\n<p><iframe loading=\"lazy\" id=\"twitter-widget-6\" class=\"\" title=\"X Post\" src=\"https:\/\/platform.twitter.com\/embed\/Tweet.html?dnt=false&amp;embedId=twitter-widget-6&amp;features=eyJ0ZndfdGltZWxpbmVfbGlzdCI6eyJidWNrZXQiOltdLCJ2ZXJzaW9uIjpudWxsfSwidGZ3X2ZvbGxvd2VyX2NvdW50X3N1bnNldCI6eyJidWNrZXQiOnRydWUsInZlcnNpb24iOm51bGx9LCJ0ZndfdHdlZXRfZWRpdF9iYWNrZW5kIjp7ImJ1Y2tldCI6Im9uIiwidmVyc2lvbiI6bnVsbH0sInRmd19yZWZzcmNfc2Vzc2lvbiI6eyJidWNrZXQiOiJvbiIsInZlcnNpb24iOm51bGx9LCJ0ZndfZm9zbnJfc29mdF9pbnRlcnZlbnRpb25zX2VuYWJsZWQiOnsiYnVja2V0Ijoib24iLCJ2ZXJzaW9uIjpudWxsfSwidGZ3X21peGVkX21lZGlhXzE1ODk3Ijp7ImJ1Y2tldCI6InRyZWF0bWVudCIsInZlcnNpb24iOm51bGx9LCJ0ZndfZXhwZXJpbWVudHNfY29va2llX2V4cGlyYXRpb24iOnsiYnVja2V0IjoxMjA5NjAwLCJ2ZXJzaW9uIjpudWxsfSwidGZ3X3Nob3dfYmlyZHdhdGNoX3Bpdm90c19lbmFibGVkIjp7ImJ1Y2tldCI6Im9uIiwidmVyc2lvbiI6bnVsbH0sInRmd19kdXBsaWNhdGVfc2NyaWJlc190b19zZXR0aW5ncyI6eyJidWNrZXQiOiJvbiIsInZlcnNpb24iOm51bGx9LCJ0ZndfdXNlX3Byb2ZpbGVfaW1hZ2Vfc2hhcGVfZW5hYmxlZCI6eyJidWNrZXQiOiJvbiIsInZlcnNpb24iOm51bGx9LCJ0ZndfdmlkZW9faGxzX2R5bmFtaWNfbWFuaWZlc3RzXzE1MDgyIjp7ImJ1Y2tldCI6InRydWVfYml0cmF0ZSIsInZlcnNpb24iOm51bGx9LCJ0ZndfbGVnYWN5X3RpbWVsaW5lX3N1bnNldCI6eyJidWNrZXQiOnRydWUsInZlcnNpb24iOm51bGx9LCJ0ZndfdHdlZXRfZWRpdF9mcm9udGVuZCI6eyJidWNrZXQiOiJvbiIsInZlcnNpb24iOm51bGx9fQ%3D%3D&amp;frame=false&amp;hideCard=false&amp;hideThread=false&amp;id=1925521029163540725&amp;lang=en&amp;origin=https%3A%2F%2Fwww.algemeiner.com%2F2025%2F05%2F22%2Fworlds-jewish-communities-condemn-antisemitic-shooting-outside-dc-museum-urge-swift-action-amid-rising-threats%2F&amp;sessionId=185788886025d47a715fc48d564738fb213da669&amp;siteScreenName=Algemeiner&amp;theme=light&amp;widgetsVersion=2615f7e52b7e0%3A1702314776716&amp;width=550px\" width=\"650\" height=\"500\" frameborder=\"0\" scrolling=\"yes\" allowfullscreen=\"allowfullscreen\" data-tweet-id=\"1925521029163540725\" data-mce-fragment=\"1\"><\/iframe><\/p>\n<p style=\"text-align: left;\"><span style=\"color: #000080;\">In Argentina, the\u00a0<a style=\"color: #000080;\" href=\"https:\/\/www.algemeiner.com\/2024\/09\/17\/argentina-records-massive-spike-antisemitism-following-oct-7-attack\/\" target=\"_blank\" rel=\"noopener noreferrer\">Delegation of Argentine Israelite Associations (DAIA)<\/a>\u00a0voiced strong condemnation of the attack and stood in solidarity with the victims\u2019 families, while warning about \u201cthe alarming rise in antisemitic acts fueled by fierce demonization and delegitimization of the State of Israel.\u201d<\/span><\/p>\n<p style=\"text-align: left;\"><span style=\"color: #000080;\">In a show of support, the\u00a0<a style=\"color: #000080;\" href=\"https:\/\/www.algemeiner.com\/2024\/10\/30\/jewish-leaders-south-africa-blast-anc-governments-grandstanding-latest-move-against-israel\/\" target=\"_blank\" rel=\"noopener noreferrer\">South African Jewish Board of Deputies (SAJBD)<\/a>\u00a0also condemned the \u201ccold-blooded crime,\u201d emphasizing that it was \u201cpremeditated and did not happen in a vacuum.\u201d<\/span><\/p>\n<p style=\"text-align: left;\"><span style=\"color: #000080;\">\u201cThis attack underscores the ongoing vulnerability of Jewish communities around the world,\u201d the statement read. \u201cAntisemitism across the world has increased, including in South Africa, where we are seeing more attacks on our community members, including physical assault.\u201d<\/span><\/p>\n<hr style=\"height: 15px; background: #d0e6fa; width: 100%;\" \/>\n<div id=\"content\" class=\"content-alignment\">\n<div id=\"watch-description\" class=\"yt-uix-button-panel\">\n<div id=\"watch-description-text\" style=\"text-align: center;\">\n<p><em>Zawarto\u015b\u0107 publikowanych artyku\u0142\u00f3w i materia\u0142\u00f3w nie reprezentuje pogl\u0105d\u00f3w ani opinii Reunion&#8217;68,<\/em><em><br \/>\nani te\u017c webmastera Blogu Reunion&#8217;68, chyba ze jest to wyra\u017anie zaznaczone.<br \/>\nTwoje uwagi, linki, w\u0142asne artyku\u0142y lub wiadomo\u015bci prze\u015blij na adres:<br \/>\n<\/em><span style=\"color: #000080;\"><strong><em><a style=\"color: #000080;\" href=\"mailto:webmaster@reunion68.com\"><span style=\"text-decoration: underline;\">webmaster@reunion68.com<\/span><\/a><\/em><\/strong><\/span><\/p>\n<\/div>\n<\/div>\n<\/div>\n<hr style=\"width: 100%;\" \/>\n","protected":false},"excerpt":{"rendered":"<p>World\u2019s Jewish Communities Condemn Antisemitic Shooting Outside DC Museum, Urge Swift Action Amid Rising Threats Ailin Vilches Arguello Yaron Lischinsky and Sarah Lynn Milgrim who were shot and killed as they left an event at the Capital Jewish Museum, pose for a picture at an unknown location, in this handout image released by Embassy of [&hellip;]<\/p>\n","protected":false},"author":1,"featured_media":0,"comment_status":"closed","ping_status":"closed","sticky":false,"template":"","format":"standard","meta":[],"categories":[6],"tags":[26,24],"_links":{"self":[{"href":"https:\/\/www.reunion68.se\/index.php?rest_route=\/wp\/v2\/posts\/121380"}],"collection":[{"href":"https:\/\/www.reunion68.se\/index.php?rest_route=\/wp\/v2\/posts"}],"about":[{"href":"https:\/\/www.reunion68.se\/index.php?rest_route=\/wp\/v2\/types\/post"}],"author":[{"embeddable":true,"href":"https:\/\/www.reunion68.se\/index.php?rest_route=\/wp\/v2\/users\/1"}],"replies":[{"embeddable":true,"href":"https:\/\/www.reunion68.se\/index.php?rest_route=%2Fwp%2Fv2%2Fcomments&post=121380"}],"version-history":[{"count":7,"href":"https:\/\/www.reunion68.se\/index.php?rest_route=\/wp\/v2\/posts\/121380\/revisions"}],"predecessor-version":[{"id":121409,"href":"https:\/\/www.reunion68.se\/index.php?rest_route=\/wp\/v2\/posts\/121380\/revisions\/121409"}],"wp:attachment":[{"href":"https:\/\/www.reunion68.se\/index.php?rest_route=%2Fwp%2Fv2%2Fmedia&parent=121380"}],"wp:term":[{"taxonomy":"category","embeddable":true,"href":"https:\/\/www.reunion68.se\/index.php?rest_route=%2Fwp%2Fv2%2Fcategories&post=121380"},{"taxonomy":"post_tag","embeddable":true,"href":"https:\/\/www.reunion68.se\/index.php?rest_route=%2Fwp%2Fv2%2Ftags&post=121380"}],"curies":[{"name":"wp","href":"https:\/\/api.w.org\/{rel}","templated":true}]}}