{"id":121410,"date":"2025-05-24T17:09:12","date_gmt":"2025-05-24T15:09:12","guid":{"rendered":"http:\/\/www.reunion68.se\/?p=121410"},"modified":"2025-05-24T13:08:54","modified_gmt":"2025-05-24T11:08:54","slug":"24-09-106","status":"publish","type":"post","link":"https:\/\/www.reunion68.se\/?p=121410","title":{"rendered":"List otwarty do dziennikarskiej braci"},"content":{"rendered":"<p style=\"text-align: center;\"><img decoding=\"async\" class=\"aligncenter\" src=\"http:\/\/www.listyznaszegosadu.pl\/upload\/article\/bild\/2989\/1082131\/abu_s.png\" \/><span style=\"color: #808080;\"><em>Obraz Williama z Norwich nadal eksponowany w ko\u015bciele \u015bw. Piotra i \u015bw. Paw\u0142a w Saffolk.<\/em><\/span><\/p>\n<hr \/>\n<h5 style=\"text-align: center;\"><a href=\"http:\/\/www.listyznaszegosadu.pl\/\" target=\"_blank\" rel=\"noopener noreferrer\"><img decoding=\"async\" class=\"center alignleft\" src=\"http:\/\/www.reunion68.com\/Biuletyn\/img\/z-naszego.jpg\" alt=\"\" width=\"50%\" \/><\/a><span style=\"text-decoration: underline; color: #000080;\"><span><strong><a style=\"color: #000080; text-decoration: underline;\" href=\"http:\/\/www.listyznaszegosadu.pl\/notatki\/list-otwarty-do-dziennikarskiej-braci\" target=\"_blank\" rel=\"noopener noreferrer\">List otwarty do dziennikarskiej braci<\/a><\/strong><\/span><\/span><\/h5>\n<p style=\"text-align: center;\"><span style=\"color: #000000;\"><strong>Andrzej Koraszewski<\/strong><\/span><\/p>\n<hr style=\"height: 15px; background: #d0e6fa; width: 100%;\" \/>\n<div class=\"templateArticleIngress\" style=\"text-align: left;\"><span style=\"color: #000080;\">Czwartego lipca 1946 roku w Kielcach (chyba) po raz ostatni uda\u0142o si\u0119 skutecznie zmobilizowa\u0107 ludzi w europejskim kraju do mordowania \u017byd\u00f3w przy pomocy \u015bredniowiecznego has\u0142a \u201e\u017bydzi porwali chrze\u015bcija\u0144skie dziecko\u201d. To has\u0142o dzia\u0142a\u0142o wspaniale w ca\u0142ej Europie od 1144 roku, kiedy fa\u0142szywie oskar\u017cono \u017byd\u00f3w z angielskiego miasta Norwich o zamordowanie dwunastoletniego Williama. Te oskar\u017cenia b\u0142yskawicznie \u201esta\u0142y si\u0119\u201d kultowe, tak kultowe jak dzi\u015b zawo\u0142anie \u201eod rzeki do morza\u201d. Przez stulecia roznosicielami tego morderczego kultu byli ksi\u0119\u017ca i zakonnicy, dzi\u015b g\u0142\u00f3wn\u0105 rol\u0119 w rozpowszechnianiu morderczych plotek s\u0105 przedstawiciele zawodu, kt\u00f3ry uprawiam od 1964 roku.<\/span><\/div>\n<p style=\"text-align: left;\">\n<div class=\"templateArticleBrodtext\">\n<p style=\"text-align: left;\"><span style=\"color: #000080;\">W Waszyngtonie cz\u0142onek skrajnie socjalistycznej partii zamordowa\u0142 pod \u017cydowskim muzeum par\u0119 \u017byd\u00f3w. Kiedy go aresztowano, macha\u0142 wyj\u0119t\u0105 zza pazuchy kefij\u0105 i krzycza\u0142 \u201ewolna, wolna Palestyna\u201d. Dzie\u0144 wcze\u015bniej, podsekretarz generalny ONZ ds. humanitarnych i koordynator ds. pomocy w sytuacjach kryzysowych, Tom Fletcher przekaza\u0142 dziennikarzom nast\u0119puj\u0105c\u0105 informacj\u0119:<\/span><\/p>\n<blockquote>\n<p style=\"text-align: left;\"><strong>&#8220;Po drugiej stronie granicy stoi teraz pi\u0119\u0107 ci\u0119\u017car\u00f3wek&#8221; \u2013 powiedzia\u0142 we wtorek (20 maja 2025) w wywiadzie dla BBC. &#8220;Nie dotar\u0142y do spo\u0142eczno\u015bci, do kt\u00f3rych powinny dotrze\u0107. To jest jedzenie dla niemowl\u0105t, \u017cywienie niemowl\u0105t. Jest 14 000 dzieci, kt\u00f3re umr\u0105 w ci\u0105gu najbli\u017cszych 48 godzin, je\u015bli nie uda nam si\u0119 do nich dotrze\u0107&#8221;.<\/strong><\/p>\n<\/blockquote>\n<p style=\"text-align: left;\"><span style=\"color: #000080;\">W Polsce natychmiast uderzono w dziennikarskie tam-tamy. Podnieceni dziennikarze Super Expressu pisali: \u201eONZ m\u00f3wi, \u017ce 14 tysi\u0119cy dzieci mo\u017ce umrze\u0107 w Gazie w ci\u0105gu 48 godzin\u201d, dziennikarze TOK-FM krzyczeli: \u201e14 tysi\u0119cy dzieci mo\u017ce zgin\u0105\u0107 z g\u0142odu przez nast\u0119pne dwie doby\u201d. Komentarzy nie warto cytowa\u0107, \u0142atwo je sobie wyobrazi\u0107.<\/span><\/p>\n<p style=\"text-align: left;\">\n<span style=\"color: #000080;\">W kolejnym dniu ONZ pr\u00f3bowa\u0142a zatuszowa\u0107 t\u0119 wypowied\u017a, BBC ostro\u017cnie wycofa\u0142a si\u0119, wielkie agencje prasowe nie pr\u00f3bowa\u0142y docieka\u0107, czy w Gazie w kolejnych dniach umar\u0142o z g\u0142odu chocia\u017c jedno niemowl\u0119. Dziennikarze pracowali dalej, nie trapi\u0105c si\u0119 tym, co powiedzieli dzie\u0144 wcze\u015bniej.\u00a0\u00a0\u00a0\u00a0\u00a0\u00a0\u00a0\u00a0 \u00a0\u00a0<\/span><\/p>\n<p style=\"text-align: left;\">\n<span style=\"color: #000080;\">To nie jest odosobniony przypadek, to jest sta\u0142y wz\u00f3r. Dziennikarz przychodzi rano do redakcji, przegl\u0105da doniesienia BBC, Reutersa, AFP i pisze sw\u00f3j materia\u0142. Te kompetentne \u017ar\u00f3d\u0142a nie mog\u0105 przecie\u017c wprowadza\u0107 w b\u0142\u0105d. Czy zastanawiacie si\u0119, dlaczego najwi\u0119cej fa\u0142szywych oskar\u017ce\u0144, lub je\u015bli wolicie to tak nazwa\u0107 \u201enie\u015bcis\u0142o\u015bci\u201d, dotyczy w\u0142a\u015bnie \u017byd\u00f3w, tej samej grupy ludzi, szkalowaniem kt\u00f3rej przekazuj\u0105cy informacj\u0119 zajmuj\u0105 si\u0119 przez stulecia? Jak wa\u017cne s\u0105 te wasze nie\u015bcis\u0142o\u015bci? Jak bardzo pchaj\u0105 \u015bwiat w kolejn\u0105 przepa\u015b\u0107?<\/span><\/p>\n<p style=\"text-align: left;\">\n<span style=\"color: #000080;\">Dziennikarz to presti\u017cowy zaw\u00f3d, niekt\u00f3rzy wol\u0105 ten zaw\u00f3d nazywa\u0107 powo\u0142aniem, czuj\u0105 si\u0119 namaszczeni, wspaniali jak \u015bredniowieczni zakonnicy, niemal \u015bwi\u0119ci, zawsze dziewice.<\/span><\/p>\n<p style=\"text-align: left;\">\n<span style=\"color: #000080;\">Czy macie czasem chocia\u017cby cie\u0144 wyrzut\u00f3w sumienia?<\/span><\/p>\n<p style=\"text-align: left;\">\n<span style=\"color: #000080;\">Danny Danon, izraelski ambasador przy ONZ za\u017c\u0105da\u0142 przeprosin od Toma Fletchera. Nie, nie za t\u0119 bredni\u0119 o 14 tysi\u0105cach niemowl\u0105t z Gazy, kt\u00f3re mia\u0142y umrze\u0107 w ci\u0105gu 48 godzin. Za inn\u0105 wypowied\u017a tego wa\u017cnego urz\u0119dnika ONZ. Fletcher 13 maja na forum Rady Bezpiecze\u0144stwa ONZ, raz jeszcze oskar\u017cy\u0142 Izrael o ludob\u00f3jstwo. T\u0142umaczy\u0142 si\u0119 p\u00f3\u017aniej, \u017ce to nie ONZ zawyrokowa\u0142o, a s\u0105dy.<\/span><\/p>\n<p style=\"text-align: left;\">\n<span style=\"color: #000080;\">W li\u015bcie skierowanym do tego oenzetowskiego biurokraty izraelski ambasador pisa\u0142:<\/span><\/p>\n<blockquote><p><strong>\u201eMia\u0142e\u015b czelno\u015b\u0107, jako wysoki rang\u0105 urz\u0119dnik ONZ, stan\u0105\u0107 przed Rad\u0105 Bezpiecze\u0144stwa i postawi\u0107 zarzut ludob\u00f3jstwa bez dowod\u00f3w, mandatu i bez \u017cadnych zastrze\u017ce\u0144\u201d.<\/strong><\/p><\/blockquote>\n<p style=\"text-align: left;\"><span style=\"color: #000080;\">Izrael odmawia dalszej wsp\u00f3\u0142pracy z tym biurokrat\u0105, jak d\u0142ugo Fletcher nie powie wyra\u017anie, \u017ce Izrael nie dopuszcza si\u0119 ludob\u00f3jstwa. Jednak wypowiedzi biurokrat\u00f3w, orzeczenia kapturowych s\u0105d\u00f3w w rodzaju Mi\u0119dzynarodowego Trybuna\u0142u Sprawiedliwo\u015bci, czy Mi\u0119dzynarodowego Trybuna\u0142u Karnego nie mia\u0142yby tak wielkiego wp\u0142ywu na opinie spo\u0142ecze\u0144stw, gdyby dziennikarska bra\u0107 nie sta\u0142a si\u0119 zakonem kultu nienawi\u015bci, gdyby\u015bcie nie powtarzali o\u015bwiadcze\u0144 o rzekomym ludob\u00f3jstwie jako prawdy, gdyby\u015bcie nie powtarzali informacji urz\u0119dnik\u00f3w Hamasu jako fakt\u00f3w, tak jak gdyby\u015bcie je mogli lub przynajmniej chcieli osobi\u015bcie sprawdzi\u0107. Pytanie, czy macie chocia\u017cby przelotne wyrzuty sumienia, wydaje si\u0119 by\u0107 pozbawione sensu. Zarabiacie na \u017cycie ufaj\u0105c, \u017ce jeste\u015bcie uczciwi, wyrzuty sumienia s\u0105 niebezpieczne, jakikolwiek protest stanowi\u0142by zagro\u017cenie wyrzuceniem z zakonu.<\/span><\/p>\n<p style=\"text-align: left;\">\n<span style=\"color: #000080;\">Rzadko, nies\u0142ychanie rzadko, po przekazaniu fa\u0142szywej informacji, czujecie si\u0119 zmuszeni do mglistych sprostowa\u0144. Czy mo\u017cecie nie zdawa\u0107 sobie sprawy z tego, \u017ce nawet wtedy nie zmienia to piorunuj\u0105cego wra\u017cenia jakie na ludziach zrobi\u0142o wasze k\u0142amstwo? Kiedy piszecie, \u017ce Izrael zburzy\u0142 szpital zabijaj\u0105c 500 niewinnych os\u00f3b, a po miesi\u0105cu zamieszczacie notk\u0119, \u017ce jak si\u0119 wydaje spad\u0142a tam na parking wadliwa palesty\u0144ska rakieta i zabi\u0142a kilka os\u00f3b, to nie by\u0142a tylko pomy\u0142ka, a sprostowanie nie mia\u0142o na celu naprawienia zbrodniczej dezinformacji.<\/span><\/p>\n<p style=\"text-align: left;\">\n<span style=\"color: #000080;\">Czy informuj\u0105c o orzeczeniu Mi\u0119dzynarodowego Trybuna\u0142u Sprawiedliwo\u015bci, \u017ce wniesione przez RPA oskar\u017cenie mo\u017ce mie\u0107 jakie\u015b uzasadnienie, \u015bwiadomie wybrali\u015bcie bardziej wyraziste stwierdzenie, \u017ce Izrael pope\u0142nia ludob\u00f3jstwo? Czy mogli\u015bcie nie wiedzie\u0107 ani o powi\u0105zaniach rz\u0105du RPA z Hamasem, ani o powi\u0105zaniach \u00f3wczesnego przewodnicz\u0105cego tego trybuna\u0142u z islamskimi antyizraelskimi grupami? Czy mogli\u015bcie nie zna\u0107 \u017cyciorysu prokuratora Mi\u0119dzynarodowego Trybuna\u0142u Karnego, kt\u00f3ry w oparciu o orzeczenie tamtego trybuna\u0142u za\u017c\u0105da\u0142 aresztowania izraelskiego premiera i \u00f3wczesnego ministra obrony Izraela? Obawiam si\u0119, \u017ce mogli\u015bcie, \u017ce nie szukali\u015bcie tych informacji, strach przed nara\u017ceniem si\u0119 przeorowi zakonu dyktuje unikanie wiedzy niepo\u017c\u0105danej.\u00a0\u00a0\u00a0<\/span><\/p>\n<p style=\"text-align: left;\">\n<span style=\"color: #000080;\">Wasza praca oparta jest na autorytetach. Twierdzenie, \u017ce dziennikarz nie ma \u017cadnych autorytet\u00f3w, \u017ce d\u0105\u017cy do przekazania prawdy i tylko prawdy, to tylko teoria. Przekonujecie samych siebie, \u017ce ONZ to niekwestionowany autorytet, czy jest mo\u017cliwe, \u017ce nigdy nie s\u0142yszycie \u017cadnych dzwonk\u00f3w alarmowych, \u017ce nigdy, nawet w rozmowach z przyjaci\u00f3\u0142mi nie odwa\u017cacie si\u0119 kwestionowa\u0107 tego autorytetu? Nie, zawsze widzimy wasz konsensus w tej jednej sprawie.<\/span><\/p>\n<p style=\"text-align: left;\">\n<span style=\"color: #000080;\">Dziennikarka Sky News prowadz\u0105ca\u00a0<a style=\"color: #000080;\" href=\"https:\/\/x.com\/EylonALevy\/status\/1925238657604014554\">wywiad<\/a>\u00a0z izraelskim dziennikarzem Elonem Levy chce si\u0119 dowiedzie\u0107 dlaczego Izrael wstrzymuje pomoc. Przez 9 minut izraelski dziennikarz wyja\u015bnia, \u017ce Hamas przechwytuje pomoc, \u017ce ta pomoc staje si\u0119 nie tylko narz\u0119dziem kontroli palesty\u0144skiego spo\u0142ecze\u0144stwa w Gazie, ale jest \u017ar\u00f3d\u0142em dochod\u00f3w Hamasu, kt\u00f3ry sprzedaje dostarczon\u0105 za darmo \u017cywno\u015b\u0107 po bajo\u0144skich cenach, \u017ce obecny mechanizm dostarczania pomocy to wspieranie Hamasu, tak jak przed 7 pa\u017adziernika naciski na Izrael, \u017ceby ci\u0105gle zwi\u0119ksza\u0142 dostawy cementu do Gazy, by\u0142y wsparciem Zachodu w budowie gigantycznej terrorystycznej twierdzy pod cywiln\u0105 infrastruktur\u0105 tej enklawy. Elon Levy wyja\u015bnia\u0142, \u017ce Izrael nie g\u0142odzi mieszka\u0144c\u00f3w, \u017ce dostarczy\u0142 podczas tej wojny wi\u0119cej \u017cywno\u015bci wrogiej populacji ni\u017c dostarczono w jakimkolwiek innym konflikcie zbrojnym. Po dziewi\u0119ciu minutach zdumiona dziennikarka presti\u017cowego medium pyta \u201eczy papie\u017c nie ma racji domagaj\u0105c si\u0119 wpuszczenia pomocy do Gazy?\u201d.<\/span><\/p>\n<p style=\"text-align: left;\">\n<span style=\"color: #000080;\">Je\u015bli sam papie\u017c tego chce, to o czym my rozmawiamy? Jej wyraz twarzy nie pozostawia w\u0105tpliwo\u015bci, najprawdopodobniej jest ateistk\u0105, ale jest g\u0142\u0119boko wierz\u0105ca w autorytet katolickiego papie\u017ca na temat perfidnych \u017byd\u00f3w. Dziennikarz donosz\u0105cy o \u015bmierci kolejnego palesty\u0144skiego dziecka w si\u00f3dmym akapicie wspomina, \u017ce chodzi o siedemnastoletniego morderc\u0119 zlikwidowanego podczas no\u017cowniczego zamachu. Wyj\u0105tek? Sprawa wywo\u0142uj\u0105ca natychmiastowe oburzenie i pot\u0119pienie ze strony koleg\u00f3w? Przeciwnie, ca\u0142kowity brak reakcji, \u015brodowisko, stowarzyszenia dziennikarskie ca\u0142kowicie aprobuj\u0105 ten gatunek pod\u017cegaj\u0105cego dziennikarstwa. Nikt si\u0119 nie oburza, nikt nie protestuje. Dziennikarz bredz\u0105cy \u201eTel Awiw m\u00f3wi\u201d (Tel Awiw nigdy nie by\u0142 i nadal nie jest stolic\u0105 Izraela), nie staje si\u0119 przedmiotem kpin i \u017cart\u00f3w koleg\u00f3w, dziennikarka dostarczaj\u0105ca ckliw\u0105 opowie\u015b\u0107 opart\u0105 na rozmowie ze zwolennikiem Hamasu, kt\u00f3ry wciska \u00a0jej kit, \u017ce \u017co\u0142nierze izraelscy \u0107wicz\u0105 si\u0119 na strzelaniu zza muru do palesty\u0144skich dzieci, nie wylatuje z redakcji, przeciwnie dostaje pochwa\u0142y za znakomity reporta\u017c.<\/span><\/p>\n<p style=\"text-align: left;\">\n<span style=\"color: #000080;\">Czy umiemy to wszystko zrozumie\u0107, czy jest jakie\u015b wyt\u0142umaczenie tego kultu nienawi\u015bci w\u015br\u00f3d dziennikarskiej braci? Tego unikania jak ognia informacji o ideologii d\u017cihadu, tego co znajdujemy w arabskiej, tureckiej czy ira\u0144skiej prasie? Jak zrozumie\u0107 ten dziennikarski konsensus? Czy jest tu wskaz\u00f3wk\u0105 fakt, \u017ce cz\u0119sto, kiedy przekazujecie informacje fa\u0142szywe i pod\u017cegaj\u0105ce do nienawi\u015bci, na wszelki wypadek zamykacie mo\u017cliwo\u015b\u0107 komentowania, \u017ceby przypadkiem zalew nienawistnych komentarzy nie ujawni\u0142, \u017ce odbiorcy waszych wiadomo\u015bci czekaj\u0105 na t\u0119 dobr\u0105 nowin\u0119 i odbieraj\u0105 j\u0105 dok\u0142adnie tak, jak to sobie zaplanowali\u015bcie?\u00a0 \u00a0 \u00a0 \u00a0 \u00a0 \u00a0 \u00a0 \u00a0 \u00a0 \u00a0 \u00a0 \u00a0 \u00a0 \u00a0 \u00a0 \u00a0 \u00a0 \u00a0 \u00a0 \u00a0 \u00a0 \u00a0 \u00a0 \u00a0 \u00a0<\/span><\/p>\n<p><span style=\"color: #000080;\">Wiem, dziennikarska bra\u0107 nie czeka na m\u00f3j list, nie zamierza go czyta\u0107, a je\u015bli kt\u00f3ry\u015b czy kt\u00f3ra\u015b przypadkiem przeczyta, pewnie dojdzie do wniosku, \u017ce nic nie rozumiem, bo przecie\u017c jeste\u015bcie tacy \u015bliczni i idylliczni. Wspaniali dziennikarze w ich wspania\u0142ych redakcjach dostarczaj\u0105 codziennie w najr\u00f3\u017cniejszych postaciach to samo has\u0142o: \u201e\u017bydzi zn\u00f3w zabili\u00a0chrze\u015bcija\u0144skie\u00a0palesty\u0144skie dziecko\u201d.\u00a0\u00a0<\/span><\/p>\n<p style=\"text-align: left;\">\n<span style=\"color: #000080;\">Udajecie, \u017ce wsp\u00f3\u0142czujecie Palesty\u0144czykom, ale nigdy tym, kt\u00f3rzy pragn\u0105 wyzwolenia od Hamasu, udajecie \u017ce chcecie pokoju, ale takiego, kt\u00f3ry zachowa Hamas i Fatah przy w\u0142adzy, udajecie uczciwych dziennikarzy nie odwa\u017caj\u0105c si\u0119 na dyskusje o faktach, kt\u00f3re \u015bwiadomie i z premedytacj\u0105 zniekszta\u0142cacie.<\/span><\/p>\n<p style=\"text-align: left;\">\n<span style=\"color: #000080;\">Bestialska napa\u015b\u0107 na izraelskie osiedla 7 pa\u017adziernika z wasz\u0105 waln\u0105 pomoc\u0105 gwa\u0142townie wzmocni\u0142a odwieczn\u0105 nienawi\u015b\u0107. Mordowani Izraelczycy to byli g\u0142\u00f3wnie najwi\u0119ksi zwolennicy pokoju, kt\u00f3rzy \u015bwiadomie zamieszkali w pobli\u017cu Gazy, \u017ceby budowa\u0107 mosty. Zamordowani w \u015brod\u0119 pracownicy izraelskiej ambasady w Waszyngtonie jak na ironi\u0119 szli na spotkanie w sprawie pokoju z Palesty\u0144czykami. Kielecki pogrom to odleg\u0142a historia, dzi\u015b wy z mi\u0142o\u015bci\u0105 i oddaniem powtarzacie nowe wezwania maj\u0105ce na celu wzmocnienie odwiecznej nienawi\u015bci.<\/span><\/p>\n<\/div>\n<hr style=\"height: 15px; background: #d0e6fa; width: 100%;\" \/>\n<div id=\"content\" class=\"content-alignment\">\n<div id=\"watch-description\" class=\"yt-uix-button-panel\">\n<div id=\"watch-description-text\" style=\"text-align: center;\">\n<p><em>Zawarto\u015b\u0107 publikowanych artyku\u0142\u00f3w i materia\u0142\u00f3w nie reprezentuje pogl\u0105d\u00f3w ani opinii Reunion&#8217;68,<\/em><em><br \/>\nani te\u017c webmastera Blogu Reunion&#8217;68, chyba ze jest to wyra\u017anie zaznaczone.<br \/>\nTwoje uwagi, linki, w\u0142asne artyku\u0142y lub wiadomo\u015bci prze\u015blij na adres:<br \/>\n<\/em><span style=\"color: #000080;\"><strong><em><a style=\"color: #000080;\" href=\"mailto:webmaster@reunion68.com\"><span style=\"text-decoration: underline;\">webmaster@reunion68.com<\/span><\/a><\/em><\/strong><\/span><\/p>\n<\/div>\n<\/div>\n<\/div>\n<hr style=\"width: 100%;\" \/>\n","protected":false},"excerpt":{"rendered":"<p>Obraz Williama z Norwich nadal eksponowany w ko\u015bciele \u015bw. Piotra i \u015bw. Paw\u0142a w Saffolk. List otwarty do dziennikarskiej braci Andrzej Koraszewski Czwartego lipca 1946 roku w Kielcach (chyba) po raz ostatni uda\u0142o si\u0119 skutecznie zmobilizowa\u0107 ludzi w europejskim kraju do mordowania \u017byd\u00f3w przy pomocy \u015bredniowiecznego has\u0142a \u201e\u017bydzi porwali chrze\u015bcija\u0144skie dziecko\u201d. To has\u0142o dzia\u0142a\u0142o wspaniale [&hellip;]<\/p>\n","protected":false},"author":1,"featured_media":0,"comment_status":"closed","ping_status":"closed","sticky":false,"template":"","format":"standard","meta":[],"categories":[6],"tags":[26,24],"_links":{"self":[{"href":"https:\/\/www.reunion68.se\/index.php?rest_route=\/wp\/v2\/posts\/121410"}],"collection":[{"href":"https:\/\/www.reunion68.se\/index.php?rest_route=\/wp\/v2\/posts"}],"about":[{"href":"https:\/\/www.reunion68.se\/index.php?rest_route=\/wp\/v2\/types\/post"}],"author":[{"embeddable":true,"href":"https:\/\/www.reunion68.se\/index.php?rest_route=\/wp\/v2\/users\/1"}],"replies":[{"embeddable":true,"href":"https:\/\/www.reunion68.se\/index.php?rest_route=%2Fwp%2Fv2%2Fcomments&post=121410"}],"version-history":[{"count":4,"href":"https:\/\/www.reunion68.se\/index.php?rest_route=\/wp\/v2\/posts\/121410\/revisions"}],"predecessor-version":[{"id":121418,"href":"https:\/\/www.reunion68.se\/index.php?rest_route=\/wp\/v2\/posts\/121410\/revisions\/121418"}],"wp:attachment":[{"href":"https:\/\/www.reunion68.se\/index.php?rest_route=%2Fwp%2Fv2%2Fmedia&parent=121410"}],"wp:term":[{"taxonomy":"category","embeddable":true,"href":"https:\/\/www.reunion68.se\/index.php?rest_route=%2Fwp%2Fv2%2Fcategories&post=121410"},{"taxonomy":"post_tag","embeddable":true,"href":"https:\/\/www.reunion68.se\/index.php?rest_route=%2Fwp%2Fv2%2Ftags&post=121410"}],"curies":[{"name":"wp","href":"https:\/\/api.w.org\/{rel}","templated":true}]}}