{"id":121414,"date":"2025-05-24T17:00:06","date_gmt":"2025-05-24T15:00:06","guid":{"rendered":"http:\/\/www.reunion68.se\/?p=121414"},"modified":"2025-05-24T13:28:38","modified_gmt":"2025-05-24T11:28:38","slug":"24-00-107","status":"publish","type":"post","link":"https:\/\/www.reunion68.se\/?p=121414","title":{"rendered":"France Boosts Security at Jewish Sites Amid Rising Antisemitism Following Washington Embassy Shooting"},"content":{"rendered":"<h5 style=\"text-align: center;\"><a href=\"https:\/\/www.algemeiner.com\/\" target=\"_blank\" rel=\"noopener noreferrer\"><img decoding=\"async\" class=\"center alignleft\" src=\"http:\/\/www.reunion68.com\/Biuletyn\/img\/algem.png\" alt=\"\" width=\"35%\" \/><\/a><span style=\"text-decoration: underline; color: #000080;\"><span><strong><a style=\"color: #000080; text-decoration: underline;\" href=\"https:\/\/www.algemeiner.com\/2025\/05\/23\/france-boosts-security-jewish-sites-amid-rising-antisemitism-following-washington-embassy-shooting\/\" target=\"_blank\" rel=\"noopener noreferrer\">France Boosts Security at Jewish Sites Amid Rising Antisemitism Following Washington Embassy Shooting<\/a><\/strong><\/span><\/span><\/h5>\n<p style=\"text-align: center;\"><span style=\"color: #000000;\"><strong>Ailin Vilches Arguello<\/strong><\/span><\/p>\n<hr style=\"height: 15px; background: #d0e6fa; width: 100%;\" \/>\n<p style=\"text-align: center;\"><img decoding=\"async\" class=\"aligncenter\" src=\"https:\/\/www.algemeiner.com\/wp-content\/uploads\/2025\/04\/France-antisemitism.jpg\" width=\"100%\" \/><span style=\"color: #808080;\"><em>Tens of thousands of French people march in Paris to protest against antisemitism. Photo: Screenshot<\/em><\/span><\/p>\n<p style=\"text-align: left;\"><span style=\"color: #000080;\">France has increased security at Jewish sites nationwide following the antisemitic shooting in Washington, DC, this week as the country\u2019s local Jewish community calls for stronger government action\u00a0<a style=\"color: #000080;\" href=\"https:\/\/www.algemeiner.com\/2025\/05\/22\/worlds-jewish-communities-condemn-antisemitic-shooting-outside-dc-museum-urge-swift-action-amid-rising-threats\/\" target=\"_blank\" rel=\"noopener noreferrer\">amid mounting fears of escalating violence<\/a>.<\/span><\/p>\n<p style=\"text-align: left;\"><span style=\"color: #000080;\">French Interior Minister Bruno Retailleau ordered local law enforcement to \u201cstep up surveillance at sites linked to the Jewish community\u201d after a gunman\u00a0<a style=\"color: #000080;\" href=\"https:\/\/www.algemeiner.com\/2025\/05\/22\/accused-dc-shooter-elias-rodriguez-idolized-man-who-set-himself-fire-outside-israeli-embassy-court-documents\/\" target=\"_blank\" rel=\"noopener noreferrer\">fatally shot two Israeli embassy staffers<\/a>\u00a0in the US capital on Wednesday night. The 30-year-old suspect who was charged with murdering the victims shouted \u201cFree Palestine\u201d as he was being taken into custody and said at the scene of the shooting, \u201cI did it for Gaza,\u201d according to court documents.<\/span><\/p>\n<p style=\"text-align: left;\"><span style=\"color: #000080;\">Shortly after the attack, prominent Jewish groups and leaders worldwide quickly decried the act of violence, expressing deep concern over\u00a0<a style=\"color: #000080;\" href=\"https:\/\/www.algemeiner.com\/2025\/05\/07\/antisemitism-skyrockets-7-countries-largest-jewish-populations-global-report-finds\/\" target=\"_blank\" rel=\"noopener noreferrer\">the global rise in antisemitism<\/a>. French Foreign Minister Jean-Noel Barrot condemned the deadly assault as \u201can abhorrent act of antisemitic barbarity.\u201d<\/span><\/p>\n<p style=\"text-align: left;\"><span style=\"color: #000080;\">On Thursday, Retailleau called for increased patrols around synagogues, as well as Jewish schools, shops, and events, with additional support from soldiers assigned to France\u2019s domestic anti-terror unit. He also emphasized that security measures must be \u201cvisible and dissuasive.\u201d<\/span><\/p>\n<p style=\"text-align: left;\"><span style=\"color: #000080;\">Local law enforcement has been stationed to secure the Israeli embassy in Paris, with increased patrols maintaining a strong presence around the area.<\/span><\/p>\n<p style=\"text-align: left;\"><span style=\"color: #000080;\">Ahead of the upcoming Jewish holidays, the French diplomat also called for \u201cextreme vigilance\u201d and\u00a0<a style=\"color: #000080;\" href=\"https:\/\/www.algemeiner.com\/2025\/05\/02\/elderly-jewish-man-brutally-attacked-called-dirty-jew-antisemitic-assault-southern-france\/\" target=\"_blank\" rel=\"noopener noreferrer\">urged local officials to closely monitor identity checks<\/a>, bag inspections, and vehicle searches.<\/span><\/p>\n<p style=\"text-align: left;\"><span style=\"color: #000080;\">The Representative Council of Jewish Institutions of France (CRIF) \u2014 the main representative body of French Jews \u2014 welcomed the latest security measures and government response following the deadly shooting.<\/span><\/p>\n<p style=\"text-align: left;\"><span style=\"color: #000080;\">Since the Hamas-led invasion of and massacre across southern Israel on Oct. 7, 2023,\u00a0<a style=\"color: #000080;\" href=\"https:\/\/www.algemeiner.com\/2025\/01\/22\/antisemitism-continues-skyrocket-france-over-1500-incidents-recorded-2024-new-report-finds\/\" target=\"_blank\" rel=\"noopener noreferrer\">France has seen an alarming surge in antisemitic incidents<\/a>, with 1,570 recorded last year, according to a report by CRIF.<\/span><\/p>\n<p style=\"text-align: left;\"><span style=\"color: #000080;\">In late May and early June,\u00a0<a style=\"color: #000080;\" href=\"https:\/\/www.algemeiner.com\/2024\/08\/26\/antisemitic-incidents-france-up-200-this-year-interior-minister-warns-attempted-synagogue-arson\/\" target=\"_blank\" rel=\"noopener noreferrer\">antisemitic acts rose by more than 140 percent<\/a>, far surpassing the weekly average of slightly more than 30 incidents.<\/span><\/p>\n<p style=\"text-align: left;\"><span style=\"color: #000080;\">The report also found that 65.2 percent of antisemitic acts last year targeted individuals, with more than 10 percent of these offenses\u00a0<a style=\"color: #000080;\" href=\"https:\/\/www.algemeiner.com\/2024\/06\/19\/french-president-denounces-scourge-antisemitism-after-12-year-old-jewish-girl-raped\/\" target=\"_blank\" rel=\"noopener noreferrer\">involving physical violence<\/a>.<\/span><\/p>\n<p style=\"text-align: left;\"><span style=\"color: #000080;\">Following the antisemitic attack in Washington, Israeli Foreign Minister Gideon Saar accused European governments of spreading \u201ctoxic antisemitic incitement,\u201d which he said contributed to the hostile climate that led to the fatal shooting.<\/span><\/p>\n<p style=\"text-align: left;\"><span style=\"color: #000080;\">\u201cThere is a direct line connecting antisemitic and anti-Israeli incitement to this murder,\u201d the top Israeli diplomat said at a press conference, referring to the two Israeli embassy staffers killed on Wednesday night.<\/span><\/p>\n<p style=\"text-align: left;\"><span style=\"color: #000080;\">\u201cThis incitement is also done by leaders and officials of many countries and international organizations, especially from Europe,\u201d Saar continued.<\/span><\/p>\n<p style=\"text-align: left;\"><span style=\"color: #000080;\">French authorities rejected such an accusation, calling it \u201coutrageous and unjustified.\u201d<\/span><\/p>\n<p style=\"text-align: left;\"><span style=\"color: #000080;\">\u201cFrance has condemned, France condemns, and France will continue to condemn, always and unequivocally, any act of antisemitism,\u201d Foreign Ministry spokesman Christophe Lemoine said in a statement.<\/span><\/p>\n<p style=\"text-align: left;\"><span style=\"color: #000080;\">European governments have\u00a0<a style=\"color: #000080;\" href=\"https:\/\/www.algemeiner.com\/2025\/05\/20\/uk-intensifies-pressure-israel-suspends-trade-talks-imposes-sanctions-amid-gaza-conflict\/\" target=\"_blank\" rel=\"noopener noreferrer\">strongly criticized Israel\u2019s defensive campaign<\/a>\u00a0against the Palestinian terrorist group Hamas in Gaza, as well as its management of humanitarian aid to the enclave.<\/span><\/p>\n<p style=\"text-align: left;\"><span style=\"color: #000080;\">On Monday, France, the United Kingdom, and Canada issued a joint statement\u00a0<a style=\"color: #000080;\" href=\"https:\/\/www.algemeiner.com\/2025\/05\/17\/hamas-confirms-new-gaza-ceasefire-talks-with-israel-in-qatar-on-saturday\/\" target=\"_blank\" rel=\"noopener noreferrer\">calling for a ceasefire<\/a>\u00a0and supporting the eventual establishment of a Palestinian state. The statement also accused Israel of causing starvation in Gaza \u2014 a claim that Israeli leaders have vehemently denied.<\/span><\/p>\n<p style=\"text-align: left;\"><span style=\"color: #000080;\">The three countries warned that \u201cconcrete measures\u201d would be taken if the Israeli government does not end its renewed military offensive and significantly\u00a0<a style=\"color: #000080;\" href=\"https:\/\/www.algemeiner.com\/2025\/05\/04\/report-israel-plans-to-distribute-humanitarian-aid-in-gaza-through-us-firms\/\" target=\"_blank\" rel=\"noopener noreferrer\">ease restrictions on humanitarian aid<\/a>.<\/span><\/p>\n<p style=\"text-align: left;\"><span style=\"color: #000080;\">Israeli Prime Minister Benjamin Netanyahu criticized the leaders of France, the UK, and Canada, accusing them of rewarding terrorism with their threats and condemning their stance as being on \u201cthe wrong side of history.\u201d<\/span><\/p>\n<p style=\"text-align: left;\"><span style=\"color: #000080;\">\u201cBy asking Israel to end a defensive war for our survival before Hamas terrorists on our border are destroyed, and by demanding a Palestinian state, the leaders in London, Ottawa, and Paris are offering a huge prize for the genocidal attack on Israel on Oct. 7, while inviting more such atrocities,\u201d the Israeli leader said in a statement, referring to the Hamas onslaught on Israel that started the current war.<\/span><\/p>\n<p style=\"text-align: left;\"><span style=\"color: #000080;\">\u201cThe war can end tomorrow if the remaining hostages are released, Hamas lays down its arms, its murderous leaders are exiled, and Gaza is demilitarized. No nation can be expected to accept anything less, and Israel certainly won\u2019t,\u201d the statement continued. \u201cThis is a war of civilization over barbarism. Israel will continue to defend itself by just means until total victory is achieved.\u201d<\/span><\/p>\n<hr style=\"height: 15px; background: #d0e6fa; width: 100%;\" \/>\n<div id=\"content\" class=\"content-alignment\">\n<div id=\"watch-description\" class=\"yt-uix-button-panel\">\n<div id=\"watch-description-text\" style=\"text-align: center;\">\n<p><em>Zawarto\u015b\u0107 publikowanych artyku\u0142\u00f3w i materia\u0142\u00f3w nie reprezentuje pogl\u0105d\u00f3w ani opinii Reunion&#8217;68,<\/em><em><br \/>\nani te\u017c webmastera Blogu Reunion&#8217;68, chyba ze jest to wyra\u017anie zaznaczone.<br \/>\nTwoje uwagi, linki, w\u0142asne artyku\u0142y lub wiadomo\u015bci prze\u015blij na adres:<br \/>\n<\/em><span style=\"color: #000080;\"><strong><em><a style=\"color: #000080;\" href=\"mailto:webmaster@reunion68.com\"><span style=\"text-decoration: underline;\">webmaster@reunion68.com<\/span><\/a><\/em><\/strong><\/span><\/p>\n<\/div>\n<\/div>\n<\/div>\n<hr style=\"width: 100%;\" \/>\n","protected":false},"excerpt":{"rendered":"<p>France Boosts Security at Jewish Sites Amid Rising Antisemitism Following Washington Embassy Shooting Ailin Vilches Arguello Tens of thousands of French people march in Paris to protest against antisemitism. Photo: Screenshot France has increased security at Jewish sites nationwide following the antisemitic shooting in Washington, DC, this week as the country\u2019s local Jewish community calls [&hellip;]<\/p>\n","protected":false},"author":1,"featured_media":0,"comment_status":"closed","ping_status":"closed","sticky":false,"template":"","format":"standard","meta":[],"categories":[6],"tags":[26,24],"_links":{"self":[{"href":"https:\/\/www.reunion68.se\/index.php?rest_route=\/wp\/v2\/posts\/121414"}],"collection":[{"href":"https:\/\/www.reunion68.se\/index.php?rest_route=\/wp\/v2\/posts"}],"about":[{"href":"https:\/\/www.reunion68.se\/index.php?rest_route=\/wp\/v2\/types\/post"}],"author":[{"embeddable":true,"href":"https:\/\/www.reunion68.se\/index.php?rest_route=\/wp\/v2\/users\/1"}],"replies":[{"embeddable":true,"href":"https:\/\/www.reunion68.se\/index.php?rest_route=%2Fwp%2Fv2%2Fcomments&post=121414"}],"version-history":[{"count":5,"href":"https:\/\/www.reunion68.se\/index.php?rest_route=\/wp\/v2\/posts\/121414\/revisions"}],"predecessor-version":[{"id":121426,"href":"https:\/\/www.reunion68.se\/index.php?rest_route=\/wp\/v2\/posts\/121414\/revisions\/121426"}],"wp:attachment":[{"href":"https:\/\/www.reunion68.se\/index.php?rest_route=%2Fwp%2Fv2%2Fmedia&parent=121414"}],"wp:term":[{"taxonomy":"category","embeddable":true,"href":"https:\/\/www.reunion68.se\/index.php?rest_route=%2Fwp%2Fv2%2Fcategories&post=121414"},{"taxonomy":"post_tag","embeddable":true,"href":"https:\/\/www.reunion68.se\/index.php?rest_route=%2Fwp%2Fv2%2Ftags&post=121414"}],"curies":[{"name":"wp","href":"https:\/\/api.w.org\/{rel}","templated":true}]}}