{"id":121429,"date":"2025-05-25T17:05:43","date_gmt":"2025-05-25T15:05:43","guid":{"rendered":"http:\/\/www.reunion68.se\/?p=121429"},"modified":"2025-05-25T07:38:02","modified_gmt":"2025-05-25T05:38:02","slug":"25-05-104","status":"publish","type":"post","link":"https:\/\/www.reunion68.se\/?p=121429","title":{"rendered":"Nie tylko Grzegorza Brauna powinni\u015bmy si\u0119 obawia\u0107&#8230;"},"content":{"rendered":"<h5 style=\"text-align: center;\"><a href=\"https:\/\/www.facebook.com\/jewishcommunitybielskobiala\" target=\"_blank\" rel=\"noopener noreferrer\"><img decoding=\"async\" class=\"center alignleft\" src=\"http:\/\/www.reunion68.com\/Biuletyn\/img\/tskz.png\" alt=\"\" width=\"35%\" \/><\/a><span style=\"text-decoration: underline; color: #000080;\"><strong><a style=\"color: #000080; text-decoration: underline;\" href=\"https:\/\/www.facebook.com\/jewishcommunitybielskobiala\" target=\"_blank\" rel=\"noopener noreferrer\">Nie tylko Grzegorza Brauna powinni\u015bmy si\u0119 obawia\u0107&#8230;<\/a><\/strong><\/span><\/h5>\n<p style=\"text-align: center;\"><span style=\"color: #000000;\"><strong>TSK\u017b-Towarzystwo Spo\u0142eczno-Kulturalne \u017byd\u00f3w w Polsce<\/strong><\/span><\/p>\n<hr style=\"height: 15px; background: #d0e6fa; width: 100%;\" \/>\n<p><img decoding=\"async\" src=\"https:\/\/scontent.fbma5-1.fna.fbcdn.net\/v\/t39.30808-6\/493813947_1001284368785825_7401208006795705893_n.jpg?stp=dst-jpg_s600x600_tt6&amp;_nc_cat=100&amp;ccb=1-7&amp;_nc_sid=127cfc&amp;_nc_ohc=Z_d-a4rPMdsQ7kNvwGFXaF8&amp;_nc_oc=Adl6552T5YWl74-O71UdR1nIqihEp5knV0kAGpg5k04trKate9Dz-saHGky4OuyAU8Y&amp;_nc_zt=23&amp;_nc_ht=scontent.fbma5-1.fna&amp;_nc_gid=rsh_QxxpdvjYywdkDxekCg&amp;oh=00_AfK5coxDH8sqG9SEtzo2VO6LUIDdHa95no95SMWf1Ho9JQ&amp;oe=68387A04\" width=\"100%\" \/><br \/>\n<img decoding=\"async\" src=\"https:\/\/scontent.fbma5-1.fna.fbcdn.net\/v\/t39.30808-6\/499481549_1001284372119158_8436618465054506127_n.jpg?stp=dst-jpg_s600x600_tt6&amp;_nc_cat=102&amp;ccb=1-7&amp;_nc_sid=127cfc&amp;_nc_ohc=PQTHgW_UPDkQ7kNvwHiF5U-&amp;_nc_oc=Adl38hEXZOu5CCWC89OpbPgBCZoMQLXV0q6yOln5RpKRzcWwP7_JYjw5KKwLyTebUnY&amp;_nc_zt=23&amp;_nc_ht=scontent.fbma5-1.fna&amp;_nc_gid=rsh_QxxpdvjYywdkDxekCg&amp;oh=00_AfIl62uQAosSlB6gD9NHj5849dBvRBV4tK9ciAlOJF_M9g&amp;oe=68387E85\" width=\"100%\" \/><\/p>\n<div class=\"xdj266r x11i5rnm xat24cr x1mh8g0r x1vvkbs x126k92a\">\n<h5 dir=\"auto\" style=\"text-align: center;\"><strong>Poni\u017cej publikujemy wsp\u00f3lne o\u015bwiadczenie Towarzystwa Spo\u0142eczno-Kulturalnego \u017byd\u00f3w w Polsce oraz Zwi\u0105zku Gmin Wyznaniowych \u017bydowskich w RP ws. antysemickiego incydentu w Bielsku-Bia\u0142ej w dn. 21 maja br.<\/strong><\/h5>\n<\/div>\n<p><img decoding=\"async\" class=\"center aligncenter\" src=\"http:\/\/www.reunion68.com\/Biuletyn\/img\/break.png\" alt=\"\" \/><\/p>\n<div class=\"x11i5rnm xat24cr x1mh8g0r x1vvkbs xtlvy1s x126k92a\">\n<div dir=\"auto\"><\/div>\n<div dir=\"auto\"><span style=\"color: #000080;\">Dnia 21 maja 2025 r. dosz\u0142o do kolejnego powa\u017cnego incydentu przeciw spo\u0142eczno\u015bci \u017cydowskiej w Polsce. Podczas koncertu organizowanego przez Towarzystwo Spo\u0142eczno-Kulturalnego \u017byd\u00f3w w Polsce oddzia\u0142 w Bielsku-Bia\u0142ej i Gmina Wyznaniowa \u017bydowska w Bielsku-Bia\u0142ej ze \u015brodk\u00f3w dotacyjnych MSWiA dosz\u0142o do bezprawnego wtargni\u0119cia grupy os\u00f3b zainspirowanych wezwaniami Partii Razem do si\u0142owego okazania oporu wobec bezbronnej, straumatyzowanej grupy starszych os\u00f3b pochodzenia \u017cydowskiego. Demonstranci w poczuciu bezkarno\u015bci w spos\u00f3b agresywny dopu\u015bcili si\u0119 naruszenia poczucia bezpiecze\u0144stwa zgromadzenia mniejszo\u015bci narodowej w jej siedzibie.<\/span><\/div>\n<div dir=\"auto\">.<\/div>\n<div dir=\"auto\"><\/div>\n<\/div>\n<div class=\"x11i5rnm xat24cr x1mh8g0r x1vvkbs xtlvy1s x126k92a\">\n<div dir=\"auto\"><span style=\"color: #000080;\">Wydaje si\u0119, \u017ce spo\u0142eczno\u015b\u0107 \u017cydowska w naszym kraju by\u0142a wystarczaj\u0105co cz\u0119sto szykanowana przez elementy antysemickie. Poczucie atmosfery pogromowej w naszej spo\u0142eczno\u015bci jest uzasadnione do\u015bwiadczeniem historycznym. Dzi\u015b mamy dow\u00f3d, \u017ce antysemityzm nie jest obcy tak skrajnej prawicy jak i skrajnej lewicy.<\/span><\/div>\n<div dir=\"auto\">.<\/div>\n<\/div>\n<div class=\"x11i5rnm xat24cr x1mh8g0r x1vvkbs xtlvy1s x126k92a\">\n<div dir=\"auto\"><span style=\"color: #000080;\">Jako reprezentanci najpowa\u017cniejszych instytucji \u017cydowskich w Polsce wzywamy polityk\u00f3w do wi\u0119kszej odpowiedzialno\u015bci za s\u0142owo, a w\u0142a\u015bciwe organy pa\u0144stwowe do natychmiastowych reakcji i dzia\u0142a\u0144 prewencyjnych.<\/span><\/div>\n<\/div>\n<div class=\"x11i5rnm xat24cr x1mh8g0r x1vvkbs xtlvy1s x126k92a\">\n<div dir=\"auto\"><span style=\"color: #000080;\">Zarz\u0105d Towarzystwa Spo\u0142eczno-Kulturalnego \u017byd\u00f3w w Polsce oraz Zarz\u0105d Zwi\u0105zku Gmin Wyznaniowych \u017bydowskich w RP:<\/span><\/div>\n<div dir=\"auto\"><\/div>\n<\/div>\n<div class=\"x11i5rnm xat24cr x1mh8g0r x1vvkbs xtlvy1s x126k92a\">\n<div dir=\"auto\"><strong>Artur Hofman<\/strong> \u2013 Prezes<br \/>\n<strong>Klara Ko\u0142odziejska-Po\u0142tyn<\/strong> \u2013 Przewodnicz\u0105ca<\/div>\n<div dir=\"auto\"><strong>Klaudia Klimek<\/strong> \u2013 Wiceprezes<br \/>\n<strong>Alicja Kobus<\/strong> \u2013 Wiceprzewodnicz\u0105ca<\/div>\n<div dir=\"auto\"><strong>Teresa Ewa Pro\u0144czuk<\/strong> \u2013 Sekretarz<br \/>\n<strong>W\u0142odzimierz Kac<\/strong>\u2013Wiceprzewodnicz\u0105cy<\/div>\n<div dir=\"auto\"><strong>Helena Grzebie\u0144<\/strong> \u2013 Skarbnik<br \/>\n<strong>Micha\u0142 Samet<\/strong> \u2013 Skarbnik<\/div>\n<div dir=\"auto\"><strong>Marek Michnowski<\/strong> \u2013 Cz\u0142onek Zarz\u0105du<\/div>\n<div dir=\"auto\"><strong>Tomasz Ros\u0142o\u0144ski<\/strong> \u2013 Cz\u0142onek Zarz\u0105du<\/div>\n<div dir=\"auto\"><strong>Micha\u0142 \u015awidowski<\/strong> \u2013 Cz\u0142onek Zarz\u0105du<br \/>\n<strong>Maciej Narkiewicz-Jodko<\/strong> \u2013 Cz\u0142onek Zarz\u0105du<\/div>\n<div dir=\"auto\"><strong>Albert Stankowski<\/strong> \u2013 Cz\u0142onek Zarz\u0105du<\/div>\n<div dir=\"auto\"><strong>Helena Jakubowicz<\/strong> \u2013 Cz\u0142onek Zarz\u0105du<\/div>\n<div dir=\"auto\"><strong>Aleksander Rotsztejn<\/strong> \u2013 Cz\u0142onek Zarz\u0105du<\/div>\n<div dir=\"auto\"><strong>Anna Lazarek<\/strong> \u2013 Cz\u0142onek Zarz\u0105du<\/div>\n<div dir=\"auto\"><strong>Jacek M\u0142ynarski<\/strong> \u2013 Cz\u0142onek Zarz\u0105du<br \/>\n<strong>Witold Wrzosi\u0144ski<\/strong> \u2013 Cz\u0142onek Zarz\u0105du<\/div>\n<\/div>\n<hr style=\"height: 15px; background: #d0e6fa; width: 100%;\" \/>\n<div id=\"content\" class=\"content-alignment\">\n<div id=\"watch-description\" class=\"yt-uix-button-panel\">\n<div id=\"watch-description-text\" style=\"text-align: center;\">\n<p><em>Zawarto\u015b\u0107 publikowanych artyku\u0142\u00f3w i materia\u0142\u00f3w nie reprezentuje pogl\u0105d\u00f3w ani opinii Reunion&#8217;68,<\/em><em><br \/>\nani te\u017c webmastera Blogu Reunion&#8217;68, chyba ze jest to wyra\u017anie zaznaczone.<br \/>\nTwoje uwagi, linki, w\u0142asne artyku\u0142y lub wiadomo\u015bci prze\u015blij na adres:<br \/>\n<\/em><span style=\"color: #000080;\"><strong><em><a style=\"color: #000080;\" href=\"mailto:webmaster@reunion68.com\"><span style=\"text-decoration: underline;\">webmaster@reunion68.com<\/span><\/a><\/em><\/strong><\/span><\/p>\n<\/div>\n<\/div>\n<\/div>\n<hr style=\"width: 100%;\" \/>\n","protected":false},"excerpt":{"rendered":"<p>Nie tylko Grzegorza Brauna powinni\u015bmy si\u0119 obawia\u0107&#8230; TSK\u017b-Towarzystwo Spo\u0142eczno-Kulturalne \u017byd\u00f3w w Polsce Poni\u017cej publikujemy wsp\u00f3lne o\u015bwiadczenie Towarzystwa Spo\u0142eczno-Kulturalnego \u017byd\u00f3w w Polsce oraz Zwi\u0105zku Gmin Wyznaniowych \u017bydowskich w RP ws. antysemickiego incydentu w Bielsku-Bia\u0142ej w dn. 21 maja br. Dnia 21 maja 2025 r. dosz\u0142o do kolejnego powa\u017cnego incydentu przeciw spo\u0142eczno\u015bci \u017cydowskiej w Polsce. Podczas koncertu [&hellip;]<\/p>\n","protected":false},"author":1,"featured_media":0,"comment_status":"closed","ping_status":"closed","sticky":false,"template":"","format":"standard","meta":[],"categories":[6],"tags":[26,24],"_links":{"self":[{"href":"https:\/\/www.reunion68.se\/index.php?rest_route=\/wp\/v2\/posts\/121429"}],"collection":[{"href":"https:\/\/www.reunion68.se\/index.php?rest_route=\/wp\/v2\/posts"}],"about":[{"href":"https:\/\/www.reunion68.se\/index.php?rest_route=\/wp\/v2\/types\/post"}],"author":[{"embeddable":true,"href":"https:\/\/www.reunion68.se\/index.php?rest_route=\/wp\/v2\/users\/1"}],"replies":[{"embeddable":true,"href":"https:\/\/www.reunion68.se\/index.php?rest_route=%2Fwp%2Fv2%2Fcomments&post=121429"}],"version-history":[{"count":13,"href":"https:\/\/www.reunion68.se\/index.php?rest_route=\/wp\/v2\/posts\/121429\/revisions"}],"predecessor-version":[{"id":121445,"href":"https:\/\/www.reunion68.se\/index.php?rest_route=\/wp\/v2\/posts\/121429\/revisions\/121445"}],"wp:attachment":[{"href":"https:\/\/www.reunion68.se\/index.php?rest_route=%2Fwp%2Fv2%2Fmedia&parent=121429"}],"wp:term":[{"taxonomy":"category","embeddable":true,"href":"https:\/\/www.reunion68.se\/index.php?rest_route=%2Fwp%2Fv2%2Fcategories&post=121429"},{"taxonomy":"post_tag","embeddable":true,"href":"https:\/\/www.reunion68.se\/index.php?rest_route=%2Fwp%2Fv2%2Ftags&post=121429"}],"curies":[{"name":"wp","href":"https:\/\/api.w.org\/{rel}","templated":true}]}}