{"id":121477,"date":"2025-05-27T17:09:28","date_gmt":"2025-05-27T15:09:28","guid":{"rendered":"http:\/\/www.reunion68.se\/?p=121477"},"modified":"2025-05-27T08:18:25","modified_gmt":"2025-05-27T06:18:25","slug":"27-09-104","status":"publish","type":"post","link":"https:\/\/www.reunion68.se\/?p=121477","title":{"rendered":"Czy Polacy maj\u0105 opinie, a je\u015bli tak, to na jakiej podstawie"},"content":{"rendered":"<p style=\"text-align: center;\"><img decoding=\"async\" loading=\"lazy\" class=\"aligncenter\" src=\"http:\/\/www.listyznaszegosadu.pl\/upload\/article\/bild\/7634\/1082153\/alice_s.png\" width=\"300\" height=\"352\" \/><span style=\"color: #808080;\"><em>Zrzut z ekranu programu Al D\u017caziry.<\/em><\/span><\/p>\n<hr \/>\n<h5 style=\"text-align: center;\"><a href=\"http:\/\/www.listyznaszegosadu.pl\/\" target=\"_blank\" rel=\"noopener noreferrer\"><img decoding=\"async\" class=\"center alignleft\" src=\"http:\/\/www.reunion68.com\/Biuletyn\/img\/z-naszego.jpg\" alt=\"\" width=\"50%\" \/><\/a><span style=\"text-decoration: underline; color: #000080;\"><strong><a style=\"color: #000080; text-decoration: underline;\" href=\"http:\/\/www.listyznaszegosadu.pl\/brunatna-fala\/czy-polacy-maja-opinie-a-jesli-tak-to-na-jakiej-podstawie\" target=\"_blank\" rel=\"noopener noreferrer\">Czy Polacy maj\u0105 opinie, a je\u015bli tak, to na jakiej podstawie<\/a><\/strong><\/span><\/h5>\n<p style=\"text-align: center;\"><span style=\"color: #000000;\"><strong>Andrzej Koraszewski<\/strong><\/span><\/p>\n<hr style=\"height: 15px; background: #d0e6fa; width: 100%;\" \/>\n<div class=\"templateArticleIngress\" style=\"text-align: left;\"><span style=\"color: #000080;\">Gazeta \u201eRzeczpospolita\u201d zosta\u0142a za\u0142o\u017cona w 1920 roku przez profesora Stanis\u0142awa Stro\u0144skiego, wielbiciela Mussoliniego i przysi\u0119g\u0142ego endeka. Ponownie utworzona po upadku komunizmu przez wspania\u0142ego dziennikarza Dariusza Fikusa w za\u0142o\u017ceniu mia\u0142a by\u0107 przeciwie\u0144stwem swojej poprzedniczki i dostarcza\u0107 informacji o faktach, tak aby czytelnicy mogli samodzielnie wyrobi\u0107 sobie w\u0142asne pogl\u0105dy. Fikus chcia\u0142, aby to by\u0142o medium publiczne, co (po jego \u015bmierci), kolejne rz\u0105dy rozumia\u0142y jako rz\u0105dowe. Czym jest dzi\u015b? \u0179r\u00f3d\u0142em informacji, czy organem opiniotw\u00f3rczym, a je\u015bli to drugie, to jakie w\u0142a\u015bciwie opinie wytwarza?<\/span><\/div>\n<p style=\"text-align: left;\">\n<div class=\"templateArticleBrodtext\">\n<p style=\"text-align: left;\"><span style=\"color: #000080;\">Czy odpowiedzi na to pytanie dostarcza opublikowany 25 maja artyku\u0142 pod tytu\u0142em \u201eCzy Polacy chc\u0105 sankcji na Izrael?\u201d podpisany literkami ZEW? Z pierwszego akapitu dowiadujemy si\u0119, \u017ce redakcja zam\u00f3wi\u0142a \u201ebadanie\u201d, w kt\u00f3rym respondenci mieli odpowiedzie\u0107 na jedno og\u00f3lnowojskowe pytanie: \u201eCzy Pani\/Pana zdaniem na Izrael powinny zosta\u0107 na\u0142o\u017cone sankcje w zwi\u0105zku z oskar\u017ceniami o zbrodnie wojenne w Strefie Gazy?\u201d Redakcja da\u0142a pieni\u0105dze, firma zlecenie przyj\u0119\u0142a, \u201ebadacze\u201d ruszyli w teren.<\/span><\/p>\n<p style=\"text-align: left;\">\n<p style=\"text-align: left;\"><span style=\"color: #000080;\">Jak \u0142atwo przewidzie\u0107 na tak zadane pytanie, badani odpowiedzieli zgodnie z przewidywaniem: 60,4 procent ankietowanych orzek\u0142o, \u017ce tak, 6,4 procent, \u017ce nie, 15,6 procent, \u017ce nie mia\u0142o zdania, za\u015b 17,6 procent ankietowanych przyzna\u0142o, \u017ce nie obserwuje sytuacji w Strefie Gazy.<\/span><\/p>\n<p style=\"text-align: left;\"><span style=\"color: #000080;\">Ani badacze, ani zleceniodawcy tych \u201ebada\u0144\u201d nie zastanawiali si\u0119 nad pytaniem, gdzie i jak Polacy obserwuj\u0105 sytuacj\u0119 w Gazie, ani jakim cudem a\u017c taki wielu mog\u0142o przyzna\u0107, \u017ce tej sytuacji w Gazie nie obserwuje.\u00a0<\/span><\/p>\n<p style=\"text-align: left;\">\n<p style=\"text-align: left;\"><span style=\"color: #000080;\">Analizuj\u0105cy wyniki tych \u201ebada\u0144\u201d naukowcy dostarczyli opiniotw\u00f3rcom z \u201eRzeczpospolitej\u201d informacj\u0119, \u017ce sonda\u017c pokazuje, i\u017c im wy\u017cszy poziom wykszta\u0142cenia, tym wi\u0119ksze poparcie dla sankcji na Izrael &#8211; od 36 proc. w\u015br\u00f3d os\u00f3b z wykszta\u0142ceniem podstawowym lub gimnazjalnym do 62,9 proc. w\u015br\u00f3d badanych z wy\u017cszym wykszta\u0142ceniem. Autor nie podejmuje si\u0119 pr\u00f3by wyja\u015bnienia tych r\u00f3\u017cnic w postawach i pogl\u0105dach, by\u0107 mo\u017ce uwa\u017ca za rzecz oczywist\u0105, \u017ce ludzie z wy\u017cszym wykszta\u0142ceniem s\u0105 cz\u0119\u015bciej konsumentami opiniotw\u00f3rczych medi\u00f3w i cz\u0119\u015bciej przyjmuj\u0105 zalecane opinie jako swoje w\u0142asne.<\/span><\/p>\n<p style=\"text-align: left;\">\n<p style=\"text-align: left;\"><span style=\"color: #000080;\">Prezentacja wynik\u00f3w zam\u00f3wionych przez redakcj\u0119 \u201eRzeczpospolitej\u201d \u201ebada\u0144\u201d znajduje si\u0119 wraz z \u201emetodologi\u0105\u201d na samym, ko\u0144cu artyku\u0142u, poniewa\u017c pierwszym i najwa\u017cniejszym celem autora tego tekstu by\u0142o, jak si\u0119 wydaje, wzmocnienie okre\u015blonych opinii wykszta\u0142conych Polak\u00f3w, szukaj\u0105cych informacji w tym, a nie innym medium.<\/span><\/p>\n<p style=\"text-align: left;\">\n<p style=\"text-align: left;\"><span style=\"color: #000080;\">Pod zdj\u0119ciem gruz\u00f3w ogl\u0105danych przez m\u0142odych m\u0119\u017cczyzn w wieku poborowym czytamy:<\/span><\/p>\n<blockquote>\n<p style=\"text-align: left;\"><strong>\u201eAlaa Al Najjar, pediatra, by\u0142a w pracy w klinice Nasser, gdy w pi\u0105tek 23 maja na jej dom w Chan Junus spad\u0142y izraelskie bomby. Na nagraniu opublikowanym przez palesty\u0144skie s\u0142u\u017cby wida\u0107 nadpalone cia\u0142a siedmiorga dzieci, wydobywane spod gruz\u00f3w. M\u0105\u017c pani Al Najjar, doktor Hamdi Al Najjar, zosta\u0142 ci\u0119\u017cko ranny. W ci\u0119\u017ckim stanie jest tak\u017ce jedenastoletni syn pary.\u201d<\/strong><\/p>\n<\/blockquote>\n<p style=\"text-align: left;\"><span style=\"color: #000080;\">Autor nie informuje swoich odbiorc\u00f3w, \u017ce wszystkie informacje o tej sprawie przekazuje z jednego \u017ar\u00f3d\u0142a, (chocia\u017c dalej przywo\u0142uje inne \u017ar\u00f3d\u0142a, kt\u00f3re cytuj\u0105 to samo \u017ar\u00f3d\u0142o), nie pisze, i\u017c prezentuje jako niezaprzeczalne fakty informacje przekazane przez przedstawicieli Hamasu.<\/span><\/p>\n<p style=\"text-align: left;\">\n<p style=\"text-align: left;\"><span style=\"color: #000080;\">Pr\u00f3buj\u0105c uchroni\u0107 swoich wykszta\u0142conych czytelnik\u00f3w przez zb\u0119dnymi pytaniami ZEW pisze, \u017ce pracuj\u0105cy w tym szpitalu dr Ahmed Alfarra informuje, \u017ce to masakra, a r\u00f3wnie\u017c pracuj\u0105cy tam Brytyjczyk powiedzia\u0142, \u017ce podobno, a jego kole\u017canka powiedzia\u0142a, \u017ce tak wygl\u0105da \u017cycie w Gazie.<\/span><\/p>\n<p style=\"text-align: left;\">\n<p style=\"text-align: left;\"><span style=\"color: #000080;\">Po otrzymaniu tych informacji czytamy dalej:<\/span><\/p>\n<blockquote>\n<p style=\"text-align: left;\"><strong>\u201eKa\u017cdego dnia ze Strefy Gazy nap\u0142ywaj\u0105 informacje o zabitych w nalotach dzieciach i innych cywilach. Ostatnio w zwi\u0105zku z brakiem \u017cywno\u015bci pojawi\u0142y si\u0119 tak\u017ce doniesienia o ludziach umieraj\u0105cych z niedo\u017cywienia lub zwi\u0105zanych z nim chor\u00f3b. Weryfikowanie tych informacji jest trudne \u2013 od pocz\u0105tku toczonej przez siebie wojny Izrael zablokowa\u0142 zagranicznym dziennikarzom swobodny wst\u0119p do Strefy Gazy, za\u015b w tym samym czasie w Gazie zgin\u0119\u0142o ok. 170 dziennikarzy (wed\u0142ug innych \u017ar\u00f3de\u0142 &#8211; ponad 215), w wi\u0119kszo\u015bci Palesty\u0144czyk\u00f3w.\u201d<\/strong><\/p>\n<\/blockquote>\n<p style=\"text-align: left;\"><span style=\"color: #000080;\">Niby jest taka zasada w dziennikarstwie, \u017ce je\u015bli nie mog\u0119 jakiej\u015b informacji zweryfikowa\u0107, to albo wstrzymuj\u0119 si\u0119 z jej dalszym przekazywaniem, albo przynajmniej ostrzegam, \u017ce na tym etapie przekazuj\u0119 tylko plotk\u0119. Media opiniotw\u00f3rcze niech\u0119tnie pos\u0142uguj\u0105 si\u0119 t\u0105 zasad\u0105 i kiedy okazuje si\u0119, \u017ce przekaza\u0142y k\u0142amliw\u0105 propagand\u0119 udaj\u0105, \u017ce nic si\u0119 nie sta\u0142o. Lista przekazanych przez media opiniotw\u00f3rcze ca\u0142kowicie k\u0142amliwych informacji Hamasu jest bardzo d\u0142uga. W\u015br\u00f3d najg\u0142o\u015bniejszych i powoduj\u0105cych gwa\u0142towne nasilenie antysemickich opinii by\u0142a sprawa ch\u0142opca al Dura, zabitego przez palesty\u0144sk\u0105 rakiet\u0119 synka dziennikarza BBC D\u017cihada Masrawi, rzekome zbombardowanie szpitala Al-Ahli.<\/span><\/p>\n<p style=\"text-align: left;\">\n<p style=\"text-align: left;\"><span style=\"color: #000080;\">Doniesienia o umieraj\u0105cych z niedo\u017cywienia w Gazie okazuj\u0105 si\u0119 systematycznie albo przesadzone, albo astronomicznie przesadzone (jak w przypadku powielonej przez polskie media \u201einformacji\u201d ONZ sprzed kilku dni, \u017ce w ci\u0105gu 48 godzin umrze w Gazie 14 tysi\u0119cy niemowl\u0105t.)<\/span><\/p>\n<p><span style=\"color: #000080;\">Nie ulega w\u0105tpliwo\u015bci, \u017ce w Gazie jest wojna i gin\u0105 ludzie, nie ulega w\u0105tpliwo\u015bci, \u017ce Izrael dokonuje cud\u00f3w, \u017ceby zminimalizowa\u0107 liczb\u0119 ofiar postronnych walcz\u0105c z wrogiem ukrywaj\u0105cym si\u0119 w twierdzy zbudowanej pod cywiln\u0105 infrastruktur\u0105. Bez trudu mo\u017cemy znale\u017a\u0107 zdj\u0119cia obficie zaopatrzonych rynk\u00f3w \u017cywno\u015bci, dostarczanej za darmo i sprzedawanej po bajo\u0144skich cenach, wi\u0119c oczywi\u015bcie musz\u0105 tam by\u0107 ludzie, kt\u00f3rzy maj\u0105 trudno\u015bci z zaopatrzeniem. Dziennikarz opioniotw\u00f3rczej gazety nie informuje, \u017ce w \u017cadnym z dotychczasowym konflikcie zbrojnym nie dostarczono takich ilo\u015bci \u017cywno\u015bci wrogiej populacji jak w Gazie, ani o tym, \u017ce Izrael domaga si\u0119 takiej organizacji przekazywania pomocy, kt\u00f3ra uniemo\u017cliwi wykorzystywanie tej pomocy przez Hamas jako broni w wojnie.<\/span><\/p>\n<p><span style=\"color: #000080;\">Nie taki jest cel tego artyku\u0142u. Autor ma wyra\u017anie powody nie informowania jak wielu zabitych dziennikarzy w Gazie by\u0142o aktywnymi cz\u0142onkami Hamasu (o czym wiemy ze \u017ar\u00f3de\u0142 palesty\u0144skich, zar\u00f3wno badaj\u0105c tre\u015bci ich medi\u00f3w spo\u0142eczno\u015bciowych, jak i informacje o pogrzebach w charakterze m\u0119czennik\u00f3w). Oczywi\u015bcie nie informuje o zabijaniu przez Hamas Palesty\u0144czyk\u00f3w chc\u0105cych pokoju z Izraelem, ani o wypowiedziach przyw\u00f3dc\u00f3w Hamasu stwierdzaj\u0105cych, \u017ce po\u015bwi\u0119caj\u0105c swoj\u0105 ludno\u015b\u0107 cywiln\u0105 wygrywaj\u0105 wojn\u0119, bo \u015bwiat z pomoc\u0105 zachodnich medi\u00f3w opiniotw\u00f3rczych zwraca si\u0119 przeciwko \u017bydom.<\/span><\/p>\n<p style=\"text-align: left;\"><span style=\"color: #000080;\">Badanie, (kt\u00f3rego \u017caden uczciwy socjolog by si\u0119 nie podj\u0105\u0142), ogranicza\u0142o si\u0119 do pytania, czy oskar\u017cenia powinny by\u0107 podstaw\u0105 sankcji. Redakcja tym pytaniem daje do zrozumienia, \u017ce wie, i\u017c s\u0105 to tylko oskar\u017cenia bez dowod\u00f3w i \u017ce pyta o emocjonalny odbi\u00f3r ludzi, u kt\u00f3rych wzmacniali wcze\u015bniejsze uprzedzenia. Dziennikarz nie przypomina definicji ludob\u00f3jstwa (nawiasem m\u00f3wi\u0105c zbudowanej przez polskiego prawnika \u2013 no tak, \u017cydowskiego pochodzenia), nie przypomina brzmienia orzeczenia Mi\u0119dzynarodowego Trybuna\u0142u Sprawiedliwo\u015bci (ma\u0142o prawdopodobne, \u017ceby je w og\u00f3le zna\u0142), powo\u0142uje si\u0119 na autorytet irlandzkiego antysemity:<\/span><\/p>\n<blockquote>\n<p style=\"text-align: left;\"><strong>To oczywiste, \u017ce maj\u0105 miejsce dzia\u0142ania ludob\u00f3jcze. Dzieci s\u0105 g\u0142odzone. \u017bywno\u015b\u0107 jest wykorzystywana jako bro\u0144 wojenna \u2013 powiedzia\u0142 w nagraniu opublikowanym w mediach spo\u0142eczno\u015bciowych wicepremier i minister spraw zagranicznych Irlandii Simon Harris.<\/strong><\/p>\n<\/blockquote>\n<p style=\"text-align: left;\"><span style=\"color: #000080;\">Ani j\u0119zyk tego artyku\u0142u, ani ilustruj\u0105ce to dzie\u0142o zdj\u0119cia nie pozostawiaj\u0105 najmniejszych w\u0105tpliwo\u015bci, redakcja \u015bwiadomie tworzy iluzj\u0119, w kt\u00f3rej ludob\u00f3jcza organizacja jest nieobecna, zabijani s\u0105 tylko Palesty\u0144czycy (g\u0142\u00f3wnie kobiety i dzieci).<\/span><\/p>\n<p style=\"text-align: left;\">\n<p style=\"text-align: left;\"><span style=\"color: #000080;\">S\u0142owo Hamas pojawia si\u0119 w tym wypracowaniu dwa razy, raz autor wspomina, \u017ce wojna zacz\u0119\u0142a si\u0119 7 pa\u017adziernika 2023 po ataku Hamasu, za drugim razem zauwa\u017ca, \u017ce \u201eIzrael twierdzi\u0142, \u017ce mieszka\u0144cy Gazy maj\u0105 wystarczaj\u0105co du\u017co zapas\u00f3w oraz \u017ce wszelka pomoc trafi w r\u0119ce Hamasu\u201d.<\/span><\/p>\n<p><span style=\"color: #000080;\">Terror te\u017c jest wspomniany dwa razy. W osobliwym kontek\u015bcie:\u00a0<\/span><\/p>\n<blockquote>\n<p style=\"text-align: left;\"><strong>\u201eZawsze popierali\u015bmy prawo Izraela do obrony Izraelczyk\u00f3w przed terroryzmem. Ale ta eskalacja jest ca\u0142kowicie nieproporcjonalna\u201d &#8211; stwierdzi\u0142y Francja, Wielka Brytania i Kanada.<\/strong><\/p>\n<\/blockquote>\n<p style=\"text-align: left;\">\u00a0<span style=\"color: #000080;\">Ten autor (podobnie jak zdecydowana wi\u0119kszo\u015b\u0107 innych pracownik\u00f3w medi\u00f3w opiniotw\u00f3rczych), nie jest w stanie zauwa\u017cy\u0107, \u017ce terror nie jest celem Hamasu, celem konstytucyjnym Hamasu jest zag\u0142ada Izraela i jego mieszka\u0144c\u00f3w, terror jest tylko \u015brodkiem. Ale poniewa\u017c to jest dla tego autora zbyt trudne, wi\u0119c przy\u0142\u0105cza si\u0119 do koleg\u00f3w po fachu i promuje oburzenie, \u017ce walka z terroryzmem jest nieproporcjonalna, bo terrory\u015bci zabili tyko g\u0142upie 1200 Izraelczyk\u00f3w, a \u201eizraelskie wojsko zabi\u0142o ponad 53 900 Palesty\u0144czyk\u00f3w\u201d. Ta dziwnie dok\u0142adna liczba nie budzi niepokoju autora, wysoko wykszta\u0142ceni czytelnicy \u201eRzeczpospolitej\u201d te\u017c raczej nie zauwa\u017c\u0105 w tym zdaniu niczego dziwnego, ani nie zdziwi ich sama liczba, ani brak chocia\u017cby szacunkowej liczby zlikwidowanych uzbrojonych terroryst\u00f3w Hamasu.<\/span><\/p>\n<p style=\"text-align: left;\">\n<p style=\"text-align: left;\"><span style=\"color: #000080;\">Czytelnik nie dowie si\u0119 z tego artyku\u0142u, \u017ce w\u0142adze izraelskie zareagowa\u0142y na informacj\u0119 Hamasu o \u015bmierci dziewi\u0119ciorga dzieci tak, jak reaguj\u0105 zawsze &#8211; b\u0119dziemy t\u0119 spraw\u0119 bada\u0107. Przyznaj\u0105, \u017ce by\u0142y w tym rejonie walki, ludno\u015b\u0107 cywilna zosta\u0142a wcze\u015bniej ostrze\u017cona i wezwana do ewakuacji.<\/span><\/p>\n<p style=\"text-align: left;\">\n<p style=\"text-align: left;\"><span style=\"color: #000080;\">Dowody na ca\u0142kowity lub cz\u0119\u015bciowy fa\u0142sz przekazanej przez Hamas informacji pojawiaj\u0105 si\u0119 nieodmiennie z op\u00f3\u017anieniem, bo tego wymaga rzetelno\u015b\u0107. (Niekt\u00f3rzy wykszta\u0142ceni czytelnicy \u201eRzeczpospolitej\u201d mog\u0105 nie zna\u0107 tego poj\u0119cia, gdy\u017c od pewnego czasu jest ono zast\u0119powane przez okre\u015blenie \u201ebadania\u201d.)<\/span><\/p>\n<p style=\"text-align: left;\">\n<p style=\"text-align: left;\"><span style=\"color: #000080;\">Chwilowo o prawdopodobnej \u015bmierci dziewi\u0119ciorga dzieci nie mo\u017cna powiedzie\u0107 nic, pr\u00f3cz tego, \u017ce to informacja Hamasu. Izraelska blogerka Sheri Oz przygl\u0105da\u0142a si\u0119 ogl\u0105danym i komentowanym przez dziesi\u0105tki tysi\u0119cy ludzi zdj\u0119ciom rzekomo zabitych dzieci.<\/span><\/p>\n<\/div>\n<div class=\"webnewsArticleImageContainer \">\n<div>\n<div class=\"webnewsArticleImage\"><img decoding=\"async\" class=\"aligncenter\" src=\"https:\/\/pbs.twimg.com\/media\/Grygws_WIAEvb68?format=png&amp;name=small\" alt=\"\" width=\"100%\" \/><\/div>\n<\/div>\n<\/div>\n<div class=\"templateArticleBrodtext\">\n<p class=\"articlebodyblock\" style=\"text-align: left;\"><span style=\"color: #000080;\">Wsp\u00f3\u0142czesna technologia pozwala szybko sprawdzi\u0107, czy dane zdj\u0119cie by\u0142o wcze\u015bniej publikowane w sieci. Badacz dezinformacji natychmiast znalaz\u0142 zdj\u0119cie z marca, z informacj\u0105, \u017ce to inna rodzina:<\/span><\/p>\n<\/div>\n<div class=\"webnewsArticleImageContainer \">\n<div>\n<div class=\"webnewsArticleImage\"><img decoding=\"async\" class=\"aligncenter\" src=\"https:\/\/pbs.twimg.com\/media\/Gr0MeD8XoAALfx0?format=jpg&amp;name=small\" alt=\"\" width=\"100%\" \/><\/div>\n<\/div>\n<\/div>\n<div class=\"templateArticleBrodtext\">\n<p class=\"articlebodyblock\" style=\"text-align: left;\"><span style=\"color: #000080;\">Jak pisze Sheri Oz drugie zdj\u0119cie jest najprawdopodobniej stworzone przez sztuczn\u0105 inteligencj\u0119.<\/span><\/p>\n<p class=\"articlebodyblock\" style=\"text-align: left;\"><span style=\"color: #000080;\">Na obecnym etapie nie ma powod\u00f3w by s\u0105dzi\u0107, \u017ce w og\u00f3le nie dosz\u0142o do tragedii i \u017ce w walkach w Chan Junis nie zgin\u0119\u0142y dzieci jakiej\u015b rodziny, mo\u017ce nawet dzieci m\u0142odej matki dziesi\u0119ciorga dzieci w wieku od siedmiu miesi\u0119cy do dwunastu lat, kt\u00f3ra rodzi\u0142a, opiekowa\u0142a si\u0119 dzie\u0107mi w\u0142asnymi i leczy\u0142a cudze, robi\u0105c specjalizacj\u0119 i korzystaj\u0105c z pomocy wspania\u0142ego m\u0119\u017ca, kt\u00f3ry dzieli\u0142 z ni\u0105 trudy opieki nad t\u0105 dziesi\u0105tk\u0105 podczas jej dy\u017cur\u00f3w.<\/span><\/p>\n<p class=\"articlebodyblock\" style=\"text-align: left;\"><span style=\"color: #000080;\">Wysoko wykszta\u0142ceni czytelnicy uwierz\u0105 we wszystko i z pewno\u015bci\u0105 b\u0119d\u0105 si\u0119 opowiada\u0107 za srogimi sankcjami na tych \u017byd\u00f3w.<\/span><\/p>\n<\/div>\n<hr style=\"height: 15px; background: #d0e6fa; width: 100%;\" \/>\n<div id=\"content\" class=\"content-alignment\">\n<div id=\"watch-description\" class=\"yt-uix-button-panel\">\n<div id=\"watch-description-text\" style=\"text-align: center;\">\n<p><em>Zawarto\u015b\u0107 publikowanych artyku\u0142\u00f3w i materia\u0142\u00f3w nie reprezentuje pogl\u0105d\u00f3w ani opinii Reunion&#8217;68,<\/em><em><br \/>\nani te\u017c webmastera Blogu Reunion&#8217;68, chyba ze jest to wyra\u017anie zaznaczone.<br \/>\nTwoje uwagi, linki, w\u0142asne artyku\u0142y lub wiadomo\u015bci prze\u015blij na adres:<br \/>\n<\/em><span style=\"color: #000080;\"><strong><em><a style=\"color: #000080;\" href=\"mailto:webmaster@reunion68.com\"><span style=\"text-decoration: underline;\">webmaster@reunion68.com<\/span><\/a><\/em><\/strong><\/span><\/p>\n<\/div>\n<\/div>\n<\/div>\n<hr style=\"width: 100%;\" \/>\n","protected":false},"excerpt":{"rendered":"<p>Zrzut z ekranu programu Al D\u017caziry. Czy Polacy maj\u0105 opinie, a je\u015bli tak, to na jakiej podstawie Andrzej Koraszewski Gazeta \u201eRzeczpospolita\u201d zosta\u0142a za\u0142o\u017cona w 1920 roku przez profesora Stanis\u0142awa Stro\u0144skiego, wielbiciela Mussoliniego i przysi\u0119g\u0142ego endeka. Ponownie utworzona po upadku komunizmu przez wspania\u0142ego dziennikarza Dariusza Fikusa w za\u0142o\u017ceniu mia\u0142a by\u0107 przeciwie\u0144stwem swojej poprzedniczki i dostarcza\u0107 informacji [&hellip;]<\/p>\n","protected":false},"author":1,"featured_media":0,"comment_status":"closed","ping_status":"closed","sticky":false,"template":"","format":"standard","meta":[],"categories":[6],"tags":[26,24],"_links":{"self":[{"href":"https:\/\/www.reunion68.se\/index.php?rest_route=\/wp\/v2\/posts\/121477"}],"collection":[{"href":"https:\/\/www.reunion68.se\/index.php?rest_route=\/wp\/v2\/posts"}],"about":[{"href":"https:\/\/www.reunion68.se\/index.php?rest_route=\/wp\/v2\/types\/post"}],"author":[{"embeddable":true,"href":"https:\/\/www.reunion68.se\/index.php?rest_route=\/wp\/v2\/users\/1"}],"replies":[{"embeddable":true,"href":"https:\/\/www.reunion68.se\/index.php?rest_route=%2Fwp%2Fv2%2Fcomments&post=121477"}],"version-history":[{"count":8,"href":"https:\/\/www.reunion68.se\/index.php?rest_route=\/wp\/v2\/posts\/121477\/revisions"}],"predecessor-version":[{"id":121489,"href":"https:\/\/www.reunion68.se\/index.php?rest_route=\/wp\/v2\/posts\/121477\/revisions\/121489"}],"wp:attachment":[{"href":"https:\/\/www.reunion68.se\/index.php?rest_route=%2Fwp%2Fv2%2Fmedia&parent=121477"}],"wp:term":[{"taxonomy":"category","embeddable":true,"href":"https:\/\/www.reunion68.se\/index.php?rest_route=%2Fwp%2Fv2%2Fcategories&post=121477"},{"taxonomy":"post_tag","embeddable":true,"href":"https:\/\/www.reunion68.se\/index.php?rest_route=%2Fwp%2Fv2%2Ftags&post=121477"}],"curies":[{"name":"wp","href":"https:\/\/api.w.org\/{rel}","templated":true}]}}