{"id":121526,"date":"2025-05-29T17:05:09","date_gmt":"2025-05-29T15:05:09","guid":{"rendered":"http:\/\/www.reunion68.se\/?p=121526"},"modified":"2025-05-29T09:04:05","modified_gmt":"2025-05-29T07:04:05","slug":"29-00-101","status":"publish","type":"post","link":"https:\/\/www.reunion68.se\/?p=121526","title":{"rendered":"Global Leaders Sound Alarm on Surge of Antisemitism at IHRA Conference"},"content":{"rendered":"<h5 style=\"text-align: center;\"><a href=\"https:\/\/www.algemeiner.com\/\" target=\"_blank\" rel=\"noopener noreferrer\"><img decoding=\"async\" class=\"center alignleft\" src=\"http:\/\/www.reunion68.com\/Biuletyn\/img\/algem.png\" alt=\"\" width=\"35%\" \/><\/a><span style=\"text-decoration: underline; color: #000080;\"><strong><a style=\"color: #000080; text-decoration: underline;\" href=\"https:\/\/www.algemeiner.com\/2025\/05\/28\/global-leaders-sound-alarm-surge-antisemitism-ihra-conference\/\" target=\"_blank\" rel=\"noopener noreferrer\">Global Leaders Sound Alarm on Surge of Antisemitism at IHRA Conference<\/a><\/strong><\/span><\/h5>\n<p style=\"text-align: center;\"><span style=\"color: #000000;\"><strong>Ailin Vilches Arguello<\/strong><\/span><\/p>\n<hr style=\"height: 15px; background: #d0e6fa; width: 100%;\" \/>\n<p style=\"text-align: center;\"><img decoding=\"async\" class=\"aligncenter\" src=\"https:\/\/www.algemeiner.com\/wp-content\/uploads\/2025\/05\/IHRA-conference-1.jpg\" width=\"100%\" \/><span style=\"color: #808080;\"><em>British Chief Rabbi Ephraim Mirvis speaking at the International Holocaust Remembrance Alliance (IHRA) conference in Jerusalem on May 27, 2025. Photo: Screenshot<\/em><\/span><\/p>\n<p style=\"text-align: left;\"><span style=\"color: #000080;\">British Chief Rabbi Ephraim Mirvis warned that anti-Zionism has become \u201cthe new antisemitism,\u201d amid mounting global concern over a surge in antisemitic incidents and anti-Jewish hate crimes<\/span><\/p>\n<p style=\"text-align: left;\"><span style=\"color: #000080;\">Speaking at the International Holocaust Remembrance Alliance (IHRA) conference in Jerusalem on Tuesday evening, Mirvis asserted that\u00a0<a style=\"color: #000080;\" href=\"https:\/\/www.algemeiner.com\/2025\/03\/06\/uk-muslim-groups-reject-interfaith-pact-jewish-leaders-because-chief-rabbi-is-zionist\/\" target=\"_blank\" rel=\"noopener noreferrer\">anti-Zionism is increasingly being weaponized<\/a>\u00a0to mask anti-Jewish sentiment, disguised as legitimate political criticism of Israel.<\/span><\/p>\n<p style=\"text-align: left;\"><span style=\"color: #000080;\">Hosted by Israeli Foreign Minister Gideon Saar, the annual IHRA conference \u2014 held last year in the United Kingdom \u2014 began with a moment of silence honoring the\u00a0<a style=\"color: #000080;\" href=\"https:\/\/www.algemeiner.com\/2025\/05\/22\/worlds-jewish-communities-condemn-antisemitic-shooting-outside-dc-museum-urge-swift-action-amid-rising-threats\/\" target=\"_blank\" rel=\"noopener noreferrer\">two Israeli embassy staffers murdered<\/a>\u00a0in Washington, DC, last week.<\/span><\/p>\n<p style=\"text-align: left;\"><span style=\"color: #000080;\">IHRA is an intergovernmental organization comprising dozens of countries dedicated to combating antisemitism and promoting Holocaust research and education. In 2016,\u00a0<a style=\"color: #000080;\" href=\"https:\/\/www.algemeiner.com\/2025\/03\/04\/israel-begins-leadership-international-holocaust-remembrance-alliance\/\" target=\"_blank\" rel=\"noopener noreferrer\">IHRA adopted a \u201cworking definition\u201d of antisemitism<\/a>\u00a0which in the ensuing years has been widely accepted by Jewish groups and lawmakers across the political spectrum. It is now used by hundreds of governing institutions, including the US State Department, European Union, and United Nations.<\/span><\/p>\n<p style=\"text-align: left;\"><span style=\"color: #000080;\">In his speech, Mirvis emphasized Jerusalem\u2019s vital role as both Israel\u2019s capital and the enduring spiritual and cultural center of Jewish identity and faith.<\/span><\/p>\n<p style=\"text-align: left;\"><span style=\"color: #000080;\">\u201cFor Jews, the very presence of Almighty God is manifest here in this holy city more than in any other place on earth. And God gave this city and this land to the Jewish people for all time,\u201d Mirvis said during the two-day conference.<\/span><\/p>\n<p style=\"text-align: left;\"><span style=\"color: #000080;\">\u201cIsrael is not just a geopolitical reality for the Jewish people. It is far more than that. It\u2019s the center of our Jewish religion,\u201d the Jewish leader continued. \u201cSo therefore, if you are anti-Zionist, you are also anti-Jewish. But more than that, you\u2019re anti-Judaism, and your animosity affects the very wellbeing of Jews right around the world.\u201d\u00a0<\/span><br \/>\n.<br \/>\n<iframe loading=\"lazy\" id=\"twitter-widget-3\" class=\"\" title=\"X Post\" src=\"https:\/\/platform.twitter.com\/embed\/Tweet.html?dnt=false&amp;embedId=twitter-widget-3&amp;features=eyJ0ZndfdGltZWxpbmVfbGlzdCI6eyJidWNrZXQiOltdLCJ2ZXJzaW9uIjpudWxsfSwidGZ3X2ZvbGxvd2VyX2NvdW50X3N1bnNldCI6eyJidWNrZXQiOnRydWUsInZlcnNpb24iOm51bGx9LCJ0ZndfdHdlZXRfZWRpdF9iYWNrZW5kIjp7ImJ1Y2tldCI6Im9uIiwidmVyc2lvbiI6bnVsbH0sInRmd19yZWZzcmNfc2Vzc2lvbiI6eyJidWNrZXQiOiJvbiIsInZlcnNpb24iOm51bGx9LCJ0ZndfZm9zbnJfc29mdF9pbnRlcnZlbnRpb25zX2VuYWJsZWQiOnsiYnVja2V0Ijoib24iLCJ2ZXJzaW9uIjpudWxsfSwidGZ3X21peGVkX21lZGlhXzE1ODk3Ijp7ImJ1Y2tldCI6InRyZWF0bWVudCIsInZlcnNpb24iOm51bGx9LCJ0ZndfZXhwZXJpbWVudHNfY29va2llX2V4cGlyYXRpb24iOnsiYnVja2V0IjoxMjA5NjAwLCJ2ZXJzaW9uIjpudWxsfSwidGZ3X3Nob3dfYmlyZHdhdGNoX3Bpdm90c19lbmFibGVkIjp7ImJ1Y2tldCI6Im9uIiwidmVyc2lvbiI6bnVsbH0sInRmd19kdXBsaWNhdGVfc2NyaWJlc190b19zZXR0aW5ncyI6eyJidWNrZXQiOiJvbiIsInZlcnNpb24iOm51bGx9LCJ0ZndfdXNlX3Byb2ZpbGVfaW1hZ2Vfc2hhcGVfZW5hYmxlZCI6eyJidWNrZXQiOiJvbiIsInZlcnNpb24iOm51bGx9LCJ0ZndfdmlkZW9faGxzX2R5bmFtaWNfbWFuaWZlc3RzXzE1MDgyIjp7ImJ1Y2tldCI6InRydWVfYml0cmF0ZSIsInZlcnNpb24iOm51bGx9LCJ0ZndfbGVnYWN5X3RpbWVsaW5lX3N1bnNldCI6eyJidWNrZXQiOnRydWUsInZlcnNpb24iOm51bGx9LCJ0ZndfdHdlZXRfZWRpdF9mcm9udGVuZCI6eyJidWNrZXQiOiJvbiIsInZlcnNpb24iOm51bGx9fQ%3D%3D&amp;frame=false&amp;hideCard=false&amp;hideThread=false&amp;id=1927779512646877185&amp;lang=en&amp;origin=https%3A%2F%2Fwww.algemeiner.com%2F2025%2F05%2F28%2Fglobal-leaders-sound-alarm-surge-antisemitism-ihra-conference%2F&amp;sessionId=503a692af449b14164218b395a2fa045318d01c6&amp;siteScreenName=Algemeiner&amp;theme=light&amp;widgetsVersion=2615f7e52b7e0%3A1702314776716&amp;width=550px\" width=\"650\" height=\"600\" frameborder=\"0\" scrolling=\"yes\" allowfullscreen=\"allowfullscreen\" data-tweet-id=\"1927779512646877185\" data-mce-fragment=\"1\"><\/iframe><br \/>\n<span style=\"color: #000080;\">Since the Hamas-led invasion of and massacre across southern Israel on Oct. 7, 2023,\u00a0<a style=\"color: #000080;\" href=\"https:\/\/www.algemeiner.com\/2025\/01\/20\/global-antisemitism-skyrocketed-340-2022-2024-says-new-report-presented-israels-president\/\" target=\"_blank\" rel=\"noopener noreferrer\">anti-Israel activism has sparked a rise in antisemitic incidents<\/a>. In this context, longstanding antisemitic stereotypes are increasingly being directed at Israel, with the term \u201cZionist\u201d weaponized to mask deep-rooted antisemitic tropes under the pretense of legitimate political critique.<\/span><\/p>\n<p><span style=\"color: #000080;\">At the same event, Israeli Prime Minister Benjamin Netanyahu delivered a speech, calling on European leaders to resist the growing demonization of the Jewish state.<\/span><\/p>\n<p><span style=\"color: #000080;\">Anti-Israel protesters in European countries \u201care basically challenging Western civilization [and] free societies as we understand them,\u201d Netanyahu said.\u00a0<a style=\"color: #000080;\" href=\"https:\/\/www.algemeiner.com\/2025\/05\/14\/netanyahu-accuses-frances-macron-siding-hamas-pushing-anti-israel-blood-libels\/\" target=\"_blank\" rel=\"noopener noreferrer\">Many of these leaders<\/a>\u00a0\u201cwant to control the rampant attacks that are then directed at them for having relations with Israel, for having contact with it.\u201d<\/span><\/p>\n<p><span style=\"color: #000080;\">\u201cWhat you try to do is try to corral your victim when in fact, your countries are the victim. Because what is being done is an attempt to deny Israel, and in fact all free societies the ability to fight these barbarians,\u201d the Israeli leader continued.<\/span><\/p>\n<p><span style=\"color: #000080;\">\u201cDon\u2019t succumb to the vilification, don\u2019t succumb to this complete\u00a0<a style=\"color: #000080;\" href=\"https:\/\/www.algemeiner.com\/2025\/05\/23\/netanyahu-accuses-france-britain-canada-emboldening-hamas\/\" target=\"_blank\" rel=\"noopener noreferrer\">aversion of morality<\/a>,\u201d Netanyahu said. \u201cI urge you to fight antisemitism not only because it\u2019s right. I urge you to fight antisemitism because it will save you.\u201d<\/span><\/p>\n<p><span style=\"color: #000080;\">During his speech, Netanyahu also warned that Israel is fighting \u201cnot merely a seven-front war [against Iran-backed proxies in the Middle East], but an eight-front war,\u201d describing it as a broader struggle of \u201ccivilization against barbarism.\u201d<\/span><\/p>\n<p><span style=\"color: #000080;\">\u201cThe most important thing you have to do in\u00a0<a style=\"color: #000080;\" href=\"https:\/\/www.algemeiner.com\/2025\/05\/07\/antisemitism-skyrockets-7-countries-largest-jewish-populations-global-report-finds\/\" target=\"_blank\" rel=\"noopener noreferrer\">fighting antisemitism<\/a>\u00a0is to stand up and not be cowered,\u201d the Israeli premier continued. \u201cDo not be afraid to speak up. Speak up, stand up for the truth, stand up for the Jewish people, stand up for civilization.\u201d<\/span><\/p>\n<p><span style=\"color: #000080;\">During the conference, Saar also delivered a speech in which he condemned international leaders and governments seeking to impose an\u00a0<a style=\"color: #000080;\" href=\"https:\/\/www.algemeiner.com\/2025\/03\/14\/left-wing-us-lawmakers-present-new-bill-implement-arms-embargo-israel\/\" target=\"_blank\" rel=\"noopener noreferrer\">arms embargo on Israel<\/a>.<\/span><\/p>\n<p><span style=\"color: #000080;\">\u201cIf these initiatives will be successful, Israel will simply be eliminated,\u201d the top Israeli diplomat said. \u201cThere will be another Holocaust \u2013 this time on the soil of the Land of Israel.\u201d<\/span><\/p>\n<p><span style=\"color: #000080;\">\u201cThe ancient desire to eliminate the Jewish people has become stronger. It has become a plan of action for our enemies,\u201d he continued.<\/span><\/p>\n<p><span style=\"color: #000080;\">Noting that 80 years have passed since the Holocaust, Saar emphasized IHRA\u2019s vital role in \u201csafeguarding and passing on the stories and lessons of the Holocaust to future generations.\u201d<\/span><\/p>\n<hr style=\"height: 15px; background: #d0e6fa; width: 100%;\" \/>\n<div id=\"content\" class=\"content-alignment\">\n<div id=\"watch-description\" class=\"yt-uix-button-panel\">\n<div id=\"watch-description-text\" style=\"text-align: center;\">\n<p><em>Zawarto\u015b\u0107 publikowanych artyku\u0142\u00f3w i materia\u0142\u00f3w nie reprezentuje pogl\u0105d\u00f3w ani opinii Reunion&#8217;68,<\/em><em><br \/>\nani te\u017c webmastera Blogu Reunion&#8217;68, chyba ze jest to wyra\u017anie zaznaczone.<br \/>\nTwoje uwagi, linki, w\u0142asne artyku\u0142y lub wiadomo\u015bci prze\u015blij na adres:<br \/>\n<\/em><span style=\"color: #000080;\"><strong><em><a style=\"color: #000080;\" href=\"mailto:webmaster@reunion68.com\"><span style=\"text-decoration: underline;\">webmaster@reunion68.com<\/span><\/a><\/em><\/strong><\/span><\/p>\n<\/div>\n<\/div>\n<\/div>\n<hr style=\"width: 100%;\" \/>\n","protected":false},"excerpt":{"rendered":"<p>Global Leaders Sound Alarm on Surge of Antisemitism at IHRA Conference Ailin Vilches Arguello British Chief Rabbi Ephraim Mirvis speaking at the International Holocaust Remembrance Alliance (IHRA) conference in Jerusalem on May 27, 2025. Photo: Screenshot British Chief Rabbi Ephraim Mirvis warned that anti-Zionism has become \u201cthe new antisemitism,\u201d amid mounting global concern over a [&hellip;]<\/p>\n","protected":false},"author":1,"featured_media":0,"comment_status":"closed","ping_status":"closed","sticky":false,"template":"","format":"standard","meta":[],"categories":[6],"tags":[26,24],"_links":{"self":[{"href":"https:\/\/www.reunion68.se\/index.php?rest_route=\/wp\/v2\/posts\/121526"}],"collection":[{"href":"https:\/\/www.reunion68.se\/index.php?rest_route=\/wp\/v2\/posts"}],"about":[{"href":"https:\/\/www.reunion68.se\/index.php?rest_route=\/wp\/v2\/types\/post"}],"author":[{"embeddable":true,"href":"https:\/\/www.reunion68.se\/index.php?rest_route=\/wp\/v2\/users\/1"}],"replies":[{"embeddable":true,"href":"https:\/\/www.reunion68.se\/index.php?rest_route=%2Fwp%2Fv2%2Fcomments&post=121526"}],"version-history":[{"count":5,"href":"https:\/\/www.reunion68.se\/index.php?rest_route=\/wp\/v2\/posts\/121526\/revisions"}],"predecessor-version":[{"id":121541,"href":"https:\/\/www.reunion68.se\/index.php?rest_route=\/wp\/v2\/posts\/121526\/revisions\/121541"}],"wp:attachment":[{"href":"https:\/\/www.reunion68.se\/index.php?rest_route=%2Fwp%2Fv2%2Fmedia&parent=121526"}],"wp:term":[{"taxonomy":"category","embeddable":true,"href":"https:\/\/www.reunion68.se\/index.php?rest_route=%2Fwp%2Fv2%2Fcategories&post=121526"},{"taxonomy":"post_tag","embeddable":true,"href":"https:\/\/www.reunion68.se\/index.php?rest_route=%2Fwp%2Fv2%2Ftags&post=121526"}],"curies":[{"name":"wp","href":"https:\/\/api.w.org\/{rel}","templated":true}]}}