{"id":121569,"date":"2025-05-31T17:00:08","date_gmt":"2025-05-31T15:00:08","guid":{"rendered":"http:\/\/www.reunion68.se\/?p=121569"},"modified":"2025-05-31T09:19:32","modified_gmt":"2025-05-31T07:19:32","slug":"31-00-56","status":"publish","type":"post","link":"https:\/\/www.reunion68.se\/?p=121569","title":{"rendered":"Israel Accuses Macron of \u2018Crusade Against the Jewish State\u2019 Over Gaza Aid Criticism, Settlement Sanctions Threat"},"content":{"rendered":"<h5 style=\"text-align: center;\"><a href=\"https:\/\/www.algemeiner.com\/\" target=\"_blank\" rel=\"noopener noreferrer\"><img decoding=\"async\" class=\"center alignleft\" src=\"http:\/\/www.reunion68.com\/Biuletyn\/img\/algem.png\" alt=\"\" width=\"35%\" \/><\/a><span style=\"text-decoration: underline; color: #000080;\"><span><strong><a style=\"color: #000080; text-decoration: underline;\" href=\"https:\/\/www.algemeiner.com\/2025\/05\/30\/israel-accuses-macron-crusade-against-jewish-state-gaza-aid-criticism-settlement-sanctions-threat\/\" target=\"_blank\" rel=\"noopener noreferrer\">Israel Accuses Macron of \u2018Crusade Against the Jewish State\u2019 Over Gaza Aid Criticism, Settlement Sanctions Threat<\/a><\/strong><\/span><\/span><\/h5>\n<p style=\"text-align: center;\"><span style=\"color: #000000;\"><strong>Ailin Vilches Arguello<\/strong><\/span><\/p>\n<hr style=\"height: 15px; background: #d0e6fa; width: 100%;\" \/>\n<p style=\"text-align: center;\"><img decoding=\"async\" class=\"aligncenter\" src=\"https:\/\/www.algemeiner.com\/wp-content\/uploads\/2025\/05\/France-Macron-1.jpg\" width=\"100%\" \/><span style=\"color: #808080;\"><em>French President Emmanuel Macron delivers the keynote address at the IISS Shangri-La Dialogue security summit in Singapore, May 30, 2025. Photo: REUTERS\/Edgar Su<\/em><\/span><\/p>\n<p style=\"text-align: left;\"><span style=\"color: #000080;\">Israel has accused French President Emmanuel Macron of waging a \u201ccrusade against the Jewish state\u201d after the French leader called on European nations to adopt a tougher stance toward Israel over\u00a0<a style=\"color: #000080;\" href=\"https:\/\/www.algemeiner.com\/2025\/05\/27\/hamas-run-ministry-interior-warns-gaza-civilians-reject-aid-group-backed-us-israel\/\" target=\"_blank\" rel=\"noopener noreferrer\">its handling of humanitarian aid in Gaza<\/a>.<\/span><\/p>\n<p style=\"text-align: left;\"><span style=\"color: #000080;\">\u201cPresident Macron\u2019s Crusade Against the Jewish State Continues,\u201d Israel\u2019s Foreign Ministry said in a statement on X. \u201cThe facts do not interest Macron. There is no humanitarian blockade. That is a blatant lie.\u201d\u00a0<\/span><\/p>\n<p><iframe loading=\"lazy\" id=\"twitter-widget-3\" class=\"\" title=\"X Post\" src=\"https:\/\/platform.twitter.com\/embed\/Tweet.html?dnt=false&amp;embedId=twitter-widget-3&amp;features=eyJ0ZndfdGltZWxpbmVfbGlzdCI6eyJidWNrZXQiOltdLCJ2ZXJzaW9uIjpudWxsfSwidGZ3X2ZvbGxvd2VyX2NvdW50X3N1bnNldCI6eyJidWNrZXQiOnRydWUsInZlcnNpb24iOm51bGx9LCJ0ZndfdHdlZXRfZWRpdF9iYWNrZW5kIjp7ImJ1Y2tldCI6Im9uIiwidmVyc2lvbiI6bnVsbH0sInRmd19yZWZzcmNfc2Vzc2lvbiI6eyJidWNrZXQiOiJvbiIsInZlcnNpb24iOm51bGx9LCJ0ZndfZm9zbnJfc29mdF9pbnRlcnZlbnRpb25zX2VuYWJsZWQiOnsiYnVja2V0Ijoib24iLCJ2ZXJzaW9uIjpudWxsfSwidGZ3X21peGVkX21lZGlhXzE1ODk3Ijp7ImJ1Y2tldCI6InRyZWF0bWVudCIsInZlcnNpb24iOm51bGx9LCJ0ZndfZXhwZXJpbWVudHNfY29va2llX2V4cGlyYXRpb24iOnsiYnVja2V0IjoxMjA5NjAwLCJ2ZXJzaW9uIjpudWxsfSwidGZ3X3Nob3dfYmlyZHdhdGNoX3Bpdm90c19lbmFibGVkIjp7ImJ1Y2tldCI6Im9uIiwidmVyc2lvbiI6bnVsbH0sInRmd19kdXBsaWNhdGVfc2NyaWJlc190b19zZXR0aW5ncyI6eyJidWNrZXQiOiJvbiIsInZlcnNpb24iOm51bGx9LCJ0ZndfdXNlX3Byb2ZpbGVfaW1hZ2Vfc2hhcGVfZW5hYmxlZCI6eyJidWNrZXQiOiJvbiIsInZlcnNpb24iOm51bGx9LCJ0ZndfdmlkZW9faGxzX2R5bmFtaWNfbWFuaWZlc3RzXzE1MDgyIjp7ImJ1Y2tldCI6InRydWVfYml0cmF0ZSIsInZlcnNpb24iOm51bGx9LCJ0ZndfbGVnYWN5X3RpbWVsaW5lX3N1bnNldCI6eyJidWNrZXQiOnRydWUsInZlcnNpb24iOm51bGx9LCJ0ZndfdHdlZXRfZWRpdF9mcm9udGVuZCI6eyJidWNrZXQiOiJvbiIsInZlcnNpb24iOm51bGx9fQ%3D%3D&amp;frame=false&amp;hideCard=false&amp;hideThread=false&amp;id=1928428248976834958&amp;lang=en&amp;origin=https%3A%2F%2Fwww.algemeiner.com%2F2025%2F05%2F30%2Fisrael-accuses-macron-crusade-against-jewish-state-gaza-aid-criticism-settlement-sanctions-threat%2F&amp;sessionId=8183bca08f252112e3c6113312d2e7c91b2671bf&amp;siteScreenName=Algemeiner&amp;theme=light&amp;widgetsVersion=2615f7e52b7e0%3A1702314776716&amp;width=550px\" width=\"650\" height=\"500\" frameborder=\"0\" scrolling=\"yes\" allowfullscreen=\"allowfullscreen\" data-tweet-id=\"1928428248976834958\" data-mce-fragment=\"1\"><\/iframe><\/p>\n<p style=\"text-align: left;\"><span style=\"color: #000080;\">Speaking at a press conference in Singapore on Friday, Macron urged European countries to \u201charden the collective position\u201d against Israel and\u00a0<a style=\"color: #000080;\" href=\"https:\/\/www.algemeiner.com\/2025\/05\/14\/netanyahu-accuses-frances-macron-siding-hamas-pushing-anti-israel-blood-libels\/\" target=\"_blank\" rel=\"noopener noreferrer\">warned of possible sanctions against Israeli settlers<\/a>.<\/span><\/p>\n<p style=\"text-align: left;\"><span style=\"color: #000080;\">\u201cThe humanitarian blockade is creating a situation that is untenable on the ground,\u201d the French leader said alongside Singapore\u2019s Prime Minister Lawrence Wong. \u201cIf there is no response that meets the humanitarian situation in the coming hours and days, obviously, we will have to toughen our collective position.\u201d<\/span><\/p>\n<p style=\"text-align: left;\"><span style=\"color: #000080;\">Israel has strongly denied allegations of causing starvation in Gaza, emphasizing that, prior to its recent blockade, it had consistently\u00a0<a style=\"color: #000080;\" href=\"https:\/\/www.algemeiner.com\/2025\/05\/04\/report-israel-plans-to-distribute-humanitarian-aid-in-gaza-through-us-firms\/\" target=\"_blank\" rel=\"noopener noreferrer\">delivered substantial humanitarian aid to the enclave<\/a>\u00a0throughout the conflict.<\/span><\/p>\n<p style=\"text-align: left;\"><span style=\"color: #000080;\">In its statement, the ministry explained Israel is currently enabling two key initiatives to deliver humanitarian aid while bypassing Hamas \u2014 which Israeli officials have accused of diverting supplies to fund terrorism and profiting off the remainder.<\/span><\/p>\n<p style=\"text-align: left;\"><span style=\"color: #000080;\">The Israeli government has also argued that international agencies are unfit to manage aid distribution, claiming they allow\u00a0<a style=\"color: #000080;\" href=\"https:\/\/www.algemeiner.com\/2024\/09\/26\/palestinian-authority-says-hamas-is-stealing-aid-meant-for-gaza-civilians\/\" target=\"_blank\" rel=\"noopener noreferrer\">Hamas to exploit the aid system<\/a>.<\/span><\/p>\n<p style=\"text-align: left;\"><span style=\"color: #000080;\">According to the ministry, \u201cnearly 900 aid trucks have already entered Gaza from Israel this week\u201d as part of the first major effort to deliver humanitarian assistance to the war-torn enclave.<\/span><\/p>\n<p style=\"text-align: left;\"><span style=\"color: #000080;\">\u201cHundreds of these trucks are still waiting for the UN to collect and distribute them in Gaza,\u201d the statement said.<\/span><\/p>\n<p style=\"text-align: left;\"><span style=\"color: #000080;\">The second initiative involves the newly launched Gaza Humanitarian Fund, backed by the US and international partners, which \u201chas already distributed two million meals and tens of thousands of aid packages\u201d\u00a0<a style=\"color: #000080;\" href=\"https:\/\/www.algemeiner.com\/2025\/05\/17\/us-and-israel-backed-aid-group-to-start-work-in-gaza-by-end-of-may\/\" target=\"_blank\" rel=\"noopener noreferrer\">since beginning operations earlier this week<\/a>, the ministry said.<\/span><\/p>\n<p style=\"text-align: left;\"><span style=\"color: #000080;\">As part of this operation, the Israel Defense Forces (IDF) inspects the shipments at the Kerem Shalom border crossing. The aid is then distributed at designated centers in southern Gaza, secured by American contractors, while non-governmental organizations handle direct distribution\u00a0<a style=\"color: #000080;\" href=\"https:\/\/www.algemeiner.com\/2025\/05\/22\/heres-whats-happening-in-gaza-right-now\/\" target=\"_blank\" rel=\"noopener noreferrer\">to ensure Hamas does not divert the supplies<\/a>.<\/span><\/p>\n<p style=\"text-align: left;\"><span style=\"color: #000080;\">\u201cThis direct aid to the population in Gaza \u2014 bypassing Hamas \u2014 is already changing the situation on the ground and has the potential to seriously harm the terrorists and shorten the war,\u201d the ministry said in its statement.<\/span><\/p>\n<p style=\"text-align: left;\"><span style=\"color: #000080;\">The ministry also\u00a0<a style=\"color: #000080;\" href=\"https:\/\/www.algemeiner.com\/2025\/04\/10\/israeli-french-jewish-leaders-slam-macron-saying-france-could-recognize-palestinian-state-june\/\" target=\"_blank\" rel=\"noopener noreferrer\">condemned Macron\u2019s proposal<\/a>\u00a0for sanctions on Israeli settlers, emphasizing that Israel is \u201cunder attack on multiple fronts in an attempt to destroy it.\u201d<\/span><\/p>\n<p style=\"text-align: left;\"><span style=\"color: #000080;\">\u201cBut instead of applying pressure on the jihadist terrorists, Macron wants to reward them with a Palestinian state. No doubt its national day will be Oct. 7,\u201d the ministry said, referring to the Hamas-led invasion of and massacre across southern Israel on Oct. 7, 2023.<\/span><\/p>\n<p style=\"text-align: left;\"><span style=\"color: #000080;\">During his two-day state visit to Singapore, Macron reaffirmed\u00a0<a style=\"color: #000080;\" href=\"https:\/\/www.algemeiner.com\/2025\/05\/23\/netanyahu-accuses-france-britain-canada-emboldening-hamas\/\" target=\"_blank\" rel=\"noopener noreferrer\">France\u2019s commitment to a two-state solution<\/a>\u00a0while addressing the Shangri-La Dialogue \u2013 Asia\u2019s leading defense forum.<\/span><\/p>\n<p style=\"text-align: left;\"><span style=\"color: #000080;\">\u201cThe existence of a Palestinian state is not just simply a moral duty but also a political necessity,\u201d the French leader said.<\/span><\/p>\n<p style=\"text-align: left;\"><span style=\"color: #000080;\">Macron\u2019s latest call for a Palestinian state came as Israeli Defense Minister Israel Katz vowed on Friday to build a \u201cJewish Israeli state\u201d in the West Bank, following the government\u2019s announcement of 22 new settlements in the territory.<\/span><\/p>\n<p style=\"text-align: left;\"><span style=\"color: #000080;\">\u201cThis is a decisive response to the terrorist organizations that are trying to harm and weaken our hold on this land \u2013 and it is also a clear message to Macron and his associates: they will recognize a Palestinian state on paper \u2013 but we will build the Jewish Israeli state here on the ground,\u201d the Israeli official said.<\/span><\/p>\n<hr style=\"height: 15px; background: #d0e6fa; width: 100%;\" \/>\n<div id=\"content\" class=\"content-alignment\">\n<div id=\"watch-description\" class=\"yt-uix-button-panel\">\n<div id=\"watch-description-text\" style=\"text-align: center;\">\n<p><em>Zawarto\u015b\u0107 publikowanych artyku\u0142\u00f3w i materia\u0142\u00f3w nie reprezentuje pogl\u0105d\u00f3w ani opinii Reunion&#8217;68,<\/em><em><br \/>\nani te\u017c webmastera Blogu Reunion&#8217;68, chyba ze jest to wyra\u017anie zaznaczone.<br \/>\nTwoje uwagi, linki, w\u0142asne artyku\u0142y lub wiadomo\u015bci prze\u015blij na adres:<br \/>\n<\/em><span style=\"color: #000080;\"><strong><em><a style=\"color: #000080;\" href=\"mailto:webmaster@reunion68.com\"><span style=\"text-decoration: underline;\">webmaster@reunion68.com<\/span><\/a><\/em><\/strong><\/span><\/p>\n<\/div>\n<\/div>\n<\/div>\n<hr style=\"width: 100%;\" \/>\n","protected":false},"excerpt":{"rendered":"<p>Israel Accuses Macron of \u2018Crusade Against the Jewish State\u2019 Over Gaza Aid Criticism, Settlement Sanctions Threat Ailin Vilches Arguello French President Emmanuel Macron delivers the keynote address at the IISS Shangri-La Dialogue security summit in Singapore, May 30, 2025. Photo: REUTERS\/Edgar Su Israel has accused French President Emmanuel Macron of waging a \u201ccrusade against the [&hellip;]<\/p>\n","protected":false},"author":1,"featured_media":0,"comment_status":"closed","ping_status":"closed","sticky":false,"template":"","format":"standard","meta":[],"categories":[6],"tags":[26,24],"_links":{"self":[{"href":"https:\/\/www.reunion68.se\/index.php?rest_route=\/wp\/v2\/posts\/121569"}],"collection":[{"href":"https:\/\/www.reunion68.se\/index.php?rest_route=\/wp\/v2\/posts"}],"about":[{"href":"https:\/\/www.reunion68.se\/index.php?rest_route=\/wp\/v2\/types\/post"}],"author":[{"embeddable":true,"href":"https:\/\/www.reunion68.se\/index.php?rest_route=\/wp\/v2\/users\/1"}],"replies":[{"embeddable":true,"href":"https:\/\/www.reunion68.se\/index.php?rest_route=%2Fwp%2Fv2%2Fcomments&post=121569"}],"version-history":[{"count":6,"href":"https:\/\/www.reunion68.se\/index.php?rest_route=\/wp\/v2\/posts\/121569\/revisions"}],"predecessor-version":[{"id":121592,"href":"https:\/\/www.reunion68.se\/index.php?rest_route=\/wp\/v2\/posts\/121569\/revisions\/121592"}],"wp:attachment":[{"href":"https:\/\/www.reunion68.se\/index.php?rest_route=%2Fwp%2Fv2%2Fmedia&parent=121569"}],"wp:term":[{"taxonomy":"category","embeddable":true,"href":"https:\/\/www.reunion68.se\/index.php?rest_route=%2Fwp%2Fv2%2Fcategories&post=121569"},{"taxonomy":"post_tag","embeddable":true,"href":"https:\/\/www.reunion68.se\/index.php?rest_route=%2Fwp%2Fv2%2Ftags&post=121569"}],"curies":[{"name":"wp","href":"https:\/\/api.w.org\/{rel}","templated":true}]}}