{"id":121655,"date":"2025-06-04T17:09:08","date_gmt":"2025-06-04T15:09:08","guid":{"rendered":"http:\/\/www.reunion68.se\/?p=121655"},"modified":"2025-06-04T08:23:44","modified_gmt":"2025-06-04T06:23:44","slug":"04-09-105","status":"publish","type":"post","link":"https:\/\/www.reunion68.se\/?p=121655","title":{"rendered":"Kolonialista, okupant, czy tylko \u017byd?"},"content":{"rendered":"<p style=\"text-align: center;\"><img decoding=\"async\" class=\"aligncenter\" src=\"https:\/\/www.listyznaszegosadu.pl\/upload\/article\/bild\/9564\/1082379\/an_s.png\" width=\"100%\" \/><span style=\"color: #808080;\"><em>Dwa zdj\u0119cia zamieszczone obok siebie przez Rafa\u0142a Betlejewskiego przed drug\u0105 tur\u0105 wybor\u00f3w prezydenckich w ramach jego prywatnej kampanii wyborczej.<\/em><\/span><\/p>\n<hr \/>\n<h5 style=\"text-align: center;\"><a href=\"https:\/\/www.listyznaszegosadu.pl\/\" target=\"_blank\" rel=\"noopener noreferrer\"><img decoding=\"async\" class=\"center alignleft\" src=\"http:\/\/www.reunion68.com\/Biuletyn\/img\/z-naszego.jpg\" alt=\"\" width=\"50%\" \/><\/a><span style=\"text-decoration: underline; color: #000080;\"><strong><a style=\"color: #000080; text-decoration: underline;\" href=\"https:\/\/www.listyznaszegosadu.pl\/znasz-li-ten-kraj\/kolonialista-okupant-czy-tylko-zyd\" target=\"_blank\" rel=\"noopener noreferrer\">Kolonialista, okupant, czy tylko \u017byd?<\/a><\/strong><\/span><\/h5>\n<p style=\"text-align: center;\"><span style=\"color: #000000;\"><strong>Andrzej Koraszewski<\/strong><\/span><\/p>\n<hr style=\"height: 15px; background: #d0e6fa; width: 100%;\" \/>\n<div class=\"templateArticleIngress\">\n<p style=\"text-align: left;\"><span style=\"color: #000080;\">Je\u015bli chcesz wierzy\u0107, \u017ce okrzyk \u201e\u017bydzi to dzieciob\u00f3jcy\u201d \u015bwiadczy o twoim ludzkim odruchu wsp\u00f3\u0142czucia, to oszukujesz si\u0119, \u017ceby ukry\u0107 fakt, \u017ce tw\u00f3j umys\u0142 jest skolonizowany przez \u017c\u0105dz\u0119 mordu.<\/span><\/p>\n<p style=\"text-align: left;\"><span style=\"color: #000080;\">Francja, Hiszpania i Irlandia zg\u0142osi\u0142y projekt rezolucji Rady Bezpiecze\u0144stwa w sprawie trwaj\u0105cej okupacji p\u00f3\u0142nocnego Cypru przez Turcj\u0119. Polski minister spraw wewn\u0119trznych wyrazi\u0142 opini\u0119, \u017ce Rada Bezpiecze\u0144stwa powinna si\u0119 najpierw zaj\u0105\u0107 trwaj\u0105c\u0105 okupacj\u0105 Krymu przez Rosj\u0119. Francja, Hiszpania i Irlandia wycofa\u0142y swoj\u0105 propozycj\u0119 rezolucji Rady Bezpiecze\u0144stwa ONZ zgadzaj\u0105c si\u0119, \u017ce wa\u017cniejsze jest, i\u017cby Unia Europejska podj\u0119\u0142a w\u0142asn\u0105 rezolucj\u0119 w sprawie izraelskiej okupacji Gazy oraz Zachodniego Brzegu i rozwi\u0105zania w postaci dw\u00f3ch pa\u0144stw.<\/span><\/p>\n<\/div>\n<div class=\"templateArticleBrodtext\">\n<p style=\"text-align: left;\"><span style=\"color: #000080;\">No c\u00f3\u017c, powy\u017csze informacje nie s\u0105 prawdziwe, aczkolwiek istotnie Turcja okupuje p\u00f3\u0142nocny Cypr od 1974 roku, co nie przeszkadza ani unijnym dyplomatom, ani Radzie Bezpiecze\u0144stwa ONZ, ani studentom uniwersytet\u00f3w. (W Stambule tocz\u0105 si\u0119 pokojowe negocjacje mi\u0119dzy Rosj\u0105 i Ukrain\u0105, prezydent Erdogan, powiedzia\u0142 przy tej okazji, \u017ce Krym jest odwieczn\u0105 w\u0142asno\u015bci\u0105 Turcji, z czego wynika, \u017ce przynajmniej ten problem jest rozwi\u0105zany.) Faktyczne przypadki okupacji (a jest ich ca\u0142kiem sporo), podobnie jak faktyczne przypadki ludob\u00f3jstwa mog\u0105 by\u0107 ignorowane pod warunkiem, \u017ce uznamy, i\u017c jest wa\u017cniejsza sprawa.<\/span><\/p>\n<p style=\"text-align: left;\"><span style=\"color: #000080;\">Obecno\u015b\u0107 wojsk tureckich na terenach Syrii nie trapi Rady Bezpiecze\u0144stwa, podobnie jak nie specjalnie interesuj\u0105 cz\u0142onk\u00f3w tej Rady ludob\u00f3jcze dzia\u0142ania obu walcz\u0105cych stron w Sudanie, czy g\u0142\u00f3d w Etiopii, Algierii lub Jemenie. O Tybecie, czy o sytuacji Ujgur\u00f3w lepiej nie wspomina\u0107, a zagro\u017cenie Tajwanu to temat tabu dla wszystkich bojownik\u00f3w o pok\u00f3j i sprawiedliwo\u015b\u0107.\u00a0 Aleppo? Kogo obchodz\u0105 ruiny Aleppo, tam muzu\u0142manie mordowali muzu\u0142man\u00f3w i co nas to mo\u017ce obchodzi\u0107? Mi\u0142uj\u0105ce pok\u00f3j narody maj\u0105 tylko jeden sta\u0142y punkt programu.<\/span><\/p>\n<\/div>\n<p style=\"text-align: center;\"><img decoding=\"async\" class=\"aligncenter\" src=\"https:\/\/pbs.twimg.com\/media\/GjCIr0NXgAA19IY?format=png&amp;name=small\" alt=\"Wideo:\u00a0Hitler2, gaza, YHoutube - Wyszukaj Filmy\" width=\"100%\" \/><em><span style=\"text-align: center;\">Wideo: <\/span><a style=\"text-align: center;\" href=\"https:\/\/www.bing.com\/videos\/search?q=Hitler2%2c+gaza%2c+YHoutube&amp;qpvt=Hitler2%2c+gaza%2c+YHoutube&amp;FORM=VDRE\">Hitler2, gaza, YHoutube &#8211; Wyszukaj Filmy<\/a><\/em><\/p>\n<div class=\"templateArticleBrodtext\">\n<p style=\"text-align: left;\"><span style=\"color: #000080;\">Rafa\u0142 Betlejewski klasyczny polski inteligent, czyli performer, zainteresowany podziwem publiczno\u015bci, opublikowa\u0142 na swojej stronie Facebooka zdj\u0119cie Warszawy 1945 i Gazy 2025. Nie da si\u0119 ukry\u0107, \u017ce na obydwu zdj\u0119ciach widzimy ruiny. Nasz inteligent nie zauwa\u017ca, \u017ce Gaza w 2023 by\u0142a znacznie pi\u0119kniejsza od Warszawy w 1939 roku, \u017ce mia\u0142a imponuj\u0105ce hotele, wielkie domy handlowe, zachwycaj\u0105ce bulwary, mia\u0142a sklep Hitler2, mia\u0142a obozy uchod\u017ac\u00f3w, b\u0119d\u0105cych wnukami lub prawnukami ludzi, kt\u00f3rzy uciekli od wojny w 1948 roku, gdzie m\u0142odzi ludzie byli na og\u00f3\u0142 bez pracy, chyba, \u017ce zaci\u0105gn\u0119li si\u0119 do nazistowskiego ruchu, kt\u00f3ry dobrze p\u0142aci\u0142 i dawa\u0142 perspektywy kariery. W decyzji o zaci\u0105gni\u0119ciu si\u0119 do Hamasu lub Palesty\u0144skiego Islamskiego D\u017cihadu pomaga\u0142o kszta\u0142cenie w Hamasjugend, gdzie na letnich obozach dzieci uczy\u0142y si\u0119 podrzynania garde\u0142, strzelania, budowy bomb, a przede wszystkim zwierz\u0119cej nienawi\u015bci.<\/span><\/p>\n<p style=\"text-align: left;\"><span style=\"color: #000080;\">Pr\u00f3bowa\u0142em naszemu performerowi, (kt\u00f3ry znany jest z mi\u0142o\u015bci do ju\u017c martwych \u017byd\u00f3w),\u00a0u\u015bwiadomi\u0107, \u017ce da\u0142 si\u0119 oszuka\u0107, \u017ce Warszawa w 1939 nie by\u0142a nazistowsk\u0105 fortec\u0105 przy granicy z pokojowymi s\u0105siadami, \u017ce wolne miasto Gaza by\u0142o rz\u0105dzone przez ludzi, kt\u00f3rych jasno deklarowanym i jedynym celem by\u0142a i nadal jest eksterminacja narodu \u017cydowskiego. (Odpisa\u0142: \u201dChyba o sobie m\u00f3wisz.\u201d) Nasz m\u0142ody performer (stosunkowo m\u0142ody, niedawno sko\u0144czy\u0142 50 lat, wi\u0119c nie mia\u0142 czasu na dowiedzenie si\u0119 o czym m\u00f3wi), w podpisie pod tym intryguj\u0105cym zestawem zdj\u0119\u0107 pos\u0142uguje si\u0119 zbitkami poj\u0119ciowymi z \u201eGazety Wyborczej\u201d. Nie wymienia s\u0142owa Izrael (wielu islamskich fanatyk\u00f3w te\u017c unika tego s\u0142owa), pisze o \u201erz\u0105dzie, kt\u00f3ry powo\u0142uje si\u0119 na Boga i promuje nacjonalistyczno-plemienn\u0105 wizj\u0119 \u015bwiata\u201d, kt\u00f3ry nie opiera si\u0119 na warto\u015bciach moralnych i \u201ebroni prawa narodu do \u017cycia w etnicznej czysto\u015bci&#8221;. Ten polski inteligent jest lewicowy i ateistyczny, wi\u0119c pisze o \u201eprawicowo-religijnym re\u017cimie\u201d.<\/span><\/p>\n<p style=\"text-align: left;\"><span style=\"color: #000080;\">Nie pojawia si\u0119 tu r\u00f3wnie\u017c s\u0142owo Hamas, performer pyta \u201eco mogli czu\u0107 rodzice 20 tysi\u0119cy dzieci zamordowanych przez ameryka\u0144skie rakiety wystrzelone przez izraelskie wojsko\u201d.<\/span><\/p>\n<p style=\"text-align: left;\"><span style=\"color: #000080;\">Cz\u0142owiek oszukany i oszukuj\u0105cy innych? Nic nowego. Sk\u0105d ten inteligent mia\u0142 si\u0119 dowiedzie\u0107, co m\u00f3wi na przyk\u0142ad Autonomia Palesty\u0144ska?<\/span><\/p>\n<blockquote>\n<p style=\"text-align: left;\"><strong><span style=\"color: #000000;\">Dziennikarz telewizji Fatahu m\u00f3wi:\u00a0\u201eOd [przyw\u00f3dcy Hamasu] Chaleda Maszaala, kt\u00f3ry opisa\u0142 m\u0119czennik\u00f3w Strefy Gazy jako &#8216;straty taktyczne&#8217;, do [funkcjonariusza Hamasu] Musy Abu Marzouka i Sa&#8217;ida Ziyada [z Al-D\u017caziry], kt\u00f3ry powiedzia\u0142 &#8216;B\u0119dziemy walczy\u0107, u\u017cywaj\u0105c cia\u0142 dzieci z Gazy&#8217;, jest wyra\u017ana droga, w imi\u0119 kt\u00f3rej z najwi\u0119ksz\u0105 arogancj\u0105 i zaprzeczeniem po\u015bwi\u0119ca si\u0119 ludzi. Ale w sercu Strefy Gazy podnosz\u0105 si\u0119 g\u0142osy&#8230; Dzisiaj Palesty\u0144czycy domagaj\u0105 si\u0119, by Hamas opu\u015bci\u0142 scen\u0119 polityczn\u0105 po tym,\u00a0jak nie zapewni\u0142 cywilom nawet minimalnej ochrony i wykorzysta\u0142 ich jako \u017cywe tarcze\u00a0w nieko\u0144cz\u0105cej si\u0119 wojnie\u201d.<\/span><\/strong><\/p>\n<p style=\"text-align: left;\" align=\"right\"><strong><span style=\"color: #000000;\">[Komisja Informacji i Kultury Fatah, strona na Facebooku, 18 maja 2025 r.]<\/span><\/strong><\/p>\n<\/blockquote>\n<p style=\"text-align: left;\"><span style=\"color: #000080;\">Pod\u00a0<a style=\"color: #000080;\" href=\"http:\/\/www.listyznaszegosadu.pl\/brunatna-fala\/nie-obwiniajcie-izraela-za-smierc-mieszkancalw-gazy-autonomia-palestynska-obwinia-hamas\">artyku\u0142em<\/a>\u00a0prezentuj\u0105cym g\u0142osy jednych Palesty\u0144czyk\u00f3w o innych Palesty\u0144czykach profesor Romana Kolarzowa pisze w komentarzu:<\/span><\/p>\n<blockquote>\n<p style=\"text-align: left;\"><strong>Jedna z wi\u0119kszych tajemnic medialnych polega na starannym omijaniu du\u017cej porcji wypowiedzi gaza\u0144skich dygnitarzy. To od dawna uwa\u017cam za osobliwo\u015b\u0107, \u017ce cho\u0107 media zachodnie bardzo ch\u0119tnie cytuj\u0105 &#8220;\u017ar\u00f3d\u0142a&#8221; katarskie, kuwejckie, saudyjskie itd., to skromnie ograniczaj\u0105 si\u0119 do informacji przetworzonych. A przecie\u017c ci dygnitarze nieustannie gadaj\u0105! Bez owijania w bawe\u0142n\u0119 przedstawiaj\u0105 swoje istotne pogl\u0105dy na wszystko, z warto\u015bci\u0105 \u017cycia i losu swoich poddanych na czele. Najwyra\u017aniej wiadomo, \u017ce akurat takich rzeczy zachodni odbiorca s\u0142ysze\u0107 ani czyta\u0107 nie powinien.<\/strong><\/p>\n<\/blockquote>\n<p style=\"text-align: left;\"><span style=\"color: #000080;\">Odbiorca przeznaczonej dla inteligent\u00f3w medialnej strawy prawdopodobnie autentycznie mo\u017ce nie zdawa\u0107 sobie sprawy, \u017ce efektywnie popiera skrajnie prawicowy, fanatycznie religijny, wr\u0119cz nazistowski re\u017cim w imi\u0119 jakiej\u015b osobliwie pojmowanej \u00a0lewicowo\u015bci, wsp\u00f3\u0142czucia i moralno\u015bci. Sk\u0105d nasz sto\u0142eczny intelektualista wytrzasn\u0105\u0142 20 tysi\u0119cy zamordowanych dzieci? Odpowied\u017a nie jest trudna, prosto z Ministerstwa Zdrowia Hamasu, chocia\u017c potem mog\u0142o to przej\u015b\u0107 przez BBC, \u201eWyborcz\u0105\u201d czy inne podobne \u201ekompetentne\u201d \u017ar\u00f3d\u0142o. Wyja\u015bnianie temu kaznodziei, \u017ce to samo Ministerstwo Zdrowia Hamasu dostarcza informacji, kt\u00f3re mog\u0142yby sk\u0142oni\u0107 do zadania kilku pyta\u0144, mo\u017ce by\u0107 oznak\u0105 naiwno\u015bci.<\/span><\/p>\n<p style=\"text-align: left;\"><span style=\"color: #000080;\">11 maja br. Hamas opublikowa\u0142 now\u0105 list\u0119 ofiar \u015bmiertelnych, na kt\u00f3rej znalaz\u0142o si\u0119 53 000 ofiar. Ujawnia ona \u017ce:<\/span><\/p>\n<p style=\"text-align: left;\"><span style=\"color: #000080;\">&#8211; 72% ofiar \u015bmiertelnych by\u0142o p\u0142ci m\u0119skiej \u00a0w wieku bojowym<\/span><\/p>\n<p style=\"text-align: left;\"><span style=\"color: #000080;\">&#8211; Nastoletnie ofiary (13\u201317): 65% p\u0142ci m\u0119skiej; co potwierdza, \u017ce dzieci s\u0105 bojownikami<\/span><\/p>\n<p style=\"text-align: left;\"><span style=\"color: #000080;\">Te dane przecz\u0105 twierdzeniom o strzelaniu na o\u015blep, a by\u0107 mo\u017ce powinny tego wra\u017cliwego lewicowca sk\u0142oni\u0107 do protestu przeciw nazistowskiej indoktrynacji, militaryzacji dzieci i u\u017cywaniu dzieci-\u017co\u0142nierzy w walkach. Czy to znaczy, \u017ce nie gin\u0105 w tej wojnie niewinne dzieci? Oczywi\u015bcie, \u017ce gin\u0105, najcz\u0119\u015bciej zdarza si\u0119 to w miejscach, gdzie terrory\u015bcie operuj\u0105 w\u015br\u00f3d cywilnej ludno\u015bci.<\/span><\/p>\n<p><img decoding=\"async\" class=\"aligncenter\" src=\"https:\/\/www.listyznaszegosadu.pl\/upload\/article\/bild\/5145\/1082385\/an3_s.png\" alt=\"\" width=\"80%\" border=\"0\" \/><\/p>\n<\/div>\n<p style=\"text-align: left;\"><span style=\"color: #000080;\">Czy mamy si\u0119 dziwi\u0107 \u017ce performer przedk\u0142ada zdj\u0119cia ruin nad dane statystyczne darzonego sympati\u0105 przez tego ateistycznego lewicowca skrajnie prawicowego\u00a0fanatycznie religijnego re\u017cimu? Tak, to prawda, wcze\u015bniej to samo ministerstwo rzuci\u0142o te 20 tysi\u0119cy dzieci i 20 tysi\u0119cy dziennikarzy z ca\u0142ego \u015bwiata \u00a0natychmiast t\u0119 \u201einformacj\u0119\u201d powieli\u0142o, wi\u0119c nasz warszawski moralista powiela dalej.<\/span><\/p>\n<p style=\"text-align: left;\"><span style=\"color: #000080;\">Rafa\u0142 Betlejewski przypomina mi troch\u0119 znacznie bardziej utalentowanego artyst\u0119 podpisuj\u0105cego si\u0119 Banksy. Ten artysta, uda\u0142 si\u0119 do Gazy, pi\u0142 w nadmorskim hotelu z Hamasowcami, a potem uda\u0142 si\u0119 do ruin domu, z kt\u00f3rego strzelano do \u017cydowskich przeszkoli, \u017ceby wymalowa\u0107 na murze pust\u0105 hu\u015btawk\u0119. Banksy nie jest ani pierwszym ani ostatnim prawdziwym artyst\u0105, kt\u00f3ry odda\u0142 sw\u00f3j talent w s\u0142u\u017cb\u0119 totalitarnej idei, by przekonywa\u0107 miliony, i\u017c zbiry wymagaj\u0105 wsp\u00f3\u0142czucia, a ich ofiary pot\u0119pienia.<\/span><\/p>\n<p style=\"text-align: left;\"><span style=\"color: #000080;\">Ciekawa sprawa, bo Rafa\u0142 Betlejewski zamie\u015bci\u0142 te zdj\u0119cia Warszawy i Gazy tu\u017c przed drug\u0105 tur\u0105 wybor\u00f3w prezydenckich, ko\u0144cz\u0105c tekst pod tymi zdj\u0119ciami tak: \u201eKr\u00f3tko m\u00f3wi\u0105c, wszystkim tym, kt\u00f3rzy chc\u0105 g\u0142osowa\u0107 na prawic\u0119, gdy\u017c tylko prawica \u2018broni \u017cycia i warto\u015bci narodowych\u2019, nie \u017cycz\u0119 spe\u0142nienia prawicowej wizji \u015bwiata\u201d. Apelowa\u0142 w ten spos\u00f3b zapewne w nadziei, \u017ce przyci\u0105gnie troch\u0119 niezdecydowanych wyborc\u00f3w do wsp\u00f3lnych warto\u015bci narodowych. Zdj\u0119cie Warszawy i Gazy w kampanii wybor\u00f3w prezydenta RP to taki pi\u0119kny mocny symbol, apeluj\u0105cy do serc i umys\u0142\u00f3w nieprzekonanych, informuj\u0105cy, \u017ce co\u015b nas \u0142\u0105czy. Wcze\u015bniej kandydat na prezydenta Adrian Zandberg w debacie z kandydatem na prezydenta Grzegorzem Braunem powiedzia\u0142 to wyra\u017aniej: \u201eW jednej sprawie si\u0119 zgadzamy\u201d.<\/span><\/p>\n<p style=\"text-align: left;\"><span style=\"color: #000080;\">\u201eGazeta Wyborcza\u201d adoruje ameryka\u0144sk\u0105 filozofk\u0119 postprawdziwej lewicowo\u015bci, kt\u00f3ra przekonuje, \u017ce Hamas jest cz\u0119\u015bci\u0105 lewicowego ruchu. Judith Butler nie przeszkadza ani skrajna dyskryminacja kobiet, ani w\u015bciek\u0142a dyskryminacja homoseksualizmu, ani rasizm, ani religijny fanatyzm. Wsp\u00f3lnota walki z wolno\u015bci\u0105 gospodarcz\u0105 i polityczn\u0105 przebija wszystko w\u0142\u0105cznie z ludob\u00f3jczymi planami i dzia\u0142aniami zmierzaj\u0105cymi do eksterminacji ludno\u015bci \u017cydowskiej w Izraelu (zanim b\u0119dzie mo\u017cna zabra\u0107 si\u0119 za eksterminacj\u0119 innych niewiernych odmawiaj\u0105cych przyj\u0119cia Allaha).<\/span><\/p>\n<p style=\"text-align: left;\"><span style=\"color: #000080;\">Judith Butler jest \u017byd\u00f3wk\u0105, kt\u00f3ra uciek\u0142a od swojej \u017cydowsko\u015bci w komunistyczne braterstwo, kt\u00f3re zgodnie z tradycj\u0105 Karola Marksa oznacza walk\u0119 z kapitalizmem, a kapitalizm identyfikuje z \u017bydami, bo to pozwala na sojusze ponad podzia\u0142ami.<\/span><\/p>\n<p style=\"text-align: left;\"><span style=\"color: #000080;\">Ponad dwie\u015bcie lat temu franki\u015bci uciekaj\u0105c od \u00a0chrze\u015bcija\u0144skich prze\u015bladowa\u0144 postanowili zbiorowo nawr\u00f3ci\u0107 si\u0119 na katolicyzm, a na dow\u00f3d swoich dobrych intencji gotowi byli po\u015bwiadczy\u0107, \u017ce \u017bydzi zabijali chrze\u015bcija\u0144skie dzieci na mac\u0119. (Nie mogli w to wierzy\u0107, wi\u0119c by\u0142o to po\u015bwiadczenie k\u0142amstwa dla dobra sprawy, w celu pozyskania akceptacji antysemickiej katolickiej zgrai.)<\/span><\/p>\n<p style=\"text-align: left;\"><span style=\"color: #000080;\">Konstanty Gebert jest zawodnikiem innej klasy ni\u017c Rafa\u0142 Betlejewski, cz\u0142owiek ogromnej wiedzy, kt\u00f3ry k\u0142amie, wie \u017ce k\u0142amie, wie, \u017ce my wiemy, \u017ce on k\u0142amie i k\u0142amie dalej. Rosyjski nacjonalista, Aleksander So\u0142\u017cenicyn tak w\u0142a\u015bnie pisa\u0142 o stalinowskiej propagandzie. So\u0142\u017cenicyn znakomicie dokumentowa\u0142 stalinowskie zbrodnie. Niemal od pierwszej chwili jego przymusowej emigracji zdumienie budzi\u0142y jego flirty z faszystowskimi ruchami, po upadku ZSRR wr\u00f3ci\u0142 do Rosji, gdzie zosta\u0142 idolem Putina. Jego dokumentacja stalinowskich zbrodni jest nadal doskona\u0142a. Jego w\u015bciekle nacjonalistyczne pogl\u0105dy wydaj\u0105 si\u0119 utrwala\u0107 rosyjski dramat niemo\u017cno\u015bci wybicia si\u0119 na demokracj\u0119 (chocia\u017c dzi\u015b ju\u017c ma\u0142o kto do niego wraca).<\/span><\/p>\n<p style=\"text-align: left;\"><span style=\"color: #000080;\">Konstanty Gebert, z jego rodzinn\u0105 tradycj\u0105, podobnie jak franki\u015bci got\u00f3w jest zawsze po\u015bwiadczy\u0107, \u017ce \u017bydzi porywaj\u0105 palesty\u0144skie dzieci i przerabiaj\u0105 je na mac\u0119. Oczywi\u015bcie s\u0105 to tylko prawicowi \u017bydzi, bo lewicowi dawno dogadaliby si\u0119 z Hamasem i zako\u0144czyli t\u0119 okrutn\u0105 wojn\u0119 prowadzon\u0105 wy\u0142\u0105cznie po to, \u017ceby premier Netanjahu nie zosta\u0142 skazany w ci\u0105gn\u0105cym si\u0119 od ponad o\u015bmiu lat procesie o korupcj\u0119, kt\u00f3ry izraelski premier chce przy pomocy zbrodniczej wojny dalej przeci\u0105ga\u0107 w niesko\u0144czono\u015b\u0107.<\/span><\/p>\n<p style=\"text-align: left;\"><span style=\"color: #000080;\">To paranoiczne rozumowanie Konstanty Gebert przedstawi\u0142 na \u0142amach \u201eKultury Liberalnej\u201d\u00a0w uczonym eseju \u00a0pod tytu\u0142em\u00a0<a style=\"color: #000080;\" href=\"https:\/\/kulturaliberalna.pl\/2025\/05\/28\/palestynczycy-gina-by-netanjahu-nie-poszedl-siedziec\/\">\u201ePalesty\u0144czycy gin\u0105, by Netanjahu nie poszed\u0142 siedzie\u0107<\/a>&#8221; . Pisze ten czo\u0142owy polski znawca konfliktu izraelsko-palesty\u0144skiego, \u017ce mo\u017ce nawet \u00a0wojna z Hamasem by\u0142a uzasadniona, ale nie zosta\u0142a po 600 dniach wygrana, co oznacza, \u017ce nie da si\u0119 jej wygra\u0107 i trzeba czym pr\u0119dzej pozwoli\u0107 tej grupie na powr\u00f3t do w\u0142adzy. Gebert zna ideologi\u0119 Hamasu, zna ideologi\u0119 stoj\u0105cego za ni\u0105 Bractwa Muzu\u0142ma\u0144skiego, zna ideologi\u0119 Islamskiej Republiki Iranu i doskonale wie, jakie s\u0105 plany po\u0142\u0105czonych si\u0142 wojuj\u0105cego islamu wobec Izraela. To nie jest jaki\u015b naiwny konsument prasowych przekaz\u00f3w, to \u015bwiadomy producent k\u0142amstw. Podejrzewanie, \u017ce Gebert nie wie, dlaczego ta wojna z nazistowskimi w\u0142adcami budowanej przez lata twierdzy trwa tak d\u0142ugo, by\u0142oby dowodem naiwno\u015bci. Gebert nie wspomina w swoim eseju s\u0142owa tunele, nie przypomina trwaj\u0105cych przez lata nacisk\u00f3w na dostarczanie \u201ePalesty\u0144czykom\u201d cementu, nie informuje, \u017ce najwi\u0119kszym sukcesem Hamasu jest tsunami antysemityzmu w zachodnim \u015bwiecie. Nie, Konstanty Gebert szuka \u017cydowskich zbrodni wojennych i z umiej\u0119tno\u015bci\u0105 doskona\u0142ego propagandysty przekonuje, \u017ce \u017bydzi to ludob\u00f3jcy, a nazi\u015bci to ludzie, chc\u0105cy zako\u0144czy\u0107 to szale\u0144stwo wojny.<\/span><\/p>\n<blockquote>\n<p style=\"text-align: left;\"><strong>\u201eNiemal wszyscy uprowadzeni, kt\u00f3rzy powr\u00f3cili na wolno\u015b\u0107, zawdzi\u0119czaj\u0105 swoje uwolnienie nie dzia\u0142aniom zbrojnym, lecz negocjacjom z Hamasem. Przynajmniej sze\u015bciu zosta\u0142o przez Hamas zamordowanych z obawy przed mo\u017cliwo\u015bci\u0105 ich uwolnienia, inni relacjonowali, \u017ce najbardziej w niewoli bali si\u0119 izraelskich nalot\u00f3w. Uwolnienie zak\u0142adnik\u00f3w jest wi\u0119c nie do pogodzenia ze zmia\u017cd\u017ceniem Hamasu, to ostatnie za\u015b wydaje si\u0119 nieosi\u0105galne.\u201d<\/strong><\/p>\n<\/blockquote>\n<p style=\"text-align: left;\"><span style=\"color: #000080;\">W co drugim zdaniu tego eseju znajdujemy \u015bwiadome k\u0142amstwo obliczone na wprowadzenie czytelnik\u00f3w w b\u0142\u0105d.<\/span><\/p>\n<p style=\"text-align: left;\"><span style=\"color: #000080;\">\u201eNowo mianowany przez niego szef sztabu, genera\u0142 Eyal Zamir, o\u015bwiadcza, \u017ce uwolnienie zak\u0142adnik\u00f3w priorytetem nie jest\u201d W rzeczywisto\u015bci kto\u015b z otoczenia tego genera\u0142a powiedzia\u0142, \u017ce s\u0142ysza\u0142 dawno temu, i\u017c genera\u0142 uwa\u017ca\u0142, \u017ce w wojnie uwolnienie zak\u0142adnik\u00f3w nie powinno by\u0107 priorytetem. Autor eseju doskonale wie, jak odrobin\u0119 zmieni\u0107 fakty, \u017ceby wywo\u0142a\u0107 w\u0142a\u015bciwe wra\u017cenie. Gebert pisze: \u201eNetanjahu powiedzia\u0142, \u017ce jedyn\u0105 drog\u0105 do pokoju jest plan Donalda Trumpa, kt\u00f3ry zak\u0142ada deportacj\u0119 wszystkich mieszka\u0144c\u00f3w Gazy.\u201d Netanjahu powiedzia\u0142, \u017ce mieszka\u0144cy Gazy powinni mie\u0107 \u201emo\u017cliwo\u015b\u0107 dobrowolnego opuszczenia tej strefy\u201d. To drobne przek\u0142amania dla dobra sprawy, o tej samej warto\u015bci propagandowej, co przywo\u0142anie s\u0142\u00f3w zaprzysi\u0119g\u0142ego wroga obecnego izraelskiego premiera, Jaira Golana, kt\u00f3ry powiedzia\u0142, \u017ce \u201eIzrael uczyni\u0142 z zabijania dzieci w Gazie hobby\u201d. Gebert pisze, \u017ce ten polityk i genera\u0142 wycofa\u0142 si\u0119 pospiesznie z tego oskar\u017cenia. Ale nasz polski poszukiwacz \u017cydowskich zbrodni jest szczerze oburzony propozycj\u0105 pozbawienia k\u0142amcy i zdrajcy generalskich szlif\u00f3w.<\/span><\/p>\n<p style=\"text-align: left;\"><span style=\"color: #000080;\">D\u0105\u017cenie do uczynienia z Izraela pa\u0144stwa ludob\u00f3jczego, okupanta, dzieciob\u00f3jcy to tylko ci\u0105g dalszy ugruntowanej od tysi\u0119cy lat nienawi\u015bci. Prezentacja dowod\u00f3w, \u017ce Izrael ani nie pope\u0142nia ludob\u00f3jstwa, ani nikogo nie okupuje, ani nie zabija palesty\u0144skich dzieci w ramach swojego \u017cydowskiego hobby, to zaj\u0119cie, kt\u00f3re nie mo\u017ce by\u0107 skuteczne. Skolonizowane \u017c\u0105dz\u0105 mordu umys\u0142y s\u0105 doskonale odporne na wszelkie argumenty.<\/span><\/p>\n<p style=\"text-align: left;\"><span style=\"color: #000080;\">Muzu\u0142ma\u0144ski dysydent, Bassam Tawil pisze:<\/span><\/p>\n<blockquote>\n<p style=\"text-align: left;\"><strong>\u201e\u2026wojna trwa nadal, poniewa\u017c Hamas odmawia uwolnienia pozosta\u0142ych izraelskich zak\u0142adnik\u00f3w, zrzeczenia si\u0119 kontroli nad Stref\u0105 Gazy i z\u0142o\u017cenia broni. Hamas, wspierany i uzbrojony przez Iran, jest zdecydowany walczy\u0107 do ostatniego Palesty\u0144czyka, poniewa\u017c jego g\u0142\u00f3wnym celem jest zniszczenie Izraela i zast\u0105pienie go pa\u0144stwem islamistycznym.<\/strong><\/p>\n<p style=\"text-align: left;\"><strong>W obecnych okoliczno\u015bciach ci, kt\u00f3rzy m\u00f3wi\u0105 o \u2018rozwi\u0105zaniu w postaci dw\u00f3ch pa\u0144stw\u2019 maj\u0105cym na celu osi\u0105gni\u0119cie pokoju i dobrobytu mi\u0119dzy Izraelczykami i Palesty\u0144czykami, tak naprawd\u0119 chc\u0105 nagrodzi\u0107 Hamas za pope\u0142nienie najgorszej zbrodni przeciwko <span style=\"color: #000080;\">\u017bydom od czas\u00f3w Holokaustu.\u201d<\/span><\/strong><\/p>\n<\/blockquote>\n<p><span style=\"color: #000080;\">Warszawski performer apeluje do serc i umys\u0142\u00f3w mieszka\u0144c\u00f3w Polski, zestawiaj\u0105c zdj\u0119cia zburzonej Warszawy i zdj\u0119cia zburzonej Gazy. Operowanie symbolami jest skuteczniejsze ni\u017c uczone eseje propagandyst\u00f3w, chocia\u017c nie mog\u0119 wykluczy\u0107, \u017ce Betlejewski czytuje Geberta i pozostaje pod g\u0142\u0119bokim wp\u0142ywem jego uczonych wywod\u00f3w.<\/span><\/p>\n<p><span style=\"color: #000080;\">Polska to tylko za\u015bcianek wielkiego \u015bwiata, kt\u00f3ry ju\u017c nie ukrywa swoich prawdziwych uczu\u0107.<\/span><\/p>\n<p><img decoding=\"async\" src=\"https:\/\/pbs.twimg.com\/media\/Gr9mw7YXAAAQU__?format=jpg&amp;name=900x900\" alt=\"\" width=\"100%\" \/><\/p>\n<p style=\"text-align: left;\"><span style=\"color: #000080;\">Graffiti takie jak w mie\u015bcie Gold Coast w Australii pojawiaj\u0105 si\u0119 dzi\u015b w wielu miejscach, czasem produkowane przez ludzi z lewej, czasem z prawej strony obozu wyznawc\u00f3w wsp\u00f3lnej nienawi\u015bci. Za obrazami id\u0105 czyny.<\/span><\/p>\n<hr style=\"height: 15px; background: #d0e6fa; width: 100%;\" \/>\n<div id=\"content\" class=\"content-alignment\">\n<div id=\"watch-description\" class=\"yt-uix-button-panel\">\n<div id=\"watch-description-text\" style=\"text-align: center;\">\n<p><em>Zawarto\u015b\u0107 publikowanych artyku\u0142\u00f3w i materia\u0142\u00f3w nie reprezentuje pogl\u0105d\u00f3w ani opinii Reunion&#8217;68,<\/em><em><br \/>\nani te\u017c webmastera Blogu Reunion&#8217;68, chyba ze jest to wyra\u017anie zaznaczone.<br \/>\nTwoje uwagi, linki, w\u0142asne artyku\u0142y lub wiadomo\u015bci prze\u015blij na adres:<br \/>\n<\/em><span style=\"color: #000080;\"><strong><em><a style=\"color: #000080;\" href=\"mailto:webmaster@reunion68.com\"><span style=\"text-decoration: underline;\">webmaster@reunion68.com<\/span><\/a><\/em><\/strong><\/span><\/p>\n<\/div>\n<\/div>\n<\/div>\n<hr style=\"width: 100%;\" \/>\n","protected":false},"excerpt":{"rendered":"<p>Dwa zdj\u0119cia zamieszczone obok siebie przez Rafa\u0142a Betlejewskiego przed drug\u0105 tur\u0105 wybor\u00f3w prezydenckich w ramach jego prywatnej kampanii wyborczej. Kolonialista, okupant, czy tylko \u017byd? Andrzej Koraszewski Je\u015bli chcesz wierzy\u0107, \u017ce okrzyk \u201e\u017bydzi to dzieciob\u00f3jcy\u201d \u015bwiadczy o twoim ludzkim odruchu wsp\u00f3\u0142czucia, to oszukujesz si\u0119, \u017ceby ukry\u0107 fakt, \u017ce tw\u00f3j umys\u0142 jest skolonizowany przez \u017c\u0105dz\u0119 mordu. Francja, [&hellip;]<\/p>\n","protected":false},"author":1,"featured_media":0,"comment_status":"closed","ping_status":"closed","sticky":false,"template":"","format":"standard","meta":[],"categories":[6],"tags":[26,24],"_links":{"self":[{"href":"https:\/\/www.reunion68.se\/index.php?rest_route=\/wp\/v2\/posts\/121655"}],"collection":[{"href":"https:\/\/www.reunion68.se\/index.php?rest_route=\/wp\/v2\/posts"}],"about":[{"href":"https:\/\/www.reunion68.se\/index.php?rest_route=\/wp\/v2\/types\/post"}],"author":[{"embeddable":true,"href":"https:\/\/www.reunion68.se\/index.php?rest_route=\/wp\/v2\/users\/1"}],"replies":[{"embeddable":true,"href":"https:\/\/www.reunion68.se\/index.php?rest_route=%2Fwp%2Fv2%2Fcomments&post=121655"}],"version-history":[{"count":12,"href":"https:\/\/www.reunion68.se\/index.php?rest_route=\/wp\/v2\/posts\/121655\/revisions"}],"predecessor-version":[{"id":121671,"href":"https:\/\/www.reunion68.se\/index.php?rest_route=\/wp\/v2\/posts\/121655\/revisions\/121671"}],"wp:attachment":[{"href":"https:\/\/www.reunion68.se\/index.php?rest_route=%2Fwp%2Fv2%2Fmedia&parent=121655"}],"wp:term":[{"taxonomy":"category","embeddable":true,"href":"https:\/\/www.reunion68.se\/index.php?rest_route=%2Fwp%2Fv2%2Fcategories&post=121655"},{"taxonomy":"post_tag","embeddable":true,"href":"https:\/\/www.reunion68.se\/index.php?rest_route=%2Fwp%2Fv2%2Ftags&post=121655"}],"curies":[{"name":"wp","href":"https:\/\/api.w.org\/{rel}","templated":true}]}}