{"id":121719,"date":"2025-06-07T17:09:33","date_gmt":"2025-06-07T15:09:33","guid":{"rendered":"http:\/\/www.reunion68.se\/?p=121719"},"modified":"2025-06-07T08:43:15","modified_gmt":"2025-06-07T06:43:15","slug":"07-09-93","status":"publish","type":"post","link":"https:\/\/www.reunion68.se\/?p=121719","title":{"rendered":"Palenie \u017byd\u00f3w w Kolorado \u015bwiadczy o tym, \u017ce Zach\u00f3d zwraca si\u0119 ku faszyzmowi"},"content":{"rendered":"<p><img decoding=\"async\" class=\"aligncenter\" src=\"https:\/\/www.spiked-online.com\/wp-content\/uploads\/2025\/06\/boulder-1536x864.jpg\" width=\"100%\" \/><\/p>\n<hr \/>\n<h5 style=\"text-align: center;\"><a href=\"http:\/\/www.listyznaszegosadu.pl\/\" target=\"_blank\" rel=\"noopener noreferrer\"><img decoding=\"async\" class=\"center alignleft\" src=\"http:\/\/www.reunion68.com\/Biuletyn\/img\/z-naszego.jpg\" alt=\"\" width=\"50%\" \/><\/a><span style=\"text-decoration: underline; color: #000080;\"><span><strong><a style=\"color: #000080; text-decoration: underline;\" href=\"http:\/\/www.listyznaszegosadu.pl\/brunatna-fala\/palenie-zydalw-w-kolorado-swiadczy-o-tym-ze-zachald-zwraca-sie-ku-faszyzmowi\" target=\"_blank\" rel=\"noopener noreferrer\">Palenie \u017byd\u00f3w w Kolorado \u015bwiadczy o tym, \u017ce Zach\u00f3d zwraca si\u0119 ku faszyzmowi<\/a><\/strong><\/span><\/span><\/h5>\n<p style=\"text-align: center;\"><span style=\"color: #000000;\"><strong>Brendan O&#8217;Neill<br \/>\n<\/strong><span style=\"color: #808080;\"><em>T\u0142umaczenie: <\/em><\/span><strong>Ma\u0142gorzata Koraszewska<\/strong><\/span><\/p>\n<hr style=\"height: 15px; background: #d0e6fa; width: 100%;\" \/>\n<div>\n<h5 class=\"templateArticleIngress\" style=\"text-align: center;\"><strong>Je\u015bli ten barbarzy\u0144ski atak nie obudzi ludzkiego sumienia, to ju\u017c nic innego tego nie zrobi<\/strong><\/h5>\n<\/div>\n<p style=\"text-align: left;\"><span style=\"color: #000080;\">Znowu pal\u0105 \u017byd\u00f3w. Wczoraj w Boulder w stanie Kolorado\u00a0<span style=\"text-decoration: underline;\"><strong><a style=\"color: #000080; text-decoration: underline;\" href=\"https:\/\/news.sky.com\/story\/man-charged-with-murder-after-petrol-bomb-and-flamethrower-attack-at-rally-for-israeli-hostages-13378105\" target=\"_blank\" rel=\"noopener noreferrer\">m\u0119\u017cczyzna u\u017cy\u0142 prowizorycznego miotacza ognia i koktajli Mo\u0142otowa w pr\u00f3bie spalenia \u017byd\u00f3w<\/a>.<\/strong><\/span> Osiem os\u00f3b w wieku od 52 do 88 lat zosta\u0142o rannych. Ich \u201eprzest\u0119pstwo\u201d? Zebrali si\u0119 publicznie, aby domaga\u0107 si\u0119 uwolnienia izraelskich zak\u0142adnik\u00f3w. W Europie w latach 30. XX wieku za pomoc nieszcz\u0119snym \u017bydom grozi\u0142a kara \u015bmierci. Wygl\u0105da na to, \u017ce w Ameryce w trzeciej dekadzie XXI wieku s\u0105 ludzie, kt\u00f3rzy marz\u0105 o wskrzeszeniu tej ponurej, brutalnej kary za wsp\u00f3\u0142czucie dla \u017byd\u00f3w.<strong><br \/>\n<\/strong><\/span><\/p>\n<div class=\"templateArticleBrodtext\">\n<p style=\"text-align: left;\"><span style=\"color: #000080;\">To by\u0142 naprawd\u0119 odra\u017caj\u0105cy atak. Podejrzany nazywa si\u0119 Mohamed Soliman. Podobno jest nielegalnym imigrantem z Egiptu. Podobno obla\u0142 \u0142atwopaln\u0105 ciecz\u0105 ludzi domagaj\u0105cych si\u0119 uwolnienia porwanych, a nast\u0119pnie skierowa\u0142 na nich p\u0142omienie. \u201ePodpali\u0142\u00a0<a style=\"color: #000080;\" href=\"https:\/\/edition.cnn.com\/us\/live-news\/boulder-colorado-antisemitic-attack-06-01-25\" target=\"_blank\" rel=\"noopener noreferrer\">ludzi\u201d<\/a><em>, jak jasnym j\u0119zykiem przedstawi\u0142a to CNN. Przeczytaj to jeszcze raz. W USA w 2025 roku podpalono<\/em>\u00a0zgromadzenie ludzi wyra\u017caj\u0105cych solidarno\u015b\u0107 z \u017cydowskimi ofiarami neofaszyzmu. Na nagraniu wida\u0107, jak podejrzany trzyma w r\u0119kach koktajle mo\u0142otowa i krzyczy \u201eWolna Palestyna!\u201d. U jego st\u00f3p le\u017c\u0105 podpaleni \u017bydzi.<\/span><\/p>\n<p style=\"text-align: left;\"><span style=\"color: #000080;\">Wed\u0142ug informacji najstarsza ofiara, kt\u00f3ra ma 88 lat, jest\u00a0<a style=\"color: #000080;\" href=\"https:\/\/nypost.com\/2025\/06\/02\/us-news\/eldest-colorado-terror-attack-victim-is-a-holocaust-refugee-shes-a-very-loving-woman\/\" target=\"_blank\" rel=\"noopener noreferrer\">uchod\u017aczyni\u0105 z Europy z czas\u00f3w nazizmu<\/a>. Jest \u201ebardzo dobrym cz\u0142owiekiem\u201d, powiedzia\u0142 miejscowy rabin. Moralny ogrom tego wydaje si\u0119 przyt\u0142aczaj\u0105cy. Kto\u015b, kto uciek\u0142 przed masowym paleniem \u017byd\u00f3w w latach 40. XX wieku w Europie, pada ofiar\u0105 nowego rodzaju palenia \u017byd\u00f3w w Ameryce XXI wieku. Kto\u015b, czyja rodzina zosta\u0142a spalona na popi\u00f3\u0142 przez nazist\u00f3w, zostaje \u201epodpalony\u201d przez rzekomego propalesty\u0144skiego aktywist\u0119 we wsp\u00f3\u0142czesnym Kolorado. B\u0119dzie to czarny dzie\u0144 dla ludzko\u015bci, je\u015bli p\u0142omienna, staro\u017cytna nienawi\u015b\u0107 do narodu \u017cydowskiego zainfekuje ameryka\u0144sk\u0105 republik\u0119, niegdy\u015b bezpieczn\u0105 przysta\u0144 dla \u017byd\u00f3w uciekaj\u0105cych przed szale\u0144stwami Starego \u015awiata.<\/span><\/p>\n<p style=\"text-align: left;\"><span style=\"color: #000080;\">FBI nazywa to \u201emo\u017cliwym\u201d atakiem terrorystycznym. Minister spraw zagranicznych Izraela, Gideon Sa&#8217;ar, m\u00f3wi, \u017ce by\u0142 to akt \u201e<a style=\"color: #000080;\" href=\"https:\/\/x.com\/gidonsaar\/status\/1929320617557299687\" target=\"_blank\" rel=\"noopener noreferrer\">czystego antysemityzmu<\/a>\u201d. Pr\u00f3bowali\u015bmy ostrzec \u015bwiat przed okrzykami takimi jak \u201eGlobalizacja intifady\u201d,\u00a0<a style=\"color: #000080;\" href=\"https:\/\/x.com\/AJCCEO\/status\/1929368011900678161\" target=\"_blank\" rel=\"noopener noreferrer\">powiedzia\u0142 Ted Deutch<\/a>\u00a0z American Jewish Committee. M\u00f3wi, \u017ce ci spaleni \u017bydzi s\u0105 ko\u0144cowym rezultatem tego gor\u0105czkowego nawo\u0142ywania do umi\u0119dzynarodowienie gwa\u0142townej nienawi\u015bci Hamasu do \u017cydowskiej ojczyzny. \u017bydzi w Ameryce s\u0105 niespokojni. Zrozumia\u0142e. Zaledwie 10 dni temu zastrzelono dwoje ludzi przed muzeum \u017cydowskim w Waszyngtonie. Strzela\u0142 cz\u0142owiek, kt\u00f3ry tak\u017ce krzycza\u0142 \u201eWolna Palestyna!\u201d. A teraz to.<\/span><\/p>\n<p style=\"text-align: left;\"><span style=\"color: #000080;\">FBI twierdzi, \u017ce podejrzany o spalenie \u017byd\u00f3w w Kolorado dzia\u0142a\u0142 sam. Nie trzeba dodawa\u0107, \u017ce jest on jedyn\u0105 osob\u0105 odpowiedzialn\u0105 za terror i poparzenia zadane tym biednym ludziom. A jednak nie dzia\u0142a\u0142 w pr\u00f3\u017cni. W ci\u0105gu 20 miesi\u0119cy od pogromu dokonanego przez Hamas 7 pa\u017adziernika 2023 r. byli\u015bmy \u015bwiadkami brutalnej demonizacji ka\u017cdego, kto oferuje solidarno\u015b\u0107 z izraelskimi zak\u0142adnikami. Plakaty porwanych z ich zdj\u0119ciami by\u0142y oszpecane i niszczone. Na niekt\u00f3rych dopisywano s\u0142owo \u201ekolonialista\u201d, a nawet domalowywano w\u0105sy Hitlera. Zrywano \u017c\u00f3\u0142te wst\u0105\u017cki dla zak\u0142adnik\u00f3w.<\/span><\/p>\n<p style=\"text-align: left;\"><span style=\"color: #000080;\">Wzywanie do uwolnienia zak\u0142adnik\u00f3w zacz\u0119to traktowa\u0107 jako podejrzany czyn. Nawet\u00a0<a style=\"color: #000080;\" href=\"https:\/\/www.spiked-online.com\/2025\/05\/09\/a-new-low-for-the-pulitzer-prize\/\" target=\"_blank\" rel=\"noopener noreferrer\">nazywanie ich \u201ezak\u0142adnikami\u201d<\/a>\u00a0jest ryzykowne \u2013 s\u0105 \u201eje\u0144cami wojennymi\u201d, wrzeszczy zachodni legion izraelofob\u00f3w. Wsp\u00f3\u0142czucie dla zak\u0142adnik\u00f3w jest marn\u0105 przykrywk\u0105\u00a0<a style=\"color: #000080;\" href=\"https:\/\/electronicintifada.net\/content\/kidnapped-posters-serve-genocidal-sentiment\/44701\" target=\"_blank\" rel=\"noopener noreferrer\">\u201eludob\u00f3jczych dzia\u0142a\u0144\u201d<\/a>, m\u00f3wi\u0105 antyizraelscy agitatorzy. Nienawi\u015b\u0107 do pa\u0144stwa \u017cydowskiego w\u015br\u00f3d klas aktywist\u00f3w sta\u0142a si\u0119 tak w\u015bciek\u0142a, tak niezr\u00f3wnowa\u017cona, \u017ce nawet wsp\u00f3\u0142czucie dla obywateli pa\u0144stwa \u017cydowskiego jest postrzegane jako mordercze szale\u0144stwo. To, \u017ce ludzie wzywaj\u0105cy do uwolnienia zak\u0142adnik\u00f3w zostali tak brutalnie zaatakowani w Kolorado, jest g\u0142\u0119boko szokuj\u0105ce. Ale nie jest to ca\u0142kowicie zaskakuj\u0105ce.<\/span><\/p>\n<p style=\"text-align: left;\"><span style=\"color: #000080;\">Czujemy si\u0119, jakby\u015bmy prze\u017cywali co\u015b gorszego ni\u017c odrodzenie najstarszego rasizmu \u2013 jakby na Zachodzie nast\u0105pi\u0142 zwrot ku faszyzmowi. Rozwa\u017cmy niekt\u00f3re z koszmar\u00f3w ostatnich dw\u00f3ch tygodni. \u017byd\u00f3wka w Waszyngtonie zamordowana, gdy rozpaczliwie pr\u00f3bowa\u0142a odczo\u0142ga\u0107 si\u0119 od m\u0119\u017cczyzny, kt\u00f3ry do niej strzela\u0142. Trzy synagogi i pomnik Holokaustu\u00a0<a style=\"color: #000080;\" href=\"https:\/\/www.lemonde.fr\/en\/france\/article\/2025\/05\/31\/paris-holocaust-memorial-and-two-synagogues-targeted-after-green-paint-thrown-overnight_6741866_7.html\" target=\"_blank\" rel=\"noopener noreferrer\">zdewastowane w Pary\u017cu<\/a>. \u017bydowski ucze\u0144 zabrany do szpitala po\u00a0<a style=\"color: #000080;\" href=\"https:\/\/www.bbc.co.uk\/news\/articles\/cm2y4nl382zo.amp\" target=\"_blank\" rel=\"noopener noreferrer\">brutalnym ataku<\/a>\u00a0w londy\u0144skim metrze. \u017bydowska firma\u00a0<a style=\"color: #000080;\" href=\"https:\/\/www.theguardian.com\/world\/2025\/may\/29\/pro-palestine-group-targets-jewish-owned-business-alleging-links-to-israeli-weapons-firm\" target=\"_blank\" rel=\"noopener noreferrer\">zniszczona przez wandali<\/a>\u00a0na londy\u0144skim Stamford Hill. A teraz \u017bydzi \u201epodpaleni\u201d. I przez ca\u0142y czas ten nieustanny wrzask: d\u017awi\u0119k armii aktywist\u00f3w pot\u0119piaj\u0105cych nar\u00f3d \u017cydowski jako najnikczemniejszy nar\u00f3d na \u015bwiecie, morderca niemowl\u0105t, nikczemny kontroler spraw \u015bwiata. Coraz g\u0142o\u015bniej rozlegaj\u0105 si\u0119 echa \u015bredniowiecza. Ciemno\u015b\u0107 rozprzestrzenia si\u0119.<\/span><\/p>\n<p style=\"text-align: left;\"><span style=\"color: #000080;\">Niekt\u00f3rym z tych ponurych czyn\u00f3w towarzyszy\u0142y s\u0142owa \u201eWolna Palestyna!\u201d. Jedni to wykrzykiwali, inni malowali sprayem. Czy\u017c nie jest niezwyk\u0142e, \u017ce tak wiele z tego, co jest robione rzekomo w imi\u0119 \u201ewyzwolenia Palestyny\u201d, ma charakterystyczny posmak faszystowskiej nienawi\u015bci? Rozbite szk\u0142o witryn \u017cydowskich przedsi\u0119biorstw, profanacja synagog, mordowanie \u017byd\u00f3w,\u00a0<em>\u017bydzi w ogniu<\/em>. Ci napastnicy i aktywi\u015bci mog\u0105 wo\u0142a\u0107 \u201eWolna Palestyna\u201d ile chc\u0105 \u2013 dla niekt\u00f3rych z nas, je\u015bli wygl\u0105da to jak faszyzm i gdaka jak faszyzm, to mo\u017ce to jest pieprzony faszyzm.<\/span><\/p>\n<p style=\"text-align: left;\"><span style=\"color: #000080;\">Teraz jest zupe\u0142nie jasne, \u017ce \u201eWolna Palestyna\u201d nie ma nic wsp\u00f3lnego z Palesty\u0144czykami. To, \u017ce to has\u0142o by\u0142o ostatni\u0105 rzecz\u0105, jak\u0105 us\u0142ysza\u0142a Sarah Milgrim, gdy rozpaczliwie czo\u0142ga\u0142a si\u0119 przed swoim zab\u00f3jc\u0105 w Waszyngtonie, \u017ce to has\u0142o zabrzmia\u0142o w uszach uchod\u017aczyni z Holokaustu w Boulder, gdy j\u0105 podpalono, potwierdza, \u017ce jest to krzyk jadowitej nienawi\u015bci owini\u0119ty w pozornie post\u0119powe \u017c\u0105danie. Wydaje mi si\u0119, \u017ce los Palesty\u0144czyk\u00f3w zosta\u0142 ca\u0142kowicie przej\u0119ty przez klas\u0119 aktywist\u00f3w Zachodu, kt\u00f3rzy nienawidz\u0105 samych siebie, ukrywaj\u0105c swoje gwa\u0142towne odrzucenie rozumu i O\u015bwiecenia za kefij\u0105, aby \u015bredniowieczna histeria wydawa\u0142a si\u0119 odwa\u017cna i lewicowa. Ideologia bestialstwa prze\u015bladuje wsp\u00f3\u0142czesny Zach\u00f3d i odzwierciedla najciemniejsze karty historii ludzko\u015bci, a tego nie mo\u017cna d\u0142u\u017cej ignorowa\u0107.<\/span><\/p>\n<p style=\"text-align: left;\"><span style=\"color: #000080;\">\u201eGdzie pal\u0105 ksi\u0105\u017cki, tam w ko\u0144cu b\u0119d\u0105 pali\u0107 tak\u017ce ludzi\u201d \u2013 powiedzia\u0142 Heinrich Heine. Teraz mogliby\u015bmy powiedzie\u0107, \u017ce tam, gdzie brutalnie niszcz\u0105 symbole solidarno\u015bci z \u017cydowskimi zak\u0142adnikami, b\u0119d\u0105 r\u00f3wnie\u017c brutalnie atakowa\u0107 ludzi, kt\u00f3rzy oferuj\u0105 te wyrazy solidarno\u015bci. Ci, kt\u00f3rzy pope\u0142niaj\u0105 akty przemocy, s\u0105 odpowiedzialni za to, co robi\u0105. Reszta z nas jest odpowiedzialna za to, jak reagujemy. A je\u015bli na dos\u0142owne palenie \u017byd\u00f3w nie odpowiemy sprawiedliw\u0105 furi\u0105, jakiej wymaga tak chora zbrodnia, ryzykujemy pog\u0142\u0119bieniem pierwotnego horroru. Sumienie ludzko\u015bci spa\u0142o wystarczaj\u0105co d\u0142ugo.<\/span><\/p>\n<\/div>\n<hr \/>\n<p style=\"text-align: left;\"><span style=\"color: #808080;\"><em><strong>Brendan O\u2019Neill<\/strong> \u2013 brytyjski dziennikarz, redaktor naczelny magazynu \u201eSpiked\u201d , autor g\u0142o\u015bnej ksi\u0105\u017cki A Heretic\u2019s Manifesto: Essays on the Unsayable.<\/em><\/span><\/p>\n<hr style=\"height: 15px; background: #d0e6fa; width: 100%;\" \/>\n<div id=\"content\" class=\"content-alignment\">\n<div id=\"watch-description\" class=\"yt-uix-button-panel\">\n<div id=\"watch-description-text\" style=\"text-align: center;\">\n<p><em>Zawarto\u015b\u0107 publikowanych artyku\u0142\u00f3w i materia\u0142\u00f3w nie reprezentuje pogl\u0105d\u00f3w ani opinii Reunion&#8217;68,<\/em><em><br \/>\nani te\u017c webmastera Blogu Reunion&#8217;68, chyba ze jest to wyra\u017anie zaznaczone.<br \/>\nTwoje uwagi, linki, w\u0142asne artyku\u0142y lub wiadomo\u015bci prze\u015blij na adres:<br \/>\n<\/em><span style=\"color: #000080;\"><strong><em><a style=\"color: #000080;\" href=\"mailto:webmaster@reunion68.com\"><span style=\"text-decoration: underline;\">webmaster@reunion68.com<\/span><\/a><\/em><\/strong><\/span><\/p>\n<\/div>\n<\/div>\n<\/div>\n<hr style=\"width: 100%;\" \/>\n","protected":false},"excerpt":{"rendered":"<p>Palenie \u017byd\u00f3w w Kolorado \u015bwiadczy o tym, \u017ce Zach\u00f3d zwraca si\u0119 ku faszyzmowi Brendan O&#8217;Neill T\u0142umaczenie: Ma\u0142gorzata Koraszewska Je\u015bli ten barbarzy\u0144ski atak nie obudzi ludzkiego sumienia, to ju\u017c nic innego tego nie zrobi Znowu pal\u0105 \u017byd\u00f3w. Wczoraj w Boulder w stanie Kolorado\u00a0m\u0119\u017cczyzna u\u017cy\u0142 prowizorycznego miotacza ognia i koktajli Mo\u0142otowa w pr\u00f3bie spalenia \u017byd\u00f3w. Osiem os\u00f3b [&hellip;]<\/p>\n","protected":false},"author":1,"featured_media":0,"comment_status":"closed","ping_status":"closed","sticky":false,"template":"","format":"standard","meta":[],"categories":[6],"tags":[26,24],"_links":{"self":[{"href":"https:\/\/www.reunion68.se\/index.php?rest_route=\/wp\/v2\/posts\/121719"}],"collection":[{"href":"https:\/\/www.reunion68.se\/index.php?rest_route=\/wp\/v2\/posts"}],"about":[{"href":"https:\/\/www.reunion68.se\/index.php?rest_route=\/wp\/v2\/types\/post"}],"author":[{"embeddable":true,"href":"https:\/\/www.reunion68.se\/index.php?rest_route=\/wp\/v2\/users\/1"}],"replies":[{"embeddable":true,"href":"https:\/\/www.reunion68.se\/index.php?rest_route=%2Fwp%2Fv2%2Fcomments&post=121719"}],"version-history":[{"count":6,"href":"https:\/\/www.reunion68.se\/index.php?rest_route=\/wp\/v2\/posts\/121719\/revisions"}],"predecessor-version":[{"id":121730,"href":"https:\/\/www.reunion68.se\/index.php?rest_route=\/wp\/v2\/posts\/121719\/revisions\/121730"}],"wp:attachment":[{"href":"https:\/\/www.reunion68.se\/index.php?rest_route=%2Fwp%2Fv2%2Fmedia&parent=121719"}],"wp:term":[{"taxonomy":"category","embeddable":true,"href":"https:\/\/www.reunion68.se\/index.php?rest_route=%2Fwp%2Fv2%2Fcategories&post=121719"},{"taxonomy":"post_tag","embeddable":true,"href":"https:\/\/www.reunion68.se\/index.php?rest_route=%2Fwp%2Fv2%2Ftags&post=121719"}],"curies":[{"name":"wp","href":"https:\/\/api.w.org\/{rel}","templated":true}]}}