{"id":12178,"date":"2015-01-08T19:03:12","date_gmt":"2015-01-08T17:03:12","guid":{"rendered":"http:\/\/www.reunion68.se\/?p=12178"},"modified":"2015-01-08T09:23:25","modified_gmt":"2015-01-08T07:23:25","slug":"12178","status":"publish","type":"post","link":"https:\/\/www.reunion68.se\/?p=12178","title":{"rendered":"Ksiazki: Armia Izaaka. Walka i op\u00f3r polskich \u017byd\u00f3w"},"content":{"rendered":"<h5 style=\"text-align: center;\"><a href=\"http:\/\/izraelczyk.pl\/\" target=\"_blank\"><img decoding=\"async\" class=\"center alignleft\" src=\"http:\/\/www.reunion68.com\/Biuletyn\/img\/e-israel.png\" alt=\"\" \/><\/a><span style=\"text-decoration: underline; color: #000080;\"><span style=\"text-decoration: underline;\"><strong><a style=\"color: #000080; text-decoration: underline;\" href=\"http:\/\/izraelczyk.pl\/index.php\/jewish-world\/jewish-life\/books\/1546-2594\" target=\"_blank\">Armia Izaaka. Walka i op\u00f3r polskich \u017byd\u00f3w<\/a><\/strong><\/span><\/span><\/h5>\n<p style=\"text-align: center;\"><span style=\"color: #333333;\"><strong>Znaczne fragmenty pochodz\u0105 z recenzji Katarzyny Maciejewskiej<\/strong><\/span><\/p>\n<hr style=\"height: 15px; background: #d0e6fa; width: 710px;\" \/>\n<div style=\"width: 360px\" class=\"wp-caption alignright\"><a href=\"http:\/\/izraelczyk.pl\/news\/img\/Brzezinski_Armia-Izaaka.jpg\"><img decoding=\"async\" class=\"right\" src=\"http:\/\/izraelczyk.pl\/news\/img\/Brzezinski_Armia-Izaaka.jpg\" alt=\"Armia Izaaka, Matthew Brzezinski\" width=\"350\" \/><\/a><p class=\"wp-caption-text\"><span style=\"color: #000080;\"><em>okladka<\/em><\/span><\/p><\/div>\n<p><span style=\"color: #333333;\"><strong>Judden haben Waffen! (\u017bydzi maj\u0105 bro\u0144!) \u2013 krzyczeli zszokowani esesmani, rozpaczliwie szukaj\u0105c schronienia przed gradem pocisk\u00f3w. Wycofuj\u0105cych si\u0119 w pop\u0142ochu Niemc\u00f3w \u015bciga\u0142y okrzyki rado\u015bci \u017cydowskich powsta\u0144c\u00f3w. Warszawskie getto rzuci\u0142o wyzwanie oprawcom.<\/strong><\/span><\/p>\n<p style=\"text-align: left;\"><span style=\"color: #000080;\">Kilkana\u015bcie splecionych ludzkich los\u00f3w \u2013 obraz spo\u0142eczno\u015bci licz\u0105cej przed wojn\u0105 miliony. Nieliczni, kt\u00f3rzy prze\u017cyli i Ci kt\u00f3rzy umarli z broni\u0105 w r\u0119ku. Uratowani przez polskie siostry zakonne i wydani Gestapo przez szmalcownik\u00f3w. Opuszczaj\u0105cy Polsk\u0119 na zawsze i Ci, kt\u00f3rzy nie chcieli \u017cy\u0107 nigdzie indziej.<\/span><\/p>\n<p style=\"text-align: left;\"><span style=\"color: #000080;\">Zuchwa\u0142e akcje sabota\u017cowe, brawurowe ucieczki, szmuglowanie broni, dwa powstania bez szans na zwyci\u0119stwo. Ludzka pod\u0142o\u015b\u0107 i niewyobra\u017calny heroizm, mi\u0142o\u015b\u0107 w ruinach i zdrada z r\u0105k przyjaci\u00f3\u0142, walka o godn\u0105 \u015bmier\u0107 i wola przetrwania za wszelk\u0105 cen\u0119. Przejmuj\u0105cy pejza\u017c wojennych los\u00f3w polskich \u017byd\u00f3w.<\/span><\/p>\n<p style=\"text-align: left;\"><span style=\"color: #000080;\">Armia Izaaka to ksi\u0105\u017cka, kt\u00f3ra \u0142\u0105czy rzeteln\u0105 prac\u0119 historyczn\u0105 z fabularyzowan\u0105 opowie\u015bci\u0105 o losach zwyczajnych, a jednocze\u015bnie niezwyk\u0142ych ludzi.<\/span><\/p>\n<p style=\"text-align: left;\"><span style=\"color: #000080;\">Matthew Brzezi\u0144ski (bratanek Zbigniewa Brzezi\u0144skiego, korespondent \u201eNew York Times\u201d w Warszawie z pocz\u0105tku lat 90.) opowiada nie histori\u0119 powstania w getcie warszawskim jako tak\u0105, nie gehenn\u0119 holokaustu \u2013 opowiada dzieje grupy ludzi, bardzo r\u00f3\u017cni\u0105cych si\u0119 od siebie, kt\u00f3rych jednak los i historia umie\u015bci\u0142y w z\u0142ym miejscu w z\u0142ym czasie.<\/span><\/p>\n<p style=\"text-align: left;\"><span style=\"color: #000080;\">Bohater\u00f3w jest kilkoro, licz\u0105 od 5 do 75 lat. Wszystkich \u0142\u0105czy jedno \u2013 s\u0105 \u017bydami. Kilku z nich jeszcze przed II wojn\u0105 \u015bwiatow\u0105 przyj\u0119\u0142o chrze\u015bcija\u0144stwo \u2013 jednak wg ideologii Hitlera, nadal s\u0105 \u017bydami. Mieszkaj\u0105 w r\u00f3\u017cnych cz\u0119\u015bciach Europy, jednak pr\u0119dzej czy p\u00f3\u017aniej znajduj\u0105 si\u0119 w okupowanej Warszawie. Ka\u017cdego z nich dotyka holokaust. Ka\u017cdy z nich pr\u00f3buje radzi\u0107 sobie z nim, jak tylko potrafi.<\/span><\/p>\n<p style=\"text-align: left;\"><span style=\"color: #000080;\">Walcz\u0105 o prze\u017cycie, cierpi\u0105 z powodu \u015bmierci bliskich, usi\u0142uj\u0105 uciec za granic\u0119, organizuj\u0105 akcje sabota\u017cowe, napadaj\u0105 na konwoje\u2026 W ko\u0144cu zostaj\u0105 zamkni\u0119ci w getcie. Tam przemycaj\u0105 \u017cywno\u015b\u0107, tworz\u0105 kom\u00f3rki oporu i walcz\u0105.<\/span><\/p>\n<p style=\"text-align: left;\"><span style=\"color: #000080;\">Walcz\u0105 przede wszystkim o godno\u015b\u0107, o \u017cycie, o jedzenie, o to, \u017ceby doczeka\u0107 kolejnego dnia, \u017ceby nie da\u0107 si\u0119 z\u0142apa\u0107, \u017ceby nie da\u0107 si\u0119 (jak to okre\u015bli\u0142 Marek Edelman) zar\u017cn\u0105\u0107. A\u017c w ko\u0144cu chwytaj\u0105 za bro\u0144. Co by\u0142o p\u00f3\u017aniej, jak potoczy\u0142y si\u0119 losy powstania w getcie warszawskim, wszyscy z historii wiedz\u0105. Istotne jest, jak potoczy\u0142y si\u0119 losy bohater\u00f3w ksi\u0105\u017cki, kt\u00f3rym czytelnik towarzyszy a\u017c do 1946 roku.<\/span><\/p>\n<p style=\"text-align: left;\"><span style=\"color: #000080;\">Brzezi\u0144ski opowiada historie kilkunastu os\u00f3b, kt\u00f3re w mniejszym lub wi\u0119kszym stopniu zapisa\u0142y si\u0119 na kartach historii, np. Marka Edelmana, Kazika Ratajzera czy Cywii Lubetkin i Icchaka Cukiermana. Co istotne, ich losy umie\u015bci\u0142 na tle okupowanej Europy, ukazuj\u0105c niezwykle dok\u0142adnie \u00f3wczesne realia. Cennym dodatkiem s\u0105 liczne przypisy. Na ka\u017cdej stornie u do\u0142u znajduj\u0105 si\u0119 co najmniej 1-2 przypisy, kt\u00f3re obrazuj\u0105 ogrom pracy, jak\u0105 wykona\u0142 autor. Ka\u017cdy kolejny krok bohater\u00f3w poparty jest materia\u0142em historycznym pochodz\u0105cym g\u0142\u00f3wnie z wywiad\u00f3w, jakich ci (kt\u00f3rzy jeszcze niedawno \u017cyli lub nadal \u017cyj\u0105) udzielili Brzezi\u0144skiemu. Kolejna partia materia\u0142u historycznego, to zapiski, dzienniki, listy bohater\u00f3w oraz liczne kroniki i egzemplarze codziennej prasy. Dzi\u0119ki tak bogatej dokumentacji poznajemy realia \u017cycia w okupowanej Europie (a nawet w Indiach), realia \u017cycia w podziemiu widziane oczyma Icchaka Cukiermana, Marka Edelmana i ich koleg\u00f3w.<\/span><\/p>\n<p style=\"text-align: left;\"><span style=\"color: #000080;\">Jednak ca\u0142a opowie\u015b\u0107 od samego pocz\u0105tku prowadzi do jednego \u2013 do dnia wybuchu powstania w getcie. To taki punkt kulminacyjny, na kt\u00f3rym wszystko si\u0119 ko\u0144czy, a jednocze\u015bnie zaczyna na nowo. Co wa\u017cne, autor po\u015bwi\u0119ca uwag\u0119 nie tylko \u017cydowskiemu ruchowi oporu. Integraln\u0105 cz\u0119\u015bci\u0105 opowie\u015bci s\u0105 tak\u017ce dzia\u0142ania polskiego ruchu oporu i powstanie warszawskie.<\/span><\/p>\n<p style=\"text-align: left;\"><span style=\"color: #000080;\">Armia Izaaka to przede wszystkim opowie\u015b\u0107 o zwyczajnych ludziach, wielko\u015bci i niez\u0142omno\u015bci ich ducha. Warto sobie u\u015bwiadomi\u0107, \u017ce II wojn\u0119 \u015bwiatow\u0105 nale\u017cy rozpatrywa\u0107 nie tylko, jako wydarzenie historyczne czy zag\u0142ad\u0119 milion\u00f3w, ale tak\u017ce, a mo\u017ce przede wszystkim, jako losy konkretnych os\u00f3b.<\/span><\/p>\n<hr style=\"height: 15px; background: #d0e6fa; width: 710px;\" \/>\n<div id=\"content\" class=\"  content-alignment&lt;br \/&gt;&lt;br \/&gt; \">\n<div id=\"watch-description\" class=\"yt-uix-button-panel\">\n<div id=\"watch-description-text\">\n<p style=\"text-align: center;\"><span style=\"color: #808080;\"> twoje uwagi, linki, wlasne artykuly, lub wiadomosci przeslij do: <strong><span style=\"text-decoration: underline;\"><span style=\"color: #808080; text-decoration: underline;\"><a href=\"mailto:webmaster@reunion68.com\">webmaster@reunion68.com<\/a><\/span><\/span><\/strong><\/span><\/p>\n<\/div>\n<\/div>\n<\/div>\n<p>&nbsp;<\/p>\n<hr style=\"width: 710px;\" \/>\n","protected":false},"excerpt":{"rendered":"<p>Armia Izaaka. Walka i op\u00f3r polskich \u017byd\u00f3w Znaczne fragmenty pochodz\u0105 z recenzji Katarzyny Maciejewskiej Judden haben Waffen! (\u017bydzi maj\u0105 bro\u0144!) \u2013 krzyczeli zszokowani esesmani, rozpaczliwie szukaj\u0105c schronienia przed gradem pocisk\u00f3w. Wycofuj\u0105cych si\u0119 w pop\u0142ochu Niemc\u00f3w \u015bciga\u0142y okrzyki rado\u015bci \u017cydowskich powsta\u0144c\u00f3w. Warszawskie getto rzuci\u0142o wyzwanie oprawcom. Kilkana\u015bcie splecionych ludzkich los\u00f3w \u2013 obraz spo\u0142eczno\u015bci licz\u0105cej przed wojn\u0105 [&hellip;]<\/p>\n","protected":false},"author":1,"featured_media":0,"comment_status":"closed","ping_status":"closed","sticky":false,"template":"","format":"standard","meta":[],"categories":[6],"tags":[24],"_links":{"self":[{"href":"https:\/\/www.reunion68.se\/index.php?rest_route=\/wp\/v2\/posts\/12178"}],"collection":[{"href":"https:\/\/www.reunion68.se\/index.php?rest_route=\/wp\/v2\/posts"}],"about":[{"href":"https:\/\/www.reunion68.se\/index.php?rest_route=\/wp\/v2\/types\/post"}],"author":[{"embeddable":true,"href":"https:\/\/www.reunion68.se\/index.php?rest_route=\/wp\/v2\/users\/1"}],"replies":[{"embeddable":true,"href":"https:\/\/www.reunion68.se\/index.php?rest_route=%2Fwp%2Fv2%2Fcomments&post=12178"}],"version-history":[{"count":12,"href":"https:\/\/www.reunion68.se\/index.php?rest_route=\/wp\/v2\/posts\/12178\/revisions"}],"predecessor-version":[{"id":12188,"href":"https:\/\/www.reunion68.se\/index.php?rest_route=\/wp\/v2\/posts\/12178\/revisions\/12188"}],"wp:attachment":[{"href":"https:\/\/www.reunion68.se\/index.php?rest_route=%2Fwp%2Fv2%2Fmedia&parent=12178"}],"wp:term":[{"taxonomy":"category","embeddable":true,"href":"https:\/\/www.reunion68.se\/index.php?rest_route=%2Fwp%2Fv2%2Fcategories&post=12178"},{"taxonomy":"post_tag","embeddable":true,"href":"https:\/\/www.reunion68.se\/index.php?rest_route=%2Fwp%2Fv2%2Ftags&post=12178"}],"curies":[{"name":"wp","href":"https:\/\/api.w.org\/{rel}","templated":true}]}}