{"id":121840,"date":"2025-06-12T17:05:58","date_gmt":"2025-06-12T15:05:58","guid":{"rendered":"http:\/\/www.reunion68.se\/?p=121840"},"modified":"2025-06-12T06:48:07","modified_gmt":"2025-06-12T04:48:07","slug":"12-00-102","status":"publish","type":"post","link":"https:\/\/www.reunion68.se\/?p=121840","title":{"rendered":"President Milei Announces Argentina Will Move Embassy in Israel to Jerusalem Next Year"},"content":{"rendered":"<h5 style=\"text-align: center;\"><a href=\"https:\/\/www.algemeiner.com\/\" target=\"_blank\" rel=\"noopener noreferrer\"><img decoding=\"async\" class=\"center alignleft\" src=\"http:\/\/www.reunion68.com\/Biuletyn\/img\/algem.png\" alt=\"\" width=\"35%\" \/><\/a><span style=\"text-decoration: underline; color: #000080;\"><span><strong><a style=\"color: #000080; text-decoration: underline;\" href=\"https:\/\/www.algemeiner.com\/2025\/06\/11\/president-milei-announces-argentina-will-move-embassy-israel-jerusalem-next-year\/\" target=\"_blank\" rel=\"noopener noreferrer\">President Milei Announces Argentina Will Move Embassy in Israel to Jerusalem Next Year<\/a><\/strong><\/span><\/span><\/h5>\n<p style=\"text-align: center;\"><span style=\"color: #000000;\"><strong>Debbie Weiss<\/strong><\/span><\/p>\n<hr style=\"height: 15px; background: #d0e6fa; width: 100%;\" \/>\n<p style=\"text-align: center;\"><img decoding=\"async\" class=\"aligncenter\" src=\"https:\/\/www.algemeiner.com\/wp-content\/uploads\/2025\/06\/2025-06-11T185323Z_1_LYNXMPEL5A0ZZ_RTROPTP_4_ISRAEL-ARGENTINA-KNESSET-1.jpg\" width=\"100%\" \/><span style=\"color: #808080;\"><em>Argentine President Javier Milei speaks during a Plenum session of the Knesset, Israel\u2019s Parliament, in Jerusalem, June 11, 2025. Photo: REUTERS\/Ronen Zvulun<\/em><\/span><\/p>\n<p style=\"text-align: left;\"><span style=\"color: #000080;\">Argentine President\u00a0<a style=\"color: #000080;\" href=\"https:\/\/www.algemeiner.com\/2023\/12\/12\/new-argentine-president-names-his-personal-rabbi-as-next-ambassador-to-israel\/\" target=\"_blank\" rel=\"noopener noreferrer\">Javier Milei<\/a>\u00a0delivered an impassioned address to Israel\u2019s parliament, the Knesset, on Wednesday, in which he announced that Argentina would relocate its embassy to Jerusalem next year. He also declared his country\u2019s full support for Israel\u2019s war against Hamas and accused much of the international community of siding with terrorists.<\/span><\/p>\n<p style=\"text-align: left;\"><span style=\"color: #000080;\">\u201cI am proud to announce before you that in 2026 we will make effective the move of our embassy to the city of west Jerusalem,\u201d Milei declared.\u00a0<\/span><\/p>\n<p style=\"text-align: left;\"><span style=\"color: #000080;\">Milei said\u00a0<a style=\"color: #000080;\" href=\"https:\/\/www.algemeiner.com\/2024\/02\/06\/new-argentine-president-lands-in-israel-with-pledge-to-move-embassy-to-jerusalem\/\" target=\"_blank\" rel=\"noopener noreferrer\">Argentina stood firmly with Israel<\/a>\u00a0at a time when, in his view, much of the international community had failed to do so. \u201cArgentina stands by you in these difficult days. Unfortunately, the same cannot be said about a large part of the international community that is being manipulated by terrorists and turning victims into perpetrators,\u201d he said.<\/span><\/p>\n<p style=\"text-align: left;\"><span style=\"color: #000080;\">\u201cHow does the world allow a murderous terrorist organization to continue to hold innocent civilians hostage?\u201d Milei asked, referring to the dozens of captives still being held in Gaza following the Hamas-led invasion of Israel on Oct. 7, 2023. \u201cWhen both sides are good and evil, there is no moral equality here.\u201d<\/span><\/p>\n<p style=\"text-align: left;\"><span style=\"color: #000080;\">Milei also attacked\u00a0<a style=\"color: #000080;\" href=\"https:\/\/www.algemeiner.com\/2025\/06\/09\/greta-thunberg-fellow-actvists-gaza-bound-flotilla-be-shown-oct-7-footage-israels-defense-minister-says\/\" target=\"_blank\" rel=\"noopener noreferrer\">climate activist Greta Thunberg<\/a>, who was detained and deported by Israel after she attempted to break the Gaza blockade by sea. \u201cShe became a hired gun for a bit of media attention, claiming that she was kidnapped when there are really hostages in subhuman conditions in Gaza,\u201d he said.<\/span><\/p>\n<p style=\"text-align: left;\"><span style=\"color: #000080;\">Milei\u2019s\u00a0<a style=\"color: #000080;\" href=\"https:\/\/www.algemeiner.com\/2025\/06\/09\/argentine-president-milei-set-visit-israel-strengthen-ties-boost-cooperation\/\" target=\"_blank\" rel=\"noopener noreferrer\">three-day visit to Israel<\/a>\u00a0\u2013 the longest leg of a ten-day foreign tour \u2013 began with a prayer at the Western Wall and included meetings with Israeli leaders, most notably Prime Minister Benjamin Netanyahu, who paused his corruption trial earlier in the day to host the Argentine leader.\u00a0<\/span><\/p>\n<p style=\"text-align: left;\"><span style=\"color: #000080;\">\u201cJavier, you are a true friend,\u201d Netanyahu said, speaking hoarsely. \u201cWe both woke up with sore throats. The question is, who infected whom? But we also \u2018infect\u2019 one another with friendship \u2014 both personally and between our nations.\u201d<\/span><\/p>\n<p style=\"text-align: left;\"><span style=\"color: #000080;\">\u201cFor 20 months, we have been fighting human monsters,\u201d Netanyahu said. \u201cYou said clearly: \u2018We stand with you in the fight against the forces of darkness.\u2019 This is a just war like no other. Terror seeks to drag us back to the darkness of the Middle Ages, and we will fight it with all our might.\u201d<\/span><\/p>\n<p style=\"text-align: left;\"><span style=\"color: #000080;\">Milei framed his support for Israel within a broader critique of global threats to democratic societies. \u201cWhether we like it or not, the West is being tested. Various forms of barbaric tyranny are attacking us and have no relation to democracy,\u201d he said.<\/span><\/p>\n<p style=\"text-align: left;\"><span style=\"color: #000080;\">Arab lawmakers did not attend Milei\u2019s Knesset address.\u00a0<\/span><\/p>\n<p style=\"text-align: left;\"><span style=\"color: #000080;\">During the visit, Milei met with survivors of Hamas captivity and relatives of Argentine hostages still being held in Gaza. Twenty-seven Argentine nationals were murdered on Oct. 7, 2023, and a further 21 were taken hostage, including\u00a0<a style=\"color: #000080;\" href=\"https:\/\/www.algemeiner.com\/2025\/02\/20\/argentina-declare-national-day-mourning-honor-israeli-argentine-bibas-children-killed-hamas-captivity\/\" target=\"_blank\" rel=\"noopener noreferrer\">Shiri Bibas and her two toddler sons, Ariel and Kfir<\/a>, all of whom were murdered in captivity.\u00a0<\/span><\/p>\n<p style=\"text-align: left;\"><span style=\"color: #000080;\">\u201cWe continue to demand the unconditional return of the four Argentines who are still held captive \u2013 Eitan Horn, Ariel and David Cunio, and Lior Rudaeff \u2013 and all those kidnapped and still held by the terrorist organization Hamas,\u201d Milei said during a meeting with Israeli President Isaac Herzog at the president\u2019s residence in Jerusalem on Tuesday.<\/span><\/p>\n<p style=\"text-align: left;\"><span style=\"color: #000080;\">Herzog expressed the country\u2019s admiration for Milei, saying, \u201cDuring your presidency, my friend Milei, our relations have reached new heights \u2013 and will continue to rise. You love Israel \u2013 and we love you.\u201d<\/span><\/p>\n<p style=\"text-align: left;\"><span style=\"color: #000080;\">A rocket fired by the\u00a0<a style=\"color: #000080;\" href=\"https:\/\/www.algemeiner.com\/2025\/06\/10\/israel-strikes-hodeidah-port-threatens-naval-air-blockade-latest-moves-against-yemens-houthis\/\" target=\"_blank\" rel=\"noopener noreferrer\">Iran-backed Houthi terrorist group in Yemen<\/a>\u00a0on Tuesday evening triggered air raid sirens across Israel, sending millions \u2013 including Milei in his Jerusalem hotel \u2013 into shelters. The incident prompted him to write on X: \u201cI strongly recommend that when you react to what happens in Israel, remember what it\u2019s like to live in this situation. I witnessed this from the hotel where I\u2019m staying in Jerusalem.\u201d<\/span><\/p>\n<p style=\"text-align: left;\"><span style=\"color: #000080;\">The following day, Milei canceled a planned tour of the City of David archaeological site due to illness. His itinerary was expected to conclude Thursday with a return visit to the Western Wall.<\/span><\/p>\n<p style=\"text-align: left;\"><span style=\"color: #000080;\">Milei was also expected to unveil plans for nonstop flights connecting Buenos Aires and Tel Aviv, which would mark the first direct air link between the two countries since Israeli agents apprehended Nazi war criminal Adolf Eichmann in 1960.\u00a0<\/span><\/p>\n<p style=\"text-align: left;\"><span style=\"color: #000080;\">Since taking office in December,\u00a0<a style=\"color: #000080;\" href=\"https:\/\/www.algemeiner.com\/2025\/05\/09\/argentine-jewish-leader-praises-milei-buenos-aires-ramps-up-pressure-iran-1994-bombing\/\" target=\"_blank\" rel=\"noopener noreferrer\">Milei has made Israel a focal point<\/a>\u00a0of his foreign policy and has visited the Jewish state twice in as many years. He pledged to move Argentina\u2019s embassy to Jerusalem during his earlier visit.<\/span><\/p>\n<p style=\"text-align: left;\"><span style=\"color: #000080;\">The embassy move would place Argentina in alignment with the United States and five other countries: Guatemala, Honduras, Kosovo, Paraguay, and Papua New Guinea, all of which moved their embassies from Tel Aviv. The Argentine embassy is currently located in Herzliya, a coastal city to the north of Tel Aviv.<\/span><\/p>\n<hr style=\"height: 15px; background: #d0e6fa; width: 100%;\" \/>\n<div id=\"content\" class=\"content-alignment\">\n<div id=\"watch-description\" class=\"yt-uix-button-panel\">\n<div id=\"watch-description-text\" style=\"text-align: center;\">\n<p><em>Zawarto\u015b\u0107 publikowanych artyku\u0142\u00f3w i materia\u0142\u00f3w nie reprezentuje pogl\u0105d\u00f3w ani opinii Reunion&#8217;68,<\/em><em><br \/>\nani te\u017c webmastera Blogu Reunion&#8217;68, chyba ze jest to wyra\u017anie zaznaczone.<br \/>\nTwoje uwagi, linki, w\u0142asne artyku\u0142y lub wiadomo\u015bci prze\u015blij na adres:<br \/>\n<\/em><span style=\"color: #000080;\"><strong><em><a style=\"color: #000080;\" href=\"mailto:webmaster@reunion68.com\"><span style=\"text-decoration: underline;\">webmaster@reunion68.com<\/span><\/a><\/em><\/strong><\/span><\/p>\n<\/div>\n<\/div>\n<\/div>\n<hr style=\"width: 100%;\" \/>\n","protected":false},"excerpt":{"rendered":"<p>President Milei Announces Argentina Will Move Embassy in Israel to Jerusalem Next Year Debbie Weiss Argentine President Javier Milei speaks during a Plenum session of the Knesset, Israel\u2019s Parliament, in Jerusalem, June 11, 2025. Photo: REUTERS\/Ronen Zvulun Argentine President\u00a0Javier Milei\u00a0delivered an impassioned address to Israel\u2019s parliament, the Knesset, on Wednesday, in which he announced that [&hellip;]<\/p>\n","protected":false},"author":1,"featured_media":0,"comment_status":"closed","ping_status":"closed","sticky":false,"template":"","format":"standard","meta":[],"categories":[6],"tags":[26,24],"_links":{"self":[{"href":"https:\/\/www.reunion68.se\/index.php?rest_route=\/wp\/v2\/posts\/121840"}],"collection":[{"href":"https:\/\/www.reunion68.se\/index.php?rest_route=\/wp\/v2\/posts"}],"about":[{"href":"https:\/\/www.reunion68.se\/index.php?rest_route=\/wp\/v2\/types\/post"}],"author":[{"embeddable":true,"href":"https:\/\/www.reunion68.se\/index.php?rest_route=\/wp\/v2\/users\/1"}],"replies":[{"embeddable":true,"href":"https:\/\/www.reunion68.se\/index.php?rest_route=%2Fwp%2Fv2%2Fcomments&post=121840"}],"version-history":[{"count":6,"href":"https:\/\/www.reunion68.se\/index.php?rest_route=\/wp\/v2\/posts\/121840\/revisions"}],"predecessor-version":[{"id":121857,"href":"https:\/\/www.reunion68.se\/index.php?rest_route=\/wp\/v2\/posts\/121840\/revisions\/121857"}],"wp:attachment":[{"href":"https:\/\/www.reunion68.se\/index.php?rest_route=%2Fwp%2Fv2%2Fmedia&parent=121840"}],"wp:term":[{"taxonomy":"category","embeddable":true,"href":"https:\/\/www.reunion68.se\/index.php?rest_route=%2Fwp%2Fv2%2Fcategories&post=121840"},{"taxonomy":"post_tag","embeddable":true,"href":"https:\/\/www.reunion68.se\/index.php?rest_route=%2Fwp%2Fv2%2Ftags&post=121840"}],"curies":[{"name":"wp","href":"https:\/\/api.w.org\/{rel}","templated":true}]}}