{"id":12191,"date":"2015-01-09T19:04:24","date_gmt":"2015-01-09T17:04:24","guid":{"rendered":"http:\/\/www.reunion68.se\/?p=12191"},"modified":"2015-01-08T09:49:23","modified_gmt":"2015-01-08T07:49:23","slug":"polacy-zydzi-ewolucja-polskiej-tozsamosci-2","status":"publish","type":"post","link":"https:\/\/www.reunion68.se\/?p=12191","title":{"rendered":"POLACY \u2013 \u017bYDZI: EWOLUCJA POLSKIEJ TO\u017bSAMO\u015aCI"},"content":{"rendered":"<h5 style=\"text-align: center;\"><a href=\"https:\/\/www.youtube.com\/channel\/UC7pMcntdfC9KS9Z4-114eLQ\" target=\"_blank\"><img decoding=\"async\" class=\"center alignleft\" src=\"http:\/\/www.reunion68.com\/Biuletyn\/img\/karski.png\" alt=\"\" width=\"150\" \/><\/a><span style=\"text-decoration: underline; color: #000080;\"><span style=\"text-decoration: underline;\"><strong><a style=\"color: #000080; text-decoration: underline;\" href=\"https:\/\/www.youtube.com\/channel\/UC7pMcntdfC9KS9Z4-114eLQ\" target=\"_blank\">POLACY \u2013 \u017bYDZI: EWOLUCJA POLSKIEJ TO\u017bSAMO\u015aCI<\/a><\/strong><\/span><\/span><\/h5>\n<hr style=\"height: 15px; background: #d0e6fa; width: 710px;\" \/>\n<p style=\"text-align: center;\"><span style=\"color: #333333;\"><strong>Zapraszamy do obejrzenia debaty panelowej POLACY \u2013 \u017bYDZI: EWOLUCJA POLSKIEJ TO\u017bSAMO\u015aCI kt\u00f3ra odby\u0142a si\u0119 w ramach konferencji Jan Karski &#8211; pami\u0119\u0107 i odpowiedzialno\u015b\u0107 organizowanej w dniach 5-6 listopada 2014 na Uniwersytecie Warszawskim przez Fundacj\u0119 Edukacyjn\u0105 Jana Karskiego oraz Muzeum Historii Polski.<\/strong><\/span><\/p>\n<p style=\"text-align: left;\"><span style=\"color: #000080;\">W debacie udzia\u0142 wzi\u0119li:<\/span><br \/>\n<span style=\"color: #000080;\"> Moderator: prof. <strong>Dariusz Stola<\/strong> &#8211; dyrektor Polin &#8211; Muzeum Historii \u017byd\u00f3w Polskich<\/span><br \/>\n<span style=\"color: #000080;\"> prof. dr. hab. <strong>Joanna Tokarska &#8211; Bakir<\/strong> &#8211; antropolo\u017cka kultury, Uniwersytet Warszawski, Polska Akademia Nauk<\/span><br \/>\n<span style=\"color: #000080;\"> prof. J<strong>an Tomasz Gross<\/strong> &#8211; historyk i socjolog, Princeton University<\/span><br \/>\n<span style=\"color: #000080;\"> dr <strong>Piotr M. A. Cywi\u0144ski<\/strong> &#8211; dyrektor Pa\u0144stwowego Muzeum Auschwitz-Birkenau<\/span><br \/>\n<span style=\"color: #000080;\"><strong> Robert Kostro<\/strong> &#8211; dyrektor Muzeum Historii Polski<\/span><br \/>\n<span style=\"color: #000080;\"> prof. <strong>Aleksander Smolar<\/strong> &#8211; politolog, prezes Fundacji im. S. Batorego<\/span><\/p>\n<div id=\"watch-description\" class=\"yt-uix-button-panel\">\n<div id=\"watch-description-text\"><center><br \/>\n<iframe loading=\"lazy\" src=\"\/\/www.youtube.com\/embed\/V3TfngtXq-0?feature=player_detailpage\" width=\"680\" height=\"400\" frameborder=\"0\" allowfullscreen=\"allowfullscreen\"><\/iframe><\/center><\/div>\n<\/div>\n<p>&nbsp;<\/p>\n<hr style=\"height: 15px; background: #d0e6fa; width: 710px;\" \/>\n<div id=\"content\" class=\"  content-alignment&lt;br \/&gt;&lt;br \/&gt; \">\n<div id=\"watch-description\" class=\"yt-uix-button-panel\">\n<div id=\"watch-description-text\">\n<p style=\"text-align: center;\"><span style=\"color: #808080;\"> twoje uwagi, linki, wlasne artykuly, lub wiadomosci przeslij do: <strong><span style=\"text-decoration: underline;\"><span style=\"color: #808080; text-decoration: underline;\"><a href=\"mailto:webmaster@reunion68.com\">webmaster@reunion68.com<\/a><\/span><\/span><\/strong><\/span><\/p>\n<\/div>\n<\/div>\n<\/div>\n<p>&nbsp;<\/p>\n<hr style=\"width: 710px;\" \/>\n","protected":false},"excerpt":{"rendered":"<p>POLACY \u2013 \u017bYDZI: EWOLUCJA POLSKIEJ TO\u017bSAMO\u015aCI Zapraszamy do obejrzenia debaty panelowej POLACY \u2013 \u017bYDZI: EWOLUCJA POLSKIEJ TO\u017bSAMO\u015aCI kt\u00f3ra odby\u0142a si\u0119 w ramach konferencji Jan Karski &#8211; pami\u0119\u0107 i odpowiedzialno\u015b\u0107 organizowanej w dniach 5-6 listopada 2014 na Uniwersytecie Warszawskim przez Fundacj\u0119 Edukacyjn\u0105 Jana Karskiego oraz Muzeum Historii Polski. W debacie udzia\u0142 wzi\u0119li: Moderator: prof. Dariusz Stola [&hellip;]<\/p>\n","protected":false},"author":1,"featured_media":0,"comment_status":"closed","ping_status":"closed","sticky":false,"template":"","format":"standard","meta":[],"categories":[4],"tags":[24],"_links":{"self":[{"href":"https:\/\/www.reunion68.se\/index.php?rest_route=\/wp\/v2\/posts\/12191"}],"collection":[{"href":"https:\/\/www.reunion68.se\/index.php?rest_route=\/wp\/v2\/posts"}],"about":[{"href":"https:\/\/www.reunion68.se\/index.php?rest_route=\/wp\/v2\/types\/post"}],"author":[{"embeddable":true,"href":"https:\/\/www.reunion68.se\/index.php?rest_route=\/wp\/v2\/users\/1"}],"replies":[{"embeddable":true,"href":"https:\/\/www.reunion68.se\/index.php?rest_route=%2Fwp%2Fv2%2Fcomments&post=12191"}],"version-history":[{"count":10,"href":"https:\/\/www.reunion68.se\/index.php?rest_route=\/wp\/v2\/posts\/12191\/revisions"}],"predecessor-version":[{"id":12202,"href":"https:\/\/www.reunion68.se\/index.php?rest_route=\/wp\/v2\/posts\/12191\/revisions\/12202"}],"wp:attachment":[{"href":"https:\/\/www.reunion68.se\/index.php?rest_route=%2Fwp%2Fv2%2Fmedia&parent=12191"}],"wp:term":[{"taxonomy":"category","embeddable":true,"href":"https:\/\/www.reunion68.se\/index.php?rest_route=%2Fwp%2Fv2%2Fcategories&post=12191"},{"taxonomy":"post_tag","embeddable":true,"href":"https:\/\/www.reunion68.se\/index.php?rest_route=%2Fwp%2Fv2%2Ftags&post=12191"}],"curies":[{"name":"wp","href":"https:\/\/api.w.org\/{rel}","templated":true}]}}