{"id":122013,"date":"2025-06-20T17:05:19","date_gmt":"2025-06-20T15:05:19","guid":{"rendered":"http:\/\/www.reunion68.se\/?p=122013"},"modified":"2025-06-20T13:33:21","modified_gmt":"2025-06-20T11:33:21","slug":"20-05-115","status":"publish","type":"post","link":"https:\/\/www.reunion68.se\/?p=122013","title":{"rendered":"Iran u\u017cy\u0142 w Izraelu broni kasetowej? &#8220;Co najmniej 10 miejsc&#8221;"},"content":{"rendered":"<h5 style=\"text-align: center;\"><a href=\"https:\/\/wyborcza.pl\/\" target=\"_blank\" rel=\"noopener noreferrer\"><img decoding=\"async\" class=\"center alignleft\" src=\"http:\/\/www.reunion68.com\/Biuletyn\/img\/wyborcza.png\" alt=\"\" width=\"35%\" \/><\/a><span style=\"text-decoration: underline; color: #000080;\"><strong><a style=\"color: #000080; text-decoration: underline;\" href=\"https:\/\/wyborcza.pl\/7,75399,32036753,iran-uzyl-w-izraelu-broni-kasetowej-co-najmniej-10-miejsc.html#s=S.index-K.C-B.1-L.2.duzy\" target=\"_blank\" rel=\"noopener noreferrer\">Iran u\u017cy\u0142 w Izraelu broni kasetowej? &#8220;Co najmniej 10 miejsc&#8221;<\/a><\/strong><\/span><\/h5>\n<p style=\"text-align: center;\"><span style=\"color: #000000;\"><strong>Jakub Jessa<\/strong><\/span><\/p>\n<hr style=\"height: 15px; background: #d0e6fa; width: 100%;\" \/>\n<p style=\"text-align: center;\"><img decoding=\"async\" class=\"aligncenter\" src=\"https:\/\/bi.im-g.pl\/im\/f9\/8d\/1e\/z32036857AMP,Policjant-oglada-szczatki-rakiety-w-Beer-Shewa--20.jpg\" width=\"100%\" \/><span style=\"color: #808080;\"><em>Policjant ogl\u0105da szcz\u0105tki rakiety w Beer Shewa. 20.06.2025. (Fot. REUTERS\/Amir Cohen)<\/em><\/span><\/p>\n<p style=\"text-align: left;\"><span style=\"color: #000080;\">To pierwsza taka informacja od pocz\u0105tku wojny na Bliskim Wschodzie.<\/span><\/p>\n<div class=\"article--underlead\" style=\"text-align: left;\"><span style=\"color: #000080;\">Jak poinformowa\u0142y izraelskie si\u0142y zbrojne, w nocy z czwartku na pi\u0105tek (19\/20.05) nad Teheran polecia\u0142o oko\u0142o 60 my\u015bliwc\u00f3w. W ataku na ira\u0144sk\u0105 stolic\u0119 u\u017cy\u0142y oko\u0142o 120 rakiet, czego efektem mia\u0142o by\u0107 zbombardowanie kilku zak\u0142ad\u00f3w przemys\u0142owych produkuj\u0105cych pociski rakietowe w okolicy Teheranu.<\/span><\/div>\n<div class=\"article--content article--content-free  \">\n<p class=\"text--paragraph\" style=\"text-align: left;\"><span style=\"color: #000080;\">Wie\u015bci z Iranu s\u0105 szcz\u0105tkowe. W kraju trwa \u201enajwi\u0119ksza blokada internetu w historii kraju&#8221;. Tak sytuacj\u0119 okre\u015bla Amir Rashidi, reprezentuj\u0105cy organizacj\u0119 walcz\u0105c\u0105 o prawa cz\u0142owieka z Iranie: Miaan Group.<\/span><\/p>\n<p class=\"text--paragraph\" style=\"text-align: left;\"><span style=\"color: #000080;\">Pa\u0144stwo zdecydowa\u0142o o na\u0142o\u017ceniu blokady informacyjnej na w\u0142asnych obywateli, t\u0142umacz\u0105c to &#8220;zagro\u017ceniem zewn\u0119trznym&#8221;.\u00a0&#8211; Sytuacja jest gorsza ni\u017c w listopadzie 2019 r. Wtedy ruch internetowy wchodz\u0105cy do Iranu nie by\u0142 ca\u0142kowicie zablokowany. Jednak nawet on zosta\u0142 odci\u0119ty \u2013 doda\u0142 Rashidi.<\/span><\/p>\n<p class=\"text--paragraph\" style=\"text-align: left;\"><span style=\"color: #000080;\">W pi\u0105tkowy (20.06) poranek syreny alarmowe zawy\u0142y te\u017c w po\u0142udniowym Izraelu. Ira\u0144skie pociski nadlecia\u0142y ponownie w okolice miasta Beer Szewa, gdzie wcze\u015bniej Iran zniszczy\u0142 szpital Soroka.<\/span><\/p>\n<p class=\"text--paragraph\" style=\"text-align: left;\"><span style=\"color: #000080;\">Jak ocenia BBC: \u201eWygl\u0105da na to, \u017ce Iran ponownie zaatakowa\u0142 park zaawansowanych technologii Gav-Yam, kt\u00f3ry wed\u0142ug ira\u0144skich urz\u0119dnik\u00f3w by\u0142 celem wczorajszego porannego ataku, kiedy to uderzono w pobliski szpital Soroka&#8221;. Zdj\u0119cia opublikowane na mediach spo\u0142eczno\u015bciowych sugeruj\u0105, \u017ce kolejna ira\u0144ska rakieta uderzy\u0142a w bezpo\u015brednim otoczeniu lokalnej siedziby ameryka\u0144skiej firmy Microsoft.<\/span><\/p>\n<p style=\"text-align: left;\"><span style=\"color: #000080;\">W mie\u015bcie tymczasowo zamkni\u0119to stacj\u0119 kolejow\u0105. W\u0142adze Beer Szewy zwr\u00f3ci\u0142y si\u0119 do mieszka\u0144c\u00f3w z apelem o omijanie miejsca ataku.<\/span><\/p>\n<h4 class=\"text--title font-head-700\"><strong>Wojna Izraela z Iranem. Teheran u\u017cy\u0142 broni kasetowej?<\/strong><\/h4>\n<p class=\"text--paragraph\" style=\"text-align: left;\"><span style=\"color: #000080;\">Wed\u0142ug informacji przekazanych przez rzecznika izraelskich si\u0142 zbrojnych Nadava Shoshaniego w czwartek Iran wystrzeli\u0142 rakiet\u0119 z g\u0142owic\u0105 kasetow\u0105 w kierunku zaludnionego obszaru w \u015brodkowej cz\u0119\u015bci Izraela. W wyniku uderzenia w Or Jehuda nikt nie zgin\u0105\u0142, niewiadoma pozostaje natomiast liczba rannych.<\/span><\/p>\n<blockquote class=\"text--quote font-quotation-500\">\n<p style=\"text-align: left;\"><strong>Izraelskie Dow\u00f3dztwo Frontu Wewn\u0119trznego poinformowa\u0142o o odnalezieniu co najmniej 10 miejsc w \u015brodkowej cz\u0119\u015bci Izraela, kt\u00f3re mog\u0142y zosta\u0107 trafione \u0142adunkami z broni kasetowej.<\/strong><\/p>\n<\/blockquote>\n<p class=\"text--paragraph\" style=\"text-align: left;\"><span style=\"color: #000080;\">Amunicja kasetowa posiada g\u0142owice, kt\u00f3re w odpowiednim momencie wybuchaj\u0105 rozrzucaj\u0105c mniejsze \u0142adunki na du\u017cym obszarze. W 2008 roku w Dublinie podpisano Konwencj\u0119 o zakazie u\u017cycia amunicji kasetowej. Jej stronami jest ponad 100 kraj\u00f3w. Na tej li\u015bcie nie ma natomiast zar\u00f3wno Izrael i Iranu. Konwencji nie przyj\u0119\u0142y te\u017c najwi\u0119ksze \u015bwiatowe mocarstwa, w tym Stany Zjednoczone, Rosja, Chiny i Indie. Polska r\u00f3wnie\u017c nie jest sygnatariuszem konwencji.<\/span><\/p>\n<p class=\"text--paragraph\" style=\"text-align: left;\"><span style=\"color: #000080;\">Jak ocenia \u201eNew York Times&#8221;: \u201eJest to pierwsze doniesienie o u\u017cyciu tego typu broni w obecnej wojnie&#8221;. Ameryka\u0144ski dziennik dodaje, \u017ce \u201eMisja Iranu przy ONZ odm\u00f3wi\u0142a komentarza w sprawie izraelskich zarzut\u00f3w&#8221;. Uderzenia w terytorium Izraela z wykorzystaniem amunicji kasetowej potwierdzi\u0142 te\u017c premier kraju Benjamin Netanjahu.<\/span><\/p>\n<p class=\"text--paragraph\" style=\"text-align: left;\"><span style=\"color: #000080;\">&#8211; Amunicja kasetowa nie rozr\u00f3\u017cnia \u017co\u0142nierzy od cywil\u00f3w, poniewa\u017c rozrzuca pociski na du\u017cym obszarze i pozostawia po sobie niewybuchy, kt\u00f3re przez miesi\u0105ce lub lata stanowi\u0105 zagro\u017cenie dla ludno\u015bci cywilnej, podobnie jak miny l\u0105dowe \u2013 przekazuje starsza doradczyni ds. uzbrojenia w organizacji Human Rights Watch Bonnie Docherty, cytowana przez \u201eNew York Times&#8221;.<\/span><\/p>\n<h4 class=\"text--title font-head-700\"><strong>Donald Trump o udziale USA w wojnie na Bliskim Wschodzie. Dwa tygodnie namys\u0142u<\/strong><\/h4>\n<p class=\"text--paragraph\" style=\"text-align: left;\"><span style=\"color: #000080;\">W czwartek (19.06) g\u0142os w sprawie konfliktu izraelsko-ira\u0144skiego zabra\u0142 te\u017c\u00a0<a style=\"color: #000080;\" href=\"https:\/\/wyborcza.pl\/0,128956.html?tag=Donald+Trump#anchorLink\">Donald Trump<\/a>.<\/span><\/p>\n<p class=\"text--paragraph\" style=\"text-align: left;\"><span style=\"color: #000080;\">Prezydent USA przekaza\u0142 po\u015brednictwem Rzeczniczki Bia\u0142ego Domu Karoline Leavitt: \u201eBior\u0105c pod uwag\u0119 fakt, \u017ce istnieje znacz\u0105ca szansa na negocjacje z Iranem, kt\u00f3re mog\u0105 si\u0119 odby\u0107 w niedalekiej przysz\u0142o\u015bci, podejm\u0119 decyzj\u0119, czy wchodzi\u0107 [do wojny przeciwko Iranowi] w ci\u0105gu najbli\u017cszych dw\u00f3ch tygodni&#8221;.<\/span><\/p>\n<div id=\"banC4\" style=\"text-align: left;\"><span style=\"color: #000080;\">Do sytuacji na Bliskim Wschodzie odni\u00f3s\u0142 si\u0119 te\u017c niemiecki Minister Spraw Zagranicznych Johann Wadephul. Polityk podkre\u015bli\u0142 znaczenie jednoznacznej rezygnacji Teheranu z programu j\u0105drowego w przysz\u0142ej deeskalacji konfliktu.<\/span><\/div>\n<div>.<\/div>\n<div id=\"ads-087-ADBOARD-C-0\" class=\"adviewDFPBanner DFP-087-ADBOARD-C activeBan\" data-ads-slot=\"087-ADBOARD-C\" data-google-query-id=\"CMqkqMDx_40DFVDxOwIdxS8Nbw\"><\/div>\n<\/div>\n<p style=\"text-align: center;\"><img decoding=\"async\" class=\"aligncenter\" src=\"https:\/\/bi.im-g.pl\/im\/12\/8d\/1e\/z32036626IH,Eksplozje-w-Iranie--18-06-2025-.jpg\" width=\"100%\" \/><span style=\"color: #808080;\"><em>Eksplozje w Iranie. 18.06.2025. Fot. REUTERS\/Majid Asgaripour<\/em><\/span><\/p>\n<p class=\"text--paragraph\" style=\"text-align: left;\"><span style=\"color: #000080;\">Wadephul w rozmowie z niemieckim nadawc\u0105 MDR zauwa\u017cy\u0142: \u201edotychczas nie dostrzegli\u015bmy powa\u017cnego podej\u015bcia ze strony Iranu, a zamiast tego widzimy program wzbogacania uranu, kt\u00f3ry znacznie wykracza poza rozs\u0105dne zastosowania cywilne&#8221;.<\/span><\/p>\n<blockquote><p><strong>Doda\u0142 te\u017c, \u017ce je\u015bli po stronie Teheranu \u201eistnieje powa\u017cna i klarowna gotowo\u015b\u0107 do wyrzeczenia si\u0119 programu&#8221; to istnieje droga do powstrzymania dalszej eskalacji wojny.<\/strong><\/p><\/blockquote>\n<p class=\"text--paragraph\" style=\"text-align: left;\"><span style=\"color: #000080;\">W wywiadzie Wadephul podkre\u015bli\u0142 znaczenie pi\u0105tkowych rozm\u00f3w na linii UE-Iran. Szef niemieckiej dyplomacji zaznaczy\u0142, \u017ce maj\u0105 one poparcie USA a \u201eIran powinien teraz zrozumie\u0107, \u017ce musi podej\u015b\u0107 do tych rozm\u00f3w z now\u0105 powag\u0105 i wiarygodno\u015bci\u0105&#8221;.<\/span><\/p>\n<p class=\"text--paragraph\" style=\"text-align: left;\"><span style=\"color: #000080;\">Jeszcze w \u015brod\u0119 (18.06) niemiecki MSZ zwr\u00f3ci\u0142 si\u0119 w \u015brod\u0119 do przyw\u00f3dc\u00f3w Iranu, zapewniaj\u0105c, \u017ce \u201enigdy nie jest za p\u00f3\u017ano, aby zasi\u0105\u015b\u0107 do sto\u0142u negocjacyjnego&#8221;.<\/span><\/p>\n<p class=\"text--paragraph\" style=\"text-align: left;\"><span style=\"color: #000080;\">W pi\u0105tek (20.06) w Genewie odb\u0119dzie si\u0119 spotkanie pomi\u0119dzy UE i Wielk\u0105 Brytani\u0105 a ministrem sprawa zagranicznych Iranu Abbasem Araghchim. W rozmowach udzia\u0142 maj\u0105 wzi\u0105\u0107 mi\u0119dzy innymi wysoka przedstawiciel Unii do spraw zagranicznych i polityki bezpiecze\u0144stwa Kaja Kallasas oraz ministrowie spraw Zagranicznych\u00a0<a style=\"color: #000080;\" href=\"https:\/\/wyborcza.pl\/0,128956.html?tag=francja#anchorLink\">Francji<\/a>, Wielkiej Brytanii i Niemiec.<\/span><\/p>\n<p class=\"text--paragraph\" style=\"text-align: left;\"><span style=\"color: #000080;\">Pi\u0105tkowe rozmowy b\u0119d\u0105 pierwszym bezpo\u015brednim spotkaniem na linii UE-Iran.<\/span><\/p>\n<p class=\"text--paragraph\" style=\"text-align: left;\"><span style=\"color: #000080;\">Jak ocenia \u201eThe New York Times&#8221;: \u201eEuropejczycy odegrali kluczow\u0105 rol\u0119 w zawarciu porozumienia nuklearnego z Iranem w 2015 r., z kt\u00f3rego Trump wycofa\u0142 si\u0119 w 2018 r., ale zostali skutecznie odsuni\u0119ci na bok \u2013 najpierw przez dwustronne rozmowy mi\u0119dzy Stanami Zjednoczonymi a Iranem, a nast\u0119pnie przez wojn\u0119&#8221;.<\/span><\/p>\n<p class=\"text--paragraph\" style=\"text-align: left;\"><span style=\"color: #000080;\">Jak podaje BBC, spotkanie ministr\u00f3w spraw zagranicznych w Genewie b\u0119dzie \u201enajistotniejszym dowodem na zaanga\u017cowanie Europy w ten kryzys&#8221; od czasu wybuchu wojny w poprzednim tygodniu. Mo\u017ce te\u017c okaza\u0107 si\u0119 szans\u0105 na przywr\u00f3cenie dawnej pozycji kontynentu w rozmowach z Teheranem, szczeg\u00f3lnie w obliczu czasu, jaki da\u0142 sobie na zastanowienie Donald Trump.<\/span><\/p>\n<p class=\"text--paragraph\" style=\"text-align: left;\"><span style=\"color: #000080;\">Izraelskie si\u0142y zbrojne poinformowa\u0142y w pi\u0105tek o skutecznym ataku na \u201etrzy platformy rakietowe gotowe do wystrzelenia z Iranu w kierunku Izraela&#8221;. W uderzeniu zgina\u0107 mia\u0142 te\u017c \u201edow\u00f3dca wojskowego, kt\u00f3ry przygotowywa\u0142 si\u0119 do ich wystrzelenia&#8221;. Strona ira\u0144ska do tej pory nie potwierdzi\u0142a tej informacji.<\/span><\/p>\n<hr \/>\n<p style=\"text-align: left;\"><span style=\"color: #808080;\"><em>red. <strong>Micha\u0142 Olszewski<\/strong><\/em><\/span><\/p>\n<hr style=\"height: 15px; background: #d0e6fa; width: 100%;\" \/>\n<div id=\"content\" class=\"content-alignment\">\n<div id=\"watch-description\" class=\"yt-uix-button-panel\">\n<div id=\"watch-description-text\" style=\"text-align: center;\">\n<p><em>Zawarto\u015b\u0107 publikowanych artyku\u0142\u00f3w i materia\u0142\u00f3w nie reprezentuje pogl\u0105d\u00f3w ani opinii Reunion&#8217;68,<\/em><em><br \/>\nani te\u017c webmastera Blogu Reunion&#8217;68, chyba ze jest to wyra\u017anie zaznaczone.<br \/>\nTwoje uwagi, linki, w\u0142asne artyku\u0142y lub wiadomo\u015bci prze\u015blij na adres:<br \/>\n<\/em><span style=\"color: #000080;\"><strong><em><a style=\"color: #000080;\" href=\"mailto:webmaster@reunion68.com\"><span style=\"text-decoration: underline;\">webmaster@reunion68.com<\/span><\/a><\/em><\/strong><\/span><\/p>\n<\/div>\n<\/div>\n<\/div>\n<hr style=\"width: 100%;\" \/>\n","protected":false},"excerpt":{"rendered":"<p>Iran u\u017cy\u0142 w Izraelu broni kasetowej? &#8220;Co najmniej 10 miejsc&#8221; Jakub Jessa Policjant ogl\u0105da szcz\u0105tki rakiety w Beer Shewa. 20.06.2025. (Fot. REUTERS\/Amir Cohen) To pierwsza taka informacja od pocz\u0105tku wojny na Bliskim Wschodzie. Jak poinformowa\u0142y izraelskie si\u0142y zbrojne, w nocy z czwartku na pi\u0105tek (19\/20.05) nad Teheran polecia\u0142o oko\u0142o 60 my\u015bliwc\u00f3w. W ataku na ira\u0144sk\u0105 [&hellip;]<\/p>\n","protected":false},"author":1,"featured_media":0,"comment_status":"closed","ping_status":"closed","sticky":false,"template":"","format":"standard","meta":[],"categories":[6],"tags":[26,24],"_links":{"self":[{"href":"https:\/\/www.reunion68.se\/index.php?rest_route=\/wp\/v2\/posts\/122013"}],"collection":[{"href":"https:\/\/www.reunion68.se\/index.php?rest_route=\/wp\/v2\/posts"}],"about":[{"href":"https:\/\/www.reunion68.se\/index.php?rest_route=\/wp\/v2\/types\/post"}],"author":[{"embeddable":true,"href":"https:\/\/www.reunion68.se\/index.php?rest_route=\/wp\/v2\/users\/1"}],"replies":[{"embeddable":true,"href":"https:\/\/www.reunion68.se\/index.php?rest_route=%2Fwp%2Fv2%2Fcomments&post=122013"}],"version-history":[{"count":10,"href":"https:\/\/www.reunion68.se\/index.php?rest_route=\/wp\/v2\/posts\/122013\/revisions"}],"predecessor-version":[{"id":122034,"href":"https:\/\/www.reunion68.se\/index.php?rest_route=\/wp\/v2\/posts\/122013\/revisions\/122034"}],"wp:attachment":[{"href":"https:\/\/www.reunion68.se\/index.php?rest_route=%2Fwp%2Fv2%2Fmedia&parent=122013"}],"wp:term":[{"taxonomy":"category","embeddable":true,"href":"https:\/\/www.reunion68.se\/index.php?rest_route=%2Fwp%2Fv2%2Fcategories&post=122013"},{"taxonomy":"post_tag","embeddable":true,"href":"https:\/\/www.reunion68.se\/index.php?rest_route=%2Fwp%2Fv2%2Ftags&post=122013"}],"curies":[{"name":"wp","href":"https:\/\/api.w.org\/{rel}","templated":true}]}}