{"id":12203,"date":"2015-01-11T19:00:33","date_gmt":"2015-01-11T17:00:33","guid":{"rendered":"http:\/\/www.reunion68.se\/?p=12203"},"modified":"2015-01-10T16:24:13","modified_gmt":"2015-01-10T14:24:13","slug":"12203","status":"publish","type":"post","link":"https:\/\/www.reunion68.se\/?p=12203","title":{"rendered":"Marzy\u0144ski: Wi\u0119cej Polak\u00f3w wydawa\u0142o \u017byd\u00f3w, ni\u017c ratowa\u0142o"},"content":{"rendered":"<h5 style=\"text-align: center;\"><a href=\"http:\/\/www.krytykapolityczna.pl\/\" target=\"_blank\"><img decoding=\"async\" class=\"center alignleft\" src=\"http:\/\/www.reunion68.com\/Biuletyn\/img\/krytyka.png\" alt=\"\" \/><\/a><span style=\"text-decoration: underline; color: #000080;\"><span style=\"text-decoration: underline;\"><strong><a style=\"color: #000080; text-decoration: underline;\" href=\"http:\/\/www.krytykapolityczna.pl\/artykuly\/kultura\/20131111\/marzynski-wiecej-polakow-wydawalo-zydow-niz-ratowalo\" target=\"_blank\">Marzy\u0144ski: Wi\u0119cej Polak\u00f3w wydawa\u0142o \u017byd\u00f3w, ni\u017c ratowa\u0142o <\/a><\/strong><\/span><\/span><\/h5>\n<p style=\"text-align: center;\"><span style=\"color: #333333;\"><strong>Tomasz Stawiszy\u0144ski, Piotr \u015ami\u0142owicz<\/strong><\/span><\/p>\n<hr style=\"height: 15px; background: #d0e6fa; width: 710px;\" \/>\n<p><img decoding=\"async\" class=\" alignright\" src=\"http:\/\/www.krytykapolityczna.pl\/sites\/krytykapolityczna.pl\/files\/node\/20728\/field_story_temp\/never-forget-to-lie-1.jpg\" alt=\"\" width=\"350\" \/><\/p>\n<p style=\"text-align: left;\"><span style=\"color: #333333;\"><strong>Najwi\u0119cej jednak by\u0142o takich, co przygl\u0105dali si\u0119 z cich\u0105 aprobat\u0105.<\/strong><\/span><\/p>\n<p style=\"text-align: left;\"><span style=\"color: #000080;\">Marian Marzy\u0144ski: O dzieciach, kt\u00f3re prze\u017cy\u0142y Zag\u0142ad\u0119, uciekaj\u0105c z getta warszawskiego. Jestem jednym z nich, tym, kt\u00f3ry po wojnie pozosta\u0142 w Polsce. W\u015br\u00f3d Amerykan\u00f3w panuje przekonanie, \u017ce \u017caden \u017byd w Polsce po Holokau\u015bcie nie zosta\u0142. Bo jak mo\u017cna by\u0142o \u017cy\u0107 po stracie ca\u0142ej rodziny? I w dodatku w komunizmie. Nasza grupa ocala\u0142ych i \u017cyj\u0105cych w Polsce nie da\u0142a o sobie zna\u0107 publiczno\u015bci ameryka\u0144skiej. Mo\u017ce dlatego, \u017ce w Polsce nie bardzo mogli\u015bmy si\u0119 po wojnie chwali\u0107 swoim \u017cydostwem. Nie znik\u0142a rzesza antysemit\u00f3w, szczeg\u00f3lnie w ma\u0142ych miastach, nie zmieni\u0142 si\u0119 repertuar wiejskich ksi\u0119\u017cy. Partia \u017c\u0105da\u0142a, \u017ceby\u015bmy si\u0119 nie rzucali w oczy, np. mojego ojczyma poprosili, \u017ceby zmieni\u0142 imi\u0119 z Dawida na Daniela. Siedzia\u0142 taki towarzysz i m\u00f3wi\u0142: Strasznie nam przykro, \u017ce stracili\u015bcie rodzin\u0119, ale ca\u0142a Polska jest ofiar\u0105, mamy nowy ustr\u00f3j, sprawa \u017cydowska powinna by\u0107 stonowana. To tabu by\u0142o te\u017c wygodne psychologicznie dla rodzin \u017cydowskich, kt\u00f3re same chcia\u0142y uciec od swoich tragedii. Ale z perspektywy czasu wida\u0107, \u017ce by\u0142o to fatalne, bo nie oczy\u015bci\u0142o pola antysemityzmu i spowodowa\u0142o, \u017ce dopiero 40 lat p\u00f3\u017aniej m\u0142odzi Polacy zaczynali si\u0119 dowiadywa\u0107 o losie, jaki spotka\u0142 polskich \u017byd\u00f3w, kiedy\u015b najwi\u0119ksz\u0105 diaspor\u0119 \u017cydowsk\u0105 w<\/span> \u015bwiecie.<\/p>\n<div id=\"content\" class=\"  content-alignment&lt;br \/&gt;&lt;br \/&gt; \">\n<div id=\"watch-description\" class=\"yt-uix-button-panel\">\n<div id=\"watch-description-text\" style=\"text-align: center;\"><span style=\"color: #333333;\">Never Forget To Lie trailer<\/span><br \/>\n<iframe loading=\"lazy\" src=\"\/\/www.youtube.com\/embed\/OZZiTiqTTXI?feature=player_embedded\" width=\"680\" height=\"400\" frameborder=\"0\" allowfullscreen=\"allowfullscreen\"><\/iframe><\/div>\n<\/div>\n<\/div>\n<p>&nbsp;<\/p>\n<p style=\"text-align: right;\"><span style=\"color: #000080;\">Czytaj dalej tu: <strong><span style=\"text-decoration: underline;\"><a style=\"color: #000080; text-decoration: underline;\" href=\"http:\/\/www.krytykapolityczna.pl\/artykuly\/kultura\/20131111\/marzynski-wiecej-polakow-wydawalo-zydow-niz-ratowalo\" target=\"_blank\">Marzy\u0144ski&#8230;<\/a><\/span><\/strong><\/span><\/p>\n<hr style=\"height: 15px; background: #d0e6fa; width: 710px;\" \/>\n<div id=\"content\" class=\"  content-alignment&lt;br \/&gt;&lt;br \/&gt; \">\n<div id=\"watch-description\" class=\"yt-uix-button-panel\">\n<div id=\"watch-description-text\">\n<p style=\"text-align: center;\"><span style=\"color: #808080;\"> twoje uwagi, linki, wlasne artykuly, lub wiadomosci przeslij do: <strong><span style=\"text-decoration: underline;\"><span style=\"color: #808080; text-decoration: underline;\"><a href=\"mailto:webmaster@reunion68.com\">webmaster@reunion68.com<\/a><\/span><\/span><\/strong><\/span><\/p>\n<\/div>\n<\/div>\n<\/div>\n<p>&nbsp;<\/p>\n<hr style=\"width: 710px;\" \/>\n","protected":false},"excerpt":{"rendered":"<p>Marzy\u0144ski: Wi\u0119cej Polak\u00f3w wydawa\u0142o \u017byd\u00f3w, ni\u017c ratowa\u0142o Tomasz Stawiszy\u0144ski, Piotr \u015ami\u0142owicz Najwi\u0119cej jednak by\u0142o takich, co przygl\u0105dali si\u0119 z cich\u0105 aprobat\u0105. Marian Marzy\u0144ski: O dzieciach, kt\u00f3re prze\u017cy\u0142y Zag\u0142ad\u0119, uciekaj\u0105c z getta warszawskiego. Jestem jednym z nich, tym, kt\u00f3ry po wojnie pozosta\u0142 w Polsce. W\u015br\u00f3d Amerykan\u00f3w panuje przekonanie, \u017ce \u017caden \u017byd w Polsce po Holokau\u015bcie nie [&hellip;]<\/p>\n","protected":false},"author":1,"featured_media":0,"comment_status":"closed","ping_status":"closed","sticky":false,"template":"","format":"standard","meta":[],"categories":[4],"tags":[24],"_links":{"self":[{"href":"https:\/\/www.reunion68.se\/index.php?rest_route=\/wp\/v2\/posts\/12203"}],"collection":[{"href":"https:\/\/www.reunion68.se\/index.php?rest_route=\/wp\/v2\/posts"}],"about":[{"href":"https:\/\/www.reunion68.se\/index.php?rest_route=\/wp\/v2\/types\/post"}],"author":[{"embeddable":true,"href":"https:\/\/www.reunion68.se\/index.php?rest_route=\/wp\/v2\/users\/1"}],"replies":[{"embeddable":true,"href":"https:\/\/www.reunion68.se\/index.php?rest_route=%2Fwp%2Fv2%2Fcomments&post=12203"}],"version-history":[{"count":19,"href":"https:\/\/www.reunion68.se\/index.php?rest_route=\/wp\/v2\/posts\/12203\/revisions"}],"predecessor-version":[{"id":12235,"href":"https:\/\/www.reunion68.se\/index.php?rest_route=\/wp\/v2\/posts\/12203\/revisions\/12235"}],"wp:attachment":[{"href":"https:\/\/www.reunion68.se\/index.php?rest_route=%2Fwp%2Fv2%2Fmedia&parent=12203"}],"wp:term":[{"taxonomy":"category","embeddable":true,"href":"https:\/\/www.reunion68.se\/index.php?rest_route=%2Fwp%2Fv2%2Fcategories&post=12203"},{"taxonomy":"post_tag","embeddable":true,"href":"https:\/\/www.reunion68.se\/index.php?rest_route=%2Fwp%2Fv2%2Ftags&post=12203"}],"curies":[{"name":"wp","href":"https:\/\/api.w.org\/{rel}","templated":true}]}}