{"id":122184,"date":"2025-06-27T17:09:11","date_gmt":"2025-06-27T15:09:11","guid":{"rendered":"http:\/\/www.reunion68.se\/?p=122184"},"modified":"2025-06-27T08:37:26","modified_gmt":"2025-06-27T06:37:26","slug":"27-09-105","status":"publish","type":"post","link":"https:\/\/www.reunion68.se\/?p=122184","title":{"rendered":"&#8220;Israel Hajom&#8221;: Netanjahu zgodzi\u0142 si\u0119 zako\u0144czy\u0107 wojn\u0119 w Strefie Gazy w ci\u0105gu dw\u00f3ch tygodni"},"content":{"rendered":"<p style=\"text-align: center;\"><img decoding=\"async\" class=\"aligncenter\" src=\"https:\/\/bi.im-g.pl\/im\/21\/93\/1e\/z32059425AMP,Ofiary-izraelskiego-ataku-w-Deir-al-Balah-w-drodze.jpg\" width=\"100%\" \/><span style=\"color: #808080;\"><em>Ofiary izraelskiego ataku w Deir al-Balah w drodze do szpitala Al-Aksa Martyrs w centralnej cz\u0119\u015bci Strefy Gazy, 26 czerwca 2025 r. (Fot. REUTERS\/Ramadan Abed)<\/em><\/span><\/p>\n<hr \/>\n<h5 style=\"text-align: center;\"><a href=\"https:\/\/wyborcza.pl\/\" target=\"_blank\" rel=\"noopener noreferrer\"><img decoding=\"async\" class=\"center alignleft\" src=\"http:\/\/www.reunion68.com\/Biuletyn\/img\/wyborcza.png\" alt=\"\" width=\"35%\" \/><\/a><span style=\"text-decoration: underline; color: #000080;\"><strong><a style=\"color: #000080; text-decoration: underline;\" href=\"https:\/\/wyborcza.pl\/7,75399,32059311,israel-hajom-netanjahu-zgodzil-sie-zakonczyc-wojne-w-strefie.html#s=S.index-K.C-B.1-L.3.duzy\" target=\"_blank\" rel=\"noopener noreferrer\">&#8220;Israel Hajom&#8221;: Netanjahu zgodzi\u0142 si\u0119 zako\u0144czy\u0107 wojn\u0119 w Strefie Gazy w ci\u0105gu dw\u00f3ch tygodni<\/a><\/strong><\/span><\/h5>\n<p style=\"text-align: center;\"><span style=\"color: #000000;\"><strong>Wojciech Podg\u00f3rski \/ PAP<\/strong><\/span><\/p>\n<hr style=\"height: 15px; background: #d0e6fa; width: 100%;\" \/>\n<div class=\"text--lead \" style=\"text-align: left;\" data-progress-bar-content=\"\"><span style=\"color: #000080;\">Premier Izraela Benjamin Netanjahu doszed\u0142 do takich wniosk\u00f3w w rozmowie z prezydentem USA Donaldem Trumpem. Plan przyw\u00f3dc\u00f3w zak\u0142ada te\u017c uznanie Izraela przez kolejne pa\u0144stwa arabskie.<\/span><\/div>\n<div class=\"article--content article--content-free  \" style=\"text-align: left;\">\n<p class=\"text--paragraph\"><span style=\"color: #000080;\">Netanjahu i Trump zgodzili si\u0119 na kilka punkt\u00f3w, kt\u00f3re maj\u0105 zosta\u0107 &#8220;szybko wcielone w \u017cycie&#8221;. Do ustale\u0144 dosz\u0142o w trakcie rozmowy przeprowadzonej bezpo\u015brednio\u00a0<span style=\"text-decoration: underline;\"><strong><a id=\"LinkArea:embed_link\" class=\"text--link \" style=\"color: #000080; text-decoration: underline;\" title=\"po ataku USA na ira\u0144skie instalacje nuklearne\" href=\"https:\/\/wyborcza.pl\/7,75399,32053359,reuters-ataki-usa-na-iran-mogly-cofnac-iranski-program-nuklearny.html#s=S.embed_link-K.C-B.1-L.1.zw\" rel=\"dofollow\" data-bd-viewability=\"1\" data-bd-viewability-id=\"embed_link\" data-bd-viewability-href=\"https:\/\/wyborcza.pl\/7,75399,32053359,reuters-ataki-usa-na-iran-mogly-cofnac-iranski-program-nuklearny.html#s=S.embed_link-K.C-B.1-L.1.zw\">po ataku USA na ira\u0144skie instalacje nuklearne<\/a>,<\/strong><\/span> a informacj\u0119\u00a0poda\u0142 w czwartek (26 czerwca) izraelski dziennik &#8220;Israel Hajom&#8221; (bezp\u0142atna, najbardziej rozpowszechniona gazeta w kraju), powo\u0142uj\u0105c si\u0119 na zaznajomione ze spraw\u0105 \u017ar\u00f3d\u0142o.<\/span><\/p>\n<p class=\"text--paragraph\"><span style=\"color: #000080;\">&#8220;W ci\u0105gu dw\u00f3ch tygodni ma si\u0119 zako\u0144czy\u0107 wojna w Strefie Gazy. Odpowiedzialno\u015b\u0107 za palesty\u0144skie terytorium maj\u0105 przej\u0105\u0107 cztery pa\u0144stwa arabskie, w tym Egipt i Zjednoczone Emiraty Arabskie. Przyw\u00f3dcy Hamasu zostan\u0105 wygnani, a wszyscy izraelscy zak\u0142adnicy uwolnieni&#8221; &#8211; zdradza szczeg\u00f3\u0142y &#8220;Israel Hajom&#8221;.<\/span><\/p>\n<\/div>\n<p style=\"text-align: left;\"><span style=\"color: #000080;\">Gazeta dodaje, \u017ce &#8220;wiele pa\u0144stw \u015bwiata przyjmie licznych mieszka\u0144c\u00f3w Strefy Gazy, kt\u00f3rzy chc\u0105 z niej wyemigrowa\u0107&#8221;.<\/span><\/p>\n<h4 class=\"text--title font-head-700\"><strong>Wojna w Strefie Gazy. Netanjahu og\u0142asza zwyci\u0119stwo<\/strong><\/h4>\n<p class=\"text--paragraph\" style=\"text-align: left;\"><span style=\"color: #000080;\">Po publikacji tych doniesie\u0144 premier Netanjahu\u00a0opublikowa\u0142 nagranie, w kt\u00f3rym podkre\u015bli\u0142, \u017ce Izrael ma szans\u0119 na \u201edrastyczne rozszerzenie&#8221; swoich porozumie\u0144 normalizacyjnych.<\/span><\/p>\n<p class=\"text--paragraph\" style=\"text-align: left;\"><span style=\"color: #000080;\">&#8211; Walczyli\u015bmy dzielnie z Iranem \u2013 i odnie\u015bli\u015bmy wielkie zwyci\u0119stwo &#8211; podkre\u015bli\u0142 Netanjahu. I doda\u0142:<\/span><\/p>\n<blockquote><p><strong>&#8211; To zwyci\u0119stwo otwiera okazj\u0119 do dramatycznego rozszerzenia porozumie\u0144 pokojowych. Ci\u0119\u017cko nad tym pracujemy.<\/strong><\/p><\/blockquote>\n<p><iframe loading=\"lazy\" id=\"twitter-widget-0\" class=\"\" title=\"X Post\" src=\"https:\/\/platform.twitter.com\/embed\/Tweet.html?dnt=false&amp;embedId=twitter-widget-0&amp;features=eyJ0ZndfdGltZWxpbmVfbGlzdCI6eyJidWNrZXQiOltdLCJ2ZXJzaW9uIjpudWxsfSwidGZ3X2ZvbGxvd2VyX2NvdW50X3N1bnNldCI6eyJidWNrZXQiOnRydWUsInZlcnNpb24iOm51bGx9LCJ0ZndfdHdlZXRfZWRpdF9iYWNrZW5kIjp7ImJ1Y2tldCI6Im9uIiwidmVyc2lvbiI6bnVsbH0sInRmd19yZWZzcmNfc2Vzc2lvbiI6eyJidWNrZXQiOiJvbiIsInZlcnNpb24iOm51bGx9LCJ0ZndfZm9zbnJfc29mdF9pbnRlcnZlbnRpb25zX2VuYWJsZWQiOnsiYnVja2V0Ijoib24iLCJ2ZXJzaW9uIjpudWxsfSwidGZ3X21peGVkX21lZGlhXzE1ODk3Ijp7ImJ1Y2tldCI6InRyZWF0bWVudCIsInZlcnNpb24iOm51bGx9LCJ0ZndfZXhwZXJpbWVudHNfY29va2llX2V4cGlyYXRpb24iOnsiYnVja2V0IjoxMjA5NjAwLCJ2ZXJzaW9uIjpudWxsfSwidGZ3X3Nob3dfYmlyZHdhdGNoX3Bpdm90c19lbmFibGVkIjp7ImJ1Y2tldCI6Im9uIiwidmVyc2lvbiI6bnVsbH0sInRmd19kdXBsaWNhdGVfc2NyaWJlc190b19zZXR0aW5ncyI6eyJidWNrZXQiOiJvbiIsInZlcnNpb24iOm51bGx9LCJ0ZndfdXNlX3Byb2ZpbGVfaW1hZ2Vfc2hhcGVfZW5hYmxlZCI6eyJidWNrZXQiOiJvbiIsInZlcnNpb24iOm51bGx9LCJ0ZndfdmlkZW9faGxzX2R5bmFtaWNfbWFuaWZlc3RzXzE1MDgyIjp7ImJ1Y2tldCI6InRydWVfYml0cmF0ZSIsInZlcnNpb24iOm51bGx9LCJ0ZndfbGVnYWN5X3RpbWVsaW5lX3N1bnNldCI6eyJidWNrZXQiOnRydWUsInZlcnNpb24iOm51bGx9LCJ0ZndfdHdlZXRfZWRpdF9mcm9udGVuZCI6eyJidWNrZXQiOiJvbiIsInZlcnNpb24iOm51bGx9fQ%3D%3D&amp;frame=false&amp;hideCard=false&amp;hideThread=false&amp;id=1938284745659404683&amp;lang=pl&amp;origin=https%3A%2F%2Fwyborcza.pl%2F7%2C75399%2C32059311%2Cisrael-hajom-netanjahu-zgodzil-sie-zakonczyc-wojne-w-strefie.html&amp;sessionId=7f2830f4e8288082475fa3848bdac7da24e1501b&amp;theme=light&amp;widgetsVersion=2615f7e52b7e0%3A1702314776716&amp;width=550px\" width=\"650\" height=\"600\" frameborder=\"0\" scrolling=\"yes\" allowfullscreen=\"allowfullscreen\" data-tweet-id=\"1938284745659404683\"><\/iframe><\/p>\n<p class=\"text--paragraph\" style=\"text-align: left;\"><span style=\"color: #000080;\">A potem jeszcze zaznaczy\u0142: &#8211; Wraz z uwolnieniem naszych zak\u0142adnik\u00f3w i pokonaniem Hamasu jest tu okno mo\u017cliwo\u015bci, kt\u00f3rego nie wolno przegapi\u0107. Nie mo\u017cna zmarnowa\u0107 ani jednego dnia.<\/span><\/p>\n<h4 class=\"text--title font-head-700\" style=\"text-align: left;\"><strong>Jak ma wygl\u0105da\u0107 niepodleg\u0142e pa\u0144stwo palesty\u0144skie?<\/strong><\/h4>\n<p class=\"text--paragraph\" style=\"text-align: left;\"><span style=\"color: #000080;\">Przyw\u00f3dcy USA i Izraela mieli te\u017c zgodzi\u0107 si\u0119 na rozszerzenie tzw. Porozumie\u0144 Abrahamowych o kolejne pa\u0144stwa arabskie i muzu\u0142ma\u0144skie, w pierwszej kolejno\u015bci Arabi\u0119 Saudyjsk\u0105 i Syri\u0119. Porozumienia Abrahamowe to seria zawieranych przy wsp\u00f3\u0142pracy z USA um\u00f3w normalizuj\u0105cych stosunki mi\u0119dzy Izraelem a pa\u0144stwami arabskimi.\u00a0<a id=\"LinkArea:embed_link\" class=\"text--link \" style=\"color: #000080;\" title=\"Za pierwszej kadencji Trumpa uda\u0142o si\u0119 nimi obj\u0105\u0107 m.in. ZEA, Bahrajn i Maroko\" href=\"https:\/\/wyborcza.pl\/7,75399,26412170,ambasador-zea-odslania-kulisy-tajnego-porozumienia-z-izraelem.html#s=S.embed_link-K.C-B.1-L.2.zw\" rel=\"dofollow\" data-bd-viewability=\"1\" data-bd-viewability-id=\"embed_link\" data-bd-viewability-href=\"https:\/\/wyborcza.pl\/7,75399,26412170,ambasador-zea-odslania-kulisy-tajnego-porozumienia-z-izraelem.html#s=S.embed_link-K.C-B.1-L.2.zw\">Za pierwszej kadencji Trumpa uda\u0142o si\u0119 nimi obj\u0105\u0107 m.in. ZEA, Bahrajn i Maroko<\/a>.<\/span><\/p>\n<p class=\"text--paragraph\" style=\"text-align: left;\"><span style=\"color: #000080;\">By osi\u0105gn\u0105\u0107 ten cel, Izrael ma &#8220;zadeklarowa\u0107 swoj\u0105 gotowo\u015b\u0107 do rozwi\u0105zania konfliktu z Palesty\u0144czykami w ramach &#8220;rozwi\u0105zania dwupa\u0144stwowego&#8221;, czego warunkiem b\u0119dzie zreformowanie Autonomii Palesty\u0144skiej&#8221; &#8211; zaznacza &#8220;Israel Hajom&#8221;.<\/span><\/p>\n<p style=\"text-align: center;\"><img decoding=\"async\" class=\"aligncenter\" src=\"https:\/\/bi.im-g.pl\/im\/22\/93\/1e\/z32059426IH,Premier-Izraela-Benjamin-Netanjahu.jpg\" width=\"100%\" \/><span style=\"color: #808080;\"><em>Premier Izraela Benjamin Netanjahu Fot. REUTERS\/Jack Guez<\/em><\/span><\/p>\n<p><span style=\"color: #000080;\">Jako rozwi\u0105zanie dwupa\u0144stwowe okre\u015bla si\u0119 ide\u0119 utworzenia, obok Izraela, niepodleg\u0142ego pa\u0144stwa palesty\u0144skiego. Jest to program wspierany m.in. przez UE i ONZ.\u00a0<a id=\"LinkArea:embed_link\" class=\"text--link \" style=\"color: #000080;\" title=\"Przez ostatnie lata wspiera\u0142a go r\u00f3wnie\u017c dyplomacja USA\" href=\"https:\/\/wyborcza.pl\/7,75399,30510490,amerykanie-w-gazie-powinna-rzadzic-autonomia-palestynska.html#s=S.embed_link-K.C-B.1-L.3.zw\" rel=\"dofollow\" data-bd-viewability=\"1\" data-bd-viewability-id=\"embed_link\" data-bd-viewability-href=\"https:\/\/wyborcza.pl\/7,75399,30510490,amerykanie-w-gazie-powinna-rzadzic-autonomia-palestynska.html#s=S.embed_link-K.C-B.1-L.3.zw\">Przez ostatnie lata wspiera\u0142a go r\u00f3wnie\u017c dyplomacja USA<\/a>. Trump w czasie drugiej kadencji nie przedstawi\u0142 na ten temat swojego stanowiska.<\/span><\/p>\n<p class=\"text--paragraph\"><span style=\"color: #000080;\">Obecny rz\u0105d Izraela do tej pory odrzuca\u0142 rozwi\u0105zanie dwupa\u0144stwowe. Arabia Saudyjska podkre\u015bla\u0142a natomiast, \u017ce przyj\u0119cie planu utworzenia niepodleg\u0142ej Palestyny jest warunkiem unormowania relacji z Izraelem.<\/span><\/p>\n<p class=\"text--paragraph\"><span style=\"color: #000080;\">Netanjahu i Trump mieli si\u0119 jednocze\u015bnie zgodzi\u0107 na to, \u017ce USA uznaj\u0105 suwerenno\u015b\u0107 Izraela nad niekt\u00f3rymi obszarami okupowanego Zachodniego Brzegu. Autonomia Palesty\u0144ska chce, by Zachodni Brzeg i Stref Gazy wesz\u0142y w sk\u0142ad przysz\u0142ego pa\u0144stwa palesty\u0144skiego.<\/span><\/p>\n<h4 class=\"text--title font-head-700\" style=\"text-align: left;\"><strong>Dramatyczna sytuacja w Strefie Gazy<\/strong><\/h4>\n<p class=\"text--paragraph\" style=\"text-align: left;\"><span style=\"color: #000080;\">Wojna w Strefie Gazy trwa od 7 pa\u017adziernika 2023 r., gdy w ataku Hamasu na po\u0142udnie Izraela zgin\u0119\u0142o oko\u0142o 1200 os\u00f3b, a 251 zosta\u0142o porwanych.\u00a0<a id=\"LinkArea:embed_link\" class=\"text--link \" style=\"color: #000080;\" title=\"Kilkudziesi\u0119ciu zak\u0142adnik\u00f3w wci\u0105\u017c pozostaje w r\u0119kach terroryst\u00f3w\" href=\"https:\/\/wyborcza.pl\/7,75399,31817319,bedzie-nowy-rozejm-w-gazie-izrael-i-hamas-wstepnie-sie-zgadzaja.html#s=S.embed_link-K.C-B.1-L.4.zw\" rel=\"dofollow\" data-bd-viewability=\"1\" data-bd-viewability-id=\"embed_link\" data-bd-viewability-href=\"https:\/\/wyborcza.pl\/7,75399,31817319,bedzie-nowy-rozejm-w-gazie-izrael-i-hamas-wstepnie-sie-zgadzaja.html#s=S.embed_link-K.C-B.1-L.4.zw\">Kilkudziesi\u0119ciu zak\u0142adnik\u00f3w wci\u0105\u017c pozostaje w r\u0119kach terroryst\u00f3w<\/a>. Wed\u0142ug danych kontrolowanej przez Hamas administracji izraelski odwet poch\u0142on\u0105\u0142 ju\u017c \u017cycie oko\u0142o 56,2 tys. Palesty\u0144czyk\u00f3w, g\u0142\u00f3wnie cywil\u00f3w.<\/span><\/p>\n<p class=\"text--paragraph\" style=\"text-align: left;\"><span style=\"color: #000080;\">Strefa Gazy jest zrujnowana, panuje w niej kryzys humanitarny. Nasila si\u0119 te\u017c mi\u0119dzynarodowa krytyka Izraela dotycz\u0105ca<a id=\"LinkArea:embed_link\" class=\"text--link \" style=\"color: #000080;\" title=\" tragicznych dla ludno\u015bci cywilnej skutk\u00f3w ofensywy\" href=\"https:\/\/wyborcza.pl\/7,75399,32052296,kilkudziesieciu-zabitych-palestynczykow-w-strefie-gazy-caly.html#s=S.embed_link-K.C-B.1-L.5.zw\" rel=\"dofollow\" data-bd-viewability=\"1\" data-bd-viewability-id=\"embed_link\" data-bd-viewability-href=\"https:\/\/wyborcza.pl\/7,75399,32052296,kilkudziesieciu-zabitych-palestynczykow-w-strefie-gazy-caly.html#s=S.embed_link-K.C-B.1-L.5.zw\">\u00a0tragicznych dla ludno\u015bci cywilnej skutk\u00f3w ofensywy<\/a>\u00a0i nieprzepuszczania wystarczaj\u0105cej ilo\u015bci pomocy humanitarnej.<\/span><\/p>\n<p class=\"text--paragraph\" style=\"text-align: left;\"><span style=\"color: #000080;\">Izrael nie przedstawi\u0142 do tej pory sp\u00f3jnej wizji powojennej przysz\u0142o\u015bci Strefy Gazy, ale wyklucza\u0142, by przy w\u0142adzy m\u00f3g\u0142 tam pozosta\u0107 Hamas. Izrael nie zgadza si\u0119 te\u017c na administrowanie tym obszarem przez Autonomi\u0119 Palesty\u0144sk\u0105. Pa\u0144stwa arabskie przedstawi\u0142y w\u0142asny program odbudowy tego terytorium, kt\u00f3ry zak\u0142ada, \u017ce docelowo rz\u0105dzi\u0142aby nim Autonomia Palesty\u0144ska.<\/span><\/p>\n<hr \/>\n<p class=\"text--paragraph\"><span style=\"color: #808080;\"><i>Redagowa\u0142a <strong>Alicja Lehmann<\/strong><\/i><\/span><\/p>\n<hr style=\"height: 15px; background: #d0e6fa; width: 100%;\" \/>\n<div id=\"content\" class=\"content-alignment\">\n<div id=\"watch-description\" class=\"yt-uix-button-panel\">\n<div id=\"watch-description-text\" style=\"text-align: center;\">\n<p><em>Zawarto\u015b\u0107 publikowanych artyku\u0142\u00f3w i materia\u0142\u00f3w nie reprezentuje pogl\u0105d\u00f3w ani opinii Reunion&#8217;68,<\/em><em><br \/>\nani te\u017c webmastera Blogu Reunion&#8217;68, chyba ze jest to wyra\u017anie zaznaczone.<br \/>\nTwoje uwagi, linki, w\u0142asne artyku\u0142y lub wiadomo\u015bci prze\u015blij na adres:<br \/>\n<\/em><span style=\"color: #000080;\"><strong><em><a style=\"color: #000080;\" href=\"mailto:webmaster@reunion68.com\"><span style=\"text-decoration: underline;\">webmaster@reunion68.com<\/span><\/a><\/em><\/strong><\/span><\/p>\n<\/div>\n<\/div>\n<\/div>\n<hr style=\"width: 100%;\" \/>\n","protected":false},"excerpt":{"rendered":"<p>Ofiary izraelskiego ataku w Deir al-Balah w drodze do szpitala Al-Aksa Martyrs w centralnej cz\u0119\u015bci Strefy Gazy, 26 czerwca 2025 r. (Fot. REUTERS\/Ramadan Abed) &#8220;Israel Hajom&#8221;: Netanjahu zgodzi\u0142 si\u0119 zako\u0144czy\u0107 wojn\u0119 w Strefie Gazy w ci\u0105gu dw\u00f3ch tygodni Wojciech Podg\u00f3rski \/ PAP Premier Izraela Benjamin Netanjahu doszed\u0142 do takich wniosk\u00f3w w rozmowie z prezydentem USA [&hellip;]<\/p>\n","protected":false},"author":1,"featured_media":0,"comment_status":"closed","ping_status":"closed","sticky":false,"template":"","format":"standard","meta":[],"categories":[6],"tags":[26,24],"_links":{"self":[{"href":"https:\/\/www.reunion68.se\/index.php?rest_route=\/wp\/v2\/posts\/122184"}],"collection":[{"href":"https:\/\/www.reunion68.se\/index.php?rest_route=\/wp\/v2\/posts"}],"about":[{"href":"https:\/\/www.reunion68.se\/index.php?rest_route=\/wp\/v2\/types\/post"}],"author":[{"embeddable":true,"href":"https:\/\/www.reunion68.se\/index.php?rest_route=\/wp\/v2\/users\/1"}],"replies":[{"embeddable":true,"href":"https:\/\/www.reunion68.se\/index.php?rest_route=%2Fwp%2Fv2%2Fcomments&post=122184"}],"version-history":[{"count":7,"href":"https:\/\/www.reunion68.se\/index.php?rest_route=\/wp\/v2\/posts\/122184\/revisions"}],"predecessor-version":[{"id":122210,"href":"https:\/\/www.reunion68.se\/index.php?rest_route=\/wp\/v2\/posts\/122184\/revisions\/122210"}],"wp:attachment":[{"href":"https:\/\/www.reunion68.se\/index.php?rest_route=%2Fwp%2Fv2%2Fmedia&parent=122184"}],"wp:term":[{"taxonomy":"category","embeddable":true,"href":"https:\/\/www.reunion68.se\/index.php?rest_route=%2Fwp%2Fv2%2Fcategories&post=122184"},{"taxonomy":"post_tag","embeddable":true,"href":"https:\/\/www.reunion68.se\/index.php?rest_route=%2Fwp%2Fv2%2Ftags&post=122184"}],"curies":[{"name":"wp","href":"https:\/\/api.w.org\/{rel}","templated":true}]}}