{"id":122228,"date":"2025-06-29T17:09:17","date_gmt":"2025-06-29T15:09:17","guid":{"rendered":"http:\/\/www.reunion68.se\/?p=122228"},"modified":"2025-06-29T06:54:45","modified_gmt":"2025-06-29T04:54:45","slug":"29-09-94","status":"publish","type":"post","link":"https:\/\/www.reunion68.se\/?p=122228","title":{"rendered":"Prawdziwa historia syjonizmu"},"content":{"rendered":"<p style=\"text-align: center;\"><img decoding=\"async\" class=\"aligncenter\" src=\"https:\/\/pbs.twimg.com\/media\/Guc8sRAXoAAP208?format=jpg&amp;name=small\" width=\"100%\" \/><span style=\"color: #000080;\"><em>(Photo: Bronzino\/Wikimedia Commons) \/ Do\u00f1a Gracia Nasi: a 16th Century Religious Zionist<\/em><\/span><\/p>\n<hr \/>\n<h5 style=\"text-align: center;\"><a href=\"http:\/\/www.listyznaszegosadu.pl\/\" target=\"_blank\" rel=\"noopener noreferrer\"><img decoding=\"async\" class=\"center alignleft\" src=\"http:\/\/www.reunion68.com\/Biuletyn\/img\/z-naszego.jpg\" alt=\"\" width=\"50%\" \/><\/a><span style=\"text-decoration: underline; color: #000080;\"><strong><a style=\"color: #000080; text-decoration: underline;\" href=\"http:\/\/www.listyznaszegosadu.pl\/syjonizm\/prawdziwa-historia-syjonizmu\" target=\"_blank\" rel=\"noopener noreferrer\">Prawdziwa historia syjonizmu<\/a><\/strong><\/span><\/h5>\n<p style=\"text-align: center;\"><span style=\"color: #000000;\"><strong>Cheryl E.<\/strong><\/span><\/p>\n<hr style=\"height: 15px; background: #d0e6fa; width: 100%;\" \/>\n<div class=\"templateArticleIngress\">\n<p style=\"text-align: left;\"><span style=\"color: #000080;\">Wszyscy s\u0142yszeli\u015bmy, jak ignoranci opowiadali, \u017ce pewnego dnia w 1897 roku grupa \u017cydowskich syjonist\u00f3w z Europy Wschodniej obudzi\u0142a si\u0119 i postanowi\u0142a rozpocz\u0105\u0107 ruch maj\u0105cy na celu zmuszenie i zmanipulowanie ca\u0142ego \u015bwiata, by \u201eukrad\u0142\u201d arabsk\u0105 ziemi\u0119 \u2013 tylko dlatego, \u017ce ci \u017ali \u017cydowscy syjoni\u015bci chcieli odzyska\u0107 ziemi\u0119, na kt\u00f3rej \u017cyli ich przodkowie i z kt\u00f3rej zostali wygnani niemal 1800 lat wcze\u015bniej.<\/span><\/p>\n<p style=\"text-align: left;\" data-start=\"550\" data-end=\"902\">\n<span style=\"color: #000080;\">Ale co, je\u015bli powiem ci, \u017ce to Imperium Osma\u0144skie pragn\u0119\u0142o przywr\u00f3ci\u0107 nar\u00f3d \u017cydowski na ich ziemie? Co, je\u015bli powiem ci, \u017ce nie by\u0142a to wy\u0142\u0105cznie \u017cydowska ambicja? \u017be r\u00f3wnie\u017c chrze\u015bcijanie rozumieli i wierzyli, \u017ce ziemia Izraela nale\u017cy do narodu \u017cydowskiego \u2013 i \u017ce \u017bydzi powinni mie\u0107 mo\u017cliwo\u015b\u0107 powrotu \u2013 na d\u0142ugo zanim powsta\u0142 polityczny syjonizm?<\/span><\/p>\n<\/div>\n<p style=\"text-align: left;\">\n<div class=\"templateArticleBrodtext\">\n<p style=\"text-align: left;\"><span style=\"color: #000080;\">Kiedy Rzymianie zniszczyli nasz\u0105 Drug\u0105 \u015awi\u0105tyni\u0119, wymordowali setki tysi\u0119cy \u017byd\u00f3w po \u017cydowskim powstaniu i zmusili wielu do opuszczenia ziemi, by\u0142 to jeden z najczarniejszych moment\u00f3w w naszej historii. Ale historia pokazuje, \u017ce nie wszyscy \u017bydzi opu\u015bcili t\u0119 ziemi\u0119. W rzeczywisto\u015bci dziesi\u0105tki tysi\u0119cy pozosta\u0142o.<\/span><\/p>\n<p style=\"text-align: left;\" data-start=\"1219\" data-end=\"1328\">\n<span style=\"color: #000080;\">Ju\u017c w latach 250\u2013300 n.e. \u017bydzi z diaspory, kt\u00f3rzy wcze\u015bniej uciekli, zacz\u0119li powoli wraca\u0107 w ma\u0142ych grupach.<\/span><\/p>\n<p style=\"text-align: left;\" data-start=\"1330\" data-end=\"1455\">\n<span style=\"color: #000080;\">Skupi\u0119 si\u0119 jednak na kilku postaciach \u2013 nie tylko \u017bydach \u2013 kt\u00f3re zapocz\u0105tkowa\u0142y to, co p\u00f3\u017aniej nazwano ruchem syjonistycznym.<\/span><\/p>\n<p style=\"text-align: left;\" data-start=\"1457\" data-end=\"1860\">\n<span style=\"color: #000080;\">Kiedy Imperium Osma\u0144skie podbi\u0142o ca\u0142y Lewant na pocz\u0105tku XVI wieku, zasta\u0142o ziemi\u0119, kt\u00f3ra dzi\u015b nosi nazw\u0119 Izrael, niemal ca\u0142kowicie ja\u0142ow\u0105 i niezamieszkan\u0105. Poza Jerozolim\u0105 \u2013 gdzie wi\u0119kszo\u015b\u0107 mieszka\u0144c\u00f3w stanowili \u017bydzi i chrze\u015bcijanie \u2013 oraz Safedem, gdzie istnia\u0142y g\u0142\u00f3wnie spo\u0142eczno\u015bci \u017cydowskie, a tak\u017ce kilkoma rozproszonymi miastami i wioskami, ziemia by\u0142a pusta, wyludniona, opuszczona i porzucona.<\/span><\/p>\n<p style=\"text-align: left;\" data-start=\"1862\" data-end=\"2030\">\n<span style=\"color: #000080;\">Osmanowie obj\u0119li j\u0105 kontrol\u0105 i pr\u00f3bowali o\u017cywi\u0107 \u2013 sprowadzaj\u0105c m.in. spo\u0142eczno\u015bci arabskie i tureckie \u2013 ale sami wiedzieli, \u017ce historycznie ziemia ta nale\u017ca\u0142a do \u017byd\u00f3w.<\/span><\/p>\n<p style=\"text-align: left;\" data-start=\"2032\" data-end=\"2288\">\n<span style=\"color: #000080;\">W tym samym czasie \u017bydzi byli mordowani i prze\u015bladowani w Europie, zw\u0142aszcza podczas hiszpa\u0144skiej inkwizycji. To w\u0142a\u015bnie w wyniku tych prze\u015bladowa\u0144 sefardyjska \u017cydowska \u201eksi\u0119\u017cniczka\u201d i jej siostrzeniec uciekli i stali si\u0119 bliskimi sprzymierze\u0144cami Osman\u00f3w.<\/span><\/p>\n<div align=\"center\">\n<hr align=\"center\" size=\"2\" width=\"100%\" data-start=\"2290\" data-end=\"2293\" \/>\n<\/div>\n<h4 data-start=\"2295\" data-end=\"2319\">\n<strong>\u017bydowska ksi\u0119\u017cniczka<\/strong><\/h4>\n<p style=\"text-align: left;\" data-start=\"2321\" data-end=\"2509\">\n<span style=\"color: #000080;\">W po\u0142owie XVI wieku jej imi\u0119 znane by\u0142o na ca\u0142ym \u015bwiecie: Do\u00f1a Gracia Nasi \u2013 prawdziwie odwa\u017cna i nieugi\u0119ta \u017byd\u00f3wka, kt\u00f3ra wykorzystywa\u0142a sw\u00f3j ogromny maj\u0105tek dla dobra narodu \u017cydowskiego.<\/span><\/p>\n<p style=\"text-align: left;\" data-start=\"2511\" data-end=\"2687\">\n<span style=\"color: #000080;\">Jako kobieta biznesu zarz\u0105dza\u0142a pot\u0119\u017cn\u0105 flot\u0105 statk\u00f3w handlowych, kt\u00f3re p\u0142ywa\u0142y po ca\u0142ym \u015bwiecie, przewo\u017c\u0105c przyprawy, srebro i \u017byd\u00f3w uciekaj\u0105cych przed hiszpa\u0144sk\u0105 inkwizycj\u0105.<\/span><\/p>\n<p style=\"text-align: left;\" data-start=\"2689\" data-end=\"2887\">\n<span style=\"color: #000080;\">Do\u00f1a Gracia przeciwstawia\u0142a si\u0119 konwenansom, \u017cy\u0142a otwarcie jako \u017byd\u00f3wka i ubiera\u0142a si\u0119 zgodnie z najnowsz\u0105 mod\u0105. Stawia\u0142a czo\u0142a kr\u00f3lom, cesarzom, papie\u017com i su\u0142tanom, promuj\u0105c sprawy swojego narodu.<\/span><\/p>\n<p style=\"text-align: left;\" data-start=\"2889\" data-end=\"3048\">\n<span style=\"color: #000080;\">W wieku osiemnastu lat Beatrice de Luna po\u015blubi\u0142a Francisco Mendesa-Benveniste\u2019a \u2013 najs\u0142ynniejszego kupca w Lizbonie i tajnego rabina spo\u0142eczno\u015bci konwertyt\u00f3w.<\/span><\/p>\n<p style=\"text-align: left;\" data-start=\"3050\" data-end=\"3249\">\n<span style=\"color: #000080;\">Ich ma\u0142\u017ce\u0144stwo nie trwa\u0142o d\u0142ugo. Francisco zmar\u0142 w 1535 roku, pozostawiaj\u0105c Beatrice i ich m\u0142od\u0105 c\u00f3rk\u0119, An\u0119. Zgodnie z jego wol\u0105 maj\u0105tek zosta\u0142 podzielony mi\u0119dzy Beatrice i jego brata, Diogo Mendesa.<\/span><\/p>\n<p style=\"text-align: left;\" data-start=\"3251\" data-end=\"3427\">\n<span style=\"color: #000080;\">W jednej chwili Beatrice Mendes sta\u0142a si\u0119 jedn\u0105 z najbogatszych kobiet na \u015bwiecie. W wieku 25 lat przej\u0119\u0142a dzia\u0142alno\u015b\u0107 handlow\u0105 oraz ukryte obowi\u0105zki religijne po zmar\u0142ym m\u0119\u017cu.<\/span><\/p>\n<p style=\"text-align: left;\" data-start=\"3429\" data-end=\"3562\">\n<span style=\"color: #000080;\">Diogo Mendes przeni\u00f3s\u0142 si\u0119 do Antwerpii, w\u00f3wczas centrum finansowym Europy, do kt\u00f3rego do\u0142\u0105czy\u0142y Beatrice, Ana i jej siostra Brianda.<\/span><\/p>\n<p style=\"text-align: left;\" data-start=\"3564\" data-end=\"3859\">\n<span style=\"color: #000080;\">Poniewa\u017c Antwerpia by\u0142a pod hiszpa\u0144sk\u0105 jurysdykcj\u0105, Beatrice i jej rodzina nadal musieli \u017cy\u0107 jako krypto-\u017bydzi, w obawie przed Inkwizycj\u0105. Mimo to, Beatrice zacz\u0119\u0142a wykorzystywa\u0107 swoje zasoby do zbudowania podziemnej sieci, kt\u00f3ra umo\u017cliwi\u0142a setkom krypto-\u017byd\u00f3w ucieczk\u0119 z Hiszpanii i Portugalii.<\/span><\/p>\n<p style=\"text-align: left;\" data-start=\"3861\" data-end=\"4006\">\n<span style=\"color: #000080;\">Flota handlowa rodziny Mendes\u00f3w kursowa\u0142a mi\u0119dzy Lizbon\u0105 i Antwerpi\u0105, przewo\u017c\u0105c nie tylko przyprawy i z\u0142oto, ale r\u00f3wnie\u017c \u017cydowskich uciekinier\u00f3w.<\/span><\/p>\n<p style=\"text-align: left;\" data-start=\"4008\" data-end=\"4166\">\n<span style=\"color: #000080;\">Po przybyciu do Antwerpii, Beatrice organizowa\u0142a dalszy transport przez Alpy do portowej Wenecji, a stamt\u0105d \u2013 do Imperium Osma\u0144skiego, w tym do Ziemi \u015awi\u0119tej.<\/span><\/p>\n<p style=\"text-align: left;\" data-start=\"4168\" data-end=\"4307\">\n<span style=\"color: #000080;\">W 1549 roku Beatrice przenios\u0142a si\u0119 do Ferrary, gdzie ksi\u0105\u017c\u0119 Ercole II d\u2019Este pr\u00f3bowa\u0142 przyci\u0105gn\u0105\u0107 aktywa rodziny Mendes do swojego miasta.<\/span><\/p>\n<p style=\"text-align: left;\" data-start=\"4309\" data-end=\"4477\">\n<span style=\"color: #000080;\">Ferrara by\u0142a domem dla du\u017cej sefardyjskiej spo\u0142eczno\u015bci by\u0142ych konwertyt\u00f3w z P\u00f3\u0142wyspu Iberyjskiego. Po raz pierwszy Beatrice i jej bliscy mogli \u017cy\u0107 otwarcie jako \u017bydzi.<\/span><\/p>\n<p style=\"text-align: left;\" data-start=\"4479\" data-end=\"4766\">\n<span style=\"color: #000080;\">W Ferrarze Beatrice przyj\u0119\u0142a swoje \u017cydowskie imi\u0119: Do\u00f1a Gracia Nasi. \u201eDo\u00f1a\u201d to hiszpa\u0144ski tytu\u0142 honorowy, \u201eGracia\u201d to odpowiednik imienia Chana, a \u201eNasi\u201d oznacza \u201eksi\u0119cia\u201d \u2013 biblijny tytu\u0142 przyw\u00f3dcy politycznego i duchowego. Do\u00f1a Gracia by\u0142a jedyn\u0105 znan\u0105 kobiet\u0105, kt\u00f3ra nosi\u0142a ten tytu\u0142.<\/span><\/p>\n<p style=\"text-align: left;\" data-start=\"4768\" data-end=\"4947\">\n<span style=\"color: #000080;\">Zgodnie z tym statusem, nawet po otwartym powrocie do judaizmu, nie podporz\u0105dkowa\u0142a si\u0119 przepisom dotycz\u0105cym ubioru \u017byd\u00f3w i ubiera\u0142a si\u0119 z elegancj\u0105, jak przysta\u0142o na jej pozycj\u0119.<\/span><\/p>\n<p style=\"text-align: left;\" data-start=\"4949\" data-end=\"5208\">\n<span style=\"color: #000080;\">By\u0142a te\u017c mecenasem \u017cydowskiej dzia\u0142alno\u015bci literackiej i drukarskiej. To jej zadedykowano Bibli\u0119 Ferrary \u2013 hiszpa\u0144skie t\u0142umaczenie Biblii hebrajskiej \u2013 oraz dzie\u0142o historyka Samuela Usque \u201ePocieszenie w uciskach Izraela\u201d, wydane w Ferrarze w 1553 roku.<\/span><\/p>\n<p style=\"text-align: left;\" data-start=\"5210\" data-end=\"5299\">\n<span style=\"color: #000080;\">Wiosn\u0105 1553 roku Gracia przenios\u0142a si\u0119 do Konstantynopola \u2013 stolicy Imperium Osma\u0144skiego.<\/span><\/p>\n<p style=\"text-align: left;\" data-start=\"5301\" data-end=\"5487\">\n<span style=\"color: #000080;\">W dalszym ci\u0105gu pomaga\u0142a uchod\u017acom z P\u00f3\u0142wyspu Iberyjskiego, wykupywa\u0142a \u017cydowskich niewolnik\u00f3w z r\u0105k pirat\u00f3w, za\u0142o\u017cy\u0142a jesziw\u0119 (tzw. \u201eakademi\u0119 giveret\u201d) oraz synagog\u0119 (\u201esynagog\u0119 Se\u00f1ory\u201d).<\/span><\/p>\n<p style=\"text-align: left;\" data-start=\"5489\" data-end=\"5714\">\n<span style=\"color: #000080;\">W 1556 roku zorganizowa\u0142a bojkot portu Ancona w odpowiedzi na papieskie prze\u015bladowania portugalskich \u017byd\u00f3w, spo\u015br\u00f3d kt\u00f3rych dwudziestu czterech spalono na stosie. Codziennie w jej domu karmiono niemal sto potrzebuj\u0105cych pomocy.<\/span><\/p>\n<p style=\"text-align: left;\" data-start=\"5716\" data-end=\"5965\">\n<span style=\"color: #000080;\">Jej serce jednak niezmiennie pozostawa\u0142o przy Ziemi Izraela. W latach 60. XVI wieku Gracia i jej siostrzeniec Joseph Nasi \u2013 kt\u00f3ry pe\u0142ni\u0142 funkcj\u0119 doradcy su\u0142tana \u2013 zabiegali o zgod\u0119 na za\u0142o\u017cenie osady w Tyberiadzie jako miejsca schronienia dla \u017byd\u00f3w.<\/span><\/p>\n<p style=\"text-align: left;\" data-start=\"5967\" data-end=\"6121\">\n<span style=\"color: #000080;\">Su\u0142tan Sulejman Wspania\u0142y udzieli\u0142 Josephowi Nasiemu zezwolenia na osiedlenie si\u0119 w Tyberiadzie. Ju\u017c w 1566 roku istnia\u0142a tam pr\u0119\u017cna spo\u0142eczno\u015b\u0107 \u017cydowska.<\/span><\/p>\n<p style=\"text-align: left;\" data-start=\"6123\" data-end=\"6320\">\n<span style=\"color: #000080;\">Do\u00f1a Gracia sprowadzi\u0142a szcz\u0105tki swoich zmar\u0142ych rodzic\u00f3w i m\u0119\u017ca z Portugalii do Izraela. Cho\u0107 wsp\u00f3lnota w Tyberiadzie p\u00f3\u017aniej zmniejszy\u0142a si\u0119 do kilku rodzin, pozostawi\u0142a po sobie niezatarty \u015blad.<\/span><\/p>\n<p style=\"text-align: left;\" data-start=\"6322\" data-end=\"6447\">\n<span style=\"color: #000080;\">Obecnie w Tyberiadzie znajduje si\u0119 hotel i muzeum jej imienia, zapraszaj\u0105ce go\u015bci do ziemi, do kt\u00f3rej zawsze pragn\u0119\u0142a wr\u00f3ci\u0107.<\/span><\/p>\n<p style=\"text-align: left;\" data-start=\"6449\" data-end=\"6643\">\n<span style=\"color: #000080;\">Do\u00f1a Gracia Nasi zmar\u0142a w 1569 roku. Po jej \u015bmierci poeta Sa&#8217;adiah Longo napisa\u0142 od\u0119 zatytu\u0142owan\u0105 \u201eDo\u00f1a Gracia z Domu Nasi\u201d, por\u00f3wnuj\u0105c \u017ca\u0142ob\u0119 po niej do b\u00f3lu po zburzeniu \u015awi\u0105ty\u0144 w Tisza be-Aw.<\/span><\/p>\n<p style=\"text-align: left;\" data-start=\"6645\" data-end=\"6936\">\n<span style=\"color: #000080;\">Czczona jako obro\u0144czyni narodu \u017cydowskiego, Do\u00f1a Gracia by\u0142a kobiet\u0105, kt\u00f3ra dzia\u0142a\u0142a w czasach, gdy \u017byd\u00f3w palono \u017cywcem na stosach. Jej niez\u0142omna lojalno\u015b\u0107 uczyni\u0142a j\u0105 symbolem wytrwa\u0142o\u015bci na wygnaniu \u2013 przypomnieniem, \u017ce pewnego dnia \u017bydzi powr\u00f3c\u0105 jako wolny i dumny nar\u00f3d do Ziemi \u015awi\u0119tej.<\/span><\/p>\n<div align=\"center\">\n<hr align=\"center\" size=\"2\" width=\"100%\" data-start=\"6938\" data-end=\"6941\" \/>\n<\/div>\n<h4 data-start=\"6943\" data-end=\"6958\">\n<strong>Joseph Nasi<\/strong><\/h4>\n<p style=\"text-align: left;\" data-start=\"6960\" data-end=\"7098\">\n<span style=\"color: #000080;\">Joseph Nasi, siostrzeniec Gracii, by\u0142 wp\u0142ywow\u0105 postaci\u0105 na dworze osma\u0144skim. Uzyska\u0142 od su\u0142tana pozwolenie na odbudow\u0119 Tyberiady i Safedu.<\/span><\/p>\n<p style=\"text-align: left;\" data-start=\"7100\" data-end=\"7246\">\n<span style=\"color: #000080;\">Jego celem by\u0142o stworzenie \u017cydowskiej prowincji, zach\u0119cenie \u017byd\u00f3w do osadnictwa oraz przekszta\u0142cenie Tyberiady w o\u015brodek przemys\u0142u w\u0142\u00f3kienniczego.<\/span><\/p>\n<p style=\"text-align: left;\" data-start=\"7248\" data-end=\"7400\">\n<span style=\"color: #000080;\">Dzia\u0142ania Nasiego s\u0105 uwa\u017cane za jedne z pierwszych praktycznych pr\u00f3b \u017cydowskiego osadnictwa w Izraelu \u2013 na d\u0142ugo przed narodzinami formalnego syjonizmu.<\/span><\/p>\n<p style=\"text-align: left;\" data-start=\"7402\" data-end=\"7556\">\n<span style=\"color: #000080;\">Kierowa\u0142y nim zar\u00f3wno religijne przekonania o \u015bwi\u0119to\u015bci Ziemi Izraela, jak i pragmatyczna ch\u0119\u0107 stworzenia schronienia dla prze\u015bladowanych \u017byd\u00f3w w Europie.<\/span><\/p>\n<p style=\"text-align: left;\" data-start=\"7558\" data-end=\"7730\">\n<span style=\"color: #000080;\">Cho\u0107 jego plany nie zosta\u0142y w pe\u0142ni zrealizowane, zapisa\u0142 si\u0119 w historii jako prekursor idei powrotu \u017byd\u00f3w do ojczyzny i wp\u0142yn\u0105\u0142 na p\u00f3\u017aniejszych syjonistycznych my\u015blicieli.<\/span><\/p>\n<div align=\"center\">\n<hr align=\"center\" size=\"2\" width=\"100%\" data-start=\"7732\" data-end=\"7735\" \/>\n<\/div>\n<h4 data-start=\"7737\" data-end=\"7764\"><strong>Chrze\u015bcija\u0144ski syjonizm<\/strong><\/h4>\n<p style=\"text-align: left;\" data-start=\"7766\" data-end=\"7915\">\n<span style=\"color: #000080;\">Chrze\u015bcija\u0144ski syjonizm to polityczna i religijna ideologia, wed\u0142ug kt\u00f3rej chrze\u015bcijanie powinni wspiera\u0107 powr\u00f3t narodu \u017cydowskiego do Ziemi \u015awi\u0119tej.<\/span><\/p>\n<p style=\"text-align: left;\" data-start=\"7917\" data-end=\"8000\">\n<span style=\"color: #000080;\">Jej pocz\u0105tki si\u0119gaj\u0105 XII i XIII wieku, ale rozkwit nast\u0105pi\u0142 na pocz\u0105tku XVII wieku.<\/span><\/p>\n<p style=\"text-align: left;\" data-start=\"8002\" data-end=\"8225\">\n<span style=\"color: #000080;\">Kluczow\u0105 ide\u0105 chrze\u015bcija\u0144skiego syjonizmu by\u0142o przekonanie, \u017ce ponowne ustanowienie \u017cydowskiej suwerenno\u015bci w Lewancie \u2013 eschatologiczne \u201eZgromadzenie Izraela\u201d \u2013 jest konieczne, by mog\u0142o nast\u0105pi\u0107 Drugie Przyj\u015bcie Chrystusa.<\/span><\/p>\n<p style=\"text-align: left;\" data-start=\"8227\" data-end=\"8484\">\n<span style=\"color: #000080;\">Gdy kolejne od\u0142amy chrze\u015bcija\u0144stwa odchodzi\u0142y od katolickiej doktryny Teorii Zast\u0119pstwa \u2013 kt\u00f3ra zak\u0142ada\u0142a, \u017ce Ko\u015bci\u00f3\u0142 zast\u0105pi\u0142 Izrael \u2013 wielu lider\u00f3w protestanckich zacz\u0119\u0142o wierzy\u0107, \u017ce biblijne proroctwa nie spe\u0142ni\u0105 si\u0119, dop\u00f3ki \u017bydzi nie powr\u00f3c\u0105 do Izraela.<\/span><\/p>\n<p style=\"text-align: left;\" data-start=\"8486\" data-end=\"8619\">\n<span style=\"color: #000080;\">W 1615 roku angielski purytanin Thomas Brightman opublikowa\u0142 \u201eCzy powr\u00f3c\u0105 do Jerozolimy?\u201d \u2013 jedno z pierwszych dzie\u0142 o \u201erestauracji\u201d.<\/span><\/p>\n<p style=\"text-align: left;\" data-start=\"8621\" data-end=\"8852\">\n<span style=\"color: #000080;\">Sir Isaac Newton, chrze\u015bcija\u0144ski syjonista i reformator, przewidzia\u0142 powr\u00f3t \u017byd\u00f3w do Izraela i odbudow\u0119 Jerozolimy na prze\u0142omie XIX i XX wieku oraz budow\u0119 Trzeciej \u015awi\u0105tyni, co mia\u0142o zwiastowa\u0107 koniec \u015bwiata najp\u00f3\u017aniej w 2060 roku.<\/span><\/p>\n<p style=\"text-align: left;\" data-start=\"8854\" data-end=\"9008\">\n<span style=\"color: #000080;\">W 1621 roku Sir Henry Finch wyda\u0142 251-stronicow\u0105 ksi\u0105\u017ck\u0119 zatytu\u0142owan\u0105\u00a0<em data-start=\"8924\" data-end=\"8952\">Wielkie odnowienie \u015bwiata\u2026<\/em>, przekonuj\u0105c\u0105 o konieczno\u015bci powrotu \u017byd\u00f3w do ojczyzny.<\/span><\/p>\n<p style=\"text-align: left;\" data-start=\"9010\" data-end=\"9177\">\n<span style=\"color: #000080;\">W 1649 roku Ebenezer i Joanna Cartwright z\u0142o\u017cyli petycj\u0119 do brytyjskiego rz\u0105du, w kt\u00f3rej domagali si\u0119 pozwolenia na osiedlenie \u017byd\u00f3w w Anglii i repatriacj\u0119 do Izraela.<\/span><\/p>\n<p style=\"text-align: left;\" data-start=\"9179\" data-end=\"9244\">\n<span style=\"color: #000080;\">W 1700 roku Judah ha-Chasid poprowadzi\u0142 1500 \u017byd\u00f3w do Jerozolimy.<\/span><\/p>\n<p style=\"text-align: left;\" data-start=\"9246\" data-end=\"9338\">\n<span style=\"color: #000080;\">W 1771 roku Joseph Eyre opublikowa\u0142 esej uzasadniaj\u0105cy konieczno\u015b\u0107 powrotu \u017byd\u00f3w do Izraela.<\/span><\/p>\n<p style=\"text-align: left;\" data-start=\"9340\" data-end=\"9445\">\n<span style=\"color: #000080;\">W 1777 roku Menachem Mendel z Witebska osiedli\u0142 si\u0119 w Safedzie, a w 1783 roku przeni\u00f3s\u0142 si\u0119 do Tyberiady.<\/span><\/p>\n<p style=\"text-align: left;\" data-start=\"9447\" data-end=\"9631\">\n<span style=\"color: #000080;\">W 1804\/5 roku w Wielkiej Brytanii powsta\u0142a Palestine Association \u2013 organizacja naukowa, kt\u00f3rej celem by\u0142o badanie Lewantu i przygotowanie gruntu pod powr\u00f3t \u017byd\u00f3w do ziemi ich przodk\u00f3w.<\/span><\/p>\n<p style=\"text-align: left;\" data-start=\"9633\" data-end=\"9739\">\n<span style=\"color: #000080;\">W 1860 roku przekszta\u0142cono j\u0105 w Palestine Exploration Fund z siedzib\u0105 w Jerozolimie, kt\u00f3ry dzia\u0142a do dzi\u015b.<\/span><\/p>\n<div align=\"center\">\n<hr align=\"center\" size=\"2\" width=\"100%\" data-start=\"9741\" data-end=\"9744\" \/>\n<\/div>\n<h4 data-start=\"9746\" data-end=\"9762\"><strong>Podsumowanie<\/strong><\/h4>\n<p style=\"text-align: left;\" data-start=\"9764\" data-end=\"9929\">\n<span style=\"color: #000080;\">Wbrew twierdzeniom propagandyst\u00f3w, syjonizm nie powsta\u0142 w XIX wieku jako wynik \u017cydowskiego spisku maj\u0105cego na celu manipulacj\u0119 Zachodem i \u201ekradzie\u017c\u201d arabskiej ziemi.<\/span><\/p>\n<p style=\"text-align: left;\" data-start=\"9931\" data-end=\"10061\">\n<span style=\"color: #000080;\">Syjonizm istnieje od dnia wygnania narodu \u017cydowskiego \u2013 jest przekonaniem, \u017ce \u017bydzi maj\u0105 prawo do samostanowienia na swojej ziemi.<\/span><\/p>\n<p data-start=\"10063\" data-end=\"10266\">\n<strong><span style=\"color: #800000;\">Nie jest to ruch opresyjny ani kolonialny \u2013 to ruch dekolonizacyjny, maj\u0105cy na celu odzyskanie ziemi, kt\u00f3ra zawsze nale\u017ca\u0142a do \u017byd\u00f3w, a by\u0142a okupowana przez prawdziwych ciemi\u0119\u017cc\u00f3w \u2013 muzu\u0142ma\u0144skich Arab\u00f3w.<\/span><\/strong><\/p>\n<hr \/>\n<p>Link do orygina\u0142u: <span style=\"text-decoration: underline; color: #000080;\"><strong><a style=\"color: #000080; text-decoration: underline;\" href=\"https:\/\/x.com\/CherylWroteIt\/status\/1938586881303720065\" target=\"_blank\" rel=\"noopener noreferrer\">https:\/\/x.com\/CherylWroteIt\/status\/1938586881303720065<\/a><\/strong><\/span><\/p>\n<\/div>\n<hr \/>\n<p style=\"text-align: left;\"><span style=\"color: #808080;\"><em><strong>Cheryl E<\/strong>. &#8211; Pisze o sobie na X: Matka i \u017cona. Mi\u0142o\u015bniczka historii. Zawsze \u017co\u0142nierka. Dumna \u017byd\u00f3wka. Pisz\u0119 co my\u015bl\u0119, a je\u015bli ci si\u0119 to nie podoba, to poca\u0142uj mnie gdzie\u015b.<\/em><\/span><\/p>\n<hr style=\"height: 15px; background: #d0e6fa; width: 100%;\" \/>\n<div id=\"content\" class=\"content-alignment\">\n<div id=\"watch-description\" class=\"yt-uix-button-panel\">\n<div id=\"watch-description-text\" style=\"text-align: center;\">\n<p><em>Zawarto\u015b\u0107 publikowanych artyku\u0142\u00f3w i materia\u0142\u00f3w nie reprezentuje pogl\u0105d\u00f3w ani opinii Reunion&#8217;68,<\/em><em><br \/>\nani te\u017c webmastera Blogu Reunion&#8217;68, chyba ze jest to wyra\u017anie zaznaczone.<br \/>\nTwoje uwagi, linki, w\u0142asne artyku\u0142y lub wiadomo\u015bci prze\u015blij na adres:<br \/>\n<\/em><span style=\"color: #000080;\"><strong><em><a style=\"color: #000080;\" href=\"mailto:webmaster@reunion68.com\"><span style=\"text-decoration: underline;\">webmaster@reunion68.com<\/span><\/a><\/em><\/strong><\/span><\/p>\n<\/div>\n<\/div>\n<\/div>\n<hr style=\"width: 100%;\" \/>\n","protected":false},"excerpt":{"rendered":"<p>(Photo: Bronzino\/Wikimedia Commons) \/ Do\u00f1a Gracia Nasi: a 16th Century Religious Zionist Prawdziwa historia syjonizmu Cheryl E. Wszyscy s\u0142yszeli\u015bmy, jak ignoranci opowiadali, \u017ce pewnego dnia w 1897 roku grupa \u017cydowskich syjonist\u00f3w z Europy Wschodniej obudzi\u0142a si\u0119 i postanowi\u0142a rozpocz\u0105\u0107 ruch maj\u0105cy na celu zmuszenie i zmanipulowanie ca\u0142ego \u015bwiata, by \u201eukrad\u0142\u201d arabsk\u0105 ziemi\u0119 \u2013 tylko dlatego, [&hellip;]<\/p>\n","protected":false},"author":1,"featured_media":0,"comment_status":"closed","ping_status":"closed","sticky":false,"template":"","format":"standard","meta":[],"categories":[6],"tags":[26,24],"_links":{"self":[{"href":"https:\/\/www.reunion68.se\/index.php?rest_route=\/wp\/v2\/posts\/122228"}],"collection":[{"href":"https:\/\/www.reunion68.se\/index.php?rest_route=\/wp\/v2\/posts"}],"about":[{"href":"https:\/\/www.reunion68.se\/index.php?rest_route=\/wp\/v2\/types\/post"}],"author":[{"embeddable":true,"href":"https:\/\/www.reunion68.se\/index.php?rest_route=\/wp\/v2\/users\/1"}],"replies":[{"embeddable":true,"href":"https:\/\/www.reunion68.se\/index.php?rest_route=%2Fwp%2Fv2%2Fcomments&post=122228"}],"version-history":[{"count":7,"href":"https:\/\/www.reunion68.se\/index.php?rest_route=\/wp\/v2\/posts\/122228\/revisions"}],"predecessor-version":[{"id":122239,"href":"https:\/\/www.reunion68.se\/index.php?rest_route=\/wp\/v2\/posts\/122228\/revisions\/122239"}],"wp:attachment":[{"href":"https:\/\/www.reunion68.se\/index.php?rest_route=%2Fwp%2Fv2%2Fmedia&parent=122228"}],"wp:term":[{"taxonomy":"category","embeddable":true,"href":"https:\/\/www.reunion68.se\/index.php?rest_route=%2Fwp%2Fv2%2Fcategories&post=122228"},{"taxonomy":"post_tag","embeddable":true,"href":"https:\/\/www.reunion68.se\/index.php?rest_route=%2Fwp%2Fv2%2Ftags&post=122228"}],"curies":[{"name":"wp","href":"https:\/\/api.w.org\/{rel}","templated":true}]}}