{"id":122276,"date":"2025-07-01T17:09:16","date_gmt":"2025-07-01T15:09:16","guid":{"rendered":"http:\/\/www.reunion68.se\/?p=122276"},"modified":"2025-07-01T13:41:47","modified_gmt":"2025-07-01T11:41:47","slug":"01-09-94","status":"publish","type":"post","link":"https:\/\/www.reunion68.se\/?p=122276","title":{"rendered":"Irlandia pierwszym krajem w Europie, kt\u00f3ry wprowadza zakaz importu z Izraela"},"content":{"rendered":"<p style=\"text-align: center;\"><img decoding=\"async\" class=\"aligncenter\" src=\"http:\/\/www.listyznaszegosadu.pl\/upload\/article\/bild\/3226\/1082995\/1_col_s.png\" \/><span style=\"color: #808080;\"><em>Simon Harris &#8211; Irlands regeringschef<\/em><\/span><\/p>\n<hr \/>\n<h5 style=\"text-align: center;\"><a href=\"http:\/\/www.listyznaszegosadu.pl\/\" target=\"_blank\" rel=\"noopener noreferrer\"><img decoding=\"async\" class=\"center alignleft\" src=\"http:\/\/www.reunion68.com\/Biuletyn\/img\/z-naszego.jpg\" alt=\"\" width=\"50%\" \/><\/a><span style=\"text-decoration: underline; color: #000080;\"><span style=\"text-decoration: underline;\"><strong><a style=\"color: #000080; text-decoration: underline;\" href=\"http:\/\/www.listyznaszegosadu.pl\/brunatna-fala\/irlandia-pierwszym-krajem-w-europie-ktalry-wprowadza-zakaz-importu-z-izraela\" target=\"_blank\" rel=\"noopener noreferrer\">Irlandia pierwszym krajem w Europie, kt\u00f3ry wprowadza zakaz importu z Izraela<\/a><\/strong><\/span><\/span><\/h5>\n<p style=\"text-align: center;\"><span style=\"color: #000000;\"><strong>Hank Berrien<\/strong><\/span><\/p>\n<hr style=\"height: 15px; background: #d0e6fa; width: 100%;\" \/>\n<div class=\"templateArticleIngress\" style=\"text-align: left;\"><strong>Po raz pierwszy od kl\u0119ski nazistowskich Niemiec jakikolwiek europejski rz\u0105d promuje prawo, kt\u00f3re wprost nawo\u0142uje do bojkotu towar\u00f3w produkowanych przez \u017byd\u00f3w.<\/strong><\/div>\n<div class=\"templateArticleIngress\" style=\"text-align: center;\"><em><br \/>\n<strong><span style=\"color: #800000;\">Rz\u0105d Irlandii, kt\u00f3ry w ostatnich latach otwarcie demonstrowa\u0142 swoj\u0105 wrogo\u015b\u0107 wobec Izraela, poszed\u0142 o krok dalej w atakach na pa\u0144stwo \u017cydowskie, staj\u0105c si\u0119 pierwszym krajem w Europie, kt\u00f3ry wprowadzi\u0142 przepisy zakazuj\u0105ce importu z biblijnych teren\u00f3w Judei i Samarii.<\/span><\/strong><br \/>\n<\/em><\/div>\n<div class=\"templateArticleBrodtext\">\n<p style=\"text-align: left;\"><span style=\"color: #000080;\">Irlandzki minister spraw zagranicznych i handlu, a zarazem by\u0142y premier Simon Harris, przedstawi\u0142 projekt ustawy zatytu\u0142owany: \u201eOg\u00f3lny plan zakazu importu towar\u00f3w z izraelskich osiedli na okupowanym terytorium palesty\u0144skim\u201d (ang.\u00a0<em>General Scheme of the Israeli Settlements in the Occupied Palestinian Territory (Prohibition of Importation of Goods) Bill<\/em>). Jak informuje\u00a0<em>Jerusalem Post,<\/em>\u00a0ustawa zosta\u0142a przyj\u0119ta przez irlandzki rz\u0105d i obecnie musi uzyska\u0107 zatwierdzenie Komisji ds. Spraw Zagranicznych i Handlu w Oireachtas (irlandzkim parlamencie) w ramach tzw. wst\u0119pnego przegl\u0105du legislacyjnego.<\/span><\/p>\n<p style=\"text-align: left;\"><span style=\"color: #000080;\">\u2014 Sytuacja w Palestynie pozostaje kwesti\u0105 g\u0142\u0119boko niepokoj\u0105c\u0105 opini\u0119 publiczn\u0105 \u2014 o\u015bwiadczy\u0142 Harris. \u2014 Wielokrotnie podkre\u015bla\u0142em, \u017ce nasz rz\u0105d wykorzysta wszystkie dost\u0119pne narz\u0119dzia, by zareagowa\u0107 na przera\u017caj\u0105c\u0105 sytuacj\u0119 w terenie oraz przyczyni\u0107 si\u0119 do d\u0142ugofalowych wysi\u0142k\u00f3w na rzecz osi\u0105gni\u0119cia trwa\u0142ego pokoju opartego na rozwi\u0105zaniu dwupa\u0144stwowym.<\/span><\/p>\n<p style=\"text-align: left;\"><span style=\"color: #000080;\">\u2014 Irlandia zabiera g\u0142os i pot\u0119pia dzia\u0142alno\u015b\u0107 ludob\u00f3jcz\u0105 w Gazie \u2014 doda\u0142 Harris w rozmowie z dziennikarzami, zach\u0119caj\u0105c inne pa\u0144stwa, by posz\u0142y za jej przyk\u0142adem. \u2014 Ka\u017cdy kraj musi wykorzysta\u0107 wszelkie \u015brodki, jakie ma do dyspozycji.<\/span><\/p>\n<p style=\"text-align: left;\"><span style=\"color: #000080;\">By\u0142y minister sprawiedliwo\u015bci i r\u00f3wno\u015bci, a tak\u017ce minister obrony Alan Shatter ostro skrytykowa\u0142 Harrisa na platformie X, pisz\u0105c:<\/span><\/p>\n<blockquote>\n<p style=\"text-align: left;\"><strong>Tylko Simon Harris i obecny rz\u0105d mogliby by\u0107 tak nierozs\u0105dni, by stworzy\u0107 akronim PIGS (\u015bwinie) jako nazw\u0119 dla ustawy, kt\u00f3ra ma na celu bojkot towar\u00f3w produkowanych przez \u017byd\u00f3w. Rz\u0105d z dum\u0105 opublikowa\u0142 swoj\u0105 farsow\u0105 wersj\u0119 ustawy o okupowanych terytoriach (OTB) \u2014 po raz pierwszy od czasu kl\u0119ski nazistowskich Niemiec jakikolwiek europejski rz\u0105d promuje prawo, kt\u00f3re wprost nawo\u0142uje do bojkotu towar\u00f3w produkowanych przez \u017byd\u00f3w i penalizuje tych, kt\u00f3rzy je importuj\u0105.<\/strong><\/p>\n<\/blockquote>\n<p><span style=\"color: #000080;\">W grudniu ubieg\u0142ego roku izraelski minister spraw zagranicznych Gideon Sa\u2019ar og\u0142osi\u0142, \u017ce Izrael zamknie swoj\u0105 ambasad\u0119 w Irlandii, powo\u0142uj\u0105c si\u0119 na \u201eskrajnie antyizraelsk\u0105 polityk\u0119\u201d tego kraju.<\/span><\/p>\n<p><span style=\"color: #000080;\">\u2014 Dzia\u0142ania Irlandii i stosowana przez ni\u0105 retoryka antysemicka s\u0105 zakorzenione w delegitymizacji i demonizacji pa\u0144stwa \u017cydowskiego oraz podw\u00f3jnych standardach. Irlandia przekroczy\u0142a wszystkie czerwone linie w relacjach z Izraelem \u2014 powiedzia\u0142 Sa\u2019ar. \u2014 Izrael b\u0119dzie inwestowa\u0142 swoje zasoby w rozwijanie relacji dwustronnych z pa\u0144stwami na ca\u0142ym \u015bwiecie, kieruj\u0105c si\u0119 m.in. ich stosunkiem do Izraela.<\/span><\/p>\n<p style=\"text-align: left;\"><span style=\"color: #000080;\">Premier (Taoiseach) Irlandii Simon Harris skomentowa\u0142:<\/span><\/p>\n<blockquote>\n<p style=\"text-align: left;\"><strong>To niezwykle godna po\u017ca\u0142owania decyzja rz\u0105du Netanjahu. Kategorycznie odrzucam twierdzenie, \u017ce Irlandia jest krajem antyizraelskim. Irlandia opowiada si\u0119 za pokojem, prawami cz\u0142owieka i prawem mi\u0119dzynarodowym.<\/strong><\/p>\n<\/blockquote>\n<p style=\"text-align: left;\"><span style=\"color: #000080;\">Pomimo zapewnie\u0144 Harrisa, \u017ce irlandzki rz\u0105d nie jest antyizraelski, fakty sugeruj\u0105 co innego.<\/span><\/p>\n<p style=\"text-align: left;\"><span style=\"color: #000080;\">W lutym 2024 \u00f3wczesny premier Leo Varadkar pot\u0119pi\u0142 mo\u017cliw\u0105 izraelsk\u0105 operacj\u0119 przeciwko twierdzom Hamasu w Rafah, okre\u015blaj\u0105c j\u0105 jako \u201era\u017c\u0105ce naruszenie prawa mi\u0119dzynarodowego, do d\u0142ugiej listy innych narusze\u0144, za kt\u00f3re odpowiada Izrael\u201d. Doda\u0142 te\u017c ostro, krytykuj\u0105c nieust\u0119pliwo\u015b\u0107 Izraela:<\/span><\/p>\n<blockquote>\n<p style=\"text-align: left;\"><strong>Jest dla mnie ca\u0142kowicie oczywiste, \u017ce Izrael nie s\u0142ucha ju\u017c \u017cadnego kraju na \u015bwiecie \u2014 nie s\u0105dz\u0119 nawet, \u017ce s\u0142uchaj\u0105 ju\u017c Amerykan\u00f3w. S\u0105 za\u015blepieni gniewem.<\/strong><\/p>\n<\/blockquote>\n<p style=\"text-align: left;\"><span style=\"color: #000080;\">W maju 2024, zaledwie kilka dni po tym, jak Harris stwierdzi\u0142: \u201ebrzydz\u0119 si\u0119 dzia\u0142aniami rz\u0105du Netanjahu w zwi\u0105zku z sytuacj\u0105 na Bliskim Wschodzie\u201d, Irlandia oficjalnie uzna\u0142a pa\u0144stwo palesty\u0144skie.<\/span><\/p>\n<p><span style=\"color: #000080;\">Harris og\u0142osi\u0142 w\u00f3wczas:<\/span><\/p>\n<blockquote><p><strong>Rz\u0105d uznaje Palestyn\u0119 za suwerenne i niepodleg\u0142e pa\u0144stwo oraz zgadza si\u0119 na nawi\u0105zanie pe\u0142nych stosunk\u00f3w dyplomatycznych mi\u0119dzy Dublinem a Ramallah. Chcieli\u015bmy dokona\u0107 tego uznania na zako\u0144czenie procesu pokojowego. Jednak wraz z Hiszpani\u0105 i Norwegi\u0105 zdecydowali\u015bmy si\u0119 na ten krok, by utrzyma\u0107 cud pokoju przy \u017cyciu.<\/strong><\/p><\/blockquote>\n<p style=\"text-align: left;\"><span style=\"color: #000080;\">7 listopada irlandzki parlament przyj\u0105\u0142 niewi\u0105\u017c\u0105c\u0105 uchwa\u0142\u0119 pot\u0119piaj\u0105c\u0105 Izrael, w kt\u00f3rej stwierdzono:<\/span><\/p>\n<blockquote><p><strong>Na naszych oczach Izrael dokonuje ludob\u00f3jstwa w Gazie.<\/strong><\/p><\/blockquote>\n<p style=\"text-align: left;\"><span style=\"color: #000080;\">Irlandia do\u0142\u0105czy\u0142a te\u017c do sprawy wniesionej przez RPA przeciwko Izraelowi przed Mi\u0119dzynarodowym Trybuna\u0142em Sprawiedliwo\u015bci (MTS). Przypomnijmy, \u017ce dopiero w 1996 roku Irlandia pozwoli\u0142a na otwarcie izraelskiej ambasady w swoim kraju \u2014 jako ostatnie pa\u0144stwo Unii Europejskiej.<\/span><\/p>\n<p style=\"text-align: left;\"><span style=\"color: #000080;\">Jeszcze wcze\u015bniej, w maju 1945 roku \u2014 zaledwie kilka dni po samob\u00f3jstwie Adolfa Hitlera \u2014 \u00f3wczesny irlandzki premier \u00c9amon de Valera uda\u0142 si\u0119 do nazistowskiego ambasadora Eduarda Hempela, by \u201ez\u0142o\u017cy\u0107 mu kondolencje\u201d. Jak sam twierdzi\u0142:<\/span><\/p>\n<blockquote>\n<p style=\"text-align: left;\"><strong>Z pewno\u015bci\u0105 nie zamierza\u0142em jeszcze bardziej upokarza\u0107 go w godzinie kl\u0119ski.<br \/>\n<\/strong><\/p>\n<\/blockquote>\n<hr \/>\n<p><span style=\"color: #808080;\"><em>[webmaster]<\/em><\/span><br \/>\n<img decoding=\"async\" src=\"https:\/\/pbs.twimg.com\/media\/Gunk6EhWIAAaf9o?format=png&amp;name=small\" width=\"100%\" \/><\/p>\n<\/div>\n<hr style=\"height: 15px; background: #d0e6fa; width: 100%;\" \/>\n<div id=\"content\" class=\"content-alignment\">\n<div id=\"watch-description\" class=\"yt-uix-button-panel\">\n<div id=\"watch-description-text\" style=\"text-align: center;\">\n<p><em>Zawarto\u015b\u0107 publikowanych artyku\u0142\u00f3w i materia\u0142\u00f3w nie reprezentuje pogl\u0105d\u00f3w ani opinii Reunion&#8217;68,<\/em><em><br \/>\nani te\u017c webmastera Blogu Reunion&#8217;68, chyba ze jest to wyra\u017anie zaznaczone.<br \/>\nTwoje uwagi, linki, w\u0142asne artyku\u0142y lub wiadomo\u015bci prze\u015blij na adres:<br \/>\n<\/em><span style=\"color: #000080;\"><strong><em><a style=\"color: #000080;\" href=\"mailto:webmaster@reunion68.com\"><span style=\"text-decoration: underline;\">webmaster@reunion68.com<\/span><\/a><\/em><\/strong><\/span><\/p>\n<\/div>\n<\/div>\n<\/div>\n<hr style=\"width: 100%;\" \/>\n","protected":false},"excerpt":{"rendered":"<p>Simon Harris &#8211; Irlands regeringschef Irlandia pierwszym krajem w Europie, kt\u00f3ry wprowadza zakaz importu z Izraela Hank Berrien Po raz pierwszy od kl\u0119ski nazistowskich Niemiec jakikolwiek europejski rz\u0105d promuje prawo, kt\u00f3re wprost nawo\u0142uje do bojkotu towar\u00f3w produkowanych przez \u017byd\u00f3w. Rz\u0105d Irlandii, kt\u00f3ry w ostatnich latach otwarcie demonstrowa\u0142 swoj\u0105 wrogo\u015b\u0107 wobec Izraela, poszed\u0142 o krok dalej [&hellip;]<\/p>\n","protected":false},"author":1,"featured_media":0,"comment_status":"closed","ping_status":"closed","sticky":false,"template":"","format":"standard","meta":[],"categories":[1],"tags":[26,24],"_links":{"self":[{"href":"https:\/\/www.reunion68.se\/index.php?rest_route=\/wp\/v2\/posts\/122276"}],"collection":[{"href":"https:\/\/www.reunion68.se\/index.php?rest_route=\/wp\/v2\/posts"}],"about":[{"href":"https:\/\/www.reunion68.se\/index.php?rest_route=\/wp\/v2\/types\/post"}],"author":[{"embeddable":true,"href":"https:\/\/www.reunion68.se\/index.php?rest_route=\/wp\/v2\/users\/1"}],"replies":[{"embeddable":true,"href":"https:\/\/www.reunion68.se\/index.php?rest_route=%2Fwp%2Fv2%2Fcomments&post=122276"}],"version-history":[{"count":6,"href":"https:\/\/www.reunion68.se\/index.php?rest_route=\/wp\/v2\/posts\/122276\/revisions"}],"predecessor-version":[{"id":122287,"href":"https:\/\/www.reunion68.se\/index.php?rest_route=\/wp\/v2\/posts\/122276\/revisions\/122287"}],"wp:attachment":[{"href":"https:\/\/www.reunion68.se\/index.php?rest_route=%2Fwp%2Fv2%2Fmedia&parent=122276"}],"wp:term":[{"taxonomy":"category","embeddable":true,"href":"https:\/\/www.reunion68.se\/index.php?rest_route=%2Fwp%2Fv2%2Fcategories&post=122276"},{"taxonomy":"post_tag","embeddable":true,"href":"https:\/\/www.reunion68.se\/index.php?rest_route=%2Fwp%2Fv2%2Ftags&post=122276"}],"curies":[{"name":"wp","href":"https:\/\/api.w.org\/{rel}","templated":true}]}}