{"id":122294,"date":"2025-07-02T17:05:08","date_gmt":"2025-07-02T15:05:08","guid":{"rendered":"http:\/\/www.reunion68.se\/?p=122294"},"modified":"2025-07-02T09:01:05","modified_gmt":"2025-07-02T07:01:05","slug":"02-09-104","status":"publish","type":"post","link":"https:\/\/www.reunion68.se\/?p=122294","title":{"rendered":"Czy Unia Europejska rzeczywi\u015bcie oczekuje, \u017ce radykalni islami\u015bci mog\u0105 si\u0119 zreformowa\u0107?"},"content":{"rendered":"<p style=\"text-align: center;\"><img decoding=\"async\" class=\"aligncenter\" src=\"https:\/\/www.gatestoneinstitute.org\/pics\/5357.jpg\" width=\"100%\"><span style=\"color: #808080;\"><em>Decyzja Unii Europejskiej o przyznaniu Autonomii Palesty\u0144skiej (AP) kwoty 2 miliard\u00f3w dolar\u00f3w na pomoc w &#8220;zreformowaniu si\u0119&#8221; mo\u017ce by\u0107 jedynie wynikiem celowej \u015blepoty, dysonansu poznawczego i tego, co mo\u017cna tylko przypisa\u0107 dumnej europejskiej tradycji nienawi\u015bci do \u017byd\u00f3w. Na zdj\u0119ciu: Prezydent Francji Emmanuel Macron spotyka si\u0119 z prezydentem AP Mahmudem Abbasem podczas 79. sesji Zgromadzenia Og\u00f3lnego ONZ w Nowym Jorku 25 wrze\u015bnia 2024 r. (Zdj\u0119cie Ludovica Marina\/AFP via Getty Images)<\/em><\/span><\/p>\n<hr>\n<h5 style=\"text-align: center;\"><a href=\"https:\/\/pl.gatestoneinstitute.org\/\" target=\"_blank\" rel=\"noopener noreferrer\"><img decoding=\"async\" class=\"center alignleft\" src=\"https:\/\/pl.gatestoneinstitute.org\/images\/gatestone-logo-1000.gif\" alt=\"\" width=\"50%\"><\/a><span style=\"text-decoration: underline; color: #000080;\"><span><strong><a style=\"color: #000080; text-decoration: underline;\" href=\"https:\/\/pl.gatestoneinstitute.org\/21722\/czy-ue-rzeczywiscie-oczekuje-ze-radykalni-islamisci-moga-sie-zreformowac\" target=\"_blank\" rel=\"noopener noreferrer\">Czy Unia Europejska rzeczywi\u015bcie oczekuje, \u017ce radykalni islami\u015bci mog\u0105 si\u0119 zreformowa\u0107?<\/a><\/strong><\/span><\/span><\/h5>\n<p style=\"text-align: center;\"><span style=\"color: #000000;\"><strong>Nils A. Haug<br \/>\n<\/strong><span style=\"color: #808080;\"><em>T\u0142umaczenie:<\/em> <\/span><strong>Ma\u0142gorzata Koraszewska<\/strong><\/span><\/p>\n<hr style=\"height: 15px; background: #d0e6fa; width: 100%;\">\n<p style=\"text-align: left;\"><span style=\"color: #000080;\">Premier Izraela Ariel Szaron w 2005 roku bezwarunkowo&nbsp;<a style=\"color: #000080;\" href=\"https:\/\/www.tandfonline.com\/doi\/full\/10.1080\/00263206.2025.2473990#inline_frontnotes\" target=\"_blank\" rel=\"noopener noreferrer\">przekaza\u0142<\/a>&nbsp;Stref\u0119 Gazy Autonomii Palesty\u0144skiej, by sta\u0142a si\u0119 niezale\u017cnym domem dla Palesty\u0144czyk\u00f3w, rz\u0105dzonym przez Autonomi\u0119 Palesty\u0144sk\u0105. Wszystkich \u017byd\u00f3w fizycznie wyp\u0119dzi\u0142y z ich dom\u00f3w Si\u0142y Obronne Izraela. Kilku ameryka\u0144skich \u017byd\u00f3w kupi\u0142o nawet szklarnie w Strefie Gazy od wyp\u0119dzonych \u017byd\u00f3w i przekaza\u0142o je Palesty\u0144czykom jako pocz\u0105tek przekszta\u0142cenia Gazy w &#8220;Singapur nad Morzem \u015ar\u00f3dziemnym&#8221;. W ci\u0105gu kilku dni od przekazania wszystkie szklarnie zosta\u0142y&nbsp;<a style=\"color: #000080;\" href=\"https:\/\/www.nbcnews.com\/id\/wbna9331863\" target=\"_blank\" rel=\"noopener noreferrer\">spl\u0105drowane i zniszczone<\/a>. Dwa lata p\u00f3\u017aniej Hamas przemoc\u0105 wyrzuci\u0142 Autonomi\u0119 Palesty\u0144sk\u0105 z Gazy.<\/span><\/p>\n<p style=\"text-align: left;\"><span style=\"color: #000080;\">Do dzi\u015b Autonomia Palesty\u0144ska, z jej&nbsp;<a style=\"color: #000080;\" href=\"https:\/\/www.middleeasteye.net\/news\/palestinians-furious-and-fed-corruption-abbass-mafia-pa\" target=\"_blank\" rel=\"noopener noreferrer\">podw\u00f3jnymi standardami<\/a>&nbsp;i niszcz\u0105cym&nbsp;<a style=\"color: #000080;\" href=\"https:\/\/www.middleeasteye.net\/news\/palestinians-furious-and-fed-corruption-abbass-mafia-pa\" target=\"_blank\" rel=\"noopener noreferrer\">skorumpowanym<\/a>&nbsp;rz\u0105dem, jest g\u0142\u0119boko&nbsp;<a style=\"color: #000080;\" href=\"https:\/\/www.timesofisrael.com\/abbas-pa-ready-to-assume-full-responsibility-in-gaza-strip-when-ceasefire-begins\/\" target=\"_blank\" rel=\"noopener noreferrer\">niepopularna<\/a>&nbsp;w\u015br\u00f3d Palesty\u0144czyk\u00f3w i jest powodem, dla kt\u00f3rego tak wielu g\u0142osowa\u0142o na Hamas. Izrael utrzymuje powierzchown\u0105 wsp\u00f3\u0142prac\u0119 z Autonomi\u0105 Palesty\u0144sk\u0105, g\u0142\u00f3wnie w kwestiach bezpiecze\u0144stwa. Jednak wed\u0142ug UE, dlaczego nie spr\u00f3bowa\u0107 eksperymentu z Gaz\u0105 jeszcze raz? Mo\u017ce tym razem \u2013 z wi\u0119ksz\u0105 ilo\u015bci\u0105 pieni\u0119dzy \u2013uda si\u0119?<\/span><\/p>\n<p style=\"text-align: left;\"><span style=\"color: #000080;\">Och, absolutnie! Dzi\u0119ki naszym funduszom Autonomia Palesty\u0144ska z pewno\u015bci\u0105 zreformuje si\u0119 i b\u0119dzie \u017cy\u0107 pokojowo i szcz\u0119\u015bliwie ze wszystkimi s\u0105siadami, tak jak my w Europie! Taki jest chory pogl\u0105d UE.<\/span><\/p>\n<p style=\"text-align: left;\"><span style=\"color: #000080;\">Ostrze\u017cenia Izraela, \u017ce AP kontynuuje&nbsp;<a style=\"color: #000080;\" href=\"https:\/\/www.jewishpress.com\/news\/israel\/judea-samaria-israel\/pa-builds-7-illegal-structures-in-israeli-territory-every-day-data-shows\/2021\/12\/13\/\" target=\"_blank\" rel=\"noopener noreferrer\">przejmowanie<\/a>&nbsp;ziemi Izraela etapami \u2013 zgodnie z&nbsp;<a style=\"color: #000080;\" href=\"https:\/\/web.archive.org\/web\/20110805192136\/http:\/www.un.int\/wcm\/content\/site\/palestine\/cache\/offonce\/pid\/12354;jsessionid=ED2AC7E70A82F5C7CCB42BC6357FCDEC\" target=\"_blank\" rel=\"noopener noreferrer\">10-punktowym programem OWP z 1974 r. i<\/a>&nbsp;<a style=\"color: #000080;\" href=\"https:\/\/www.jns.org\/the-roots-project-a-pillar-of-the-fayyad-plan-and-the-newest-expression-of-palestinian-intentions\/\" target=\"_blank\" rel=\"noopener noreferrer\">planem<\/a>&nbsp;by\u0142ego premiera PA Salmana Fajjada \u2013 aby &#8220;tworzy\u0107 fakty w terenie&#8221; za pomoc\u0105 nielegalnych budowli \u2013 s\u0105 w du\u017cej mierze ignorowane przez Zach\u00f3d. Do tej pory AP, korzystaj\u0105c z funduszy UE, zbudowa\u0142a&nbsp;<a style=\"color: #000080;\" href=\"https:\/\/www.perplexity.ai\/search\/how-many-illegal-structures-ha-FAM59_TiTVCRctsDGk2eiA\" target=\"_blank\" rel=\"noopener noreferrer\">ponad 97 581 nielegalnych konstrukcji<\/a>&nbsp;na ziemi izraelskiej, o podzia\u0142 kt\u00f3rej nadal powinny trwa\u0107 negocjacje.<\/span><\/p>\n<p style=\"text-align: left;\"><span style=\"color: #000080;\">Autonomia Palesty\u0144ska r\u00f3wnie\u017c bezpardonowo&nbsp;<a style=\"color: #000080;\" href=\"https:\/\/www.perplexity.ai\/search\/palwatch-com-does-the-palestin-EDbitoRgQEK959Kfbnsh5Q\" target=\"_blank\" rel=\"noopener noreferrer\">pod\u017cega do terroryzmu<\/a>&nbsp;w swoim systemie edukacji i hojnie&nbsp;<a style=\"color: #000080;\" href=\"https:\/\/www.perplexity.ai\/search\/how-much-money-has-the-palesti-392cyLrBR3m3x45vLBAe_A\" target=\"_blank\" rel=\"noopener noreferrer\">finansuje<\/a>&nbsp;akty terrorystyczne. Ca\u0142kowita kwota wyp\u0142acona dotychczas przez AP jako wynagrodzenie w ramach programu &#8220;P\u0142aca za zabijanie&#8221; i akty terrorystyczne&nbsp;<a style=\"color: #000080;\" href=\"https:\/\/www.perplexity.ai\/search\/how-much-money-has-the-palesti-392cyLrBR3m3x45vLBAe_A\" target=\"_blank\" rel=\"noopener noreferrer\">przekracza podobno 1 miliard dolar\u00f3w<\/a>. To trwa od dziesi\u0119cioleci.<\/span><\/p>\n<p style=\"text-align: left;\"><span style=\"color: #000080;\">Abbas wzywa teraz do&nbsp;<a style=\"color: #000080;\" href=\"https:\/\/palwatch.org\/page\/34771\" target=\"_blank\" rel=\"noopener noreferrer\">jedno\u015bci<\/a>&nbsp;z Hamasem, poniewa\u017c &#8220;Hamas jest cz\u0119\u015bci\u0105 narodu palesty\u0144skiego&#8221;&nbsp;<a style=\"color: #000080;\" href=\"https:\/\/palwatch.org\/page\/34771\" target=\"_blank\" rel=\"noopener noreferrer\">i<\/a>&nbsp;&#8220;Nasze ramiona i serca s\u0105 otwarte&#8221; na Hamas. Autonomia Palesty\u0144ska niew\u0105tpliwie chcia\u0142aby powr\u00f3ci\u0107 do&nbsp;<a style=\"color: #000080;\" href=\"https:\/\/www.jpost.com\/Middle-East\/Looters-raid-Arafats-home-steal-his-Nobel-Peace-Prize\" target=\"_blank\" rel=\"noopener noreferrer\">domu<\/a>&nbsp;by\u0142ego prezydenta Autonomii Palesty\u0144skiej Jasera Arafata w Strefie Gazy, kt\u00f3ry Hamas spl\u0105drowa\u0142 w 2005 r., a kt\u00f3ry wojska IDF teraz, w 2024 r., zr\u00f3wna\u0142y z ziemi\u0105.<\/span><\/p>\n<p style=\"text-align: left;\"><span style=\"color: #000080;\">W opinii UE Autonomia Palesty\u0144ska zreformuje si\u0119, nawet mimo tego, \u017ce obwinia Izrael za przera\u017caj\u0105ce wydarzenia z 7 pa\u017adziernika 2023 r.,&nbsp;<a style=\"color: #000080;\" href=\"https:\/\/www.timesofisrael.com\/senior-fatah-official-justifies-oct-7-massacre-as-defensive-war-against-israel\/\" target=\"_blank\" rel=\"noopener noreferrer\">twierdz\u0105c, \u017ce<\/a>&nbsp;masakra dokonana przez Hamas by\u0142a dzia\u0142aniem w &#8220;kontek\u015bcie wojny obronnej, kt\u00f3r\u0105 prowadzi nasz nar\u00f3d&#8221;, z powodu &#8220;agresji Izraela na wszystkie ziemie palesty\u0144skie&#8221;.<\/span><\/p>\n<p style=\"text-align: left;\"><span style=\"color: #000080;\">D\u017cihadystyczna&nbsp;<a style=\"color: #000080;\" href=\"https:\/\/www.algemeiner.com\/2024\/01\/08\/pa-goal-unity-with-hamas-and-islamic-jihad-terror-organizations\/\" target=\"_blank\" rel=\"noopener noreferrer\">ideologia<\/a>&nbsp;nienawi\u015bci do \u017byd\u00f3w, najwyra\u017aniej pochodz\u0105ca z Koranu i hadis\u00f3w, a wzmocniona przez wsp\u00f3\u0142pracownika Adolfa Hitlera, Amina al-Husseiniego, Wielkiego Muftiego Jerozolimy przez wi\u0119ksz\u0105 cz\u0119\u015b\u0107 trwania brytyjskiego mandatu Palestyny, jest obecnie zapisana w&nbsp;<a style=\"color: #000080;\" href=\"https:\/\/www.jewishvirtuallibrary.org\/the-original-palestine-national-charter-1964\" target=\"_blank\" rel=\"noopener noreferrer\">karcie<\/a>&nbsp;AP-OWP . Sekretarz generalny Komitetu Centralnego Fatahu, D\u017cibril Rad\u017coub,&nbsp;<a style=\"color: #000080;\" href=\"https:\/\/www.timesofisrael.com\/senior-fatah-official-justifies-oct-7-massacre-as-defensive-war-against-israel\/\" target=\"_blank\" rel=\"noopener noreferrer\">twierdzi<\/a>, \u017ce &#8220;Hamas jest cz\u0119\u015bci\u0105 naszej politycznej i spo\u0142ecznej tkanki oraz naszej walki, a ich zaanga\u017cowanie jest wa\u017cne&#8221;. Wraz z atakiem Hamasu na ludno\u015b\u0107 cywiln\u0105 wielu ministr\u00f3w AP &#8220;<a style=\"color: #000080;\" href=\"https:\/\/www.timesofisrael.com\/senior-fatah-official-justifies-oct-7-massacre-as-defensive-war-against-israel\/\" target=\"_blank\" rel=\"noopener noreferrer\">\u015bwi\u0119towa\u0142o<\/a>&nbsp;to, co si\u0119 wydarzy\u0142o&#8221;.<\/span><\/p>\n<p style=\"text-align: left;\"><span style=\"color: #000080;\"><a style=\"color: #000080;\" href=\"https:\/\/www.algemeiner.com\/2024\/01\/08\/pa-goal-unity-with-hamas-and-islamic-jihad-terror-organizations\/\" target=\"_blank\" rel=\"noopener noreferrer\">Wed\u0142ug<\/a>&nbsp;Nan Jacques Zilberdik, z Palestinian Media Watch:<\/span><\/p>\n<blockquote>\n<p style=\"text-align: left;\"><strong>&#8220;[P]rzyw\u00f3dcy Fatahu z Autonomii Palesty\u0144skiej (AP) s\u0105 przekonani, \u017ce AP i Fatah zjednocz\u0105 si\u0119 z organizacjami terrorystycznymi Hamas i Islamski D\u017cihad i wsp\u00f3lnie b\u0119d\u0105 rz\u0105dzi\u0107 Gaz\u0105.<\/strong><br \/>\n<strong>Niekt\u00f3rzy przyw\u00f3dcy AP i Fatahu s\u0105 nieugi\u0119ci w kwestii&nbsp;<a href=\"https:\/\/palwatch.org\/page\/34771\" target=\"_blank\" rel=\"noopener noreferrer\">po\u0142\u0105czenia si\u0142<\/a>&nbsp;z organizacjami terrorystycznymi&#8221;.<\/strong><\/p><\/blockquote>\n<p style=\"text-align: left;\"><span style=\"color: #000080;\">Naiwno\u015b\u0107 UE (delikatnie to nazywaj\u0105c) ju\u017c sprowadza katastrof\u0119 na wiele pa\u0144stw cz\u0142onkowskich, pozwalaj\u0105c na nieograniczon\u0105 migracj\u0119 muzu\u0142man\u00f3w, prawdopodobnie w pragnieniu zdobycia ka\u017cdego mo\u017cliwego g\u0142osu. Ta imigracja (bez \u017cadnego sprawdzania przyjezdnych) niesie ze sob\u0105 wzrost brutalnego islamu politycznego w po\u0142\u0105czeniu z \u017cywio\u0142ow\u0105 nienawi\u015bci\u0105 do \u017byd\u00f3w i pozwala mu rozkwita\u0107 w \u015brodku Europy. Przyw\u00f3dcy Europy, kt\u00f3rzy maj\u0105 odpowiada\u0107 za ochron\u0119 europejskiej kultury judeochrze\u015bcija\u0144skiej, sprzedaj\u0105 swoje narody radykalnemu islamowi za misk\u0119 soczewicy.<\/span><\/p>\n<p style=\"text-align: left;\"><span style=\"color: #000080;\">Przy tym wszystkim nikt powa\u017cnie nie bierze pod uwag\u0119 pogl\u0105d\u00f3w Izraela i jego obywateli na temat ich s\u0105siad\u00f3w i dw\u00f3ch milion\u00f3w arabskich muzu\u0142man\u00f3w, kt\u00f3rzy \u017cyj\u0105 i pracuj\u0105 po\u015br\u00f3d nich.<\/span><\/p>\n<p style=\"text-align: left;\"><span style=\"color: #000080;\">Izraelczycy, co zrozumia\u0142e, s\u0105 przeciwni mitycznemu rozwi\u0105zaniu w postaci dw\u00f3ch pa\u0144stw \u2013 kt\u00f3re, jak s\u0142usznie uwa\u017caj\u0105, prowadzi donik\u0105d. Premier Izraela Benjamin Netanjahu odpowiedzia\u0142 na plany UE wzywaj\u0105ce do niepodleg\u0142ego pa\u0144stwa palesty\u0144skiego i ponownych rz\u0105d\u00f3w islamist\u00f3w w Gazie,&nbsp;<a style=\"color: #000080;\" href=\"https:\/\/www.jns.org\/netanyahu-on-saudi-demand-for-pa-state-we-had-one-it-was-called-gaza\/\" target=\"_blank\" rel=\"noopener noreferrer\">m\u00f3wi\u0105c<\/a>:<\/span><\/p>\n<blockquote>\n<p style=\"text-align: left;\"><strong>&#8220;By\u0142o pa\u0144stwo palesty\u0144skie. Nazywa\u0142o si\u0119 Gaza. Zobaczcie, co otrzymali\u015bmy. Najwi\u0119ksz\u0105 masakr\u0119 od czas\u00f3w Holokaustu. Nie zawr\u0119 \u017cadnego porozumienia, kt\u00f3re zagrozi pa\u0144stwu Izrael. Nie zrobi\u0119 tego&#8221;.<\/strong><\/p>\n<\/blockquote>\n<p style=\"text-align: left;\"><span style=\"color: #000080;\">W rozmowie telefonicznej w po\u0142owie kwietnia Abbas i prezydent Francji Emmanuel Macron&nbsp;<a style=\"color: #000080;\" href=\"https:\/\/www.jpost.com\/breaking-news\/article-850091\" target=\"_blank\" rel=\"noopener noreferrer\">om\u00f3wili<\/a>&nbsp;&#8220;mo\u017cliwo\u015b\u0107 przej\u0119cia przez Autonomi\u0119 Palesty\u0144sk\u0105 &#8216;pe\u0142nej odpowiedzialno\u015bci&#8217; w Strefie Gazy, w tym obowi\u0105zk\u00f3w zwi\u0105zanych z bezpiecze\u0144stwem, w celu mi\u0119dzynarodowej legitymizacji, jednego systemu, jednego prawa i jednego legalnego \u017ar\u00f3d\u0142a broni'&#8221;.<\/span><\/p>\n<p style=\"text-align: left;\"><span style=\"color: #000080;\"><a style=\"color: #000080;\" href=\"https:\/\/www.jpost.com\/breaking-news\/article-850091\" target=\"_blank\" rel=\"noopener noreferrer\">Wed\u0142ug<\/a>&nbsp;doniesie\u0144 &#8220;Jerusalem Post&#8221; z ubieg\u0142ego miesi\u0105ca:<\/span><\/p>\n<blockquote>\n<p style=\"text-align: left;\"><strong>&#8220;Macron powiedzia\u0142 w \u015brod\u0119, \u017ce Francja mo\u017ce uzna\u0107 pa\u0144stwo palesty\u0144skie w czerwcu, dodaj\u0105c, \u017ce z kolei niekt\u00f3re kraje Bliskiego Wschodu mog\u0105 uzna\u0107 pa\u0144stwo Izrael.<\/strong><\/p>\n<p style=\"text-align: left;\"><strong>&#8216;Musimy zmierza\u0107 w kierunku uznania (pa\u0144stwa palesty\u0144skiego). I tak zrobimy w ci\u0105gu najbli\u017cszych kilku miesi\u0119cy. Nie robi\u0119 tego, \u017ceby zadowoli\u0107 kogokolwiek. Zrobi\u0119 to, poniewa\u017c w pewnym momencie b\u0119dzie to s\u0142uszne&#8217; \u2013 powiedzia\u0142 podczas wywiadu w telewizji France 5&#8243;.<\/strong><\/p>\n<\/blockquote>\n<p style=\"text-align: left;\"><span style=\"color: #000080;\">By\u0107 mo\u017ce Macron jest si\u0142\u0105 nap\u0119dow\u0105&nbsp;<a style=\"color: #000080;\" href=\"https:\/\/apnews.com\/article\/eu-palestinians-aid-authority-europe-9103a566238d149599109d5a742d5d68\" target=\"_blank\" rel=\"noopener noreferrer\">planu<\/a>&nbsp;UE obdarzenia niereformowalnej Autonomii Palesty\u0144skiej miliardami euro.<\/span><\/p>\n<p style=\"text-align: left;\"><span style=\"color: #000080;\"><a style=\"color: #000080;\" href=\"https:\/\/www.biblegateway.com\/passage\/?search=Jeremiah%2013:23&amp;version=NIV\" target=\"_blank\" rel=\"noopener noreferrer\">Cytat<\/a>&nbsp;biblijny dobrze opisuje daremne wysi\u0142ki UE, by zreformowa\u0107 organizacj\u0119 prze\u017cart\u0105 islamistyczn\u0105 ideologi\u0105, tak\u0105 jak AP: &#8220;Czy lampart mo\u017ce zmieni\u0107 swoje c\u0119tki?&#8221; Pytanie ko\u0144czy si\u0119 s\u0142owami: &#8220;Ani wy, kt\u00f3rzy przywykli\u015bcie do czynienia z\u0142a, nie mo\u017cecie czyni\u0107 dobra&#8221;.<\/span><\/p>\n<p style=\"text-align: left;\"><span style=\"color: #000080;\">\u017bydzi na ca\u0142ym \u015bwiecie i Izraelczycy wiedz\u0105 o tym dobrze, ale UE i inni najwyra\u017aniej nie wiedz\u0105 lub, co wa\u017cniejsze, najwyra\u017aniej ich to nie obchodzi, odpowiadaj\u0105: no i co z tego, m\u00f3wimy tylko o kilku \u017bydach.<\/span><\/p>\n<hr style=\"height: 15px; background: #d0e6fa; width: 100%;\">\n<div id=\"content\" class=\"content-alignment\">\n<div id=\"watch-description\" class=\"yt-uix-button-panel\">\n<div id=\"watch-description-text\" style=\"text-align: center;\">\n<p><em>Zawarto\u015b\u0107 publikowanych artyku\u0142\u00f3w i materia\u0142\u00f3w nie reprezentuje pogl\u0105d\u00f3w ani opinii Reunion&#8217;68,<\/em><em><br \/>\nani te\u017c webmastera Blogu Reunion&#8217;68, chyba ze jest to wyra\u017anie zaznaczone.<br \/>\nTwoje uwagi, linki, w\u0142asne artyku\u0142y lub wiadomo\u015bci prze\u015blij na adres:<br \/>\n<\/em><span style=\"color: #000080;\"><strong><em><a style=\"color: #000080;\" href=\"mailto:webmaster@reunion68.com\"><span style=\"text-decoration: underline;\">webmaster@reunion68.com<\/span><\/a><\/em><\/strong><\/span><\/p>\n<\/div>\n<\/div>\n<\/div>\n<hr style=\"width: 100%;\">\n","protected":false},"excerpt":{"rendered":"<p>Decyzja Unii Europejskiej o przyznaniu Autonomii Palesty\u0144skiej (AP) kwoty 2 miliard\u00f3w dolar\u00f3w na pomoc w &#8220;zreformowaniu si\u0119&#8221; mo\u017ce by\u0107 jedynie wynikiem celowej \u015blepoty, dysonansu poznawczego i tego, co mo\u017cna tylko przypisa\u0107 dumnej europejskiej tradycji nienawi\u015bci do \u017byd\u00f3w. Na zdj\u0119ciu: Prezydent Francji Emmanuel Macron spotyka si\u0119 z prezydentem AP Mahmudem Abbasem podczas 79. sesji Zgromadzenia Og\u00f3lnego [&hellip;]<\/p>\n","protected":false},"author":1,"featured_media":0,"comment_status":"closed","ping_status":"closed","sticky":false,"template":"","format":"standard","meta":[],"categories":[6],"tags":[26,24],"_links":{"self":[{"href":"https:\/\/www.reunion68.se\/index.php?rest_route=\/wp\/v2\/posts\/122294"}],"collection":[{"href":"https:\/\/www.reunion68.se\/index.php?rest_route=\/wp\/v2\/posts"}],"about":[{"href":"https:\/\/www.reunion68.se\/index.php?rest_route=\/wp\/v2\/types\/post"}],"author":[{"embeddable":true,"href":"https:\/\/www.reunion68.se\/index.php?rest_route=\/wp\/v2\/users\/1"}],"replies":[{"embeddable":true,"href":"https:\/\/www.reunion68.se\/index.php?rest_route=%2Fwp%2Fv2%2Fcomments&post=122294"}],"version-history":[{"count":8,"href":"https:\/\/www.reunion68.se\/index.php?rest_route=\/wp\/v2\/posts\/122294\/revisions"}],"predecessor-version":[{"id":122312,"href":"https:\/\/www.reunion68.se\/index.php?rest_route=\/wp\/v2\/posts\/122294\/revisions\/122312"}],"wp:attachment":[{"href":"https:\/\/www.reunion68.se\/index.php?rest_route=%2Fwp%2Fv2%2Fmedia&parent=122294"}],"wp:term":[{"taxonomy":"category","embeddable":true,"href":"https:\/\/www.reunion68.se\/index.php?rest_route=%2Fwp%2Fv2%2Fcategories&post=122294"},{"taxonomy":"post_tag","embeddable":true,"href":"https:\/\/www.reunion68.se\/index.php?rest_route=%2Fwp%2Fv2%2Ftags&post=122294"}],"curies":[{"name":"wp","href":"https:\/\/api.w.org\/{rel}","templated":true}]}}