{"id":122322,"date":"2025-07-03T17:00:48","date_gmt":"2025-07-03T15:00:48","guid":{"rendered":"http:\/\/www.reunion68.se\/?p=122322"},"modified":"2025-07-03T08:21:11","modified_gmt":"2025-07-03T06:21:11","slug":"03-00-111","status":"publish","type":"post","link":"https:\/\/www.reunion68.se\/?p=122322","title":{"rendered":"Key US Lawmaker Warns Ireland of Potential Economic Consequences for \u2018Antisemitic Path\u2019 Against Israel"},"content":{"rendered":"<h5 style=\"text-align: center;\"><a href=\"https:\/\/www.algemeiner.com\/\" target=\"_blank\" rel=\"noopener noreferrer\"><img decoding=\"async\" class=\"center alignleft\" src=\"http:\/\/www.reunion68.com\/Biuletyn\/img\/algem.png\" alt=\"\" width=\"35%\" \/><\/a><span style=\"text-decoration: underline; color: #000080;\"><span><strong><a style=\"color: #000080; text-decoration: underline;\" href=\"https:\/\/www.algemeiner.com\/2025\/07\/02\/key-us-lawmaker-warns-ireland-of-potential-economic-consequences-for-antisemitic-path-against-israel\/\" target=\"_blank\" rel=\"noopener noreferrer\">Key US Lawmaker Warns Ireland of Potential Economic Consequences for \u2018Antisemitic Path\u2019 Against Israel<\/a><\/strong><\/span><\/span><\/h5>\n<p style=\"text-align: center;\"><span style=\"color: #000000;\"><strong>Corey Walker<\/strong><\/span><\/p>\n<hr style=\"height: 15px; background: #d0e6fa; width: 100%;\" \/>\n<p style=\"text-align: center;\"><img decoding=\"async\" class=\"aligncenter\" src=\"https:\/\/www.algemeiner.com\/wp-content\/uploads\/2024\/11\/2024-05-21T110531Z_1681946752_MT1SIPA000K6PTRJ_RTRMADP_3_SIPA-USA1.jpg\" width=\"100%\" \/><span style=\"color: #808080;\"><em>US Sen. James Risch (R-ID) speaks during a Senate Foreign Relations Committee hearing, Washington, DC, May 21, 2024. Photo: Graeme Sloan\/Sipa USA via Reuters Connect<\/em><\/span><\/p>\n<p style=\"text-align: left;\"><span style=\"color: #000080;\">Senate Foreign Relations Committee Chairman James Risch (R-ID) issued a sharp warning Tuesday, accusing Ireland of embracing antisemitism and threatening potential economic consequences if the Irish government proceeds with new legislation targeting Israeli trade.<\/span><\/p>\n<p style=\"text-align: left;\"><span style=\"color: #000080;\">\u201cIreland, while often a valuable U.S. partner, is on a hateful, antisemitic path that will only lead to self-inflicted economic suffering,\u201d Risch wrote in a post on X. \u201cIf this legislation is implemented, America will have to seriously reconsider its deep and ongoing economic ties. We will always stand up to blatant antisemitism.\u201d<\/span><\/p>\n<p style=\"text-align: left;\"><span style=\"color: #000080;\">Marking a striking escalation in rhetoric from a senior US lawmaker, Risch\u2019s comments came amid growing tensions between Ireland and Israel, which have intensified dramatically since the Hamas-led attacks on southern Israel on October 7, 2023. Those attacks, in which roughly 1,200 Israelis were killed and more than 200 taken hostage, prompted a months-long Israeli military campaign in Gaza that has drawn widespread international scrutiny. Ireland has positioned itself as one of the most vocal critics of Israel\u2019s response, accusing the Israeli government of disproportionate use of force and calling for immediate humanitarian relief and accountability for the elevated number of Palestinian civilian casualties.<\/span><\/p>\n<p style=\"text-align: left;\"><span style=\"color: #000080;\">Dublin\u2019s stance has included tangible policy shifts. In May 2024,\u00a0<a style=\"color: #000080;\" href=\"https:\/\/www.algemeiner.com\/2025\/01\/08\/ireland-officially-joins-south-africas-genocide-case-against-israel\/\" target=\"_blank\" rel=\"noopener noreferrer\">Ireland<\/a>\u00a0formally recognized a Palestinian state, becoming one of the first European Union members to do so following the outbreak of the war in Gaza. The move was condemned by Israeli officials, who recalled their ambassador to Ireland and accused the Irish government of legitimizing terrorism. Since then, Irish lawmakers have proposed further measures, including legislation aimed at restricting imports from\u00a0<a style=\"color: #000080;\" href=\"https:\/\/www.algemeiner.com\/2025\/06\/26\/ireland-becomes-first-european-nation-advance-ban-trade-israeli-settlements\/\" target=\"_blank\" rel=\"noopener noreferrer\">Israeli settlements<\/a>\u00a0in the West Bank, policies viewed in Israel and among many American lawmakers as aligning with the controversial Boycott, Divestment, and Sanctions (BDS) movement.<\/span><\/p>\n<p style=\"text-align: left;\"><span style=\"color: #000080;\">While Irish leaders have defended their approach as grounded in international law and human rights, critics in Washington, including Risch, have portrayed it as part of a broader pattern of hostility toward Israel. Some US lawmakers have begun raising the possibility of reevaluating trade and diplomatic ties with Ireland in response.<\/span><\/p>\n<p style=\"text-align: left;\"><span style=\"color: #000080;\">Risch\u2019s warning is one of the clearest indications yet that\u00a0<a style=\"color: #000080;\" href=\"https:\/\/www.algemeiner.com\/2025\/01\/17\/ireland-adopts-ihra-definition-antisemitism-amid-row-israel\/\" target=\"_blank\" rel=\"noopener noreferrer\">Ireland\u2019s<\/a>\u00a0policies toward Israel could carry economic consequences. The United States is one of Ireland\u2019s largest trading partners, and American companies such as Apple, Google, Meta and Pfizer maintain substantial operations in the country, drawn by Ireland\u2019s favorable tax regime and access to the EU market.<\/span><\/p>\n<p style=\"text-align: left;\"><span style=\"color: #000080;\">Though the Trump administration has not echoed Risch\u2019s warning, the remarks reflect growing unease in Washington about the trajectory of Ireland\u2019s foreign policy. The State Department has maintained a careful balancing act, expressing strong support for Israel\u2019s security while calling for increased humanitarian access in Gaza. Officials have stopped short of condemning Ireland\u2019s actions directly but have expressed concern about efforts they see as isolating Israel on the international stage.<\/span><\/p>\n<p style=\"text-align: left;\"><span style=\"color: #000080;\">Ireland\u2019s stance is emblematic of a growing international divide over the war. While the US continues to provide military and diplomatic backing to Israel, many European countries have called for an immediate ceasefire and investigations into alleged war crimes.<\/span><\/p>\n<p style=\"text-align: left;\"><span style=\"color: #000080;\">Irish public opinion has long leaned pro-Palestinian, and Irish lawmakers have repeatedly voiced concern over the scale of destruction in Gaza and the dire humanitarian situation.<\/span><\/p>\n<p style=\"text-align: left;\"><span style=\"color: #000080;\">Irish officials have not yet responded to\u00a0<em>The Algemeiner\u2019s<\/em>\u00a0request for comment.<\/span><\/p>\n<hr style=\"height: 15px; background: #d0e6fa; width: 100%;\" \/>\n<div id=\"content\" class=\"content-alignment\">\n<div id=\"watch-description\" class=\"yt-uix-button-panel\">\n<div id=\"watch-description-text\" style=\"text-align: center;\">\n<p><em>Zawarto\u015b\u0107 publikowanych artyku\u0142\u00f3w i materia\u0142\u00f3w nie reprezentuje pogl\u0105d\u00f3w ani opinii Reunion&#8217;68,<\/em><em><br \/>\nani te\u017c webmastera Blogu Reunion&#8217;68, chyba ze jest to wyra\u017anie zaznaczone.<br \/>\nTwoje uwagi, linki, w\u0142asne artyku\u0142y lub wiadomo\u015bci prze\u015blij na adres:<br \/>\n<\/em><span style=\"color: #000080;\"><strong><em><a style=\"color: #000080;\" href=\"mailto:webmaster@reunion68.com\"><span style=\"text-decoration: underline;\">webmaster@reunion68.com<\/span><\/a><\/em><\/strong><\/span><\/p>\n<\/div>\n<\/div>\n<\/div>\n<hr style=\"width: 100%;\" \/>\n","protected":false},"excerpt":{"rendered":"<p>Key US Lawmaker Warns Ireland of Potential Economic Consequences for \u2018Antisemitic Path\u2019 Against Israel Corey Walker US Sen. James Risch (R-ID) speaks during a Senate Foreign Relations Committee hearing, Washington, DC, May 21, 2024. Photo: Graeme Sloan\/Sipa USA via Reuters Connect Senate Foreign Relations Committee Chairman James Risch (R-ID) issued a sharp warning Tuesday, accusing [&hellip;]<\/p>\n","protected":false},"author":1,"featured_media":0,"comment_status":"closed","ping_status":"closed","sticky":false,"template":"","format":"standard","meta":[],"categories":[6],"tags":[26,24],"_links":{"self":[{"href":"https:\/\/www.reunion68.se\/index.php?rest_route=\/wp\/v2\/posts\/122322"}],"collection":[{"href":"https:\/\/www.reunion68.se\/index.php?rest_route=\/wp\/v2\/posts"}],"about":[{"href":"https:\/\/www.reunion68.se\/index.php?rest_route=\/wp\/v2\/types\/post"}],"author":[{"embeddable":true,"href":"https:\/\/www.reunion68.se\/index.php?rest_route=\/wp\/v2\/users\/1"}],"replies":[{"embeddable":true,"href":"https:\/\/www.reunion68.se\/index.php?rest_route=%2Fwp%2Fv2%2Fcomments&post=122322"}],"version-history":[{"count":4,"href":"https:\/\/www.reunion68.se\/index.php?rest_route=\/wp\/v2\/posts\/122322\/revisions"}],"predecessor-version":[{"id":122338,"href":"https:\/\/www.reunion68.se\/index.php?rest_route=\/wp\/v2\/posts\/122322\/revisions\/122338"}],"wp:attachment":[{"href":"https:\/\/www.reunion68.se\/index.php?rest_route=%2Fwp%2Fv2%2Fmedia&parent=122322"}],"wp:term":[{"taxonomy":"category","embeddable":true,"href":"https:\/\/www.reunion68.se\/index.php?rest_route=%2Fwp%2Fv2%2Fcategories&post=122322"},{"taxonomy":"post_tag","embeddable":true,"href":"https:\/\/www.reunion68.se\/index.php?rest_route=%2Fwp%2Fv2%2Ftags&post=122322"}],"curies":[{"name":"wp","href":"https:\/\/api.w.org\/{rel}","templated":true}]}}