{"id":122369,"date":"2025-07-05T17:00:39","date_gmt":"2025-07-05T15:00:39","guid":{"rendered":"http:\/\/www.reunion68.se\/?p=122369"},"modified":"2025-07-05T07:46:30","modified_gmt":"2025-07-05T05:46:30","slug":"05-00-109","status":"publish","type":"post","link":"https:\/\/www.reunion68.se\/?p=122369","title":{"rendered":"New Poll: Majority of NYC Voters \u2018Less Likely\u2019 to Support Mamdani Over His Refusal to Condemn \u2018Globalize the Intifada\u2019"},"content":{"rendered":"<h5 style=\"text-align: center;\"><a href=\"https:\/\/www.algemeiner.com\/\" target=\"_blank\" rel=\"noopener noreferrer\"><img decoding=\"async\" class=\"center alignleft\" src=\"http:\/\/www.reunion68.com\/Biuletyn\/img\/algem.png\" alt=\"\" width=\"35%\" \/><\/a><span style=\"text-decoration: underline; color: #000080;\"><span><strong><a style=\"color: #000080; text-decoration: underline;\" href=\"https:\/\/www.algemeiner.com\/2025\/07\/04\/new-poll-majority-of-nyc-voters-less-likely-to-support-mamdani-over-his-refusal-to-condemn-globalize-the-intifada\/\" target=\"_blank\" rel=\"noopener noreferrer\">New Poll: Majority of NYC Voters \u2018Less Likely\u2019 to Support Mamdani Over His Refusal to Condemn \u2018Globalize the Intifada\u2019<\/a><\/strong><\/span><\/span><\/h5>\n<p style=\"text-align: center;\"><span style=\"color: #000000;\"><strong>Corey Walker<\/strong><\/span><\/p>\n<hr style=\"height: 15px; background: #d0e6fa; width: 100%;\" \/>\n<p style=\"text-align: center;\"><img decoding=\"async\" class=\"aligncenter\" src=\"https:\/\/www.algemeiner.com\/wp-content\/uploads\/2025\/02\/2024-02-22T184751Z_1068475800_MT1SOPA000DCB1C2_RTRMADP_3_SOPA-2.jpg\" width=\"100%\" \/><span style=\"color: #808080;\"><em>Zohran Mamdani. Photo: Ron Adar \/ SOPA Images via Reuters Connect<\/em><\/span><\/p>\n<p style=\"text-align: left;\" data-start=\"255\" data-end=\"582\"><span style=\"color: #000080;\">In a warning sign for the campaign of Democratic nominee for mayor of New York Zohran Mamdani, a majority of city voters in a new poll say the candidate\u2019s hardline anti-Israel stance makes them less likely to vote for him.<\/span><\/p>\n<p style=\"text-align: left;\" data-start=\"255\" data-end=\"582\"><span style=\"color: #000080;\">In the survey of likely city voters conducted by American Pulse, 52.5 percent said Mamdani\u2019s refusal to condemn the slogan \u201cglobalize the intifada\u201d coupled with his backing of the Boycott, Divestment, and Sanctions (BDS) movement made them less likely to vote for him in November. Just 31% of city voters polled were more likely to support him because of these positions.<\/span><\/p>\n<p style=\"text-align: left;\"><span style=\"color: #000080;\">At the same time, a significant share of\u00a0<em>young<\/em>\u00a0New York City voters\u00a0<em>support<\/em>\u00a0Mamdani\u2019s anti-Israel positioning, a striking sign of shifting generational views on Israel and the Palestinian cause.<\/span><\/p>\n<p style=\"text-align: left;\" data-start=\"584\" data-end=\"881\"><span style=\"color: #000080;\">Nearly half \u00a0of voters aged 18 to 44 (46 percent) said the State Assembly member\u2019s backing for BDS and \u201crefusal to condemn the phrase \u2018globalize the intifada&#8217;\u201d made them\u00a0<em data-start=\"701\" data-end=\"714\">more likely<\/em>\u00a0to support him.<\/span><\/p>\n<p style=\"text-align: left;\" data-start=\"883\" data-end=\"1373\"><span style=\"color: #000080;\">Mamdani, a democratic socialist from Queens, has been under fire for defending \u201cglobalize the intifada,\u201d a slogan many Jewish groups associate with incitement to violence against Israel and Jews. While critics argue it glorifies terrorism, supporters claim it\u2019s a call for international solidarity with oppressed peoples, especially Palestinians. Mamdani has also voiced support for BDS, a movement widely condemned by mainstream Jewish organizations as antisemitic for singling out Israel.<\/span><\/p>\n<p style=\"text-align: left;\" data-start=\"1375\" data-end=\"1725\"><span style=\"color: #000080;\">The generational divide exposed by the poll comes amid a broader political realignment. Younger progressives across the country are increasingly critical of Israeli policies, especially in the wake of the Gaza war, and more receptive to Palestinian activism. But to many Jewish leaders, Mamdani\u2019s rising support is alarming.<\/span><\/p>\n<p style=\"text-align: left;\" data-start=\"1375\" data-end=\"1725\"><span style=\"color: #000080;\">Rabbi David Wolpe, visiting scholar at Harvard University, condemned the phrase with a sarcastic analogy.<\/span><\/p>\n<p style=\"text-align: left;\" data-start=\"1727\" data-end=\"2030\"><span style=\"color: #000080;\">\u201c\u2018Globalize the intifada\u2019 is just a political slogan,\u201d he said. \u201cLike \u2018The cockroaches must be exterminated\u2019 was just a housing authority slogan in Rwanda.\u201d<\/span><\/p>\n<p style=\"text-align: left;\" data-start=\"2032\" data-end=\"2383\"><span style=\"color: #000080;\">Jewish organizations have reported a surge in antisemitic incidents in New York and across the U.S. since the outbreak of the Israel-Hamas war last fall. The blending of anti-Zionist slogans with calls for \u201cintifada,\u201d historically linked to violent uprisings, has deepened fears among Jewish communities that traditional red lines are being crossed.<\/span><\/p>\n<p style=\"text-align: left;\" data-start=\"2638\" data-end=\"2851\"><span style=\"color: #000080;\">Whether this emerging coalition reshapes New York politics remains to be seen. However, the poll indicates that among younger voters, views that were once considered fringe are quickly moving into the mainstream.<\/span><\/p>\n<hr style=\"height: 15px; background: #d0e6fa; width: 100%;\" \/>\n<div id=\"content\" class=\"content-alignment\">\n<div id=\"watch-description\" class=\"yt-uix-button-panel\">\n<div id=\"watch-description-text\" style=\"text-align: center;\">\n<p><em>Zawarto\u015b\u0107 publikowanych artyku\u0142\u00f3w i materia\u0142\u00f3w nie reprezentuje pogl\u0105d\u00f3w ani opinii Reunion&#8217;68,<\/em><em><br \/>\nani te\u017c webmastera Blogu Reunion&#8217;68, chyba ze jest to wyra\u017anie zaznaczone.<br \/>\nTwoje uwagi, linki, w\u0142asne artyku\u0142y lub wiadomo\u015bci prze\u015blij na adres:<br \/>\n<\/em><span style=\"color: #000080;\"><strong><em><a style=\"color: #000080;\" href=\"mailto:webmaster@reunion68.com\"><span style=\"text-decoration: underline;\">webmaster@reunion68.com<\/span><\/a><\/em><\/strong><\/span><\/p>\n<\/div>\n<\/div>\n<\/div>\n<hr style=\"width: 100%;\" \/>\n","protected":false},"excerpt":{"rendered":"<p>New Poll: Majority of NYC Voters \u2018Less Likely\u2019 to Support Mamdani Over His Refusal to Condemn \u2018Globalize the Intifada\u2019 Corey Walker Zohran Mamdani. Photo: Ron Adar \/ SOPA Images via Reuters Connect In a warning sign for the campaign of Democratic nominee for mayor of New York Zohran Mamdani, a majority of city voters in [&hellip;]<\/p>\n","protected":false},"author":1,"featured_media":0,"comment_status":"closed","ping_status":"closed","sticky":false,"template":"","format":"standard","meta":[],"categories":[6],"tags":[26,24],"_links":{"self":[{"href":"https:\/\/www.reunion68.se\/index.php?rest_route=\/wp\/v2\/posts\/122369"}],"collection":[{"href":"https:\/\/www.reunion68.se\/index.php?rest_route=\/wp\/v2\/posts"}],"about":[{"href":"https:\/\/www.reunion68.se\/index.php?rest_route=\/wp\/v2\/types\/post"}],"author":[{"embeddable":true,"href":"https:\/\/www.reunion68.se\/index.php?rest_route=\/wp\/v2\/users\/1"}],"replies":[{"embeddable":true,"href":"https:\/\/www.reunion68.se\/index.php?rest_route=%2Fwp%2Fv2%2Fcomments&post=122369"}],"version-history":[{"count":4,"href":"https:\/\/www.reunion68.se\/index.php?rest_route=\/wp\/v2\/posts\/122369\/revisions"}],"predecessor-version":[{"id":122384,"href":"https:\/\/www.reunion68.se\/index.php?rest_route=\/wp\/v2\/posts\/122369\/revisions\/122384"}],"wp:attachment":[{"href":"https:\/\/www.reunion68.se\/index.php?rest_route=%2Fwp%2Fv2%2Fmedia&parent=122369"}],"wp:term":[{"taxonomy":"category","embeddable":true,"href":"https:\/\/www.reunion68.se\/index.php?rest_route=%2Fwp%2Fv2%2Fcategories&post=122369"},{"taxonomy":"post_tag","embeddable":true,"href":"https:\/\/www.reunion68.se\/index.php?rest_route=%2Fwp%2Fv2%2Ftags&post=122369"}],"curies":[{"name":"wp","href":"https:\/\/api.w.org\/{rel}","templated":true}]}}