{"id":122529,"date":"2025-07-13T17:00:00","date_gmt":"2025-07-13T15:00:00","guid":{"rendered":"http:\/\/www.reunion68.se\/?p=122529"},"modified":"2025-07-12T09:16:30","modified_gmt":"2025-07-12T07:16:30","slug":"13-05-112","status":"publish","type":"post","link":"https:\/\/www.reunion68.se\/?p=122529","title":{"rendered":"IAF kills Lebanese terrorist linked to Iranian arms smuggling"},"content":{"rendered":"<h5 style=\"text-align: center;\"><a href=\"https:\/\/www.jns.org\/\" target=\"_blank\" rel=\"noopener noreferrer\"><img decoding=\"async\" class=\"center alignleft\" src=\"http:\/\/www.reunion68.com\/Biuletyn\/img\/jns-1.png\" alt=\"\" width=\"35%\" \/><\/a><span style=\"text-decoration: underline; color: #000080;\"><strong><a style=\"color: #000080; text-decoration: underline;\" href=\"https:\/\/www.jns.org\/iaf-kills-lebanese-terrorist-linked-to-iranian-arms-smuggling\/\" target=\"_blank\" rel=\"noopener noreferrer\">IAF kills Lebanese terrorist linked to Iranian arms smuggling<\/a><\/strong><\/span><\/h5>\n<p style=\"text-align: center;\"><span style=\"color: #000000;\"><strong> JNS Staff<\/strong><\/span><\/p>\n<hr style=\"height: 15px; background: #d0e6fa; width: 100%;\" \/>\n<div>\n<h4 style=\"text-align: center;\"><strong>Muhammad Shoaib was a \u201csignificant figure\u201d in a weapons smuggling route from Iran to northern Israel and Judea and Samaria.<\/strong><\/h4>\n<\/div>\n<p style=\"text-align: center;\"><img decoding=\"async\" class=\"aligncenter\" src=\"https:\/\/me.jnsi.org\/uploads\/2023\/01\/MOD-1320x880.jpg\" width=\"100%\" \/><span style=\"color: #808080;\"><em>Israeli Air Force fighter jets. Credit: Israeli Defense Ministry Spokesperson\u2019s Office.<\/em><\/span><\/p>\n<p class=\"wp-block-paragraph\" style=\"text-align: left;\"><span style=\"color: #000080;\">The Israeli Air Force on Friday killed senior terrorist operative Muhammad Shoaib in an airstrike near Nmairiyeh in Southern Lebanon, the Israel Defense Forces said.<\/span><\/p>\n<p class=\"wp-block-paragraph\" style=\"text-align: left;\"><span style=\"color: #000080;\">According to the IDF, Shoaib was a \u201csignificant figure\u201d in a weapons smuggling route from Iran to northern Israel and Judea and Samaria. He also maintained operational ties with arms dealers in Syria and Lebanon as part of that network.<\/span><\/p>\n<p class=\"wp-block-paragraph\" style=\"text-align: left;\"><span style=\"color: #000080;\">The IDF linked Shoaib\u2019s activities to\u00a0<a style=\"color: #000080;\" href=\"https:\/\/www.jns.org\/idf-kills-hezbollah-radwan-force-terrorist-in-lebanon\/\">Qasem Salah al-Husseini<\/a>, a member of Unit 840\u2014a branch of Iran\u2019s Islamic Revolutionary Guard Corps\u2019 Quds Force\u2014who was killed in an Israeli strike on July 3 in Kafr Sil, south of Beirut. Al-Husseini was implicated in planning and executing attacks against Israeli civilians and military forces across multiple sectors.<\/span><\/p>\n<div id=\"content\" class=\"content-alignment\">\n<div id=\"watch-description\" class=\"yt-uix-button-panel\">\n<div id=\"watch-description-text\" style=\"text-align: center;\">\n<p><iframe loading=\"lazy\" title=\"\u05e4\u05e2\u05d9\u05dc\u05d5\u05ea \u05db\u05d5\u05d7\u05d5\u05ea \u05e6\u05d4&quot;\u05dc \u05d1\u05dc\u05d1\u05e0\u05d5\u05df \u05de\u05d4\u05e9\u05d1\u05d5\u05e2 \u05d4\u05d0\u05d7\u05e8\u05d5\u05df | \u05d0\u05ea&quot;\u05e6\" src=\"https:\/\/www.youtube.com\/embed\/w9lCknFnY1M\" width=\"680\" height=\"400\" frameborder=\"0\" allowfullscreen=\"allowfullscreen\"><\/iframe><\/p>\n<\/div>\n<\/div>\n<\/div>\n<p class=\"wp-block-paragraph\" style=\"text-align: left;\"><span style=\"color: #000080;\">On Wednesday, the IDF reported the elimination of Hussein Ali Muzhir, the head of firepower for the Zahrani Sector in Hezbollah\u2019s Badr Unit, in a strike near Al-Babliyah in Southern Lebanon.<\/span><\/p>\n<p class=\"wp-block-paragraph\" style=\"text-align: left;\"><span style=\"color: #000080;\">Two days earlier, the IDF killed Ali Abd al-Hassan Haidar, a senior commander in Hezbollah\u2019s elite Radwan Force, in an airstrike in the Deir Kifa area of Southern Lebanon. According to the military, Haidar was involved in the Lebanese terror group\u2019s \u201cConquer the Galilee\u201d plan\u2014an Iranian-backed plot to infiltrate northern Israel, seize territory, and take hostages.<\/span><\/p>\n<p class=\"wp-block-paragraph\" style=\"text-align: left;\"><span style=\"color: #000080;\">The IDF announced on Tuesday that it had targeted Hamas operative Mehran Mustafa Ba\u2019jur in a strike near Tripoli, Lebanon. Ba\u2019jur was described as a key figure in orchestrating attacks against Israeli forces and civilians, including rocket barrages on Nahariya and Kiryat Shmona during the war.<\/span><\/p>\n<p class=\"wp-block-paragraph\" style=\"text-align: left;\"><span style=\"color: #000080;\">On Nov. 26, 2024, Jerusalem and Beirut signed a\u00a0<a style=\"color: #000080;\" href=\"https:\/\/www.jns.org\/israel-lebanon-ceasefire-ends-over-a-year-of-hostilities\/\">ceasefire deal<\/a>\u00a0aimed at ending more than a year of cross-border clashes between the IDF and Hezbollah. The Iranian-backed terror group began attacking the Jewish state in support of Hamas in the aftermath of the Oct. 7, 2023, massacre.<\/span><\/p>\n<p class=\"wp-block-paragraph\" style=\"text-align: left;\"><span style=\"color: #000080;\">Since the truce, Israel has conducted frequent operations to prevent Hezbollah from rebuilding its terror infrastructure and violating the terms of the truce in Southern Lebanon.<\/span><\/p>\n<hr style=\"height: 15px; background: #d0e6fa; width: 100%;\" \/>\n<div id=\"content\" class=\"content-alignment\">\n<div id=\"watch-description\" class=\"yt-uix-button-panel\">\n<div id=\"watch-description-text\" style=\"text-align: center;\">\n<p><em>Zawarto\u015b\u0107 publikowanych artyku\u0142\u00f3w i materia\u0142\u00f3w nie reprezentuje pogl\u0105d\u00f3w ani opinii Reunion&#8217;68,<\/em><em><br \/>\nani te\u017c webmastera Blogu Reunion&#8217;68, chyba ze jest to wyra\u017anie zaznaczone.<br \/>\nTwoje uwagi, linki, w\u0142asne artyku\u0142y lub wiadomo\u015bci prze\u015blij na adres:<br \/>\n<\/em><span style=\"color: #000080;\"><strong><em><a style=\"color: #000080;\" href=\"mailto:webmaster@reunion68.com\"><span style=\"text-decoration: underline;\">webmaster@reunion68.com<\/span><\/a><\/em><\/strong><\/span><\/p>\n<\/div>\n<\/div>\n<\/div>\n<hr style=\"width: 100%;\" \/>\n","protected":false},"excerpt":{"rendered":"<p>IAF kills Lebanese terrorist linked to Iranian arms smuggling JNS Staff Muhammad Shoaib was a \u201csignificant figure\u201d in a weapons smuggling route from Iran to northern Israel and Judea and Samaria. Israeli Air Force fighter jets. Credit: Israeli Defense Ministry Spokesperson\u2019s Office. The Israeli Air Force on Friday killed senior terrorist operative Muhammad Shoaib in [&hellip;]<\/p>\n","protected":false},"author":1,"featured_media":0,"comment_status":"closed","ping_status":"closed","sticky":false,"template":"","format":"standard","meta":[],"categories":[6],"tags":[26,24],"_links":{"self":[{"href":"https:\/\/www.reunion68.se\/index.php?rest_route=\/wp\/v2\/posts\/122529"}],"collection":[{"href":"https:\/\/www.reunion68.se\/index.php?rest_route=\/wp\/v2\/posts"}],"about":[{"href":"https:\/\/www.reunion68.se\/index.php?rest_route=\/wp\/v2\/types\/post"}],"author":[{"embeddable":true,"href":"https:\/\/www.reunion68.se\/index.php?rest_route=\/wp\/v2\/users\/1"}],"replies":[{"embeddable":true,"href":"https:\/\/www.reunion68.se\/index.php?rest_route=%2Fwp%2Fv2%2Fcomments&post=122529"}],"version-history":[{"count":11,"href":"https:\/\/www.reunion68.se\/index.php?rest_route=\/wp\/v2\/posts\/122529\/revisions"}],"predecessor-version":[{"id":122574,"href":"https:\/\/www.reunion68.se\/index.php?rest_route=\/wp\/v2\/posts\/122529\/revisions\/122574"}],"wp:attachment":[{"href":"https:\/\/www.reunion68.se\/index.php?rest_route=%2Fwp%2Fv2%2Fmedia&parent=122529"}],"wp:term":[{"taxonomy":"category","embeddable":true,"href":"https:\/\/www.reunion68.se\/index.php?rest_route=%2Fwp%2Fv2%2Fcategories&post=122529"},{"taxonomy":"post_tag","embeddable":true,"href":"https:\/\/www.reunion68.se\/index.php?rest_route=%2Fwp%2Fv2%2Ftags&post=122529"}],"curies":[{"name":"wp","href":"https:\/\/api.w.org\/{rel}","templated":true}]}}