{"id":122533,"date":"2025-07-14T17:09:05","date_gmt":"2025-07-14T15:09:05","guid":{"rendered":"http:\/\/www.reunion68.se\/?p=122533"},"modified":"2025-07-13T07:10:11","modified_gmt":"2025-07-13T05:10:11","slug":"14-05-121","status":"publish","type":"post","link":"https:\/\/www.reunion68.se\/?p=122533","title":{"rendered":"Otwarta odpowied\u017a do Petera Oborne\u2019a i Irfana Chowdhury\u2019ego"},"content":{"rendered":"<p style=\"text-align: center;\"><img decoding=\"async\" class=\"aligncenter\" src=\"http:\/\/www.listyznaszegosadu.pl\/upload\/article\/bild\/3802\/1083163\/1_col_s.png\" \/><span style=\"color: #808080;\"><em>David Collier \u2013 niezale\u017cny dziennikarz \u015bledczy<\/em><\/span><\/p>\n<hr \/>\n<h5 style=\"text-align: center;\"><a href=\"http:\/\/www.listyznaszegosadu.pl\/\" target=\"_blank\" rel=\"noopener noreferrer\"><img decoding=\"async\" class=\"center alignleft\" src=\"http:\/\/www.reunion68.com\/Biuletyn\/img\/z-naszego.jpg\" alt=\"\" width=\"50%\" \/><\/a><span style=\"text-decoration: underline; color: #000080;\"><span style=\"text-decoration: underline;\"><strong><a style=\"color: #000080; text-decoration: underline;\" href=\"http:\/\/www.listyznaszegosadu.pl\/dysydenci\/otwarta-odpowiedz-do-petera-obornea-a-i-irfana-chowdhurya-egodavid-collier-niezalezny-dziennikarz-sledczy\" target=\"_blank\" rel=\"noopener noreferrer\">Otwarta odpowied\u017a do Petera Oborne\u2019a i Irfana Chowdhury\u2019ego<\/a><\/strong><\/span><\/span><\/h5>\n<p style=\"text-align: center;\"><span style=\"color: #000000;\"><strong>Andrzej KOraszewski<\/strong><\/span><\/p>\n<hr style=\"height: 15px; background: #d0e6fa; width: 100%;\" \/>\n<div class=\"templateArticleIngress\">\n<p><span style=\"color: #000080;\">M\u00f3j list do Davida (Autora poni\u017cszego tekstu), kt\u00f3ry wy\u015bl\u0119 dopiero po publikacji:<\/span><\/p>\n<p><em><strong>Drogi Davidzie,<\/strong><\/em><\/p>\n<p><em><strong>Zapewne kojarzysz nazwisko Malgorzata Koraszewska, prosi\u0142a ci\u0119 o pozwolenie na t\u0142umaczenie twoich tekst\u00f3w na j\u0119zyk polski i publikacj\u0119 na naszym blogu. Prawdopodobnie, (podobnie jak to sta\u0142o si\u0119 z kilkoma innymi zaprzyja\u017anionymi autorami), wysy\u0142a\u0142a ju\u017c tylko linki do polskiej wersji, informuj\u0105c, \u017ce tekst zosta\u0142 opublikowany. Ma\u0142gorzata zmar\u0142a 17 czerwca, a ja udaj\u0119, \u017ce to nie jest prawd\u0105 i ci\u0105gn\u0119 ten w\u00f3zek dalej. Mo\u017cna powiedzie\u0107, \u017ce to zabawne, albo makabryczne. Pracuj\u0119 na dw\u00f3ch komputerach, bo wszystkie nasze \u017ar\u00f3d\u0142a przychodz\u0105 na jej komputer, wi\u0119c rano siadam w fotelu, na kt\u00f3rym umar\u0142a, przegl\u0105dam jej poczt\u0119 i wysy\u0142am do siebie to, nad czym b\u0119d\u0119 pracowa\u0142. Nadal codziennie dostaj\u0119 od Malgorzaty kilka, czasem kilkana\u015bcie list\u00f3w. Dzi\u015b przys\u0142a\u0142a ten tekst i natychmiast go opublikowa\u0142em. Je\u015bli ci si\u0119 to nie podoba mo\u017cesz mnie pozwa\u0107. (\u015awietny tekst, idealnie pasuje do mojego agresywnego nastroju. )<\/strong><\/em><\/p>\n<p><em><strong>Pieprzy\u0107 tych sukinsyn\u00f3w<\/strong><\/em><\/p>\n<p><em><strong>Andrzej\u00a0\u00a0<\/strong><\/em><\/p>\n<\/div>\n<div class=\"templateArticleBrodtext\">\n<h3 style=\"text-align: center;\">***<\/h3>\n<p><span style=\"color: #000080;\">To jest otwarta odpowied\u017a na e-mail, kt\u00f3ry otrzyma\u0142em od Petera Oborne\u2019a i Irfana Chowdhury\u2019ego, kwestionuj\u0105cy moje uwagi na temat g\u0142odu w Gazie. Opublikowa\u0142em ich wiadomo\u015b\u0107 tutaj.<\/span><\/p>\n<h4><strong><br \/>\nSzanowni Irfan Chowdhury i Peter Oborne,<\/strong><\/h4>\n<p style=\"text-align: left;\"><span style=\"color: #000080;\">Dzi\u0119kuj\u0119 za wiadomo\u015b\u0107. Jak mam w zwyczaju, odpowiadam w formie publicznej. W ten spos\u00f3b zar\u00f3wno wasze pytania, jak i moje odpowiedzi s\u0105 dost\u0119pne w pe\u0142nej wersji i mam pewno\u015b\u0107, \u017ce moje s\u0142owa nie zostan\u0105 zmanipulowane ani wyrwane z kontekstu, by przekaza\u0107 sens, kt\u00f3rego nigdy nie zamierza\u0142em.<\/span><\/p>\n<p style=\"text-align: left;\">\n<span style=\"color: #000080;\">Zaledwie kilka tygodni temu zauwa\u017cy\u0142em, \u017ce Peter okre\u015bli\u0142 niedawny raport CfMM dotycz\u0105cy BBC jako \u201eznakomity\u201d i \u201ewnikliwy\u201d. W tym raporcie wspomniano mnie tylko raz, a mimo to zdo\u0142ano przypisa\u0107 mi cytat, kt\u00f3rego nigdy nie wypowiedzia\u0142em \u2013 wi\u0119c z pewno\u015bci\u0105 nie mo\u017cna m\u00f3wi\u0107 o \u201ewnikliwo\u015bci\u201d! Dodaj\u0105c do tego fakt, \u017ce kluczowe wska\u017aniki u\u017cyte w raporcie CfMM to amatorski be\u0142kot (wkr\u00f3tce opublikuj\u0119 co\u015b wi\u0119cej na ten temat), mam nadziej\u0119, \u017ce wybaczycie mi sceptycyzm wobec waszej zdolno\u015bci do rzetelnego podej\u015bcia w sprawach dotycz\u0105cych Izraela i\/lub fakt\u00f3w.<\/span><\/p>\n<p style=\"text-align: left;\">\n<span style=\"color: #000080;\">Dali\u015bcie mi czas na odpowied\u017a do czwartku 10 lipca, do godziny 12:00 \u2013 dlatego upewni\u0142em si\u0119, \u017ce ten tekst zostanie opublikowany przed tym terminem.<\/span><\/p>\n<p style=\"text-align: left;\">\n<span style=\"color: #000080;\">Przechodz\u0105c do istoty waszego maila \u2013 piszecie, \u017ce pracujecie obecnie nad tekstem zatytu\u0142owanym \u201eComplicit: Britain\u2019s Role in the Destruction of Gaza\u201d (Wsp\u00f3\u0142winni: Rola Wielkiej Brytanii w zniszczeniu Gazy). Poprosili\u015bcie mnie o wyja\u015bnienie tre\u015bci mojego posta z 19.12.2024, w kt\u00f3rym podwa\u017cam narracj\u0119 o masowym g\u0142odzie, pragnieniu, umieraniu z niedo\u017cywienia i ludob\u00f3jstwie. Poni\u017cej zamieszczam obraz tego posta:<\/span><\/p>\n<\/div>\n<p><a name=\"block2\"><\/a><\/p>\n<div class=\"webnewsArticleImageContainer \">\n<div>\n<div class=\"webnewsArticleImage\"><img decoding=\"async\" loading=\"lazy\" src=\"http:\/\/www.listyznaszegosadu.pl\/upload\/article\/bild\/7090\/1083165\/2_col_s.png\" alt=\"\" width=\"400\" height=\"158\" border=\"0\" \/><\/div>\n<\/div>\n<\/div>\n<div class=\"templateArticleBrodtext\">\n<p><span style=\"color: #000080;\">W waszym mailu kwestionujecie moje stanowisko wobec zarzut\u00f3w o masowe umieranie z g\u0142odu, opieraj\u0105c si\u0119 na trzech \u017ar\u00f3d\u0142ach (Action Aid, Oxfam i UNICEF), by dowie\u015b\u0107, \u017ce si\u0119 myl\u0119 i \u017ce ok. 1,8 miliona mieszka\u0144c\u00f3w Gazy wkr\u00f3tce umrze, poniewa\u017c nie maj\u0105 co je\u015b\u0107 ani pi\u0107. Mam nadziej\u0119 \u2013 cho\u0107 nie jestem tego pewien \u2013 \u017ce fakt, i\u017c nie kwestionujecie mojego stwierdzenia, i\u017c Izrael broni si\u0119 przed terrorystami, oznacza, \u017ce przynajmniej z tym si\u0119 zgadzacie.<\/span><\/p>\n<p><span style=\"color: #000080;\">Dla jasno\u015bci, oto \u017ar\u00f3d\u0142a, na kt\u00f3rych si\u0119 opieracie:<\/span><\/p>\n<ul>\n<li><strong>Ostrze\u017cenie Action Aid opiera si\u0119 na wypowiedzi Amjada Al-Shawy, dyrektora Palesty\u0144skiej Sieci Organizacji Pozarz\u0105dowych (PNGO).<\/strong><\/li>\n<li><strong>O\u015bwiadczenie Oxfam nie ujawnia \u017ar\u00f3d\u0142a informacji logistycznych (czyli zapewne Hamas), a ostrze\u017cenie wyg\u0142asza Sally Abi-Khalil, dyrektorka Oxfam na Bliski Wsch\u00f3d i Afryk\u0119 P\u00f3\u0142nocn\u0105.<\/strong><\/li>\n<li><strong>Komunikat prasowy UNICEF (kt\u00f3ry opublikowano\u00a0<em>po<\/em>\u00a0moim po\u015bcie) pochodzi od przedstawicielki prasowej UNICEF Rosalii Bollen i opiera si\u0119 na niezweryfikowanych relacjach, by opowiedzie\u0107 histori\u0119 jednej tragicznej \u015bmierci.<\/strong><\/li>\n<\/ul>\n<p style=\"text-align: left;\"><span style=\"color: #000080;\">Zaczn\u0119 od Action Aid. Nawet nie b\u0119d\u0119 si\u0119 rozwodzi\u0142 nad faktem, \u017ce pracownicy tej organizacji byli przy\u0142apywani na gloryfikowaniu terroryzmu i terroryst\u00f3w \u2013 skupi\u0119 si\u0119 jedynie na zarzutach o g\u0142\u00f3d. Dziewi\u0119\u0107 miesi\u0119cy przed swoim grudniowym ostrze\u017ceniem, Action Aid twierdzi\u0142o, \u017ce \u201esystem pomocy znajduje si\u0119 na skraju ca\u0142kowitego za\u0142amania\u201d. W o\u015bwiadczeniu napisano: \u201eJe\u015bli mieszka\u0144cy Gazy nie umr\u0105 od bomb, prawdopodobnie umr\u0105 z g\u0142odu.\u201d<\/span><\/p>\n<p style=\"text-align: left;\">\n<span style=\"color: #000080;\">C\u00f3\u017c, my\u015bl\u0119, \u017ce wszyscy si\u0119 zgodzimy, \u017ce tak si\u0119 nie sta\u0142o. Czytaj\u0105c ten absurdalny komunikat alarmowy Action Aid z 6 marca 2024 r. (czyli Hamasowsk\u0105 propagand\u0119), nie mam poj\u0119cia, dlaczego mieliby\u015bcie traktowa\u0107 ich jako \u017ar\u00f3d\u0142o wiarygodnych informacji dziewi\u0119\u0107 miesi\u0119cy p\u00f3\u017aniej. Ja z pewno\u015bci\u0105 bym nie traktowa\u0142.<\/span><\/p>\n<p style=\"text-align: left;\">\n<span style=\"color: #000080;\">Nast\u0119pnie \u2013 niepoparte \u017ar\u00f3d\u0142ami ostrze\u017cenia Oxfam. Ju\u017c w grudniu 2023 r. Oxfam twierdzi\u0142, \u017ce:<\/span><\/p>\n<\/div>\n<p><a name=\"block3\"><\/a><\/p>\n<div class=\"webnewsArticleImageContainer \">\n<div>\n<div class=\"webnewsArticleImage\"><img decoding=\"async\" loading=\"lazy\" src=\"http:\/\/www.listyznaszegosadu.pl\/upload\/article\/bild\/347\/1083167\/3_col_s.png\" alt=\"\" width=\"400\" height=\"57\" border=\"0\" \/><\/div>\n<\/div>\n<\/div>\n<div class=\"templateArticleBrodtext\">\n<p style=\"text-align: left;\"><span style=\"color: #000080;\">Mo\u017ce to tylko moje odczucie, ale skoro ponad 90% ludno\u015bci Gazy nie umar\u0142o z g\u0142odu 18 miesi\u0119cy temu, a przewidywany g\u0142\u00f3d si\u0119 nie zi\u015bci\u0142 \u2013 mimo \u017ce nie by\u0142o przed\u0142u\u017conego zawieszenia broni \u2013 nie widz\u0119 powodu, by traktowa\u0107 powa\u017cnie t\u0119 organizacj\u0119, kt\u00f3ra nieustannie g\u0142osi podobne katastroficzne prognozy. To z pewno\u015bci\u0105 nie jest organizacja oparta na faktach i jestem zdumiony, \u017ce uznajecie j\u0105 za wiarygodn\u0105. Czy w og\u00f3le sprawdzacie \u017ar\u00f3d\u0142a?<\/span><\/p>\n<p style=\"text-align: left;\">\n<span style=\"color: #000080;\">Pozostaje jeszcze relacja z drugiej r\u0119ki opublikowana przez UNICEF\u00a0<em>po<\/em>\u00a0moim po\u015bcie. Dla urozmaicenia, za\u0142\u00f3\u017cmy, \u017ce UNICEF opublikowa\u0142 to wcze\u015bniej \u2013 i \u017ce zna\u0142em tre\u015b\u0107 tej wypowiedzi. Oto jak UNICEF w marcu 2024 r. zapowiada\u0142, \u017ce g\u0142\u00f3d jest \u201enieuchronny\u201d:<\/span><\/p>\n<\/div>\n<p><a name=\"block4\"><\/a><\/p>\n<div class=\"webnewsArticleImageContainer \">\n<div>\n<div class=\"webnewsArticleImage\"><img decoding=\"async\" loading=\"lazy\" src=\"http:\/\/www.listyznaszegosadu.pl\/upload\/article\/bild\/8128\/1083169\/7_col_s.png\" alt=\"\" width=\"400\" height=\"65\" border=\"0\" \/><\/div>\n<\/div>\n<\/div>\n<div class=\"templateArticleBrodtext\">\n<p style=\"text-align: left;\"><span style=\"color: #000080;\">C\u00f3\u017c, ta prognoza r\u00f3wnie\u017c si\u0119 nie sprawdzi\u0142a!<\/span><\/p>\n<p style=\"text-align: left;\">\n<span style=\"color: #000080;\">Mimo \u017ce nie by\u0142o zawiesze\u0144 broni, Izrael kontynuowa\u0142 eliminacj\u0119 Hamasu, a \u017cadne z \u017c\u0105da\u0144 tych organizacji nie zosta\u0142o spe\u0142nione \u2013 scenariusze g\u0142odu g\u0142oszone przez te grupy po prostu si\u0119 nie zrealizowa\u0142y.<\/span><\/p>\n<p style=\"text-align: left;\">\n<span style=\"color: #000080;\">Tak samo jak oskar\u017cenie o ludob\u00f3jstwo, narracja o masowym g\u0142odzie to kolejne bezpodstawne brednie, maj\u0105ce na celu demonizowanie jedynego pa\u0144stwa z wi\u0119kszo\u015bci\u0105 \u017cydowsk\u0105 na \u015bwiecie i jedynej funkcjonuj\u0105cej demokracji w regionie MENA.<\/span><\/p>\n<p style=\"text-align: left;\">\n<span style=\"color: #000080;\">Prawdziwa tragedia polega nie tylko na tym, \u017ce UNICEF i inne organizacje powielaj\u0105 narracje zbie\u017cne z Hamasem. Problemem jest to, \u017ce takie wypaczenia podwa\u017caj\u0105 ich wiarygodno\u015b\u0107 \u2013 a wraz z ni\u0105 zdolno\u015b\u0107 do zwracania uwagi na PRAWDZIWE katastrofy humanitarne. Podczas gdy mi\u0119dzynarodowi aktywi\u015bci krzycz\u0105 \u201eWszyscy patrz\u0105 na Rafah\u201d, \u015bwiat odwraca wzrok od Sudanu, gdzie setki tysi\u0119cy ludzi umiera z g\u0142odu, bez dost\u0119pu do pomocy i bez politycznego g\u0142osu, kt\u00f3ry m\u00f3g\u0142by ich reprezentowa\u0107.<\/span><\/p>\n<p style=\"text-align: left;\">\n<span style=\"color: #000080;\">Tak w\u0142a\u015bnie wygl\u0105da sytuacja, gdy oburzenie zostaje przej\u0119te przez propagand\u0119. Energia moralna zostaje \u017ale ukierunkowana, a ci, kt\u00f3rzy nie maj\u0105 swojego lobby, zostaj\u0105 porzuceni na pastw\u0119 losu.<\/span><\/p>\n<p style=\"text-align: left;\">\n<span style=\"color: #000080;\">W\u0105tpi\u0119, by nasze ulice zape\u0142ni\u0142y si\u0119 protestami wzywaj\u0105cymi rz\u0105d do ratowania mieszka\u0144c\u00f3w Sudanu. Kiedy oburzenie nie jest nap\u0119dzane obsesj\u0105 antyizraelsk\u0105, ulice pozostaj\u0105 puste.<\/span><\/p>\n<p style=\"text-align: left;\">\n<span style=\"color: #000080;\">Gdyby Gazyjczycy po prostu oddali zak\u0142adnik\u00f3w, a Hamas zrzek\u0142 si\u0119 w\u0142adzy \u2013 konflikt by si\u0119 sko\u0144czy\u0142. Mieszka\u0144cy Sudanu nie maj\u0105 takiej mo\u017cliwo\u015bci. Takie k\u0142amstwa o Gazie kosztuj\u0105 \u017cycie. Odci\u0105gaj\u0105 uwag\u0119 od miejsc, gdzie ludzie naprawd\u0119 umieraj\u0105 z g\u0142odu. \u201eWszyscy patrz\u0105 na Rafah\u201d \u2013 wi\u0119c nikt nie patrzy tam, gdzie naprawd\u0119 trwa kl\u0119ska g\u0142odu na ogromn\u0105 skal\u0119.<\/span><\/p>\n<p style=\"text-align: left;\">\n<span style=\"color: #000080;\">Te organizacje i wiele podobnych zosta\u0142y zrujnowane przez aktywist\u00f3w, kt\u00f3rzy je upolitycznili. Wiem, jak \u017ale to wygl\u0105da, bo napisa\u0142em szczeg\u00f3\u0142owy raport o upadku Amnesty \u2013 i odkry\u0142em, \u017ce przedstawicielka Amnesty w Gazie nie tylko gloryfikowa\u0142a terroryst\u00f3w z Islamskiego D\u017cihadu, ale te\u017c nawo\u0142ywa\u0142a do autocenzury w imi\u0119 ochrony \u201eruchu oporu\u201d. Jestem pewien, \u017ce gdyby nadal tam by\u0142a, ch\u0119tnie powo\u0142ywaliby\u015bcie si\u0119 na jej prorz\u0105dowe (czyt. proterrorystyczne) wypowiedzi jako kolejne \u201edowody\u201d, na kt\u00f3re uwa\u017cacie, \u017ce powinienem odpowiedzie\u0107.<\/span><\/p>\n<p style=\"text-align: left;\">\n<span style=\"color: #000080;\">Te upolitycznione organizacje opieraj\u0105 si\u0119 na informacjach przekazywanych przez ludzi osadzonych w strukturach klanowych Gazy, powi\u0105zanych z licznymi ugrupowaniami terrorystycznymi dzia\u0142aj\u0105cymi w regionie. Nie ma tam \u017cadnej \u201eniezale\u017cno\u015bci\u201d. Organizacje te dzia\u0142aj\u0105 na rzecz zako\u0144czenia konfliktu w spos\u00f3b, kt\u00f3ry umo\u017cliwi\u0142by Hamasowi utrzymanie w\u0142adzy. Tym samym wykonuj\u0105 robot\u0119 Hamasu i ca\u0142e ich przekazy nale\u017cy traktowa\u0107 jako propagand\u0119 wspieraj\u0105c\u0105 t\u0119 zdelegalizowan\u0105 organizacj\u0119 terrorystyczn\u0105.<\/span><\/p>\n<p style=\"text-align: left;\">\n<span style=\"color: #000080;\">Rozumiem, \u017ce taka jest prawda \u2013 ale nie dziwi\u0119 si\u0119, \u017ce ludzie, kt\u00f3rzy traktuj\u0105 CfMM jako wiarygodne \u017ar\u00f3d\u0142o, nie s\u0105 w stanie jej dostrzec. Mam nadziej\u0119, \u017ce cho\u0107 troch\u0119 otworzy\u0142em wam oczy.<\/span><\/p>\n<p style=\"text-align: left;\">\n<span style=\"color: #000080;\">I tak, potwierdzam otrzymanie waszej wiadomo\u015bci<\/span>.<\/p>\n<\/div>\n<hr style=\"height: 15px; background: #d0e6fa; width: 100%;\" \/>\n<div id=\"content\" class=\"content-alignment\">\n<div id=\"watch-description\" class=\"yt-uix-button-panel\">\n<div id=\"watch-description-text\" style=\"text-align: center;\">\n<p><em>Zawarto\u015b\u0107 publikowanych artyku\u0142\u00f3w i materia\u0142\u00f3w nie reprezentuje pogl\u0105d\u00f3w ani opinii Reunion&#8217;68,<\/em><em><br \/>\nani te\u017c webmastera Blogu Reunion&#8217;68, chyba ze jest to wyra\u017anie zaznaczone.<br \/>\nTwoje uwagi, linki, w\u0142asne artyku\u0142y lub wiadomo\u015bci prze\u015blij na adres:<br \/>\n<\/em><span style=\"color: #000080;\"><strong><em><a style=\"color: #000080;\" href=\"mailto:webmaster@reunion68.com\"><span style=\"text-decoration: underline;\">webmaster@reunion68.com<\/span><\/a><\/em><\/strong><\/span><\/p>\n<\/div>\n<\/div>\n<\/div>\n<hr style=\"width: 100%;\" \/>\n","protected":false},"excerpt":{"rendered":"<p>David Collier \u2013 niezale\u017cny dziennikarz \u015bledczy Otwarta odpowied\u017a do Petera Oborne\u2019a i Irfana Chowdhury\u2019ego Andrzej KOraszewski M\u00f3j list do Davida (Autora poni\u017cszego tekstu), kt\u00f3ry wy\u015bl\u0119 dopiero po publikacji: Drogi Davidzie, Zapewne kojarzysz nazwisko Malgorzata Koraszewska, prosi\u0142a ci\u0119 o pozwolenie na t\u0142umaczenie twoich tekst\u00f3w na j\u0119zyk polski i publikacj\u0119 na naszym blogu. Prawdopodobnie, (podobnie jak to [&hellip;]<\/p>\n","protected":false},"author":1,"featured_media":0,"comment_status":"closed","ping_status":"closed","sticky":false,"template":"","format":"standard","meta":[],"categories":[6],"tags":[26,24],"_links":{"self":[{"href":"https:\/\/www.reunion68.se\/index.php?rest_route=\/wp\/v2\/posts\/122533"}],"collection":[{"href":"https:\/\/www.reunion68.se\/index.php?rest_route=\/wp\/v2\/posts"}],"about":[{"href":"https:\/\/www.reunion68.se\/index.php?rest_route=\/wp\/v2\/types\/post"}],"author":[{"embeddable":true,"href":"https:\/\/www.reunion68.se\/index.php?rest_route=\/wp\/v2\/users\/1"}],"replies":[{"embeddable":true,"href":"https:\/\/www.reunion68.se\/index.php?rest_route=%2Fwp%2Fv2%2Fcomments&post=122533"}],"version-history":[{"count":5,"href":"https:\/\/www.reunion68.se\/index.php?rest_route=\/wp\/v2\/posts\/122533\/revisions"}],"predecessor-version":[{"id":122583,"href":"https:\/\/www.reunion68.se\/index.php?rest_route=\/wp\/v2\/posts\/122533\/revisions\/122583"}],"wp:attachment":[{"href":"https:\/\/www.reunion68.se\/index.php?rest_route=%2Fwp%2Fv2%2Fmedia&parent=122533"}],"wp:term":[{"taxonomy":"category","embeddable":true,"href":"https:\/\/www.reunion68.se\/index.php?rest_route=%2Fwp%2Fv2%2Fcategories&post=122533"},{"taxonomy":"post_tag","embeddable":true,"href":"https:\/\/www.reunion68.se\/index.php?rest_route=%2Fwp%2Fv2%2Ftags&post=122533"}],"curies":[{"name":"wp","href":"https:\/\/api.w.org\/{rel}","templated":true}]}}