{"id":122552,"date":"2025-07-15T17:00:47","date_gmt":"2025-07-15T15:00:47","guid":{"rendered":"http:\/\/www.reunion68.se\/?p=122552"},"modified":"2025-07-14T07:50:52","modified_gmt":"2025-07-14T05:50:52","slug":"15-00-106","status":"publish","type":"post","link":"https:\/\/www.reunion68.se\/?p=122552","title":{"rendered":"They Firebombed Our Synagogues \u2014 And You Said Nothing"},"content":{"rendered":"<h5 style=\"text-align: center;\"><a href=\"https:\/\/www.algemeiner.com\/\" target=\"_blank\" rel=\"noopener noreferrer\"><img decoding=\"async\" class=\"center alignleft\" src=\"http:\/\/www.reunion68.com\/Biuletyn\/img\/algem.png\" alt=\"\" width=\"35%\" \/><\/a><span style=\"text-decoration: underline; color: #000080;\"><strong><a style=\"color: #000080; text-decoration: underline;\" href=\"https:\/\/www.algemeiner.com\/2025\/07\/11\/they-firebombed-our-synagogues-and-you-said-nothing\/\" target=\"_blank\" rel=\"noopener noreferrer\">They Firebombed Our Synagogues \u2014 And You Said Nothing<\/a><\/strong><\/span><\/h5>\n<p style=\"text-align: center;\"><span style=\"color: #000000;\"><strong> J. Philip Rosen<\/strong><\/span><\/p>\n<hr style=\"height: 15px; background: #d0e6fa; width: 100%;\" \/>\n<p style=\"text-align: center;\"><img decoding=\"async\" class=\"aligncenter\" src=\"https:\/\/www.algemeiner.com\/wp-content\/uploads\/2024\/12\/Screen-Shot-2024-12-06-at-12.53.30-PM.jpg\" width=\"100%\" \/><span style=\"color: #808080;\"><em>Arsonists heavily damaged the Adass Israel Synagogue in Melbourne, Australia, on Dec. 6, 2024. Photo: Screenshot<\/em><\/span><\/p>\n<p style=\"text-align: left;\"><span style=\"color: #000080;\">A synagogue was set on fire. Again.<\/span><\/p>\n<p style=\"text-align: left;\"><span style=\"color: #000080;\">Since October 7, Jewish houses of worship have been torched in Germany, France, Australia, Canada, the United States, and beyond. Doors smashed. Entrances doused in accelerants. Molotov cocktails thrown.<\/span><\/p>\n<p style=\"text-align: left;\"><span style=\"color: #000080;\">You may have missed the stories. Many did. These attacks are too often buried under euphemisms \u2014 dismissed as \u201cunrest,\u201d framed as fringe, or worse, justified by the \u201ccontext.\u201d<\/span><\/p>\n<p style=\"text-align: left;\"><span style=\"color: #000080;\">Let\u2019s be clear: this isn\u2019t protest. It\u2019s coordinated hate. And our governments are failing in their most basic duty \u2014 to protect citizens from violence, incitement, and terror.<\/span><\/p>\n<p style=\"text-align: left;\"><span style=\"color: #000080;\">On July 4, in Melbourne, Australia, someone poured gasoline across the front of a synagogue and lit it ablaze \u2014 while 20 worshippers gathered inside for Shabbat. They survived. But the message was unmistakable: We know who you are. We know where you gather. And we want you afraid.<\/span><\/p>\n<p style=\"text-align: left;\"><span style=\"color: #000080;\">I\u2019ve seen what happens when the truth is buried \u2014 when generations are raised in silence and the reckoning comes too late.<\/span><\/p>\n<p style=\"text-align: left;\"><span style=\"color: #000080;\">Years ago, my firm merged with a German law firm. One senior partner, raised in a household silent about the Holocaust, only learned the truth at university. That Christmas, he confronted his father:<\/span><\/p>\n<p style=\"text-align: left;\"><span style=\"color: #000080;\">\u201cWhat did you do during the war? Which camps did you guard? How many Jews did you kill?\u201d<\/span><\/p>\n<p style=\"text-align: left;\"><span style=\"color: #000080;\">His father slapped him across the face. They never spoke again.<\/span><\/p>\n<p style=\"text-align: left;\"><span style=\"color: #000080;\">He carried shame that wasn\u2019t his to bear \u2014 but also the conviction that truth must come first. Not silence. Not euphemism. Truth.<\/span><\/p>\n<p style=\"text-align: left;\"><span style=\"color: #000080;\">And the truth today is this: synagogues are being attacked not because of politics, but because they are Jewish. Because of identity. Because of faith. Because of hate.<\/span><\/p>\n<p style=\"text-align: left;\"><span style=\"color: #000080;\">This isn\u2019t isolated. As Chair of the American Section of the World Jewish Congress, I hear the same message from Jewish leaders across the globe: our communities are under threat \u2014 and we are being left to protect ourselves.<\/span><\/p>\n<p style=\"text-align: left;\"><span style=\"color: #000080;\">Yes, some governments \u2014 including the United States \u2014 have provided security funding. But none have met the moment. Not one. Not yet.<\/span><\/p>\n<p style=\"text-align: left;\"><span style=\"color: #000080;\">That may be starting to change. In recent weeks, Secretary of State Marco Rubio and Attorney General Pam Bondi have taken long-overdue steps to align US policy with this moment of crisis. By sanctioning foreign actors who incite antisemitic violence and pursuing domestic accountability for those who cross the line from speech to threat, they\u2019ve shown what serious leadership looks like. It\u2019s not enough \u2014 but it\u2019s a start. And it should set the standard for others.<\/span><\/p>\n<p style=\"text-align: left;\"><span style=\"color: #000080;\">If the state can protect parliaments, embassies, stadiums, and shopping malls, it can protect a synagogue. If antisemitism is real enough to build Holocaust memorials, it is real enough to fund police protection.<\/span><\/p>\n<p style=\"text-align: left;\"><span style=\"color: #000080;\">Some argue these are simply protests. But when rallies echo with \u201cGlobalize the Intifada\u201d and \u201cFrom the River to the Sea,\u201d let\u2019s not pretend we don\u2019t understand the message. These are not chants for justice. They are incitement to violence \u2014 calls to spread terrorism and erase a people. And when left unchecked, they do what incitement has always done: inspire action.<\/span><\/p>\n<p style=\"text-align: left;\"><span style=\"color: #000080;\">Governments must intervene \u2014 and they must act on both fronts.<\/span><\/p>\n<p style=\"text-align: left;\"><span style=\"color: #000080;\">First, they must prevent. That means enacting and enforcing laws that treat violent hate speech \u2014 online and offline \u2014 as the public threat it is. It means education systems that inoculate the next generation against antisemitism before it metastasizes into action.<\/span><\/p>\n<p style=\"text-align: left;\"><span style=\"color: #000080;\">Second, protect. Fund real security at synagogues and schools. Not just fences, but personnel. Not just gestures but guarantees. And when there is an attack \u2014 arrest. Prosecute. Punish.<\/span><\/p>\n<p style=\"text-align: left;\"><span style=\"color: #000080;\">Jewish safety cannot be partisan. It cannot be conditional. It is a baseline measure of whether any nation is serious about the promise of citizenship.<\/span><\/p>\n<p style=\"text-align: left;\"><span style=\"color: #000080;\">To those who say the line is blurry \u2014 who claim these incidents are complicated or contextual \u2014 I say: history is watching.<\/span><\/p>\n<p style=\"text-align: left;\"><span style=\"color: #000080;\">The fires have already started. The Jewish people will endure \u2014 we always do. But if governments cannot \u2014 or will not \u2014 protect their Jewish citizens, they will lose far more than credibility. They will lose the right to claim they ever stood for justice at all.<\/span><\/p>\n<p style=\"text-align: left;\"><span style=\"color: #000080;\">We don\u2019t ask for favors. We demand protection. And we demand it now.<\/span><\/p>\n<hr \/>\n<p style=\"text-align: left;\"><span style=\"color: #808080;\"><em>The author is <strong>Chairman, World Jewish Congress, American Section<\/strong>.<\/em><\/span><\/p>\n<hr style=\"height: 15px; background: #d0e6fa; width: 100%;\" \/>\n<div id=\"content\" class=\"content-alignment\">\n<div id=\"watch-description\" class=\"yt-uix-button-panel\">\n<div id=\"watch-description-text\" style=\"text-align: center;\">\n<p><em>Zawarto\u015b\u0107 publikowanych artyku\u0142\u00f3w i materia\u0142\u00f3w nie reprezentuje pogl\u0105d\u00f3w ani opinii Reunion&#8217;68,<\/em><em><br \/>\nani te\u017c webmastera Blogu Reunion&#8217;68, chyba ze jest to wyra\u017anie zaznaczone.<br \/>\nTwoje uwagi, linki, w\u0142asne artyku\u0142y lub wiadomo\u015bci prze\u015blij na adres:<br \/>\n<\/em><span style=\"color: #000080;\"><strong><em><a style=\"color: #000080;\" href=\"mailto:webmaster@reunion68.com\"><span style=\"text-decoration: underline;\">webmaster@reunion68.com<\/span><\/a><\/em><\/strong><\/span><\/p>\n<\/div>\n<\/div>\n<\/div>\n<hr style=\"width: 100%;\" \/>\n","protected":false},"excerpt":{"rendered":"<p>They Firebombed Our Synagogues \u2014 And You Said Nothing J. Philip Rosen Arsonists heavily damaged the Adass Israel Synagogue in Melbourne, Australia, on Dec. 6, 2024. Photo: Screenshot A synagogue was set on fire. Again. Since October 7, Jewish houses of worship have been torched in Germany, France, Australia, Canada, the United States, and beyond. [&hellip;]<\/p>\n","protected":false},"author":1,"featured_media":0,"comment_status":"closed","ping_status":"closed","sticky":false,"template":"","format":"standard","meta":[],"categories":[6],"tags":[26,24],"_links":{"self":[{"href":"https:\/\/www.reunion68.se\/index.php?rest_route=\/wp\/v2\/posts\/122552"}],"collection":[{"href":"https:\/\/www.reunion68.se\/index.php?rest_route=\/wp\/v2\/posts"}],"about":[{"href":"https:\/\/www.reunion68.se\/index.php?rest_route=\/wp\/v2\/types\/post"}],"author":[{"embeddable":true,"href":"https:\/\/www.reunion68.se\/index.php?rest_route=\/wp\/v2\/users\/1"}],"replies":[{"embeddable":true,"href":"https:\/\/www.reunion68.se\/index.php?rest_route=%2Fwp%2Fv2%2Fcomments&post=122552"}],"version-history":[{"count":4,"href":"https:\/\/www.reunion68.se\/index.php?rest_route=\/wp\/v2\/posts\/122552\/revisions"}],"predecessor-version":[{"id":122646,"href":"https:\/\/www.reunion68.se\/index.php?rest_route=\/wp\/v2\/posts\/122552\/revisions\/122646"}],"wp:attachment":[{"href":"https:\/\/www.reunion68.se\/index.php?rest_route=%2Fwp%2Fv2%2Fmedia&parent=122552"}],"wp:term":[{"taxonomy":"category","embeddable":true,"href":"https:\/\/www.reunion68.se\/index.php?rest_route=%2Fwp%2Fv2%2Fcategories&post=122552"},{"taxonomy":"post_tag","embeddable":true,"href":"https:\/\/www.reunion68.se\/index.php?rest_route=%2Fwp%2Fv2%2Ftags&post=122552"}],"curies":[{"name":"wp","href":"https:\/\/api.w.org\/{rel}","templated":true}]}}