{"id":122590,"date":"2025-07-16T17:09:28","date_gmt":"2025-07-16T15:09:28","guid":{"rendered":"http:\/\/www.reunion68.se\/?p=122590"},"modified":"2025-07-15T09:21:44","modified_gmt":"2025-07-15T07:21:44","slug":"16-05-110","status":"publish","type":"post","link":"https:\/\/www.reunion68.se\/?p=122590","title":{"rendered":"Palesty\u0144czycy zabieraj\u0105 g\u0142os: Prawdziwy pow\u00f3d, dla kt\u00f3rego Hamas chce ich &#8220;po\u015bwi\u0119ci\u0107&#8221;"},"content":{"rendered":"<p style=\"text-align: center;\"><img decoding=\"async\" class=\"aligncenter\" src=\"https:\/\/www.gatestoneinstitute.org\/pics\/5385.jpg\" width=\"100%\" \/><span style=\"color: #808080;\"><em>&#8220;O\u015bwiadczenie Chalila al-Hajji o po\u015bwi\u0119ceniu Gazy nie jest przej\u0119zyczeniem \u2013 to zdj\u0119cie maski z twarzy. Kiedy m\u00f3wi, \u017ce Gaza &#8220;sk\u0142ada si\u0119 w ofierze&#8221;, ma na my\u015bli, \u017ce mieszka\u0144cy Gazy zostali sprzedani&#8230; Wymienieni na podniesienie znaczenia w Teheranie, brawa w Dosze&#8230;&#8221; \u2014 Hamza Howidy, urodzony w Gazie obro\u0144ca pokoju i praw cz\u0142owieka. Na zdj\u0119ciu: Al-Hajja przemawia w Al D\u017cazirze w czerwcu 2025 r. (zdj\u0119cie: X.com\/Osint613)<\/em><\/span><\/p>\n<hr \/>\n<h5 style=\"text-align: center;\"><a href=\"https:\/\/pl.gatestoneinstitute.org\/\" target=\"_blank\" rel=\"noopener noreferrer\"><img decoding=\"async\" class=\"center alignleft\" src=\"https:\/\/pl.gatestoneinstitute.org\/images\/gatestone-logo-1000.gif\" alt=\"\" width=\"50%\" \/><\/a><span style=\"text-decoration: underline; color: #000080;\"><span style=\"text-decoration: underline;\"><strong><a style=\"color: #000080; text-decoration: underline;\" href=\"https:\/\/pl.gatestoneinstitute.org\/21745\/hamas-poswieca-palestynczykow\" target=\"_blank\" rel=\"noopener noreferrer\">Palesty\u0144czycy zabieraj\u0105 g\u0142os: Prawdziwy pow\u00f3d, dla kt\u00f3rego Hamas chce ich &#8220;po\u015bwi\u0119ci\u0107&#8221;<\/a><\/strong><\/span><\/span><\/h5>\n<p style=\"text-align: center;\"><span style=\"color: #000000;\"><strong>Khaled Abu Toameh<br \/>\n<\/strong><span style=\"color: #808080;\"><em>T\u0142umaczenie: <\/em><\/span><strong>Ma\u0142gorzata Koraszewska<\/strong><\/span><\/p>\n<hr style=\"height: 15px; background: #d0e6fa; width: 100%;\" \/>\n<div class=\"article_body itemprop_articlebody\">\n<p style=\"text-align: left;\"><span style=\"color: #000080;\">W przededniu islamskiego \u015bwi\u0119ta Eid al-Adha (\u015awi\u0119ta Ofiarowania) przyw\u00f3dca Hamasu Chalil al-Hajja \u2013 odpowiedzialny za negocjacje w sprawie uwolnienia zak\u0142adnik\u00f3w i zawarcia porozumienia o zawieszeniu broni z Izraelem \u2013 wyg\u0142osi\u0142 przem\u00f3wienie, w kt\u00f3rym\u00a0<a style=\"color: #000080;\" href=\"https:\/\/x.com\/Osint613\/status\/1930778858459930736\" target=\"_blank\" rel=\"noopener noreferrer\">powiedzia\u0142:<\/a>\u00a0&#8220;<b>Gaza z\u0142o\u017cy\u0142a siebie w ofierze za muzu\u0142ma\u0144sk\u0105 umm\u0119 [nar\u00f3d] i zas\u0142uguje w zamian na pe\u0142ne wsparcie<\/b>&#8220;.<\/span><\/p>\n<p style=\"text-align: left;\"><span style=\"color: #000080;\">O\u015bwiadczenie Al-Hajji wywo\u0142a\u0142o fal\u0119 gniewnych reakcji i pot\u0119pie\u0144 ze strony wielu Palesty\u0144czyk\u00f3w, zw\u0142aszcza tych ze Strefy Gazy, kt\u00f3rzy od 7 pa\u017adziernika 2023 r., kiedy to Hamas i tysi\u0105ce &#8220;zwyk\u0142ych&#8221; Palesty\u0144czyk\u00f3w najecha\u0142o Izrael i zamordowa\u0142o 1200 Izraelczyk\u00f3w i obywateli zagranicznych, stan\u0119li w obliczu \u015bmierci i zniszczenia. Kolejne 251 Izraelczyk\u00f3w porwano do Strefy Gazy, gdzie 55 \u2013 \u017cywych i martwych \u2013 pozostaje w niewoli.<\/span><\/p>\n<p style=\"text-align: left;\"><span style=\"color: #000080;\">W tradycji islamskiej Eid al-Adha honoruje gotowo\u015b\u0107 patriarchy Abrahama do po\u015bwi\u0119cenia w\u0142asnego syna jako aktu pos\u0142usze\u0144stwa wobec nakazu Boga. W Koranie historia po\u015bwi\u0119cenia Abrahama jest kluczowym wydarzeniem, ukazuj\u0105cym jego niezachwiane pos\u0142usze\u0144stwo Bogu. Abraham otrzyma\u0142 wizj\u0119 we \u015bnie, \u017ce ma po\u015bwi\u0119ci\u0107 swojego syna. Gdy mia\u0142 spe\u0142ni\u0107 wizj\u0119, B\u00f3g interweniuje, zast\u0119puj\u0105c jego syna baranem.<\/span><\/p>\n<p style=\"text-align: left;\"><span style=\"color: #000080;\">Podobnie jak wi\u0119kszo\u015b\u0107 wysokich rang\u0105 przyw\u00f3dc\u00f3w Hamasu, al-Hajja i cz\u0142onkowie jego rodziny mieszkaj\u0105 poza Stref\u0105 Gazy. Uciekli ze Strefy Gazy przed atakiem na Izrael 7 pa\u017adziernika. Ci przyw\u00f3dcy Hamasu prowadz\u0105 bezpieczne, luksusowe \u017cycie w Katarze, Libanie, Algierii, Turcji i innych krajach.<\/span><\/p>\n<p style=\"text-align: left;\"><span style=\"color: #000080;\">Palesty\u0144czycy wyrazili oburzenie, \u017ce wysoki rang\u0105 funkcjonariusz Hamasu por\u00f3wna\u0142 ich do jagni\u0105t sk\u0142adanych w ofierze w d\u017cihadzie (\u015bwi\u0119tej wojnie) organizacji terrorystycznej przeciwko Izraelowi. Wed\u0142ug Hamasu od pocz\u0105tku wojny, kt\u00f3r\u0105 Hamas rozpocz\u0105\u0142 7 pa\u017adziernika 2023 r., zgin\u0119\u0142o ponad 55 tysi\u0119cy Palesty\u0144czyk\u00f3w.<\/span><\/p>\n<p style=\"text-align: left;\"><span style=\"color: #000080;\">Dla tych Palesty\u0144czyk\u00f3w wypowiedzi Al-Hajji s\u0105 przyk\u0142adem ca\u0142kowitego lekcewa\u017cenia przez przyw\u00f3dc\u00f3w Hamasu \u017cycia mieszka\u0144c\u00f3w Strefy Gazy, kt\u00f3rzy nadal p\u0142ac\u0105 wysok\u0105 cen\u0119 z powodu odmowy grupy terrorystycznej wydania wszystkich zak\u0142adnik\u00f3w, rozbrojenia si\u0119 i oddania kontroli nad Gaz\u0105. Hamas, jak twierdz\u0105, postanowi\u0142 po\u015bwi\u0119ci\u0107 dziesi\u0105tki tysi\u0119cy Palesty\u0144czyk\u00f3w, aby zadowoli\u0107 swoich patron\u00f3w w Katarze i Iranie.<\/span><\/p>\n<p style=\"text-align: left;\"><span style=\"color: #000080;\">Hamza Howidy, pochodz\u0105cy z Gazy obro\u0144ca pokoju i praw cz\u0142owieka,\u00a0<a style=\"color: #000080;\" href=\"https:\/\/x.com\/HowidyHamza\/status\/1930980385170633178\" target=\"_blank\" rel=\"noopener noreferrer\">powiedzia\u0142<\/a>, \u017ce przyw\u00f3dcy Hamasu postanowili po\u015bwi\u0119ci\u0107 swoich ludzi w s\u0142u\u017cbie Katarowi i Iranowi.<\/span><\/p>\n<blockquote>\n<p style=\"text-align: left;\"><strong>&#8220;O\u015bwiadczenie Chalila al-Hajji o po\u015bwi\u0119ceniu Gazy nie jest przej\u0119zyczeniem \u2013 to zdj\u0119cie maski z twarzy. Kiedy m\u00f3wi, \u017ce Gaza &#8216;z\u0142o\u017cy\u0142a siebie w ofierze&#8217;, ma na my\u015bli, \u017ce mieszka\u0144cy Gazy zostali sprzedani \u2013 nie za spraw\u0119, nie za wyzwolenie, ale sprzedani zagranicznym stolicom i tronom, kt\u00f3re widz\u0105 w palesty\u0144skiej krwi nic wi\u0119cej ni\u017c \u015brodek nacisku.<\/strong><\/p>\n<p style=\"text-align: left;\"><strong>Gaza nie &#8216;sk\u0142ada si\u0119 w ofierze&#8217; \u2013 zosta\u0142a &#8216;sprzedana&#8217;. Sprzedana za wzrost znaczenia w Teheranie, za oklaski w Dosze i za zaproszenia na szczyty, na kt\u00f3rych m\u0119\u017cczy\u017ani w garniturach b\u0119d\u0105 sobie gratulowa\u0107 lojalno\u015bci [wobec Iranu i Kataru], podczas gdy ca\u0142e dzielnice [w Strefie Gazy] s\u0105 zr\u00f3wnane z ziemi\u0105&#8230;<\/strong><\/p>\n<p style=\"text-align: left;\"><strong>Al-Hajja ujawni\u0142 \u2013 z niepokoj\u0105c\u0105 dum\u0105 \u2013 \u017ce Hamas nigdy nie uwa\u017ca\u0142 Gazy za spo\u0142ecze\u0144stwo, kt\u00f3re ma budowa\u0107 i chroni\u0107, ale za narz\u0119dzie do wywy\u017cszania si\u0119 w oczach dziedzicznych monarch\u00f3w i ideologicznych w\u0142adc\u00f3w. To \u015bmier\u0107 na zlecenie. To zamiana populacji w widowisko m\u0119cze\u0144stwa, aby zabezpieczy\u0107 d\u0142ugoterminowe kontrakty w\u0142adzy i ochrony od patron\u00f3w, kt\u00f3rym naprawd\u0119 s\u0142u\u017c\u0105.<\/strong><\/p>\n<p style=\"text-align: left;\"><strong>&#8216;Nar\u00f3d muzu\u0142ma\u0144ski&#8217;, na kt\u00f3ry powo\u0142uje si\u0119, nie jest jak\u0105\u015b zjednoczon\u0105 si\u0142\u0105 moraln\u0105. To eufemizm dla [Korpusu Stra\u017cnik\u00f3w Rewolucji Islamskiej] IRGC. Dla katarskiej elity rz\u0105dz\u0105cej, kt\u00f3ra finansuje ogie\u0144 z bezpiecznej odleg\u0142o\u015bci, a nast\u0119pnie przyjmuje podpalaczy [Hamasu] jako m\u0119\u017c\u00f3w stanu. Hamas sk\u0142ada Gaz\u0119 w ofierze nie Bogu, nie wolno\u015bci, ale tym samym si\u0142om, kt\u00f3re najbardziej korzystaj\u0105 z nieko\u0144cz\u0105cej si\u0119 wojny \u2013 poniewa\u017c wiedz\u0105, \u017ce Gaza w ruinie sprawia, \u017ce s\u0105 wa\u017cni, finansowani i budz\u0105 strach&#8221;.<\/strong><\/p>\n<\/blockquote>\n<p style=\"text-align: left;\"><span style=\"color: #000080;\">Mieszkaniec Strefy Gazy, &#8220;Alaa z Gazy&#8221;,\u00a0<a style=\"color: #000080;\" href=\"https:\/\/x.com\/alaafromgaza92\/status\/1930722283938775532\" target=\"_blank\" rel=\"noopener noreferrer\">napisa\u0142<\/a>, \u017ce o\u015bwiadczenie Al-Hajji dowodzi, \u017ce przyw\u00f3dcy Hamasu mieszkaj\u0105cy w Katarze nie zdaj\u0105 sobie sprawy z cierpie\u0144 swojego ludu w Strefie Gazy.<\/span><\/p>\n<blockquote>\n<p style=\"text-align: left;\"><strong>&#8220;To wigilia \u015bwi\u0119ta Eid Al-Adha w ca\u0142ym \u015bwiecie islamskim, czas, kt\u00f3ry przed 7 pa\u017adziernika przynosi\u0142 rado\u015b\u0107 i \u015bwi\u0119towanie w Gazie. Ale nasze \u017cycie zosta\u0142o skradzione&#8230;<\/strong><\/p>\n<p style=\"text-align: left;\"><strong>Ludzie w Gazie, w tym moja rodzina i przyjaciele, s\u0105 w\u015bciekli. Pytaj\u0105: jak on [Chalil al-Hajja] \u015bmie m\u00f3wi\u0107 w naszym imieniu, skoro mieszka bezpiecznie za granic\u0105 ze swoj\u0105 rodzin\u0105 w Katarze?&#8230;<\/strong><\/p>\n<p style=\"text-align: left;\"><strong>Jego s\u0142owa nawi\u0105zuj\u0105 do czego\u015b jeszcze bardziej przera\u017caj\u0105cego, co powiedzia\u0142 kiedy\u015b nie\u017cyj\u0105cy ju\u017c przyw\u00f3dca Hamasu Ismail Hanija: &#8216;Potrzebujemy krwi dzieci i kobiet, aby obudzi\u0107 w nas ducha rewolucji&#8217;\u00a0.<\/strong><\/p>\n<p style=\"text-align: left;\"><strong>Co to za ideologia? Jaka pokr\u0119cona logika pozwala ludziom \u017cyj\u0105cym w komforcie zamienia\u0107 cierpienie ca\u0142ego narodu w slogan? Nie potrafi\u0119 opisa\u0107, jaki jestem teraz w\u015bciek\u0142y. Chc\u0119 bi\u0107 g\u0142ow\u0105 w \u015bcian\u0119. Naprawd\u0119 nie mog\u0119 zrozumie\u0107, jak my\u015bli to tak zwane przyw\u00f3dztwo&#8221;. [Podkre\u015blenie w oryginale]<\/strong><\/p>\n<\/blockquote>\n<p style=\"text-align: left;\"><span style=\"color: #000080;\">Zaher Abu Hussein, inny Palesty\u0144czyk,\u00a0<a style=\"color: #000080;\" href=\"https:\/\/x.com\/ZAHERABUHUSIEN\/status\/1931629599756058821\" target=\"_blank\" rel=\"noopener noreferrer\">skomentowa\u0142 to nast\u0119puj\u0105co<\/a>:<\/span><\/p>\n<blockquote>\n<p style=\"text-align: left;\"><strong>&#8220;Chalil al-Hajja sk\u0142ada krew dzieci i kobiet z Gazy w ofierze&#8230; na r\u0119ce Najwy\u017cszego Przyw\u00f3dcy Persji (Iranu)&#8230;<\/strong><\/p>\n<p style=\"text-align: left;\"><strong>Po tym, jak ca\u0142a Gaza zosta\u0142a po\u015bwi\u0119cona na o\u0142tarzu ira\u0144skiego projektu, po tym, jak domy zamieni\u0142y si\u0119 w groby, a dzielnice w popio\u0142y, Chalil al-Hajja pojawi\u0142 si\u0119 publicznie, aby dope\u0142ni\u0107 rytua\u0142u: rytua\u0142u lojalno\u015bci i poddania si\u0119 [ira\u0144skiemu re\u017cimowi]&#8230;<\/strong><\/p>\n<p style=\"text-align: left;\"><strong>Chalil al-Hajja nie reprezentuje nas. Raczej reprezentuje ira\u0144sk\u0105 agencj\u0119 w Palestynie, reprezentuje projekt, kt\u00f3ry zamieni\u0142 kwesti\u0119 [palesty\u0144sk\u0105] w p\u0142atnego zab\u00f3jc\u0119, a m\u0119czennik\u00f3w w karty negocjacyjne. Ktokolwiek oddaje Gaz\u0119 Iranowi, nie jest z Palestyny&#8221;.<\/strong><\/p>\n<\/blockquote>\n<p style=\"text-align: left;\"><span style=\"color: #000080;\">Abu Karmel, kolejny Palesty\u0144czyk,\u00a0<a style=\"color: #000080;\" href=\"https:\/\/x.com\/karmel196582\/status\/1931575512192700582\" target=\"_blank\" rel=\"noopener noreferrer\">napisa\u0142<\/a>\u00a0na X:<\/span><\/p>\n<blockquote>\n<p style=\"text-align: left;\"><strong>&#8220;W naukach islamu i szariatu nie ma czego\u015b takiego jak sk\u0142adanie ludzkich &#8216;ofiar&#8217; w celach \u015bwieckich lub politycznych. Ofiary sk\u0142adane s\u0105 Bogu, ale nie w formie ludzkich istnie\u0144 w celu odkupienia grupy lub organizacji politycznej, jak chc\u0105 Chalil al-Hajja i jego gang&#8230;<\/strong><\/p>\n<p style=\"text-align: left;\"><strong>Czy ktokolwiek konsultowa\u0142 si\u0119 z mieszka\u0144cami Gazy, zanim z\u0142o\u017cy\u0142 ich jako &#8216;ofiar\u0119&#8217; na o\u0142tarzu Bractwa Muzu\u0142ma\u0144skiego? [Hamas jest od\u0142amem organizacji Bractwa Muzu\u0142ma\u0144skiego]&#8230;<\/strong><\/p>\n<p style=\"text-align: left;\"><strong>O\u015bwiadczenia przyw\u00f3dc\u00f3w Hamasu, w kt\u00f3rych lekcewa\u017c\u0105 kwesti\u0119 palesty\u0144skiej krwi, zmuszaj\u0105 nas do zastanowienia si\u0119 nad zdolno\u015bciami umys\u0142owymi tej grupy, kt\u00f3ra traktuje mieszka\u0144c\u00f3w Gazy jak owce i ludzkie ofiary sk\u0142adane na o\u0142tarzach ich programu [s\u0142u\u017cby] Bractwu Muzu\u0142ma\u0144skiemu i Teheranowi.<\/strong><\/p>\n<p style=\"text-align: left;\"><strong>Czy ci ludzie s\u0105 chorzy psychicznie?<\/strong><br \/>\n<strong>Czy to jest mentalno\u015b\u0107 przyw\u00f3dc\u00f3w politycznych, kt\u00f3rzy wyst\u0119puj\u0105 w imieniu narodu palesty\u0144skiego?<\/strong><br \/>\n<strong>Czy cierpi\u0105 na problemy psychologiczne i psychiczne, kt\u00f3re sprawiaj\u0105, \u017ce sk\u0142adaj\u0105 takie o\u015bwiadczenia?&#8230;<\/strong><\/p>\n<p style=\"text-align: left;\"><strong>Jak d\u0142ugo ta banda [Braci Muzu\u0142ma\u0144skich] b\u0119dzie usprawiedliwia\u0107 zabijanie naszego ludu w imi\u0119 oporu i religii?&#8221;<\/strong><\/p>\n<\/blockquote>\n<p style=\"text-align: left;\"><span style=\"color: #000080;\">Ihab Hassan, palesty\u0144ski aktywista praw cz\u0142owieka,\u00a0<a style=\"color: #000080;\" href=\"https:\/\/x.com\/IhabHassane\/status\/1930772435814461886\" target=\"_blank\" rel=\"noopener noreferrer\">stwierdzi\u0142<\/a>:<\/span><\/p>\n<blockquote>\n<p style=\"text-align: left;\"><strong>&#8220;Mamy do czynienia z psychopatami, kt\u00f3rzy s\u0105 gotowi po\u015bwi\u0119ci\u0107 ca\u0142\u0105 Gaz\u0119 \u2013 jak zawsze jasno dawali do zrozumienia. Precz z Hamasem!&#8221;<\/strong><\/p>\n<\/blockquote>\n<p style=\"text-align: left;\"><span style=\"color: #000080;\">Szanowany palesty\u0144ski politolog, Fouad Alkhatib, by\u0142y mieszkaniec Strefy Gazy, kt\u00f3ry przeprowadzi\u0142 si\u0119 do USA,\u00a0<a style=\"color: #000080;\" href=\"https:\/\/x.com\/afalkhatib\/status\/1930803740283371608\" target=\"_blank\" rel=\"noopener noreferrer\">pot\u0119pi\u0142<\/a>\u00a0Hamas, nazywaj\u0105c go &#8220;kultem \u015bmierci&#8221;.<\/span><\/p>\n<blockquote>\n<p style=\"text-align: left;\"><strong>&#8220;W Gazie wybucha bunt w mediach spo\u0142eczno\u015bciowych w\u015br\u00f3d Palesty\u0144czyk\u00f3w, kt\u00f3rzy s\u0105 w\u015bciekli na s\u0142owa szefa Hamasu Chalila al-Hajji dotycz\u0105ce Eid Al-Adha. Wys\u0142a\u0142 \u017cyczenia Eid i powiedzia\u0142, \u017ce Gaza przedstawia si\u0119 jako &#8216;ofiarny\u00a0<i>Qurban&#8217;<\/i>\u00a0czyli &#8216;ofiarny baranek&#8217; dla wszystkich narod\u00f3w arabskich i muzu\u0142ma\u0144skich! M\u00f3wi\u0142em to ju\u017c wiele razy: Hamas jest kultem \u015bmierci, kt\u00f3ry dokonuje ofiar z ludzi i nale\u017cy powstrzyma\u0107 go przed po\u015bwi\u0119ceniem tego, co pozosta\u0142o z Gazy!&#8221;<\/strong><\/p>\n<\/blockquote>\n<p style=\"text-align: left;\"><span style=\"color: #000080;\">W innym po\u015bcie na X, Alkhatib\u00a0<a style=\"color: #000080;\" href=\"https:\/\/x.com\/afalkhatib\/status\/1931029903882801407\" target=\"_blank\" rel=\"noopener noreferrer\">napisa\u0142<\/a>:<\/span><\/p>\n<blockquote>\n<p style=\"text-align: left;\"><strong>&#8220;Hamas to \u015bredniowieczna organizacja terrorystyczna, kt\u00f3ra dos\u0142ownie anga\u017cuje si\u0119 w sk\u0142adanie ludzkich ofiar z Palesty\u0144czyk\u00f3w z Gazy. Je\u015bli nadal popierasz t\u0119 nikczemn\u0105 islamistyczn\u0105 grup\u0119 bandyt\u00f3w, jeste\u015b z natury antypalesty\u0144ski; nie m\u00f3w o losie Palesty\u0144czyk\u00f3w, je\u015bli to robisz&#8221;.<\/strong><\/p>\n<\/blockquote>\n<p style=\"text-align: left;\"><span style=\"color: #000080;\">Reakcje Palesty\u0144czyk\u00f3w na o\u015bwiadczenie przyw\u00f3dcy Hamasu \u015bwiadcz\u0105 o tym, \u017ce coraz wi\u0119cej Palesty\u0144czyk\u00f3w zdaje sobie spraw\u0119 z tego, \u017ce wspierana przez Iran organizacja terrorystyczna nie dba o ich bezpiecze\u0144stwo ani dobrostan i jest gotowa po\u015bwi\u0119ci\u0107 jak najwi\u0119cej ludzi, aby osi\u0105gn\u0105\u0107 sw\u00f3j cel, jakim jest zabijanie \u017byd\u00f3w i zniszczenie Izraela.<\/span><\/p>\n<p style=\"text-align: left;\"><span style=\"color: #000080;\">Taka krytyka nie wystarczy jednak, aby odsun\u0105\u0107 Hamas od w\u0142adzy. Je\u015bli Palesty\u0144czycy ze Strefy Gazy nie chc\u0105 by\u0107 traktowani jak owce na rze\u017a, musz\u0105 zbuntowa\u0107 si\u0119 przeciwko Hamasowi i zdystansowa\u0107 si\u0119 od Kataru i re\u017cimu ira\u0144skiego. Do tego czasu, niestety, wi\u0119cej Palesty\u0144czyk\u00f3w b\u0119dzie nadal po\u015bwi\u0119canych, aby zaspokoi\u0107 pragnienia organizacji terrorystycznej Bractwo Muzu\u0142ma\u0144skie i w\u0142adc\u00f3w Kataru i Iranu.<\/span><\/p>\n<\/div>\n<hr style=\"height: 15px; background: #d0e6fa; width: 100%;\" \/>\n<div id=\"content\" class=\"content-alignment\">\n<div id=\"watch-description\" class=\"yt-uix-button-panel\">\n<div id=\"watch-description-text\" style=\"text-align: center;\">\n<p><em>Zawarto\u015b\u0107 publikowanych artyku\u0142\u00f3w i materia\u0142\u00f3w nie reprezentuje pogl\u0105d\u00f3w ani opinii Reunion&#8217;68,<\/em><em><br \/>\nani te\u017c webmastera Blogu Reunion&#8217;68, chyba ze jest to wyra\u017anie zaznaczone.<br \/>\nTwoje uwagi, linki, w\u0142asne artyku\u0142y lub wiadomo\u015bci prze\u015blij na adres:<br \/>\n<\/em><span style=\"color: #000080;\"><strong><em><a style=\"color: #000080;\" href=\"mailto:webmaster@reunion68.com\"><span style=\"text-decoration: underline;\">webmaster@reunion68.com<\/span><\/a><\/em><\/strong><\/span><\/p>\n<\/div>\n<\/div>\n<\/div>\n<hr style=\"width: 100%;\" \/>\n","protected":false},"excerpt":{"rendered":"<p>&#8220;O\u015bwiadczenie Chalila al-Hajji o po\u015bwi\u0119ceniu Gazy nie jest przej\u0119zyczeniem \u2013 to zdj\u0119cie maski z twarzy. Kiedy m\u00f3wi, \u017ce Gaza &#8220;sk\u0142ada si\u0119 w ofierze&#8221;, ma na my\u015bli, \u017ce mieszka\u0144cy Gazy zostali sprzedani&#8230; Wymienieni na podniesienie znaczenia w Teheranie, brawa w Dosze&#8230;&#8221; \u2014 Hamza Howidy, urodzony w Gazie obro\u0144ca pokoju i praw cz\u0142owieka. Na zdj\u0119ciu: Al-Hajja przemawia [&hellip;]<\/p>\n","protected":false},"author":1,"featured_media":0,"comment_status":"closed","ping_status":"closed","sticky":false,"template":"","format":"standard","meta":[],"categories":[6],"tags":[26,24],"_links":{"self":[{"href":"https:\/\/www.reunion68.se\/index.php?rest_route=\/wp\/v2\/posts\/122590"}],"collection":[{"href":"https:\/\/www.reunion68.se\/index.php?rest_route=\/wp\/v2\/posts"}],"about":[{"href":"https:\/\/www.reunion68.se\/index.php?rest_route=\/wp\/v2\/types\/post"}],"author":[{"embeddable":true,"href":"https:\/\/www.reunion68.se\/index.php?rest_route=\/wp\/v2\/users\/1"}],"replies":[{"embeddable":true,"href":"https:\/\/www.reunion68.se\/index.php?rest_route=%2Fwp%2Fv2%2Fcomments&post=122590"}],"version-history":[{"count":5,"href":"https:\/\/www.reunion68.se\/index.php?rest_route=\/wp\/v2\/posts\/122590\/revisions"}],"predecessor-version":[{"id":122665,"href":"https:\/\/www.reunion68.se\/index.php?rest_route=\/wp\/v2\/posts\/122590\/revisions\/122665"}],"wp:attachment":[{"href":"https:\/\/www.reunion68.se\/index.php?rest_route=%2Fwp%2Fv2%2Fmedia&parent=122590"}],"wp:term":[{"taxonomy":"category","embeddable":true,"href":"https:\/\/www.reunion68.se\/index.php?rest_route=%2Fwp%2Fv2%2Fcategories&post=122590"},{"taxonomy":"post_tag","embeddable":true,"href":"https:\/\/www.reunion68.se\/index.php?rest_route=%2Fwp%2Fv2%2Ftags&post=122590"}],"curies":[{"name":"wp","href":"https:\/\/api.w.org\/{rel}","templated":true}]}}