{"id":122649,"date":"2025-07-20T17:09:25","date_gmt":"2025-07-20T15:09:25","guid":{"rendered":"http:\/\/www.reunion68.se\/?p=122649"},"modified":"2025-07-20T13:49:25","modified_gmt":"2025-07-20T11:49:25","slug":"20-09-100","status":"publish","type":"post","link":"https:\/\/www.reunion68.se\/?p=122649","title":{"rendered":"Wiadomo\u015bci z innego kraju, ze \u015bwiata, czasem nawet z Polski"},"content":{"rendered":"<p style=\"text-align: center;\"><img decoding=\"async\" class=\"aligncenter\" src=\"http:\/\/www.listyznaszegosadu.pl\/upload\/article\/bild\/1485\/1083289\/1_col_s.png\" width=\"100%\"><span style=\"color: #808080;\"><em>Karim Asad Ahmad Khan, urodzony w 1970 roku w Edynburgu, jest brytyjskim prawnikiem specjalizuj\u0105cym si\u0119 w mi\u0119dzynarodowym prawie karnym i prawach cz\u0142owieka. Pracowa\u0142 dla Organizacji Narod\u00f3w Zjednoczonych i zosta\u0142 wybrany na nowego Prokuratora Generalnego Mi\u0119dzynarodowego Trybuna\u0142u Karnego 12 lutego 2021 roku<\/em><\/span>.<\/p>\n<hr>\n<h5 style=\"text-align: center;\"><a href=\"http:\/\/www.listyznaszegosadu.pl\/\" target=\"_blank\" rel=\"noopener noreferrer\"><img decoding=\"async\" class=\"center alignleft\" src=\"http:\/\/www.reunion68.com\/Biuletyn\/img\/z-naszego.jpg\" alt=\"\" width=\"50%\"><\/a><span style=\"text-decoration: underline; color: #000080;\"><strong><a style=\"color: #000080; text-decoration: underline;\" href=\"http:\/\/www.listyznaszegosadu.pl\/notatki\/wiadomosci-z-innego-kraju-ze-swiata-czasem-nawet-z-polski\" target=\"_blank\" rel=\"noopener noreferrer\">Wiadomo\u015bci z innego kraju, ze \u015bwiata, czasem nawet z Polski<br \/>\n<\/a><\/strong><\/span><\/h5>\n<p style=\"text-align: center;\"><span style=\"color: #000000;\"><strong>Andrzej Koraszewski<\/strong><\/span><\/p>\n<hr style=\"height: 15px; background: #d0e6fa; width: 100%;\">\n<div class=\"templateArticleIngress\" style=\"text-align: left;\"><span style=\"color: #000080;\">Zawsze tak by\u0142o \u2014 oboje z Ma\u0142gorzat\u0105 byli\u015bmy zwierz\u0119tami politycznymi. Od pierwszego spotkania na Tr\u0119backiej. Cz\u0119sto r\u00f3\u017cne rzeczy zwraca\u0142y nasz\u0105 uwag\u0119. Ma\u0142gorzata czasem kr\u0119ci\u0142a g\u0142ow\u0105 ze zdumienia, kiedy si\u0119ga\u0142em po ksi\u0105\u017ck\u0119 o ekonomii. Jej praca magisterska traktowa\u0142a o presti\u017cu zawod\u00f3w: wysoki presti\u017c profesora, nie tak wysoki ksi\u0119dza, presti\u017c robotnika wy\u017cszy ni\u017c sklepikarza. Nie wi\u0105za\u0142a tego z religi\u0105 i zdziwi\u0142a si\u0119, kiedy zapyta\u0142em, czy sprawdza\u0142a, czy przypadkiem r\u00f3\u017cnice wyzna\u0144 religijnych nie s\u0105 wa\u017cniejsze ni\u017c ustr\u00f3j polityczny. Moje podejrzenia wynika\u0142y z bada\u0144 na zupe\u0142nie inny temat. Czyta\u0142em jaki\u015b raport z bada\u0144 na temat stosunku do w\u0142asno\u015bci (indywidualnej i spo\u0142ecznej), gdzie zmienna wyznania przebija\u0142a wszystko inne. Katolicy mieli znacznie bardziej lekcewa\u017c\u0105cy stosunek do w\u0142asno\u015bci spo\u0142ecznej ni\u017c protestanci. W\u0142asno\u015b\u0107 zbiorowa (czy to pa\u0144stwowa, czy gminna) nie by\u0142a w\u0142asno\u015bci\u0105 w ca\u0142ym tego s\u0142owa znaczeniu, i jej zaw\u0142aszczenie nie spotyka\u0142o si\u0119 z powa\u017cnym pot\u0119pieniem innych. W przypadku w\u0142asno\u015bci prywatnej, w krajach katolickich bardziej ni\u017c w krajach protestanckich istotne by\u0142o, jak zamo\u017cny by\u0142 poszkodowany. To by\u0142y du\u017ce, mi\u0119dzynarodowe badania.<\/span><\/div>\n<p style=\"text-align: left;\">\n<div class=\"templateArticleBrodtext\">\n<p style=\"text-align: left;\"><span style=\"color: #000080;\">Struktura klasowa w spo\u0142ecznej \u015bwiadomo\u015bci Stanis\u0142awa Ossowskiego by\u0142a \u017ar\u00f3d\u0142em nieko\u0144cz\u0105cych si\u0119 rozm\u00f3w. Oboje uwielbiali\u015bmy Ossowskich \u2014 zar\u00f3wno Stanis\u0142awa, jak i Mari\u0119. Ma\u0142gorzata p\u0142aka\u0142a, \u017ce z jego wyk\u0142ad\u00f3w nie dawa\u0142o si\u0119 robi\u0107 notatek. Co innego Maria Ossowska \u2014 nie biega\u0142a jak wariatka, nie wybucha\u0142a \u015bmiechem, nie by\u0142o anegdotek, wierszy i pyta\u0144 bez odpowiedzi. Ossowski by\u0142 aktorem \u2014 jego wyk\u0142ad by\u0142 zawsze spektaklem. A to z zapa\u0142em opowiada\u0142, jak wszed\u0142 do wigwamu india\u0144skiego wodza, a tam&nbsp;<em>Encyclop\u00e6dia Britannica<\/em>&nbsp;stoi sobie na p\u00f3\u0142ce r\u00f3wniutko i gapi si\u0119 na niego. Wi\u0119c jak to jest \u2014 czy to tylko przebiera\u0144cy, zarabiaj\u0105cy na \u017cycie cyrkow\u0105 zabaw\u0105 dla turyst\u00f3w? W\u00f3dz jakiego\u015b plemienia Indian wyja\u015bnia\u0142 mu z powag\u0105 skomplikowane problemy godzenia to\u017csamo\u015bci powi\u0105zanej z przodkami ze \u015bwiatem bia\u0142ego cz\u0142owieka.<\/span><\/p>\n<p style=\"text-align: left;\">\n<span style=\"color: #000080;\">Badania nad \u017ar\u00f3d\u0142ami informacji o w\u0142asnym kraju i o \u015bwiecie pokazywa\u0142y, \u017ce r\u00f3\u017cne \u017ar\u00f3d\u0142a dawa\u0142y odmienny obraz \u015bwiata. Ossowska nigdy nie kwestionowa\u0142a socjologii jako takiej. Domaga\u0142a si\u0119 rzetelno\u015bci, uczciwo\u015bci intelektualnej i powa\u017cnego traktowania metodologii. Ossowski uwa\u017ca\u0142, \u017ce socjologia w\u0142a\u015bciwie nie jest nauk\u0105 \u2014 jest wiedz\u0105 opart\u0105 na interpretacji zawsze niepe\u0142nych danych. Obraz \u015bwiata to nie jest tylko analiza docieraj\u0105cych danych. Docieraj\u0105ce dane przesiewamy, \u017ceby by\u0142y zgodne z naszym obrazem \u015bwiata.<\/span><\/p>\n<p style=\"text-align: left;\">\n<span style=\"color: #000080;\">To wszystko by\u0142o tak dawno, a przez reszt\u0119 \u017cycia ka\u017cdego dnia pytali\u015bmy najpierw, co si\u0119 wczoraj sta\u0142o. Po \u015bmierci Ma\u0142gorzaty straci\u0142em zapa\u0142 do ci\u0105g\u0142ego sprawdzania, co si\u0119 wydarzy\u0142o wczoraj. Poranny przegl\u0105d wiadomo\u015bci nie zajmuje ju\u017c wielu godzin. W szalonym biegu przelatuj\u0119 tytu\u0142y. Tak, oczywi\u015bcie powinienem wiedzie\u0107, czy Wezuwiusz nie strzeli\u0142 law\u0105 wulkaniczn\u0105, kt\u00f3ra ponownie zniszczy\u0142a Pompej\u0119, czy Pakistan nie zrzuci\u0142 bomby atomowej na Delhi, czy Putin \u017cyje \u2014 bo m\u00f3g\u0142 go zastrzeli\u0107 \u017co\u0142nierz ze strzeg\u0105cych go ochroniarzy. Rzucam zatem okiem i widz\u0119 tylko to, co \u2014 jak mi si\u0119 zdaje \u2014 powinienem widzie\u0107.<\/span><\/p>\n<p style=\"text-align: left;\"><strong><br \/>\nAFP donosi:<\/strong><\/p>\n<blockquote><p><strong>Tymczasowy prezydent Syrii, Ahmed al-Sharaa, ponowi\u0142 swoje zobowi\u0105zanie do ochrony mniejszo\u015bci po tym, jak starcia na tle religijnym doprowadzi\u0142y do \u015bmierci ponad 700 os\u00f3b w prowincji As-Suwajda, zamieszkanej g\u0142\u00f3wnie przez Druz\u00f3w.<\/strong><br \/>\n<strong>\u2014 Pa\u0144stwo syryjskie zobowi\u0105zuje si\u0119 do ochrony wszystkich mniejszo\u015bci i wsp\u00f3lnot w kraju\u2026 Pot\u0119piamy wszystkie zbrodnie pope\u0142nione w As-Suwajdzie \u2014 powiedzia\u0142 Sharaa w przem\u00f3wieniu telewizyjnym, wyg\u0142oszonym kr\u00f3tko po tym, jak jego biuro og\u0142osi\u0142o \u201enatychmiastowe zawieszenie broni\u201d w po\u0142udniowej prowincji.<\/strong><\/p><\/blockquote>\n<p><strong>Times of Israel<\/strong><span style=\"color: #000080;\">(to taka angielskoj\u0119zyczna izraelska gazeta \u2014 nie przepadam za ni\u0105, ale nawyk ka\u017ce mi zaczyna\u0107 ogl\u0105danie \u015bwiata od ToI) pisze:&nbsp;<\/span><\/p>\n<blockquote><p><strong>Stany Zjednoczone og\u0142osi\u0142y w pi\u0105tek, \u017ce Izrael i Syria zgodzi\u0142y si\u0119 na zawieszenie broni po kilku dniach krwawych star\u0107 w zamieszkanym g\u0142\u00f3wnie przez Druz\u00f3w regionie Swejda, kt\u00f3re poch\u0142on\u0119\u0142y \u017cycie ponad 300 os\u00f3b.<\/strong><br \/>\n<strong>W \u015brod\u0119 Izrael przeprowadzi\u0142 naloty na Damaszek, a tak\u017ce uderzy\u0142 w si\u0142y rz\u0105dowe na po\u0142udniu kraju, domagaj\u0105c si\u0119 ich wycofania i o\u015bwiadczaj\u0105c, \u017ce jego celem jest ochrona syryjskich Druz\u00f3w \u2014 niewielkiej, ale wp\u0142ywowej mniejszo\u015bci, kt\u00f3rej wyznawcy mieszkaj\u0105 r\u00f3wnie\u017c w Libanie i Izraelu.<\/strong><\/p>\n<p><strong>Ambasador USA w Turcji, Tom Barrack, pe\u0142ni\u0105cy tak\u017ce funkcj\u0119 specjalnego wys\u0142annika ds. Syrii, napisa\u0142 na platformie X, \u017ce premier Izraela Benjamin Netanjahu oraz prezydent Syrii Ahmed al-Sharaa, przy wsparciu ameryka\u0144skiego sekretarza stanu Marco Rubio, zgodzili si\u0119 na zawieszenie broni \u201ezaakceptowane\u201d przez Turcj\u0119, Jordani\u0119 oraz innych, nieujawnionych s\u0105siad\u00f3w.<\/strong><\/p><\/blockquote>\n<p style=\"text-align: left;\"><span style=\"color: #000080;\">Ciekawe, kto kogo przechytrzy w tej grze w chujki zwanej dyplomacj\u0105. Podejrzewam, \u017ce najbardziej cwany jest w tym towarzystwie Ahmed al-Sharaa.<\/span><\/p>\n<blockquote><p><strong>Wzywamy Druz\u00f3w, Beduin\u00f3w i sunnit\u00f3w do z\u0142o\u017cenia broni i wsp\u00f3lnego budowania nowej, zjednoczonej to\u017csamo\u015bci syryjskiej \u2014 o\u015bwiadczy\u0142 Barrack, nie podaj\u0105c jednak \u017cadnych dalszych szczeg\u00f3\u0142\u00f3w dotycz\u0105cych rozejmu.<\/strong><\/p>\n<p><strong>Izrael nie wyda\u0142 natychmiastowego komentarza.<\/strong><\/p><\/blockquote>\n<p><span style=\"color: #000080;\">Jak czytamy dalej:&nbsp;<\/span><\/p>\n<blockquote><p><strong><span style=\"color: #000000;\">Biuro prezydenta Syrii Ahmeda al-Sharaa potwierdzi\u0142o \u201enatychmiastowe zawieszenie broni\u201d w prowincji Swejda w sobot\u0119, gdy si\u0142y ministerstwa spraw wewn\u0119trznych zosta\u0142y rozmieszczone w regionie zamieszkanym g\u0142\u00f3wnie przez Druz\u00f3w.<\/span><\/strong><\/p>\n<p><strong><span style=\"color: #000000;\">Prezydentura wezwa\u0142a \u201ewszystkie strony do pe\u0142nego poszanowania\u201d rozejmu.<\/span><\/strong><br \/>\n<strong><span style=\"color: #000000;\">O\u015bwiadczenie pojawi\u0142o si\u0119 w momencie, gdy na nowo wybuch\u0142y starcia mi\u0119dzy grupami druzyjskimi a klanami bedui\u0144skimi, kt\u00f3re doprowadzi\u0142y do \u015bmierci setek os\u00f3b i przesiedlenia dziesi\u0105tek tysi\u0119cy ludzi, pog\u0142\u0119biaj\u0105c trwaj\u0105cy kryzys humanitarny.<\/span><\/strong><\/p><\/blockquote>\n<p><span style=\"color: #000080;\">Czuj\u0119 si\u0119 poinformowany we wszystkim. Wiem kto, gdzie i kiedy \u2014 nie wiem tylko kto i co zamierza. Tak czy inaczej, czuj\u0119 si\u0119 poinformowany i mog\u0119 przej\u015b\u0107 do dalszego przegl\u0105du wiadomo\u015bci.<\/span><\/p>\n<blockquote><p><strong>Ambasador Stan\u00f3w Zjednoczonych w Izraelu, Mike Huckabee, zagrozi\u0142, \u017ce publicznie og\u0142osi, i\u017c Izrael nie jest ju\u017c krajem przyjaznym grupom chrze\u015bcija\u0144skim, w zwi\u0105zku z \u2014 jak to uj\u0105\u0142 \u2014 odmow\u0105 Jerozolimy w kwestii zatwierdzania wiz turystycznych dla misji ewangelikalnych.&nbsp;<\/strong><\/p><\/blockquote>\n<p><span style=\"color: #000080;\">Musia\u0142em co\u015b przegapi\u0107. Co jest grane? Izrael \u2014 kraj b\u0119d\u0105cy w stanie wojny \u2014 ogranicza turystyk\u0119 ameryka\u0144skich chrze\u015bcijan. Skandal ewidentny. Ciekaw jestem, o co chodzi \u2014 tekst d\u0142ugi, nie mam czasu czyta\u0107. Podejrzewam, \u017ce czyste spekulacje.<\/span><\/p>\n<p><span style=\"color: #000080;\">Ciekawe, co Ilan o tym s\u0105dzi (Ilan to syn kuzynki Ma\u0142gorzaty \u2014 wspania\u0142y cz\u0142owiek. By\u0142 u nas dwa razy: najpierw wiele lat temu z dwoma ma\u0142ymi synkami, kiedy wraca\u0142 do Izraela z kontraktu z uniwersytetem w Norwegii, gdzie przez rok wyk\u0142ada\u0142 matematyk\u0119, drugi raz z m\u0142odszym synem, kt\u00f3ry wcze\u015bniej by\u0142 u nas, gdy mia\u0142 dziewi\u0119\u0107 lat, a teraz w\u0142a\u015bnie uko\u0144czy\u0142 s\u0142u\u017cb\u0119 wojskow\u0105. By\u0142 w Gazie jako sanitariusz. Planuje podr\u00f3\u017ce przez rok, a potem studia). Jak nie umr\u0119, to wieczorem napisz\u0119 do Ilana.<\/span><\/p>\n<p><span style=\"color: #000080;\">Na \u017c\u00f3\u0142tej karteczce pisz\u0119 dwa s\u0142owa:&nbsp;<strong>Ilan, ewangelicy<\/strong>. Odk\u0142adam na czarn\u0105 podstawk\u0119 ekranu komputera.<\/span><\/p>\n<p><span style=\"color: #000080;\">W pustym mieszkaniu m\u00f3wi\u0119 g\u0142o\u015bno fragment wiersza Majakowskiego&nbsp;<em>Ob\u0142ok w spodniach<\/em>:<\/span><br \/>\n<span style=\"color: #000080;\">\u201ePami\u0119taj \u2014 zgin\u0119\u0142a Pompeja, gdy rozdra\u017cniono gniew Wezuwiusza.\u201d<\/span><br \/>\n<span style=\"color: #000080;\">Nie wiem dlaczego. Nie ma to \u017cadnego znaczenia.<\/span><\/p>\n<p><span style=\"color: #000080;\">Patrz\u0119 bez zainteresowania na kilka tytu\u0142\u00f3w. Kawa\u0142ek dalej w m\u00f3zgu \u2014 jakie\u015b rozb\u0142yski. Moje synapsy szalej\u0105:<\/span><\/p>\n<blockquote><p><strong>S\u0119dzia federalny wstrzymuje egzekwowanie sankcji Trumpa wobec MTK za \u015bciganie Izraela.<\/strong><\/p>\n<p>S\u0119dzia uzna\u0142a, \u017ce rozporz\u0105dzenie Trumpa wobec prokuratora Karima Khana i 900 pracownik\u00f3w MTK by\u0142o zbyt szerokie i narusza\u0142o konstytucyjn\u0105 wolno\u015b\u0107 s\u0142owa.<\/p><\/blockquote>\n<p><strong>Robi\u0119 notatk\u0119 na r\u00f3\u017cowej karteczce: \u015aledzi\u0107 uwa\u017cnie dalszy rozw\u00f3j.<\/strong><\/p>\n<\/div>\n<hr style=\"height: 15px; background: #d0e6fa; width: 100%;\">\n<div id=\"content\" class=\"content-alignment\">\n<div id=\"watch-description\" class=\"yt-uix-button-panel\">\n<div id=\"watch-description-text\" style=\"text-align: center;\">\n<p><em>Zawarto\u015b\u0107 publikowanych artyku\u0142\u00f3w i materia\u0142\u00f3w nie reprezentuje pogl\u0105d\u00f3w ani opinii Reunion&#8217;68,<\/em><em><br \/>\nani te\u017c webmastera Blogu Reunion&#8217;68, chyba ze jest to wyra\u017anie zaznaczone.<br \/>\nTwoje uwagi, linki, w\u0142asne artyku\u0142y lub wiadomo\u015bci prze\u015blij na adres:<br \/>\n<\/em><span style=\"color: #000080;\"><strong><em><a style=\"color: #000080;\" href=\"mailto:webmaster@reunion68.com\"><span style=\"text-decoration: underline;\">webmaster@reunion68.com<\/span><\/a><\/em><\/strong><\/span><\/p>\n<\/div>\n<\/div>\n<\/div>\n<hr style=\"width: 100%;\">\n","protected":false},"excerpt":{"rendered":"<p>Karim Asad Ahmad Khan, urodzony w 1970 roku w Edynburgu, jest brytyjskim prawnikiem specjalizuj\u0105cym si\u0119 w mi\u0119dzynarodowym prawie karnym i prawach cz\u0142owieka. Pracowa\u0142 dla Organizacji Narod\u00f3w Zjednoczonych i zosta\u0142 wybrany na nowego Prokuratora Generalnego Mi\u0119dzynarodowego Trybuna\u0142u Karnego 12 lutego 2021 roku. Wiadomo\u015bci z innego kraju, ze \u015bwiata, czasem nawet z Polski Andrzej Koraszewski Zawsze tak [&hellip;]<\/p>\n","protected":false},"author":1,"featured_media":0,"comment_status":"closed","ping_status":"closed","sticky":false,"template":"","format":"standard","meta":[],"categories":[6],"tags":[26,24],"_links":{"self":[{"href":"https:\/\/www.reunion68.se\/index.php?rest_route=\/wp\/v2\/posts\/122649"}],"collection":[{"href":"https:\/\/www.reunion68.se\/index.php?rest_route=\/wp\/v2\/posts"}],"about":[{"href":"https:\/\/www.reunion68.se\/index.php?rest_route=\/wp\/v2\/types\/post"}],"author":[{"embeddable":true,"href":"https:\/\/www.reunion68.se\/index.php?rest_route=\/wp\/v2\/users\/1"}],"replies":[{"embeddable":true,"href":"https:\/\/www.reunion68.se\/index.php?rest_route=%2Fwp%2Fv2%2Fcomments&post=122649"}],"version-history":[{"count":7,"href":"https:\/\/www.reunion68.se\/index.php?rest_route=\/wp\/v2\/posts\/122649\/revisions"}],"predecessor-version":[{"id":122759,"href":"https:\/\/www.reunion68.se\/index.php?rest_route=\/wp\/v2\/posts\/122649\/revisions\/122759"}],"wp:attachment":[{"href":"https:\/\/www.reunion68.se\/index.php?rest_route=%2Fwp%2Fv2%2Fmedia&parent=122649"}],"wp:term":[{"taxonomy":"category","embeddable":true,"href":"https:\/\/www.reunion68.se\/index.php?rest_route=%2Fwp%2Fv2%2Fcategories&post=122649"},{"taxonomy":"post_tag","embeddable":true,"href":"https:\/\/www.reunion68.se\/index.php?rest_route=%2Fwp%2Fv2%2Ftags&post=122649"}],"curies":[{"name":"wp","href":"https:\/\/api.w.org\/{rel}","templated":true}]}}