{"id":122660,"date":"2025-07-19T17:05:06","date_gmt":"2025-07-19T15:05:06","guid":{"rendered":"http:\/\/www.reunion68.se\/?p=122660"},"modified":"2025-07-19T05:35:16","modified_gmt":"2025-07-19T03:35:16","slug":"19-00-102","status":"publish","type":"post","link":"https:\/\/www.reunion68.se\/?p=122660","title":{"rendered":"Iran Marks 31st Anniversary of AMIA Bombing by Slamming Argentina\u2019s \u2018Baseless\u2019 Accusations, Blaming Israel"},"content":{"rendered":"<h5 style=\"text-align: center;\"><a href=\"https:\/\/www.algemeiner.com\/\" target=\"_blank\" rel=\"noopener noreferrer\"><img decoding=\"async\" class=\"center alignleft\" src=\"http:\/\/www.reunion68.com\/Biuletyn\/img\/algem.png\" alt=\"\" width=\"35%\"><\/a><span style=\"text-decoration: underline; color: #000080;\"><span style=\"text-decoration: underline;\"><strong><a style=\"color: #000080; text-decoration: underline;\" href=\"https:\/\/www.algemeiner.com\/2025\/07\/18\/iran-marks-31st-anniversary-amia-bombing-slamming-argentinas-baseless-accusations-blaming-israel\/\" target=\"_blank\" rel=\"noopener noreferrer\">Iran Marks 31st Anniversary of AMIA Bombing by Slamming Argentina\u2019s \u2018Baseless\u2019 Accusations, Blaming Israel<\/a><\/strong><\/span><\/span><\/h5>\n<p style=\"text-align: center;\"><span style=\"color: #000000;\"><strong>Ailin Vilches Arguello<\/strong><\/span><\/p>\n<hr style=\"height: 15px; background: #d0e6fa; width: 100%;\">\n<p style=\"text-align: center;\"><img decoding=\"async\" class=\"aligncenter\" src=\"https:\/\/www.algemeiner.com\/wp-content\/uploads\/2025\/06\/AMIA-1.jpg\" width=\"100%\"><span style=\"color: #808080;\"><em>People hold images of the victims of the 1994 bombing attack on the Argentine Israeli Mutual Association (AMIA) community center, marking the 30th anniversary of the attack, in Buenos Aires, Argentina, July 18, 2024. Photo: REUTERS\/Irina Dambrauskas<\/em><\/span><\/p>\n<div id=\"post_content\">\n<p style=\"text-align: left;\"><span style=\"color: #000080;\">Iran on Friday marked the 31st anniversary of the 1994 bombing of the Argentine Israelite Mutual Association (AMIA) Jewish community center in Buenos Aires by slamming Argentina for what it called \u201cbaseless\u201d accusations over&nbsp;<a style=\"color: #000080;\" href=\"https:\/\/www.algemeiner.com\/2025\/04\/09\/argentina-prosecutor-seeks-arrest-warrants-irans-supreme-leader-1994-amia-bombing\/\" target=\"_blank\" rel=\"noopener noreferrer\">Tehran\u2019s alleged role in the terrorist attack<\/a>&nbsp;and accusing Israel of politicizing the atrocity to influence the investigation and judicial process.<\/span><\/p>\n<p style=\"text-align: left;\"><span style=\"color: #000080;\">The Iranian Foreign Ministry issued a statement on the&nbsp;anniversary of Argentina\u2019s deadliest terrorist attack, which killed 85 people and wounded more than 300.<\/span><\/p>\n<p style=\"text-align: left;\"><span style=\"color: #000080;\">\u201cWhile completely rejecting the accusations against Iranian citizens, the Islamic Republic of Iran condemns attempts by certain Argentine factions to pressure the judiciary into issuing baseless charges and politically motivated rulings,\u201d the statement read.<\/span><\/p>\n<p style=\"text-align: left;\"><span style=\"color: #000080;\">\u201cReaffirming that the charges against its citizens are unfounded, the Islamic Republic of Iran insists on restoring their reputation and calls for an end to this staged legal proceeding,\u201d it continued.<\/span><\/p>\n<p style=\"text-align: left;\"><span style=\"color: #000080;\">Last month, a federal judge in Argentina&nbsp;<a style=\"color: #000080;\" href=\"https:\/\/www.algemeiner.com\/2025\/06\/27\/argentina-try-iranian-lebanese-suspects-absentia-1994-amia-bombing-historic-legal-shift\/\" target=\"_blank\" rel=\"noopener noreferrer\">ordered the trial in absentia of 10 Iranian and Lebanese nationals<\/a>&nbsp;suspected of orchestrating the attack in Buenos Aires.<\/span><\/p>\n<p style=\"text-align: left;\"><span style=\"color: #000080;\">The ten suspects set to stand trial include former Iranian and Lebanese ministers and diplomats, all of whom are subject to international arrest warrants issued by Argentina&nbsp;<a style=\"color: #000080;\" href=\"https:\/\/www.algemeiner.com\/2025\/05\/09\/argentine-jewish-leader-praises-milei-buenos-aires-ramps-up-pressure-iran-1994-bombing\/\" target=\"_blank\" rel=\"noopener noreferrer\">for their alleged roles in the terrorist attack<\/a>.<\/span><\/p>\n<p style=\"text-align: left;\"><span style=\"color: #000080;\">In its statement on Friday, Iran also accused Israel of influencing the investigation to advance a political campaign against the Islamist regime in Tehran, claiming the case has been used to serve Israeli interests and hinder efforts to uncover the truth.<\/span><\/p>\n<p style=\"text-align: left;\"><span style=\"color: #000080;\">\u201cFrom the outset, elements and entities linked to the Zionist regime [Israel] exploited this suspicious explosion, pushing the investigation down a false and misleading path, among whose consequences was to disrupt the long\u2011standing relations between the people of Iran and Argentina,\u201d the Iranian Foreign Ministry said.<\/span><\/p>\n<p style=\"text-align: left;\"><span style=\"color: #000080;\">\u201cClear, undeniable evidence now shows the Zionist regime and its affiliates exerting influence on the Argentine judiciary to frame Iranian nationals,\u201d the statement continued.<\/span><\/p>\n<p style=\"text-align: left;\"><span style=\"color: #000080;\">In April, lead prosecutor Sebasti\u00e1n Basso \u2014 who took over the case after the 2015 murder of his predecessor, Alberto Nisman \u2014 requested that federal Judge Daniel Rafecas&nbsp;<a style=\"color: #000080;\" href=\"https:\/\/www.algemeiner.com\/2025\/04\/09\/argentina-prosecutor-seeks-arrest-warrants-irans-supreme-leader-1994-amia-bombing\/\" target=\"_blank\" rel=\"noopener noreferrer\">issue national and international arrest warrants for Iran\u2019s Supreme Leader<\/a>&nbsp;Ayatollah Ali Khamenei over his alleged involvement in the attack.<\/span><\/p>\n<p style=\"text-align: left;\"><span style=\"color: #000080;\">Since 2006, Argentine authorities have sought the arrest of eight Iranians \u2014 including former president Ali Akbar Hashemi Rafsanjani, who died in 2017 \u2014 yet&nbsp;<a style=\"color: #000080;\" href=\"https:\/\/www.algemeiner.com\/2024\/07\/25\/30-years-later-justice-for-jews-and-amia-bombing-victims-in-argentina-remains-elusive\/\" target=\"_blank\" rel=\"noopener noreferrer\">more than three decades after the deadly bombing<\/a>, all suspects remain still at large.<\/span><\/p>\n<p style=\"text-align: left;\"><span style=\"color: #000080;\">In a post on X, the Delegation of Argentine Israelite Associations (DAIA), the country\u2019s Jewish umbrella organization, released a statement commemorating the 31st anniversary of the bombing.<\/span><\/p>\n<p style=\"text-align: left;\"><span style=\"color: #000080;\">\u201cIt was a brutal attack on Argentina, its democracy, and its rule of law,\u201d the group said. \u201cAt DAIA, we continue to demand truth and justice \u2014 because impunity is painful, and memory is a commitment to both the present and the future.\u201d *******************************************************<\/span><\/p>\n<p><iframe loading=\"lazy\" id=\"twitter-widget-2\" class=\"\" title=\"X Post\" src=\"https:\/\/platform.twitter.com\/embed\/Tweet.html?dnt=false&amp;embedId=twitter-widget-2&amp;features=eyJ0ZndfdGltZWxpbmVfbGlzdCI6eyJidWNrZXQiOltdLCJ2ZXJzaW9uIjpudWxsfSwidGZ3X2ZvbGxvd2VyX2NvdW50X3N1bnNldCI6eyJidWNrZXQiOnRydWUsInZlcnNpb24iOm51bGx9LCJ0ZndfdHdlZXRfZWRpdF9iYWNrZW5kIjp7ImJ1Y2tldCI6Im9uIiwidmVyc2lvbiI6bnVsbH0sInRmd19yZWZzcmNfc2Vzc2lvbiI6eyJidWNrZXQiOiJvbiIsInZlcnNpb24iOm51bGx9LCJ0ZndfZm9zbnJfc29mdF9pbnRlcnZlbnRpb25zX2VuYWJsZWQiOnsiYnVja2V0Ijoib24iLCJ2ZXJzaW9uIjpudWxsfSwidGZ3X21peGVkX21lZGlhXzE1ODk3Ijp7ImJ1Y2tldCI6InRyZWF0bWVudCIsInZlcnNpb24iOm51bGx9LCJ0ZndfZXhwZXJpbWVudHNfY29va2llX2V4cGlyYXRpb24iOnsiYnVja2V0IjoxMjA5NjAwLCJ2ZXJzaW9uIjpudWxsfSwidGZ3X3Nob3dfYmlyZHdhdGNoX3Bpdm90c19lbmFibGVkIjp7ImJ1Y2tldCI6Im9uIiwidmVyc2lvbiI6bnVsbH0sInRmd19kdXBsaWNhdGVfc2NyaWJlc190b19zZXR0aW5ncyI6eyJidWNrZXQiOiJvbiIsInZlcnNpb24iOm51bGx9LCJ0ZndfdXNlX3Byb2ZpbGVfaW1hZ2Vfc2hhcGVfZW5hYmxlZCI6eyJidWNrZXQiOiJvbiIsInZlcnNpb24iOm51bGx9LCJ0ZndfdmlkZW9faGxzX2R5bmFtaWNfbWFuaWZlc3RzXzE1MDgyIjp7ImJ1Y2tldCI6InRydWVfYml0cmF0ZSIsInZlcnNpb24iOm51bGx9LCJ0ZndfbGVnYWN5X3RpbWVsaW5lX3N1bnNldCI6eyJidWNrZXQiOnRydWUsInZlcnNpb24iOm51bGx9LCJ0ZndfdHdlZXRfZWRpdF9mcm9udGVuZCI6eyJidWNrZXQiOiJvbiIsInZlcnNpb24iOm51bGx9fQ%3D%3D&amp;frame=false&amp;hideCard=false&amp;hideThread=false&amp;id=1946165073723936969&amp;lang=en&amp;origin=https%3A%2F%2Fwww.algemeiner.com%2F2025%2F07%2F18%2Firan-marks-31st-anniversary-amia-bombing-slamming-argentinas-baseless-accusations-blaming-israel%2F&amp;sessionId=d31264364b718f1403e38a750ab02429962f10d4&amp;siteScreenName=Algemeiner&amp;theme=light&amp;widgetsVersion=2615f7e52b7e0%3A1702314776716&amp;width=550px\" frameborder=\"0\" scrolling=\"yes\" width=\"650\" height=\"650\" allowfullscreen=\"allowfullscreen\" data-tweet-id=\"1946165073723936969\" data-mce-fragment=\"1\"><\/iframe><\/p>\n<\/div>\n<p style=\"text-align: left;\"><span style=\"color: #000080;\">Despite Argentina\u2019s longstanding belief that Lebanon\u2019s Shiite&nbsp;<a style=\"color: #000080;\" href=\"https:\/\/www.algemeiner.com\/2024\/04\/12\/argentina-court-blames-iran-deadly-1994-bombing-jewish-center\/\" target=\"_blank\" rel=\"noopener noreferrer\">Hezbollah terrorist group carried out the devastating attack at Iran\u2019s request<\/a>, the 1994 bombing has never been claimed or officially solved.<\/span><\/p>\n<p style=\"text-align: left;\"><span style=\"color: #000080;\">Meanwhile, Tehran has consistently denied any involvement and refused to arrest or extradite any suspects.<\/span><\/p>\n<p style=\"text-align: left;\"><span style=\"color: #000080;\">To this day, the decades-long investigation into the terrorist attack has been plagued by allegations of witness tampering, evidence manipulation, cover-ups, and annulled trials.<\/span><\/p>\n<p style=\"text-align: left;\"><span style=\"color: #000080;\">In 2006,&nbsp;<a style=\"color: #000080;\" href=\"https:\/\/www.algemeiner.com\/2025\/01\/21\/amia-bombing-investigator-alberto-nisman-who-accused-iran-was-murdered-new-argentine-report-concludes\/\" target=\"_blank\" rel=\"noopener noreferrer\">former prosecutor Nisman<\/a>&nbsp;formally charged Iran for orchestrating the attack and Hezbollah for carrying it out.<\/span><\/p>\n<p style=\"text-align: left;\"><span style=\"color: #000080;\">Nine years later, he accused former Argentine President Cristina Fern\u00e1ndez de Kirchner \u2014 currently under house arrest on corruption charges \u2014 of attempting to cover up the crime and block efforts to extradite the suspects behind the AMIA atrocity in return for Iranian oil.<\/span><\/p>\n<p style=\"text-align: left;\"><span style=\"color: #000080;\">Nisman was killed later that year, and to this day, both his case and murder remain unresolved and under ongoing investigation.<\/span><\/p>\n<p style=\"text-align: left;\"><span style=\"color: #000080;\">The alleged cover-up was reportedly formalized through the memorandum of understanding signed in 2013 between Kirchner\u2019s government and Iranian authorities, with the stated goal of cooperating to investigate the AMIA bombing.<\/span><\/p>\n<hr style=\"height: 15px; background: #d0e6fa; width: 100%;\">\n<div id=\"content\" class=\"content-alignment\">\n<div id=\"watch-description\" class=\"yt-uix-button-panel\">\n<div id=\"watch-description-text\" style=\"text-align: center;\">\n<p><em>Zawarto\u015b\u0107 publikowanych artyku\u0142\u00f3w i materia\u0142\u00f3w nie reprezentuje pogl\u0105d\u00f3w ani opinii Reunion&#8217;68,<\/em><em><br \/>\nani te\u017c webmastera Blogu Reunion&#8217;68, chyba ze jest to wyra\u017anie zaznaczone.<br \/>\nTwoje uwagi, linki, w\u0142asne artyku\u0142y lub wiadomo\u015bci prze\u015blij na adres:<br \/>\n<\/em><span style=\"color: #000080;\"><strong><em><a style=\"color: #000080;\" href=\"mailto:webmaster@reunion68.com\"><span style=\"text-decoration: underline;\">webmaster@reunion68.com<\/span><\/a><\/em><\/strong><\/span><\/p>\n<\/div>\n<\/div>\n<\/div>\n<hr style=\"width: 100%;\">\n","protected":false},"excerpt":{"rendered":"<p>Iran Marks 31st Anniversary of AMIA Bombing by Slamming Argentina\u2019s \u2018Baseless\u2019 Accusations, Blaming Israel Ailin Vilches Arguello People hold images of the victims of the 1994 bombing attack on the Argentine Israeli Mutual Association (AMIA) community center, marking the 30th anniversary of the attack, in Buenos Aires, Argentina, July 18, 2024. Photo: REUTERS\/Irina Dambrauskas Iran [&hellip;]<\/p>\n","protected":false},"author":1,"featured_media":0,"comment_status":"closed","ping_status":"closed","sticky":false,"template":"","format":"standard","meta":[],"categories":[6],"tags":[26,24],"_links":{"self":[{"href":"https:\/\/www.reunion68.se\/index.php?rest_route=\/wp\/v2\/posts\/122660"}],"collection":[{"href":"https:\/\/www.reunion68.se\/index.php?rest_route=\/wp\/v2\/posts"}],"about":[{"href":"https:\/\/www.reunion68.se\/index.php?rest_route=\/wp\/v2\/types\/post"}],"author":[{"embeddable":true,"href":"https:\/\/www.reunion68.se\/index.php?rest_route=\/wp\/v2\/users\/1"}],"replies":[{"embeddable":true,"href":"https:\/\/www.reunion68.se\/index.php?rest_route=%2Fwp%2Fv2%2Fcomments&post=122660"}],"version-history":[{"count":5,"href":"https:\/\/www.reunion68.se\/index.php?rest_route=\/wp\/v2\/posts\/122660\/revisions"}],"predecessor-version":[{"id":122735,"href":"https:\/\/www.reunion68.se\/index.php?rest_route=\/wp\/v2\/posts\/122660\/revisions\/122735"}],"wp:attachment":[{"href":"https:\/\/www.reunion68.se\/index.php?rest_route=%2Fwp%2Fv2%2Fmedia&parent=122660"}],"wp:term":[{"taxonomy":"category","embeddable":true,"href":"https:\/\/www.reunion68.se\/index.php?rest_route=%2Fwp%2Fv2%2Fcategories&post=122660"},{"taxonomy":"post_tag","embeddable":true,"href":"https:\/\/www.reunion68.se\/index.php?rest_route=%2Fwp%2Fv2%2Ftags&post=122660"}],"curies":[{"name":"wp","href":"https:\/\/api.w.org\/{rel}","templated":true}]}}