{"id":122680,"date":"2025-07-19T17:09:24","date_gmt":"2025-07-19T15:09:24","guid":{"rendered":"http:\/\/www.reunion68.se\/?p=122680"},"modified":"2025-07-19T06:06:16","modified_gmt":"2025-07-19T04:06:16","slug":"21-09-106","status":"publish","type":"post","link":"https:\/\/www.reunion68.se\/?p=122680","title":{"rendered":"Rektor UWr wycofuje patronat nad wyk\u0142adem s\u0142ynnego Gabora Mate, ocala\u0142ego z Holokaustu. Z powodu poparcia Palestyny"},"content":{"rendered":"<p style=\"text-align: center;\"><img decoding=\"async\" class=\"aligncenter\" src=\"https:\/\/bi.im-g.pl\/im\/19\/40\/1d\/z30673177AMP,Gabor-Mate.jpg\" width=\"100%\" \/><span style=\"color: #808080;\"><em>Gabor Mate (Gabor Gastonyi, Clare Day\/Wikipedia na licencji C.C. 3.0)<\/em><\/span><\/p>\n<hr \/>\n<p><span style=\"color: #000080;\"><strong><span style=\"text-decoration: underline;\"><a style=\"color: #000080; text-decoration: underline;\">https:\/\/en.wikipedia.org\/wiki\/Gabor_Mat%C3%A9<\/a><\/span><\/strong><\/span><\/p>\n<p>[ Webmaster: &#8211; <strong><em>Jego wlasne doswiadczenia o Zagladzie sa rowne ZERO. To jeszcze jeden szukajacy pieniedzy w arabskim antysemityzmie, od dawna publikujacy sie na &#8220;X \/ Twitter&#8221;<\/em><\/strong> ]<\/p>\n<h5><strong>Wikipedia: Early and personal life<\/strong><\/h5>\n<p><strong>Mat\u00e9 was born in Budapest, Hungary, in 1944 to a Jewish family<\/strong>.[5][6] His maternal grandparents, Josef L\u00f6vi and Hannah L\u00f6vi, who came from the town of Ko\u0161ice in eastern Slovakia, were killed in Auschwitz when he was five months old.[6] His aunt disappeared during the war, and his father endured forced labour at the hands of the Nazi Party.[7] When he was one year old, Mat\u00e9&#8217;s mother put him in the care of a stranger for over five weeks to save his life. Upon their reunion, the infant Mat\u00e9 was so hurt that he avoided looking at his mother for several days. He claims this trauma of &#8220;abandonment, rage, and despair&#8221; continues to manifest itself in his adult life, leading to similar altercations when he perceives a threat of abandonment, especially from his wife.[8]<\/p>\n<p><i>Z komentarzy pod artykulem w Wyborczej: &#8211; <strong><span style=\"color: #800000;\">&#8220;Gabor Mate a w szczeg\u00f3lno\u015bci jego syn od pocz\u0105tku napa\u015bci Rosji na Ukrain\u0119, broni\u0105 Rosji. Jego syn to 100% propaganda kremlowska. Co jest zreszt\u0105 charakterystyczne, \u017ce obro\u0144cy ofiar w Palestynie s\u0105 r\u00f3wnocze\u015bnie obro\u0144cami Moskwy. A ofiar w Ukrainie nie zauwa\u017caj\u0105 np Varufakis. Zanim p. Jucewicz i inne zaczn\u0105 kogo\u015b promowa\u0107, to mo\u017ce lepiej zapozna\u0107 si\u0119 z postaci\u0105 i jej pogl\u0105dami. Bo jak na psychologa to ta osoba sprawia wra\u017cenie do\u015b\u0107 zak\u0142amanej.&#8221;<\/span><\/strong><\/i><\/p>\n<hr \/>\n<h5 style=\"text-align: center;\"><a href=\"https:\/\/wroclaw.wyborcza.pl\/\" target=\"_blank\" rel=\"noopener noreferrer\"><img decoding=\"async\" class=\"center alignleft\" src=\"http:\/\/www.reunion68.com\/Biuletyn\/img\/wyborcza.png\" alt=\"\" width=\"35%\" \/><\/a><span style=\"text-decoration: underline; color: #000080;\"><strong><a style=\"color: #000080; text-decoration: underline;\" href=\"https:\/\/wroclaw.wyborcza.pl\/wroclaw\/7,35771,32009522,rektor-uniwersytetu-wroclawskiego-zabiera-patronat-nad-spotkaniem.html#s=S.embed_article-K.C-B.1-L.1.zw\" target=\"_blank\" rel=\"noopener noreferrer\">Rektor UWr wycofuje patronat nad wyk\u0142adem s\u0142ynnego Gabora Mate, ocala\u0142ego z Holokaustu. Z powodu poparcia Palestyny<\/a><\/strong><\/span><\/h5>\n<p style=\"text-align: center;\"><span style=\"color: #000000;\"><strong>Karolina Kijek<\/strong><\/span><\/p>\n<hr style=\"height: 15px; background: #d0e6fa; width: 100%;\" \/>\n<div class=\"text--lead \" style=\"text-align: left;\" data-progress-bar-content=\"\"><span style=\"color: #000080;\">To zaskakuj\u0105ca decyzja &#8211; przyznaj\u0105 organizatorzy spotkania z Gaborem Mat\u00e9, jednym z najs\u0142ynniejszych lekarzy na \u015bwiecie. Rektor Uniwersytetu Wroc\u0142awskiego Robert Olkiewicz uzna\u0142, \u017ce wyk\u0142ad o traumie Palestyny ma kontekst polityczny.<\/span><\/div>\n<div class=\"article--content article--content-free  \" style=\"text-align: left;\">\n<p class=\"text--paragraph\"><span style=\"color: #000080;\">\u2013 To, \u017ce w Gazie dochodzi do ludob\u00f3jstwa, jest w \u015brodowiskach naukowych i prawnych og\u00f3lnoprzyj\u0119tym konsensusem\u00a0\u2013 podkre\u015bla dla &#8220;Wyborczej&#8221; Kaja K\u0119dzio\u0142 z Solidarno\u015bci\u00f3wki Wroc\u0142aw, kt\u00f3ra wsp\u00f3\u0142organizuje wydarzenie we Wroc\u0142awiu.\u00a0\u2013 Poza tym m\u00f3wimy o spotkaniu ze znamienit\u0105 postaci\u0105.\u00a0<\/span><\/p>\n<p class=\"text--paragraph\"><span style=\"color: #000080;\">Gabor Mat\u00e9 to mieszkaj\u0105cy w Kanadzie\u00a0lekarz, autor bestseller\u00f3w, m\u00f3wca i jeden z najbardziej znanych ekspert\u00f3w od traumy.\u00a0Niedawno sko\u0144czy\u0142 80 lat, ale wci\u0105\u017c pisze ksi\u0105\u017cki, szkoli i je\u017adzi po \u015bwiecie z wyst\u0105pieniami. Do Polski na prelekcje przyjecha\u0142 po raz pierwszy.\u00a0<\/span><\/p>\n<\/div>\n<p class=\"text--paragraph\" style=\"text-align: left;\"><span style=\"color: #000080;\">Zainteresowanie jego wyst\u0105pieniem\u00a0by\u0142o we Wroc\u0142awiu tak du\u017ce, \u017ce pad\u0142y serwery, a bilety rozesz\u0142y si\u0119 w zaledwie trzy minuty.\u00a0Podobnie w\u00a0innych miastach:\u00a0Warszawie, Krakowie, \u0141odzi i Poznaniu. Mat\u00e9 wyg\u0142osi w nich wyk\u0142ady pod has\u0142em\u00a0&#8220;Refleksje o traumie indywidualnej i zbiorowej. Palestyna i Syjonizm&#8221;.\u00a0<\/span><\/p>\n<h4 class=\"text--title font-head-700\"><strong>Gabor\u00a0Mat\u00e9 we Wroc\u0142awiu, rektor UWr\u00a0\u00a0<\/strong><\/h4>\n<p class=\"text--paragraph\" style=\"text-align: left;\"><span style=\"color: #000080;\">W stolicy Dolnego \u015al\u0105ska jego wyst\u0119p zaplanowano na wtorek, 10 czerwca o godz. 18 w kinie Nowe Horyzonty. Na ten wiecz\u00f3r zorganizowano tam &#8220;Dzie\u0144 Solidarno\u015bci z Palestyn\u0105&#8221;. Z pokazem filmu dokumentalnego &#8220;Shujayya&#8221; o\u00a0\u017cyciu w Strefie Gazy, a tak\u017ce rozmow\u0105 z udzia\u0142em Gabora Mat\u00e9 oraz go\u015bci, kt\u00f3rzy\u00a0\u2013 jak pisz\u0105 organizatorzy\u00a0\u2013 &#8220;prze\u017cyli ludob\u00f3jcze ataki w Strefie Gazy i mog\u0105 da\u0107 \u015bwiadectwo&#8221;.<\/span><\/p>\n<p class=\"text--paragraph\" style=\"text-align: left;\"><span style=\"color: #000080;\">Wyk\u0142ad s\u0142ynnego lekarza to\u00a0g\u0142\u00f3wny punkt wieczoru.\u00a0<\/span><\/p>\n<p class=\"text--paragraph\" style=\"text-align: left;\"><span style=\"color: #000080;\">&#8220;Dr Mat\u00e9 odniesie si\u0119 do skutk\u00f3w przemocy kolonialnej, opresji i milczenia wobec cierpienia narodu palesty\u0144skiego&#8221;\u00a0\u2013\u00a0zapowiedzieli organizatorzy spotkania.\u00a0<\/span><\/p>\n<p class=\"text--paragraph\" style=\"text-align: left;\"><span style=\"color: #000080;\">O tym, \u017ce rektor UWr wycofuje\u00a0honorowy patronat, dowiedzieli si\u0119 z pisma, kt\u00f3re dostali\u00a0w pi\u0105tek 6, czerwca.\u00a0Rektor mia\u0142 si\u0119 powo\u0142a\u0107 na regulamin, wedle kt\u00f3rego &#8220;w szczeg\u00f3lnie uzasadnionych przypadkach mo\u017ce odebra\u0107 przyznane uprzednio wyr\u00f3\u017cnienie&#8221;. Dlaczego tak postanowi\u0142, w pi\u015bmie nie przeczytali.<\/span><\/p>\n<p class=\"text--paragraph\" style=\"text-align: left;\"><span style=\"color: #000080;\">Uczelnia wyja\u015bni\u0142a to po weekendzie w o\u015bwiadczeniu. Do tego komunikatu odes\u0142a\u0142a &#8220;Wyborcz\u0105&#8221; tak\u017ce rzeczniczka UWr.<\/span><\/p>\n<p style=\"text-align: left;\"><span style=\"color: #000080;\">&#8220;Decyzja o cofni\u0119ciu patronatu by\u0142a konsekwencj\u0105 niepe\u0142nych informacji zawartych we wniosku o patronat \u2013 dokument nie wskazywa\u0142 na polityczny kontekst niekt\u00f3rych wydarze\u0144 planowanych w ramach ca\u0142ego cyklu \u2013 napisa\u0142 uniwersytet.\u00a0\u2013 Z dost\u0119pnych p\u00f3\u017aniej informacji wynika, \u017ce cz\u0119\u015bci\u0105 cyklu ma by\u0107 m.in. wydarzenie zatytu\u0142owane &gt;&gt;Dzie\u0144 Solidarno\u015bci z Palestyn\u0105&lt;&lt; \u2013 wiecz\u00f3r po\u015bwi\u0119cony pami\u0119ci, oporowi oraz zrozumieniu traum do\u015bwiadczanych przez spo\u0142eczno\u015bci dotkni\u0119te przemoc\u0105 i wykluczeniem&lt;&lt;. Tego rodzaju tematyka \u2013 cho\u0107 niew\u0105tpliwie wa\u017cna i warta dyskusji \u2013 nie zosta\u0142a uwzgl\u0119dniona w pierwotnym opisie przedsi\u0119wzi\u0119cia przes\u0142anym do uczelni. W \u015bwietle tego zdecydowano o wycofaniu patronatu.&#8221;<\/span><\/p>\n<p class=\"text--paragraph\" style=\"text-align: left;\"><span style=\"color: #000080;\">\u2013 UWr zatwierdza\u0142 swoje logo na plakacie, na kt\u00f3rym wszystko by\u0142o napisane. Uczelnia przecie\u017c widzia\u0142a, jaki tytu\u0142 tam widnieje, nawet je\u015bli wniosek by\u0142 wybrakowany \u2013 podkre\u015bla Kaja K\u0119dzio\u0142.\u00a0<\/span><\/p>\n<p class=\"text--paragraph\" style=\"text-align: left;\"><span style=\"color: #000080;\">\u2013 Nie wiem, w jaki spos\u00f3b uczelnia weryfikuje udzielane patronaty, ale je\u015bli pojawiaj\u0105 si\u0119 pytania, by\u0107 mo\u017ce nale\u017ca\u0142oby je najpierw zada\u0107\u00a0\u2013\u00a0dodaje Maciej Mandelt ze stowarzyszenia Nomada, kt\u00f3re wsp\u00f3\u0142organizuje wyk\u0142ad we Wroc\u0142awiu.\u00a0\u2013 Z tre\u015bci tego bardzo og\u00f3lnikowego o\u015bwiadczenia trudno wywnioskowa\u0107, jaka jest rzeczywista przyczyna wycofania si\u0119 z patronatu. By\u0107 mo\u017ce to przejaw strachu przed podejmowaniem wa\u017cnych spo\u0142ecznie temat\u00f3w i unikania odpowiedzialno\u015bci.<\/span><\/p>\n<h4 class=\"text--title font-head-700\"><strong>Wyk\u0142ady Gabora Mat\u00e9 bez patronatu rektora UWr. &#8220;Pozostajemy apolityczni&#8221;<\/strong><\/h4>\n<p class=\"text--paragraph\" style=\"text-align: left;\"><span style=\"color: #000080;\">Uniwersytet w o\u015bwiadczeniu zach\u0119ca\u00a0te\u017c do &#8220;rzeczowego dialogu, opartego na szacunku i otwarto\u015bci, kt\u00f3ry jest podstaw\u0105 \u017cycia akademickiego&#8221;. I podkre\u015bla, \u017ce jest przeciwny\u00a0&#8220;przemocy, nienawi\u015bci i dezinformacji&#8221;.\u00a0<\/span><\/p>\n<p class=\"text--paragraph\" style=\"text-align: left;\"><span style=\"color: #000080;\">&#8220;Uniwersytet Wroc\u0142awski g\u0142\u0119boko szanuje wolno\u015b\u0107 akademick\u0105, r\u00f3\u017cnorodno\u015b\u0107 pogl\u0105d\u00f3w oraz prawo do debaty \u2013 r\u00f3wnie\u017c na tematy trudne i budz\u0105ce emocje&#8221;\u00a0\u00a0\u2013 napisano r\u00f3wnie\u017c. \u2013 &#8220;Jako instytucja publiczna pozostajemy apolityczni i wierni zasadom otwarto\u015bci, rzetelno\u015bci oraz odpowiedzialno\u015bci spo\u0142ecznej.&#8221;<\/span><\/p>\n<p class=\"text--paragraph\" style=\"text-align: left;\"><span style=\"color: #000080;\">\u2013 Nie widzia\u0142am tre\u015bci samego wniosku, wi\u0119c nie mog\u0119 si\u0119 do niego odnosi\u0107. Mog\u0119 jednak powt\u00f3rzy\u0107 to, co m\u00f3wi\u0142am, gdy przez p\u00f3\u0142 roku okupowali\u015bmy UWr, oczekuj\u0105c solidarno\u015bci z Palestyn\u0105: decyzja o takim wsparciu nie jest polityczna, bo ludob\u00f3jstwo w Gazie to fakt \u2013\u00a0podkre\u015bla Kaja K\u0119dzio\u0142.\u00a0\u2013 Je\u015bli co\u015b tu jest polityczne, to w\u0142a\u015bnie decyzja o wycofaniu patronatu.\u00a0<\/span><\/p>\n<p class=\"text--paragraph\" style=\"text-align: left;\"><span style=\"color: #000080;\">Maciej Mandelt uwa\u017ca te\u017c, \u017ce decyzja o\u00a0wycofaniu patronatu &#8220;to forma wsp\u00f3\u0142udzia\u0142u w tym, co si\u0119 dzieje&#8221;.\u00a0<\/span><\/p>\n<p class=\"text--paragraph\" style=\"text-align: left;\"><span style=\"color: #000080;\">\u2013 Bo milczenie zawsze wspiera oprawc\u0119. Wyraz solidarno\u015bci z 56 tys. zabitych i milionami ludzi zagro\u017conych \u015bmierci\u0105 g\u0142odow\u0105 w Palestynie nie stanowi ani przemocy, ani nienawi\u015bci, ani dezinformacji\u00a0\u2013 wyja\u015bnia. \u2013 A je\u015bli chodzi o dr. Gabora Mat\u00e9, my\u015bl\u0119, \u017ce poradzi sobie bez patronatu rektora UWr.<\/span><\/p>\n<p style=\"text-align: left;\"><span style=\"color: #000080;\">Jak s\u0142yszymy od organizator\u00f3w wroc\u0142awskiego spotkania, zostali zobowi\u0105zani do zaklejenia informacji o patronacie rektora na plakatach, a tak\u017ce do usuni\u0119cia jej z innych materia\u0142\u00f3w.\u00a0Cykl wyk\u0142ad\u00f3w Gabora Mat\u00e9 wci\u0105\u017c ma patronaty honorowe rektora Uniwersytetu \u0141\u00f3dzkiego oraz rektora Akademii Sztuk Pi\u0119knych w \u0141odzi, a tak\u017ce\u00a0wiele medialnych.\u00a0<\/span><\/p>\n<h4 class=\"text--paragraph\"><b>Gabora Mat\u00e9 wspiera prawa Palesty\u0144czyk\u00f3w<\/b><\/h4>\n<p class=\"text--paragraph\"><span style=\"color: #000080;\">Lekarz urodzi\u0142 si\u0119 w 1944 roku w \u017cydowskiej rodzinie na W\u0119grzech. <strong>Ocala\u0142 z Holokaustu.<\/strong> W 1956 roku, podczas w\u0119gierskiej rewolucji, uciek\u0142 z bliskimi do Kanady. Tam studiowa\u0142 medycyn\u0119, a p\u00f3\u017aniej zosta\u0142 lekarzem. W dzielnicy Downtown Eastside w Vancouver przez lata pomaga\u0142 ludziom uzale\u017cnionym. To wtedy zacz\u0105\u0142 dostrzega\u0107 wsp\u00f3lny mianownik problem\u00f3w swoich pacjent\u00f3w \u2013 nieprzepracowan\u0105 traum\u0119. Jego zdaniem cz\u0119sto le\u017cy u podstaw uzale\u017cnie\u0144 chor\u00f3b autoimmunologicznych i zaburze\u0144 psychicznych.<\/span><\/p>\n<p class=\"text--paragraph\"><span style=\"color: #000080;\">\u201eWszystkie uzale\u017cnienia s\u0105 zakorzenione w smutku, bezradno\u015bci i wyobcowaniu \u2013\u00a0pisa\u0142 w jednej z ksi\u0105\u017cek. \u2013 Nie ma skutecznego sposobu na rozwi\u0105zanie problemu uzale\u017cnienia bez zaj\u0119cia si\u0119 jego podstawowymi \u017ar\u00f3d\u0142ami (&#8230;). Wszelkie uzale\u017cnienia, od narkotyk\u00f3w, przez hazard, po gry, albo bezpo\u015brednio \u0142agodz\u0105 b\u00f3l, albo odwracaj\u0105 od niego uwag\u0119&#8221;.<\/span><\/p>\n<p class=\"text--paragraph\"><span style=\"color: #000080;\">Mate od wielu lat wyra\u017ca silne wsparcie dla praw Palesty\u0144czyk\u00f3w i anga\u017cuje si\u0119 w dzia\u0142ania na ich rzecz. By\u0142 na Zachodnim Brzegu i w Strefie Gazy, by na w\u0142asne oczy zobaczy\u0107 sytuacj\u0119. Ju\u017c w 2014 roku, w opinii dla gazety &#8220;Toronto Star&#8221;, krytykowa\u0142 dzia\u0142ania Izraela i wskazywa\u0142 na ra\u017c\u0105c\u0105 dysproporcj\u0119 si\u0142.<\/span><\/p>\n<hr \/>\n<p><i>Redagowa\u0142 Leszek Frelich<br \/>\n<\/i><\/p>\n<hr style=\"height: 15px; background: #d0e6fa; width: 100%;\" \/>\n<div id=\"content\" class=\"content-alignment\">\n<div id=\"watch-description\" class=\"yt-uix-button-panel\">\n<div id=\"watch-description-text\" style=\"text-align: center;\">\n<p><em>Zawarto\u015b\u0107 publikowanych artyku\u0142\u00f3w i materia\u0142\u00f3w nie reprezentuje pogl\u0105d\u00f3w ani opinii Reunion&#8217;68,<\/em><em><br \/>\nani te\u017c webmastera Blogu Reunion&#8217;68, chyba ze jest to wyra\u017anie zaznaczone.<br \/>\nTwoje uwagi, linki, w\u0142asne artyku\u0142y lub wiadomo\u015bci prze\u015blij na adres:<br \/>\n<\/em><span style=\"color: #000080;\"><strong><em><a style=\"color: #000080;\" href=\"mailto:webmaster@reunion68.com\"><span style=\"text-decoration: underline;\">webmaster@reunion68.com<\/span><\/a><\/em><\/strong><\/span><\/p>\n<\/div>\n<\/div>\n<\/div>\n<hr style=\"width: 100%;\" \/>\n","protected":false},"excerpt":{"rendered":"<p>Gabor Mate (Gabor Gastonyi, Clare Day\/Wikipedia na licencji C.C. 3.0) https:\/\/en.wikipedia.org\/wiki\/Gabor_Mat%C3%A9 [ Webmaster: &#8211; Jego wlasne doswiadczenia o Zagladzie sa rowne ZERO. To jeszcze jeden szukajacy pieniedzy w arabskim antysemityzmie, od dawna publikujacy sie na &#8220;X \/ Twitter&#8221; ] Wikipedia: Early and personal life Mat\u00e9 was born in Budapest, Hungary, in 1944 to a Jewish [&hellip;]<\/p>\n","protected":false},"author":1,"featured_media":0,"comment_status":"closed","ping_status":"closed","sticky":false,"template":"","format":"standard","meta":[],"categories":[6],"tags":[26,24],"_links":{"self":[{"href":"https:\/\/www.reunion68.se\/index.php?rest_route=\/wp\/v2\/posts\/122680"}],"collection":[{"href":"https:\/\/www.reunion68.se\/index.php?rest_route=\/wp\/v2\/posts"}],"about":[{"href":"https:\/\/www.reunion68.se\/index.php?rest_route=\/wp\/v2\/types\/post"}],"author":[{"embeddable":true,"href":"https:\/\/www.reunion68.se\/index.php?rest_route=\/wp\/v2\/users\/1"}],"replies":[{"embeddable":true,"href":"https:\/\/www.reunion68.se\/index.php?rest_route=%2Fwp%2Fv2%2Fcomments&post=122680"}],"version-history":[{"count":15,"href":"https:\/\/www.reunion68.se\/index.php?rest_route=\/wp\/v2\/posts\/122680\/revisions"}],"predecessor-version":[{"id":122747,"href":"https:\/\/www.reunion68.se\/index.php?rest_route=\/wp\/v2\/posts\/122680\/revisions\/122747"}],"wp:attachment":[{"href":"https:\/\/www.reunion68.se\/index.php?rest_route=%2Fwp%2Fv2%2Fmedia&parent=122680"}],"wp:term":[{"taxonomy":"category","embeddable":true,"href":"https:\/\/www.reunion68.se\/index.php?rest_route=%2Fwp%2Fv2%2Fcategories&post=122680"},{"taxonomy":"post_tag","embeddable":true,"href":"https:\/\/www.reunion68.se\/index.php?rest_route=%2Fwp%2Fv2%2Ftags&post=122680"}],"curies":[{"name":"wp","href":"https:\/\/api.w.org\/{rel}","templated":true}]}}