{"id":122684,"date":"2025-07-21T17:05:19","date_gmt":"2025-07-21T15:05:19","guid":{"rendered":"http:\/\/www.reunion68.se\/?p=122684"},"modified":"2025-07-21T13:22:13","modified_gmt":"2025-07-21T11:22:13","slug":"21-00-109","status":"publish","type":"post","link":"https:\/\/www.reunion68.se\/?p=122684","title":{"rendered":"Anti-Israeli NGO Seeks Arrest of IDF Soldiers at Tomorrowland"},"content":{"rendered":"<h5 style=\"text-align: center;\"><a href=\"https:\/\/www.algemeiner.com\/\" target=\"_blank\" rel=\"noopener noreferrer\"><img decoding=\"async\" class=\"center alignleft\" src=\"http:\/\/www.reunion68.com\/Biuletyn\/img\/algem.png\" alt=\"\" width=\"35%\" \/><\/a><span style=\"text-decoration: underline; color: #000080;\"><span><strong><a style=\"color: #000080; text-decoration: underline;\" href=\"https:\/\/www.algemeiner.com\/2025\/07\/20\/anti-israeli-ngo-seeks-arrest-of-idf-soldiers-at-tomorrowland\/\" target=\"_blank\" rel=\"noopener noreferrer\">Anti-Israeli NGO Seeks Arrest of IDF Soldiers at Tomorrowland<\/a><\/strong><\/span><\/span><\/h5>\n<p style=\"text-align: center;\"><span style=\"color: #000000;\"><strong>i24 News <\/strong><span style=\"color: #808080;\"><em>and<\/em> <\/span><strong>Algemeiner Staff<\/strong><\/span><\/p>\n<hr style=\"height: 15px; background: #d0e6fa; width: 100%;\" \/>\n<p style=\"text-align: center;\"><img decoding=\"async\" class=\"aligncenter\" src=\"https:\/\/www.algemeiner.com\/wp-content\/uploads\/2025\/02\/2025-02-16T165434Z_1_LYNXNPEL1F07C_RTROPTP_4_ISRAEL-PALESTINIANS-MILITARY-NETANYAHU-1.jpg\" width=\"100%\" \/><span style=\"color: #808080;\"><em>Israeli Chief of the General Staff Herzi Halevi speaks at a ceremony for the 70th cohort of military combat officers, at an army base near Mitzpe Ramon, Israel, Oct. 31, 2024. Photo: REUTERS\/Amir Cohen<\/em><\/span><\/p>\n<p style=\"text-align: left;\"><span style=\"color: #000080;\">The Hind Rajab Foundation (HRF), a Palestinian organization headquartered in Belgium, has filed a legal complaint seeking the arrest of two Israeli Defense Forces (IDF) soldiers who were seen waving a Givati Brigade flag at the Tomorrowland music festival last weekend. The move has drawn sharp attention in Europe amid rising legal and diplomatic tensions over the Gaza conflict.<\/span><\/p>\n<p class=\"\" style=\"text-align: left;\" data-is=\"component-paragraph\"><span style=\"color: #000080;\">According to a statement posted Saturday evening on the HRF\u2019s official website, the organization, in collaboration with the British legal advocacy group Global Legal Action Network (GLAN), has petitioned the Belgian Attorney General to arrest and prosecute the soldiers under Belgium\u2019s universal jurisdiction laws.<\/span><\/p>\n<p class=\"\" style=\"text-align: left;\" data-is=\"component-paragraph\"><span style=\"color: #000080;\">The foundation accuses the two men of committing \u201cserious international crimes, including war crimes and genocide in the Gaza Strip.\u201d<\/span><\/p>\n<p class=\"\" style=\"text-align: left;\" data-is=\"component-paragraph\"><span style=\"color: #000080;\">The two soldiers reportedly attended Tomorrowland, one of the world\u2019s largest electronic music festivals, held annually in Boom, Belgium. Video footage circulating on social media showed them holding up the Givati Brigade flag, a symbol linked to one of the IDF\u2019s frontline infantry units.<\/span><\/p>\n<p class=\"\" style=\"text-align: left;\" data-is=\"component-paragraph\"><span style=\"color: #000080;\">HRF claims these men were directly involved in combat operations in Gaza and argues their presence in Belgium constitutes an opportunity for prosecution under international law. The Givati Brigade has been cited in several international reports on alleged IDF misconduct during recent military campaigns.<\/span><\/p>\n<p class=\"\" style=\"text-align: left;\" data-is=\"component-paragraph\"><span style=\"color: #000080;\">In a separate announcement, the foundation revealed it had also filed a criminal complaint in Portugal last week against another Israeli national, identified in Lisbon, whom it accuses of involvement in what it terms the Israeli \u201cgenocide campaign\u201d in Gaza. Portuguese authorities have yet to confirm any action in response.<\/span><\/p>\n<p class=\"\" style=\"text-align: left;\" data-is=\"component-paragraph\"><span style=\"color: #000080;\">These legal moves are part of HRF\u2019s broader campaign to hold Israeli soldiers accountable for their roles in military actions in the Gaza Strip. The group has made it clear that it aims to pursue legal avenues in any country where universal jurisdiction allows prosecution of foreign nationals for alleged war crimes.<\/span><\/p>\n<p class=\"\" style=\"text-align: left;\" data-is=\"component-paragraph\"><span style=\"color: #000080;\">In response to escalating international pressure and the growing legal risks faced by IDF personnel abroad, Israel\u2019s Chief of Staff, Lt. Gen. Herzi Halevi, recently issued a directive mandating the concealment of the identities of all officers involved in operational activities related to combat, from the rank of lieutenant colonel and above. This measure affects thousands of active-duty and reserve soldiers, many of whom had previously operated publicly under their real names.<\/span><\/p>\n<p class=\"\" style=\"text-align: left;\" data-is=\"component-paragraph\"><span style=\"color: #000080;\">The Hind Rajab Foundation was formally registered in Belgium in September 2024 and is led by Dyab Abou Jahjah and Karim Hassoun, both known for their longstanding anti-Israel activism. Jahjah, in particular, has a controversial history, having publicly expressed support for Hezbollah and claimed past participation in its military training. Both leaders have also voiced public support for the October 7, 2023, Hamas-led attacks on southern Israel, which resulted in the deaths of over 1,200 people.<\/span><\/p>\n<p class=\"\" style=\"text-align: left;\" data-is=\"component-paragraph\"><span style=\"color: #000080;\">Israeli officials have condemned HRF\u2019s actions, calling them politically motivated and legally baseless. \u201cThese so-called legal pursuits are nothing more than attempts to delegitimize Israel\u2019s right to defend itself,\u201d said a spokesperson for Israel\u2019s Ministry of Foreign Affairs.<\/span><\/p>\n<p class=\"\" style=\"text-align: left;\" data-is=\"component-paragraph\"><span style=\"color: #000080;\">Belgian authorities have yet to comment publicly on the HRF\u2019s legal filings. However, if accepted, the cases could set a precedent for European enforcement of universal jurisdiction laws against foreign military personnel.<\/span><\/p>\n<hr style=\"height: 15px; background: #d0e6fa; width: 100%;\" \/>\n<div id=\"content\" class=\"content-alignment\">\n<div id=\"watch-description\" class=\"yt-uix-button-panel\">\n<div id=\"watch-description-text\" style=\"text-align: center;\">\n<p><em>Zawarto\u015b\u0107 publikowanych artyku\u0142\u00f3w i materia\u0142\u00f3w nie reprezentuje pogl\u0105d\u00f3w ani opinii Reunion&#8217;68,<\/em><em><br \/>\nani te\u017c webmastera Blogu Reunion&#8217;68, chyba ze jest to wyra\u017anie zaznaczone.<br \/>\nTwoje uwagi, linki, w\u0142asne artyku\u0142y lub wiadomo\u015bci prze\u015blij na adres:<br \/>\n<\/em><span style=\"color: #000080;\"><strong><em><a style=\"color: #000080;\" href=\"mailto:webmaster@reunion68.com\"><span style=\"text-decoration: underline;\">webmaster@reunion68.com<\/span><\/a><\/em><\/strong><\/span><\/p>\n<\/div>\n<\/div>\n<\/div>\n<hr style=\"width: 100%;\" \/>\n","protected":false},"excerpt":{"rendered":"<p>Anti-Israeli NGO Seeks Arrest of IDF Soldiers at Tomorrowland i24 News and Algemeiner Staff Israeli Chief of the General Staff Herzi Halevi speaks at a ceremony for the 70th cohort of military combat officers, at an army base near Mitzpe Ramon, Israel, Oct. 31, 2024. Photo: REUTERS\/Amir Cohen The Hind Rajab Foundation (HRF), a Palestinian [&hellip;]<\/p>\n","protected":false},"author":1,"featured_media":0,"comment_status":"closed","ping_status":"closed","sticky":false,"template":"","format":"standard","meta":[],"categories":[6],"tags":[26,24],"_links":{"self":[{"href":"https:\/\/www.reunion68.se\/index.php?rest_route=\/wp\/v2\/posts\/122684"}],"collection":[{"href":"https:\/\/www.reunion68.se\/index.php?rest_route=\/wp\/v2\/posts"}],"about":[{"href":"https:\/\/www.reunion68.se\/index.php?rest_route=\/wp\/v2\/types\/post"}],"author":[{"embeddable":true,"href":"https:\/\/www.reunion68.se\/index.php?rest_route=\/wp\/v2\/users\/1"}],"replies":[{"embeddable":true,"href":"https:\/\/www.reunion68.se\/index.php?rest_route=%2Fwp%2Fv2%2Fcomments&post=122684"}],"version-history":[{"count":5,"href":"https:\/\/www.reunion68.se\/index.php?rest_route=\/wp\/v2\/posts\/122684\/revisions"}],"predecessor-version":[{"id":122788,"href":"https:\/\/www.reunion68.se\/index.php?rest_route=\/wp\/v2\/posts\/122684\/revisions\/122788"}],"wp:attachment":[{"href":"https:\/\/www.reunion68.se\/index.php?rest_route=%2Fwp%2Fv2%2Fmedia&parent=122684"}],"wp:term":[{"taxonomy":"category","embeddable":true,"href":"https:\/\/www.reunion68.se\/index.php?rest_route=%2Fwp%2Fv2%2Fcategories&post=122684"},{"taxonomy":"post_tag","embeddable":true,"href":"https:\/\/www.reunion68.se\/index.php?rest_route=%2Fwp%2Fv2%2Ftags&post=122684"}],"curies":[{"name":"wp","href":"https:\/\/api.w.org\/{rel}","templated":true}]}}