{"id":122711,"date":"2025-07-22T17:00:50","date_gmt":"2025-07-22T15:00:50","guid":{"rendered":"http:\/\/www.reunion68.se\/?p=122711"},"modified":"2025-07-22T06:14:22","modified_gmt":"2025-07-22T04:14:22","slug":"23-00-109","status":"publish","type":"post","link":"https:\/\/www.reunion68.se\/?p=122711","title":{"rendered":"Reservist org. to provide legal aid to two IDF soldiers arrested at Belgium music festival"},"content":{"rendered":"<h5 style=\"text-align: center;\"><a href=\"https:\/\/www.jpost.com\/\" target=\"_blank\" rel=\"noopener noreferrer\"><img decoding=\"async\" class=\"center alignleft\" src=\"http:\/\/www.reunion68.com\/Biuletyn\/img\/jpost.png\" alt=\"\" width=\"35%\" \/><\/a><span style=\"text-decoration: underline; color: #000080;\"><strong><a style=\"color: #000080; text-decoration: underline;\" href=\"https:\/\/www.jpost.com\/israel-news\/article-861787\" target=\"_blank\" rel=\"noopener noreferrer\">Reservist org. to provide legal aid to two IDF soldiers arrested at Belgium music festival<\/a><\/strong><\/span><\/h5>\n<p style=\"text-align: center;\"><span style=\"color: #000000;\"><strong>JERUSALEM POST STAFF<\/strong><\/span><\/p>\n<hr style=\"height: 15px; background: #d0e6fa; width: 100%;\" \/>\n<p style=\"text-align: center;\"><img decoding=\"async\" class=\"aligncenter\" src=\"https:\/\/images.jpost.com\/image\/upload\/f_auto,fl_lossy\/q_auto\/c_fill,g_faces:center,h_720,w_1280\/673690\" width=\"100%\" \/><span style=\"color: #808080;\"><em>Reserve soldiers of the IDF&#8217;s Hasmonean Brigade operate in the Gaza Strip on June 26, 2025. \/\u00a0 (photo credit: Chaim Goldberg\/Flash90)<\/em><\/span><\/p>\n<section class=\"article-paragraph-wrap\">\n<section class=\"article-body-paragraph article-body-paragraph \">\n<p style=\"text-align: left;\"><span style=\"color: #000080;\">The Israeli Reservists Generation of Victory organization said that it will provide the two IDF Givati Brigade soldiers, who were\u00a0<a style=\"color: #000080;\" href=\"https:\/\/www.jpost.com\/diaspora\/antisemitism\/article-861739\">arrested in Belgium<\/a>\u00a0at the request of the pro-Palestinian organization Hind Rajab Foundation, with international legal aid in a Monday statement. \u00a0<\/span><\/p>\n<\/section>\n<\/section>\n<section class=\"article-paragraph-wrap\">\n<section class=\"article-body-paragraph article-body-paragraph \"><span style=\"color: #000080;\">Two IDF soldiers were arrested and interrogated by Belgian authorities following a complaint filed by the\u00a0<a style=\"color: #000080;\" href=\"https:\/\/www.jpost.com\/international\/article-848054\">Hind Rajab Foundation<\/a>, an anti-Israel legal organization focused on pursuing legal action against IDF soldiers. They were later released after the investigation.<\/span><\/section>\n<\/section>\n<section class=\"article-paragraph-wrap\">\n<section class=\"article-body-paragraph article-body-paragraph \">\n<p style=\"text-align: left;\"><span style=\"color: #000080;\">The soldiers, who attended the Tomorrowland music festival, were alleged to have participated in war crimes, according to HRF. The legal complaint was filed by HRF and the Global Legal Action Network (GLAN).<\/span><\/p>\n<p style=\"text-align: left;\"><span style=\"color: #000080;\">\u201cThis is a serious incident that requires an immediate response from the State of Israel, including considering diplomatic measures against the Belgian ambassador,\u201d the organization&#8217;s statement reads.\u00a0<\/span><\/p>\n<\/section>\n<\/section>\n<p style=\"text-align: center;\"><img decoding=\"async\" class=\"aligncenter\" src=\"https:\/\/images.jpost.com\/image\/upload\/f_auto,fl_lossy\/c_fill,g_faces:center,h_537,w_822\/673446\" width=\"100%\" \/><span style=\"color: #808080;\"><em>Israelis and Iranians meet at Tomorrowland Festival in Belgium, holding both Israeli and Iranian flags. (credit: Courtesy Lishi Amor)<\/em><\/span><\/p>\n<section class=\"article-paragraph-wrap\">\n<section class=\"article-body-paragraph article-body-paragraph \">\n<h4><strong>A result of toxic discourse, disgraceful statements\u00a0<\/strong><\/h4>\n<p><span style=\"color: #000080;\">The organization called for all those responsible for the situation to be held accountable, adding that it was a direct result of the \u201ctoxic media discourse and disgraceful statements by [Democrats party chair] Yair Golan, [former deputy prime minister] Moshe \u2018Bogie\u2019 Ya&#8217;alon, and former prisoner [prime minister] Ehud Olmert.\u201d<\/span><\/section>\n<\/section>\n<section class=\"article-paragraph-wrap\">\n<section class=\"article-body-paragraph article-body-paragraph \"><span style=\"color: #000080;\">Golan drew widespread outrage when he told Kan\u2019s Reshet Bet\u2019s\u00a0<em>This Morning<\/em>\u00a0program in mid-May that \u201cA sane country does not wage war against civilians,\u00a0<a style=\"color: #000080;\" href=\"https:\/\/www.jpost.com\/israel-news\/article-854678\">does not kill babies for a hobby<\/a>, and does not set goals involving the expulsion of populations.\u201d<\/span><\/p>\n<\/section>\n<\/section>\n<section class=\"article-paragraph-wrap\">\n<section class=\"article-body-paragraph article-body-paragraph \"><span style=\"color: #000080;\">\u201cIsrael is on the path to becoming a pariah state among the nations \u2013 like the South Africa of old \u2013 if it does not return to behaving like a sane country,\u201d Golan said.<\/span><\/p>\n<\/section>\n<\/section>\n<section class=\"article-paragraph-wrap\">\n<section class=\"article-body-paragraph article-body-paragraph \">\n<p style=\"text-align: left;\"><span style=\"color: #000080;\">Ya\u2019alon stirred controversy in an interview with Lucy Aharish on\u00a0<em>DemocratTV<\/em>\u00a0in late November when he said, \u201cWe are being dragged into annexation and ethnic cleansing in the Gaza Strip.\u201d<\/span><\/p>\n<section class=\"article-paragraph-wrap\">\n<section class=\"article-body-paragraph article-body-paragraph \"><span style=\"color: #000080;\">Olmert called Defense Minister Israel Katz&#8217;s\u00a0<a style=\"color: #000080;\" href=\"https:\/\/www.jpost.com\/israel-news\/article-860946\">&#8220;humanitarian city&#8221; plan in Gaza a &#8220;concentration camp&#8221;<\/a>\u00a0in an interview with\u00a0<em>The Guardian<\/em>\u00a0last Sunday. Olmert said that Israel was already committing war crimes in Gaza and the West Bank.<\/span><\/p>\n<\/section>\n<\/section>\n<section class=\"article-paragraph-wrap\">\n<section>\n<section class=\"fake-br-for-article-body\"><\/section>\n<\/section>\n<section class=\"article-body-paragraph article-body-paragraph \">\n<p style=\"text-align: left;\"><span style=\"color: #000080;\">The reservist organization, founded at the start of the Israel-Hamas War, says its mission is to \u201cshape public opinion and demand a national commitment to total victory over our enemies,\u201d according to its website. \u201cThis is a war for survival, and we demand a decisive and complete victory. We refuse to endure another heinous massacre or live in a state of constant threat where citizens must hide in shelters and fear for their lives.\u201d<\/span><\/p>\n<\/section>\n<\/section>\n<\/section>\n<\/section>\n<hr style=\"height: 15px; background: #d0e6fa; width: 100%;\" \/>\n<div id=\"content\" class=\"content-alignment\">\n<div id=\"watch-description\" class=\"yt-uix-button-panel\">\n<div id=\"watch-description-text\" style=\"text-align: center;\">\n<p><em>Zawarto\u015b\u0107 publikowanych artyku\u0142\u00f3w i materia\u0142\u00f3w nie reprezentuje pogl\u0105d\u00f3w ani opinii Reunion&#8217;68,<\/em><em><br \/>\nani te\u017c webmastera Blogu Reunion&#8217;68, chyba ze jest to wyra\u017anie zaznaczone.<br \/>\nTwoje uwagi, linki, w\u0142asne artyku\u0142y lub wiadomo\u015bci prze\u015blij na adres:<br \/>\n<\/em><span style=\"color: #000080;\"><strong><em><a style=\"color: #000080;\" href=\"mailto:webmaster@reunion68.com\"><span style=\"text-decoration: underline;\">webmaster@reunion68.com<\/span><\/a><\/em><\/strong><\/span><\/p>\n<\/div>\n<\/div>\n<\/div>\n<hr style=\"width: 100%;\" \/>\n","protected":false},"excerpt":{"rendered":"<p>Reservist org. to provide legal aid to two IDF soldiers arrested at Belgium music festival JERUSALEM POST STAFF Reserve soldiers of the IDF&#8217;s Hasmonean Brigade operate in the Gaza Strip on June 26, 2025. \/\u00a0 (photo credit: Chaim Goldberg\/Flash90) The Israeli Reservists Generation of Victory organization said that it will provide the two IDF Givati [&hellip;]<\/p>\n","protected":false},"author":1,"featured_media":0,"comment_status":"closed","ping_status":"closed","sticky":false,"template":"","format":"standard","meta":[],"categories":[6],"tags":[26,24],"_links":{"self":[{"href":"https:\/\/www.reunion68.se\/index.php?rest_route=\/wp\/v2\/posts\/122711"}],"collection":[{"href":"https:\/\/www.reunion68.se\/index.php?rest_route=\/wp\/v2\/posts"}],"about":[{"href":"https:\/\/www.reunion68.se\/index.php?rest_route=\/wp\/v2\/types\/post"}],"author":[{"embeddable":true,"href":"https:\/\/www.reunion68.se\/index.php?rest_route=\/wp\/v2\/users\/1"}],"replies":[{"embeddable":true,"href":"https:\/\/www.reunion68.se\/index.php?rest_route=%2Fwp%2Fv2%2Fcomments&post=122711"}],"version-history":[{"count":7,"href":"https:\/\/www.reunion68.se\/index.php?rest_route=\/wp\/v2\/posts\/122711\/revisions"}],"predecessor-version":[{"id":122832,"href":"https:\/\/www.reunion68.se\/index.php?rest_route=\/wp\/v2\/posts\/122711\/revisions\/122832"}],"wp:attachment":[{"href":"https:\/\/www.reunion68.se\/index.php?rest_route=%2Fwp%2Fv2%2Fmedia&parent=122711"}],"wp:term":[{"taxonomy":"category","embeddable":true,"href":"https:\/\/www.reunion68.se\/index.php?rest_route=%2Fwp%2Fv2%2Fcategories&post=122711"},{"taxonomy":"post_tag","embeddable":true,"href":"https:\/\/www.reunion68.se\/index.php?rest_route=%2Fwp%2Fv2%2Ftags&post=122711"}],"curies":[{"name":"wp","href":"https:\/\/api.w.org\/{rel}","templated":true}]}}