{"id":12273,"date":"2015-01-10T19:06:07","date_gmt":"2015-01-10T17:06:07","guid":{"rendered":"http:\/\/www.reunion68.se\/?p=12273"},"modified":"2015-01-10T15:47:13","modified_gmt":"2015-01-10T13:47:13","slug":"12273","status":"publish","type":"post","link":"https:\/\/www.reunion68.se\/?p=12273","title":{"rendered":"TSKZ &#8211; S\u0141OWO \u017bYDOWSKIE \/ DOS JDYSZE WORT XII 2014"},"content":{"rendered":"<h5 style=\"text-align: center;\"><a href=\"http:\/\/www.tskz.pl\/\" target=\"_blank\"><img decoding=\"async\" class=\"center alignleft\" src=\"http:\/\/www.reunion68.com\/Biuletyn\/img\/tskz.png\" alt=\"\" width=\"200\" \/><\/a><span style=\"text-decoration: underline; color: #000080;\"><span style=\"text-decoration: underline;\"><strong><a style=\"color: #000080; text-decoration: underline;\" href=\"http:\/\/www.tskz.pl\/index.php\/aktualnoci\/147-sowo-ydowskie-dos-jdysze-wort-xii-2014\" target=\"_blank\">S\u0141OWO \u017bYDOWSKIE \/ DOS JDYSZE WORT XII 2014 <\/a><\/strong><\/span><\/span><\/h5>\n<hr style=\"height: 15px; background: #d0e6fa; width: 710px;\" \/>\n<table style=\"width: 700px; align: center;\">\n<tbody>\n<tr>\n<td><img decoding=\"async\" class=\" aligncenter\" src=\"http:\/\/www.tskz.pl\/images\/stories\/12 a okladka 2014.jpg\" alt=\"\" width=\"330\" border=\"0\" \/><\/td>\n<td><img decoding=\"async\" class=\" aligncenter\" src=\"http:\/\/www.tskz.pl\/images\/stories\/12 b okladka 2014.jpg\" alt=\"\" width=\"330\" border=\"0\" \/><\/td>\n<\/tr>\n<\/tbody>\n<\/table>\n<p style=\"text-align: center;\"><span style=\"color: #333333;\"><strong>Zrealizowano dzi\u0119ki dotacji Ministra Administracji i Cyfryzacji<\/strong><\/span><\/p>\n<p><img decoding=\"async\" class=\"center aligncenter\" src=\"http:\/\/www.reunion68.com\/Biuletyn\/img\/break.png\" alt=\"\" \/><br \/>\n<img decoding=\"async\" class=\" alignright\" src=\"http:\/\/www.tskz.pl\/images\/stories\/waszyngton%20klaudia%20klimek%20xii%202014.jpg\" alt=\"\" width=\"350\" \/><\/p>\n<p style=\"text-align: left;\"><span style=\"color: #000080;\">W dniach od 9 do 11 listopada 2014 roku odby\u0142 si\u0119 zjazd cz\u0142onk\u00f3w Israeli Jewish Congress w Waszyngtonie, podczas Generalnego Zjazdu 3000 cz\u0142onk\u00f3w Jewish Federations of North America. Cz\u0142onkowie Israeli Jewish Congress to g\u0142\u00f3wnie przewodnicz\u0105cy gmin \u017cydowskich w krajach Europy Wschodniej jak i Zachodniej oraz r\u00f3wnie\u017c liderzy \u015brodowisk \u017cydowskich zaanga\u017cowani w dzia\u0142alno\u015b\u0107 na rzecz Izraela, wzmacniania to\u017csamo\u015bci \u017cydowskiej i walki z antysemityzmem. Warto podkre\u015bli\u0107 fakt, \u017ce Towarzystwo Spo\u0142eczno-Kulturalne \u017byd\u00f3w w Polsce od niedawna jest cz\u0142onkiem Israeli Jewish Congress, z inicjatywy Artura Hofmana przewodnicz\u0105cego TSK\u017b.<\/span><\/p>\n<p style=\"text-align: left;\"><span style=\"color: #000080;\">Zjazd cz\u0142onk\u00f3w Jewish Federations of North America i Israeli Jewish Congress w Waszyngtonie<\/span><\/p>\n<p style=\"text-align: left;\"><span style=\"color: #000080;\">Listopadowy zjazd zawiera\u0142 w programie spotkanie z Ir\u0105 Formanem, kt\u00f3ry zajmuje si\u0119 problemami antysemityzmu w Departamencie Stanu jak r\u00f3wnie\u017c prywatn\u0105 dyskusj\u0119 z Shimonem Ohayonem, cz\u0142onkiem Knesetu, jak r\u00f3wnie\u017c przeprowadzenie dyskusji i warsztat\u00f3w w ma\u0142ych grupach razem z przedstawicielami Jewish Federations of North America. Opr\u00f3cz prywatnych spotka\u0144, uczestniczyli\u015bmy w programie Generalnego Zjazdu m.in. w przemowie wiceprezydenta USA i przemowie premiera Izraela. Nasza obecno\u015b\u0107 na Generalnym Zje\u017adzie by\u0142a wyr\u00f3\u017cniona dzi\u0119ki kilku oficjalnym przemowom za\u0142o\u017cyciela Israeli Jewsh Congress, jak r\u00f3wnie\u017c panelowi dyskusyjnemu o potrzebach i problemach wsp\u00f3\u0142czesnych \u017byd\u00f3w europejskich. Spotkanie listopadowe zosta\u0142o zdominowane przez ostatnie antysemickie wydarzenia w Europie. G\u0142\u00f3wnie skupiali\u015bmy si\u0119 na problemach zabezpiecze\u0144 o\u015brodk\u00f3w \u017cydowskich, procedurach kryzysowych i prawodawstwie pa\u0144stw europejskich, kt\u00f3re nie posiadaj\u0105 w swoim prawie jasnej definicji antysemityzmu, co rodzi problemy podczas reagowania i wyci\u0105gania konsekwencji przez odpowiednie s\u0142u\u017cby.<\/span><\/p>\n<p style=\"text-align: left;\"><span style=\"color: #000080;\">na zdj\u0119ciu: Klaudia Klimek-przewodnicz\u0105ca krakowskiego oddzia\u0142u TSK\u017b podczas wyst\u0105pienia na zje\u017adzie Izraeli Jewish Congress<\/span><\/p>\n<p style=\"text-align: right;\"><span style=\"color: #000080;\">Czytaj dalej tu: <span style=\"text-decoration: underline;\"><strong><a style=\"color: #000080; text-decoration: underline;\" href=\"http:\/\/www.tskz.pl\/index.php\/aktualnoci\/147-sowo-ydowskie-dos-jdysze-wort-xii-2014\" target=\"_blank\">S\u0141OWO \u017bYDOWSKIE \/ DOS JDYSZE WORT XII 2014 <\/a><\/strong><\/span><\/span><\/p>\n<hr style=\"height: 15px; background: #d0e6fa; width: 710px;\" \/>\n<div id=\"content\" class=\"  content-alignment&lt;br \/&gt;&lt;br \/&gt; \">\n<div id=\"watch-description\" class=\"yt-uix-button-panel\">\n<div id=\"watch-description-text\">\n<p style=\"text-align: center;\"><span style=\"color: #808080;\"> twoje uwagi, linki, wlasne artykuly, lub wiadomosci przeslij do: <strong><span style=\"text-decoration: underline;\"><span style=\"color: #808080; text-decoration: underline;\"><a href=\"mailto:webmaster@reunion68.com\">webmaster@reunion68.com<\/a><\/span><\/span><\/strong><\/span><\/p>\n<\/div>\n<\/div>\n<\/div>\n<p>&nbsp;<\/p>\n<hr style=\"width: 710px;\" \/>\n","protected":false},"excerpt":{"rendered":"<p>S\u0141OWO \u017bYDOWSKIE \/ DOS JDYSZE WORT XII 2014 Zrealizowano dzi\u0119ki dotacji Ministra Administracji i Cyfryzacji W dniach od 9 do 11 listopada 2014 roku odby\u0142 si\u0119 zjazd cz\u0142onk\u00f3w Israeli Jewish Congress w Waszyngtonie, podczas Generalnego Zjazdu 3000 cz\u0142onk\u00f3w Jewish Federations of North America. Cz\u0142onkowie Israeli Jewish Congress to g\u0142\u00f3wnie przewodnicz\u0105cy gmin \u017cydowskich w krajach Europy [&hellip;]<\/p>\n","protected":false},"author":1,"featured_media":0,"comment_status":"closed","ping_status":"closed","sticky":false,"template":"","format":"standard","meta":[],"categories":[4],"tags":[24],"_links":{"self":[{"href":"https:\/\/www.reunion68.se\/index.php?rest_route=\/wp\/v2\/posts\/12273"}],"collection":[{"href":"https:\/\/www.reunion68.se\/index.php?rest_route=\/wp\/v2\/posts"}],"about":[{"href":"https:\/\/www.reunion68.se\/index.php?rest_route=\/wp\/v2\/types\/post"}],"author":[{"embeddable":true,"href":"https:\/\/www.reunion68.se\/index.php?rest_route=\/wp\/v2\/users\/1"}],"replies":[{"embeddable":true,"href":"https:\/\/www.reunion68.se\/index.php?rest_route=%2Fwp%2Fv2%2Fcomments&post=12273"}],"version-history":[{"count":61,"href":"https:\/\/www.reunion68.se\/index.php?rest_route=\/wp\/v2\/posts\/12273\/revisions"}],"predecessor-version":[{"id":12335,"href":"https:\/\/www.reunion68.se\/index.php?rest_route=\/wp\/v2\/posts\/12273\/revisions\/12335"}],"wp:attachment":[{"href":"https:\/\/www.reunion68.se\/index.php?rest_route=%2Fwp%2Fv2%2Fmedia&parent=12273"}],"wp:term":[{"taxonomy":"category","embeddable":true,"href":"https:\/\/www.reunion68.se\/index.php?rest_route=%2Fwp%2Fv2%2Fcategories&post=12273"},{"taxonomy":"post_tag","embeddable":true,"href":"https:\/\/www.reunion68.se\/index.php?rest_route=%2Fwp%2Fv2%2Ftags&post=12273"}],"curies":[{"name":"wp","href":"https:\/\/api.w.org\/{rel}","templated":true}]}}