{"id":122752,"date":"2025-07-24T17:00:29","date_gmt":"2025-07-24T15:00:29","guid":{"rendered":"http:\/\/www.reunion68.se\/?p=122752"},"modified":"2025-07-24T14:36:38","modified_gmt":"2025-07-24T12:36:38","slug":"24-00-109","status":"publish","type":"post","link":"https:\/\/www.reunion68.se\/?p=122752","title":{"rendered":"Europe Sees Sharp Rise in Attacks Targeting Israelis Amid Growing Antisemitism"},"content":{"rendered":"<h5 style=\"text-align: center;\"><a href=\"https:\/\/www.algemeiner.com\/\" target=\"_blank\" rel=\"noopener noreferrer\"><img decoding=\"async\" class=\"center alignleft\" src=\"http:\/\/www.reunion68.com\/Biuletyn\/img\/algem.png\" alt=\"\" width=\"35%\" \/><\/a><span style=\"text-decoration: underline; color: #000080;\"><span><strong><a style=\"color: #000080; text-decoration: underline;\" href=\"https:\/\/www.algemeiner.com\/2025\/07\/23\/europe-sees-sharp-rise-in-attacks-targeting-israelis-amid-growing-antisemitism\/\" target=\"_blank\" rel=\"noopener noreferrer\">Europe Sees Sharp Rise in Attacks Targeting Israelis Amid Growing Antisemitism<\/a><\/strong><\/span><\/span><\/h5>\n<p style=\"text-align: center;\"><span style=\"color: #000000;\"><strong>Ailin Vilches Arguello<\/strong><\/span><\/p>\n<hr style=\"height: 15px; background: #d0e6fa; width: 100%;\" \/>\n<p style=\"text-align: center;\"><img decoding=\"async\" class=\"aligncenter\" src=\"https:\/\/www.algemeiner.com\/wp-content\/uploads\/2025\/04\/2025-03-22T152502Z_1742657096_DPAF250322X99X303369_RTRFIPP_4_DEMONSTRATIONS-PROTESTS-ISRAEL-GAZA-MIDDLEEAST-1.jpg\" width=\"100%\" \/><span style=\"color: #808080;\"><em>Anti-Israel protesters march in Germany, March 26, 2025. Photo: Sebastian Willnow\/dpa via Reuters Connect<\/em><\/span><\/p>\n<p style=\"text-align: left;\"><span style=\"color: #000080;\">Across Europe, Israelis are facing a\u00a0<a style=\"color: #000080;\" href=\"https:\/\/www.algemeiner.com\/2025\/05\/26\/anti-israel-protesters-target-european-synagogues-amid-escalating-antisemitism-crisis\/\" target=\"_blank\" rel=\"noopener noreferrer\">disturbing surge of targeted attacks and hostility<\/a>, as a wave of antisemitic incidents \u2014 from violent assaults and vandalism to protests and legal actions \u2014 spreads amid rising tensions following recent conflicts in the Middle East.<\/span><\/p>\n<p style=\"text-align: left;\"><span style=\"color: #000080;\">On Wednesday, a group of Israeli teenagers was physically assaulted by dozens of pro-Palestinian assailants \u2014 some reportedly armed with knives \u2014 on the Greek island of Rhodes.<\/span><\/p>\n<p style=\"text-align: left;\"><span style=\"color: #000080;\">This latest antisemitic incident took place after the Israeli teens left a nightclub, when a group of pro-Palestinian individuals followed them to their hotel and violently attacked them, leaving several with minor injuries.<\/span><\/p>\n<p style=\"text-align: left;\"><span style=\"color: #000080;\">According to police reports, the group of 20 Israeli tourists were seen shouting pro-Israel slogans at a bar, which provoked a response from around 10 pro-Palestinian supporters who began calling them \u201cmurderers.\u201d<\/span><\/p>\n<p style=\"text-align: left;\"><span style=\"color: #000080;\">This latest attack came less than a day after pro-Palestinian protests at the port of another Greek island, Syros, forced an Israeli cruise ship to cancel its stop,\u00a0<a style=\"color: #000080;\" href=\"https:\/\/www.algemeiner.com\/2025\/07\/22\/israeli-fm-urges-action-anti-israel-protesters-block-cruise-ship-greek-island-forcing-diversion-cyprus\/\" target=\"_blank\" rel=\"noopener noreferrer\">leaving around 1,600 Israeli passengers stranded<\/a>\u00a0and raising safety concerns.<\/span><\/p>\n<p style=\"text-align: left;\"><span style=\"color: #000080;\">Around 300 protesters gathered at the dock, waving Palestinian flags and holding banners reading \u201cStop the Genocide\u201d and \u201cNo AC [Air Conditioning] in Hell,\u201d while chanting antisemitic slogans.<\/span><\/p>\n<p style=\"text-align: left;\"><span style=\"color: #000080;\">Last week in Athens, a group of\u00a0<a style=\"color: #000080;\" href=\"https:\/\/www.algemeiner.com\/2025\/07\/14\/kosher-israeli-restaurant-vandalized-athens-amid-surge-antisemitic-attacks-europe\/\" target=\"_blank\" rel=\"noopener noreferrer\">pro-Palestinian activists vandalized an Israeli restaurant<\/a>, shouting antisemitic slurs and spray-painting graffiti with slogans such as \u201cNo Zionist is safe here.\u201d<\/span><\/p>\n<p style=\"text-align: left;\"><span style=\"color: #000080;\">The attackers also posted a sign on one of the restaurant\u2019s windows that read, \u201cAll IDF soldiers are war criminals \u2014 we don\u2019t want you here,\u201d referring to the Israel Defense Forces.<\/span><\/p>\n<p style=\"text-align: left;\"><span style=\"color: #000080;\">Since the Hamas-led invasion of and massacre across southern Israel on Oct. 7, 2023, antisemitic incidents have surged to alarming levels across Europe. This recent attack is just one of the latest in a\u00a0<a style=\"color: #000080;\" href=\"https:\/\/www.algemeiner.com\/2024\/05\/08\/pro-hamas-mob-tries-breach-hotel-greece-police-protect-israeli-tourists-forced-hide-reports\/\" target=\"_blank\" rel=\"noopener noreferrer\">wave of anti-Jewish hate crimes<\/a>\u00a0that Greece and other countries have witnessed in recent months.<\/span><\/p>\n<p style=\"text-align: left;\"><span style=\"color: #000080;\">In Switzerland, a series of antisemitic attacks in Davos, a town located in the eastern Swiss Alps, has caused significant concern and outrage within the local Jewish community.<\/span><\/p>\n<p style=\"text-align: left;\"><span style=\"color: #000080;\">Jonathan Kreutner, secretary general of the Swiss Federation of Jewish Communities (SIG), informed the newspaper\u00a0<em>J\u00fcdische Allgemeine<\/em>\u00a0of three incidents believed to have been carried out by the same individual.<\/span><\/p>\n<p style=\"text-align: left;\"><span style=\"color: #000080;\">Local law enforcement is now investigating an unidentified assailant who verbally harassed a Jewish couple at a local store in Davos, spat on them, and physically attacked them in an attempt to force them out.<\/span><\/p>\n<p style=\"text-align: left;\"><span style=\"color: #000080;\">This same individual is alleged to have later spat on another elderly Jewish couple and insulted a Jewish person on a bus while making threatening hand gestures.<\/span><\/p>\n<p style=\"text-align: left;\"><span style=\"color: #000080;\">In Germany, four masked individuals vandalized a Jewish restaurant in Freiburg, southwest of the country, on Monday by throwing eggs at its windows and inside the premises.<\/span><\/p>\n<p style=\"text-align: left;\"><span style=\"color: #000080;\">In Berlin, the planned launch event for a new restaurant by Israeli chef Eyal Shani and entrepreneur Shahar Segal was canceled over the weekend amid an anti-Israel protest.<\/span><\/p>\n<p style=\"text-align: left;\"><span style=\"color: #000080;\">The restaurant Gila and Nancy, originally set to open this week, will now launch in about three weeks following a surge of online campaigns and boycott calls targeting Israeli-owned businesses.<\/span><\/p>\n<p style=\"text-align: left;\"><span style=\"color: #000080;\">In Belgium,\u00a0<a style=\"color: #000080;\" href=\"https:\/\/www.algemeiner.com\/2025\/07\/20\/anti-israeli-ngo-seeks-arrest-of-idf-soldiers-at-tomorrowland\/\" target=\"_blank\" rel=\"noopener noreferrer\">two IDF soldiers were arrested and interrogated<\/a>\u00a0by local authorities following a complaint filed by the Hind Rajab Foundation (HRF), an anti-Israel legal organization dedicated to pursuing legal action against IDF personnel.<\/span><\/p>\n<p style=\"text-align: left;\"><span style=\"color: #000080;\">According to HRF, the soldiers attending the Tomorrowland music festival were accused of involvement in war crimes.<\/span><\/p>\n<p style=\"text-align: left;\"><span style=\"color: #000080;\">The organization said they were seen waving the flags of the IDF\u2019s Givati Brigade, which has been \u201cinvolved in the systematic destruction of civilian infrastructure in Gaza and in carrying out mass atrocities against the Palestinian population.\u201d<\/span><\/p>\n<p style=\"text-align: left;\"><span style=\"color: #000080;\">In France, airport authorities acknowledged a breach of protocol earlier this month after a staff member was filmed chanting \u201cfree Palestine\u201d while inspecting passports, reportedly of passengers from Israel.<\/span><\/p>\n<hr style=\"height: 15px; background: #d0e6fa; width: 100%;\" \/>\n<div id=\"content\" class=\"content-alignment\">\n<div id=\"watch-description\" class=\"yt-uix-button-panel\">\n<div id=\"watch-description-text\" style=\"text-align: center;\">\n<p><em>Zawarto\u015b\u0107 publikowanych artyku\u0142\u00f3w i materia\u0142\u00f3w nie reprezentuje pogl\u0105d\u00f3w ani opinii Reunion&#8217;68,<\/em><em><br \/>\nani te\u017c webmastera Blogu Reunion&#8217;68, chyba ze jest to wyra\u017anie zaznaczone.<br \/>\nTwoje uwagi, linki, w\u0142asne artyku\u0142y lub wiadomo\u015bci prze\u015blij na adres:<br \/>\n<\/em><span style=\"color: #000080;\"><strong><em><a style=\"color: #000080;\" href=\"mailto:webmaster@reunion68.com\"><span style=\"text-decoration: underline;\">webmaster@reunion68.com<\/span><\/a><\/em><\/strong><\/span><\/p>\n<\/div>\n<\/div>\n<\/div>\n<hr style=\"width: 100%;\" \/>\n","protected":false},"excerpt":{"rendered":"<p>Europe Sees Sharp Rise in Attacks Targeting Israelis Amid Growing Antisemitism Ailin Vilches Arguello Anti-Israel protesters march in Germany, March 26, 2025. Photo: Sebastian Willnow\/dpa via Reuters Connect Across Europe, Israelis are facing a\u00a0disturbing surge of targeted attacks and hostility, as a wave of antisemitic incidents \u2014 from violent assaults and vandalism to protests and [&hellip;]<\/p>\n","protected":false},"author":1,"featured_media":0,"comment_status":"closed","ping_status":"closed","sticky":false,"template":"","format":"standard","meta":[],"categories":[6],"tags":[26,24],"_links":{"self":[{"href":"https:\/\/www.reunion68.se\/index.php?rest_route=\/wp\/v2\/posts\/122752"}],"collection":[{"href":"https:\/\/www.reunion68.se\/index.php?rest_route=\/wp\/v2\/posts"}],"about":[{"href":"https:\/\/www.reunion68.se\/index.php?rest_route=\/wp\/v2\/types\/post"}],"author":[{"embeddable":true,"href":"https:\/\/www.reunion68.se\/index.php?rest_route=\/wp\/v2\/users\/1"}],"replies":[{"embeddable":true,"href":"https:\/\/www.reunion68.se\/index.php?rest_route=%2Fwp%2Fv2%2Fcomments&post=122752"}],"version-history":[{"count":5,"href":"https:\/\/www.reunion68.se\/index.php?rest_route=\/wp\/v2\/posts\/122752\/revisions"}],"predecessor-version":[{"id":122859,"href":"https:\/\/www.reunion68.se\/index.php?rest_route=\/wp\/v2\/posts\/122752\/revisions\/122859"}],"wp:attachment":[{"href":"https:\/\/www.reunion68.se\/index.php?rest_route=%2Fwp%2Fv2%2Fmedia&parent=122752"}],"wp:term":[{"taxonomy":"category","embeddable":true,"href":"https:\/\/www.reunion68.se\/index.php?rest_route=%2Fwp%2Fv2%2Fcategories&post=122752"},{"taxonomy":"post_tag","embeddable":true,"href":"https:\/\/www.reunion68.se\/index.php?rest_route=%2Fwp%2Fv2%2Ftags&post=122752"}],"curies":[{"name":"wp","href":"https:\/\/api.w.org\/{rel}","templated":true}]}}