{"id":122769,"date":"2025-07-23T17:09:02","date_gmt":"2025-07-23T15:09:02","guid":{"rendered":"http:\/\/www.reunion68.se\/?p=122769"},"modified":"2025-07-22T05:46:38","modified_gmt":"2025-07-22T03:46:38","slug":"25-09-104","status":"publish","type":"post","link":"https:\/\/www.reunion68.se\/?p=122769","title":{"rendered":"W\u0119dr\u00f3wki po ulicach Paw\u0142a W\u0142odkowica"},"content":{"rendered":"<p style=\"text-align: center;\"><img decoding=\"async\" class=\"aligncenter\" src=\"http:\/\/www.listyznaszegosadu.pl\/upload\/article\/bild\/1187\/1083283\/DSC_0026_s.jpg\" width=\"100%\" \/><span style=\"color: #808080;\"><em>Ulica W\u0142odkowica w Dobrzyniu. Ostatni raz by\u0142em w tej okolicy wiosn\u0105 1990 roku. Tu chyba wsz\u0119dzie by\u0142y pola, teraz to dzielnica najzamo\u017cniejszych, bogactwo sika. Ulica jest male\u0144kim zau\u0142kiem, trzy domy po jednej stronie, trzy po drugiej, si\u00f3dmy w g\u0142\u0119bi, zamykaj\u0105cy zau\u0142ek. Powiedzie\u0107, \u017ce nie ma tu \u017cywej duszy to wierutne k\u0142amstwo, obszczekuj\u0105 mnie psy, bardzo rasowe.<\/em><\/span><\/p>\n<hr \/>\n<h5 style=\"text-align: center;\"><a href=\"http:\/\/www.listyznaszegosadu.pl\/\" target=\"_blank\" rel=\"noopener noreferrer\"><img decoding=\"async\" class=\"center alignleft\" src=\"http:\/\/www.reunion68.com\/Biuletyn\/img\/z-naszego.jpg\" alt=\"\" width=\"50%\" \/><\/a><span style=\"text-decoration: underline; color: #000080;\"><strong><a style=\"color: #000080; text-decoration: underline;\" href=\"http:\/\/www.listyznaszegosadu.pl\/o-nas\/wedralwki-po-ulicach-pawla-wlodkowica\" target=\"_blank\" rel=\"noopener noreferrer\"><br \/>\nW\u0119dr\u00f3wki po ulicach Paw\u0142a W\u0142odkowica<\/a><\/strong><\/span><\/h5>\n<p style=\"text-align: center;\"><span style=\"color: #000000;\"><strong>Andrzej Koraszewski<\/strong><\/span><\/p>\n<hr style=\"height: 15px; background: #d0e6fa; width: 100%;\" \/>\n<div class=\"templateArticleIngress\">\n<p style=\"text-align: left;\"><span style=\"color: #000080;\">B\u2019nai B\u2019rith International organizuje uroczysto\u015b\u0107 wr\u0119czenia nagr\u00f3d polskim obywatelom, kt\u00f3rzy wykazali si\u0119 zaanga\u017cowaniem w zachowanie dziedzictwa \u017cydowskiego w Polsce oraz w rozwijanie relacji polsko-\u017cydowskich. Wyr\u00f3\u017cnienie, przyznawane ju\u017c po raz trzeci z rz\u0119du, nosi nazw\u0119\u00a0<em>Wdzi\u0119czno\u015b\u0107\u2013Gratitude\u2013\u05d4\u05db\u05e8\u05ea \u05d4\u05d8\u05d5\u05d1<\/em>\u00a0\u2013 w j\u0119zyku polskim, angielskim i hebrajskim \u2013 i honoruje wybitny wk\u0142ad os\u00f3b i instytucji w te dzia\u0142ania.<\/span><\/p>\n<p style=\"text-align: left;\"><span style=\"color: #000080;\">Pocz\u0105wszy od bie\u017c\u0105cego roku, nagroda b\u0119dzie wr\u0119czana ku czci Mariana Turskiego (1926\u20132025), polsko-\u017cydowskiego dziennikarza, historyka, ocala\u0142ego z Holokaustu oraz cz\u0142onka lo\u017cy B\u2019nai B\u2019rith Polska. Organizacja B\u2019nai B\u2019rith dzia\u0142a (z przerw\u0105) w Polsce od 1923 roku.<\/span><\/p>\n<p style=\"text-align: left;\"><span style=\"color: #000080;\">Nagrody otrzymali:<\/span><br \/>\n<span style=\"color: #000080;\">Robert Kobylarczyk, Andrzej Koraszewski oraz Ireneusz Socha.<\/span><br \/>\n<span style=\"color: #000080;\">W moim imieniu nagrod\u0119 odebra\u0142 Jerzy Luty.<\/span><\/p>\n<\/div>\n<div class=\"templateArticleBrodtext\">\n<p style=\"text-align: left;\"><span style=\"color: #000080;\">Dosta\u0142em w\u0142a\u015bnie list od Jurka \u2013 przeprasza, \u017ce nie wys\u0142a\u0142 statuetki, ale postanowili z \u017con\u0105, \u017ce wr\u0119cz\u0105 j\u0105 osobi\u015bcie. Ucieszy\u0142em si\u0119 ogromnie, bo z Jurkiem znamy si\u0119 wirtualnie, ale serdecznie. Jego \u017cona na zdj\u0119ciach wygl\u0105da jak grecki idea\u0142 po\u0142\u0105czenia: pi\u0119kna, dobra i m\u0105dro\u015bci, wi\u0119c ceremonia wr\u0119czenia statuetki zapowiada si\u0119 fantastycznie.<\/span><\/p>\n<p style=\"text-align: left;\"><span style=\"color: #000080;\">Aczkolwiek Jurek to dr hab. i prof., jest nadal pi\u0119knym m\u0142odzie\u0144cem i obawiam si\u0119, \u017ce niekt\u00f3re studentki mog\u0105 mie\u0107 trudno\u015bci ze skupieniem si\u0119 na s\u0142owach, napawaj\u0105c oczy jego pi\u0119knem. Jurek zajmuje si\u0119 psychologi\u0105 w\u0142a\u015bciw\u0105 (w odr\u00f3\u017cnieniu od psychologii niew\u0142a\u015bciwej, kt\u00f3ra jest nowicjatem kszta\u0142c\u0105cym kandydat\u00f3w do zakon\u00f3w dusznych, m\u0119skich i \u017ce\u0144skich \u2013 w\u0142a\u015bciwie kolejno\u015b\u0107 powinna by\u0107 odwrotna, bo \u017ce\u0144skie amatorki pochylania si\u0119 nad psyche garn\u0105 si\u0119 t\u0142umniej ni\u017c te m\u0119skie).<\/span><\/p>\n<p style=\"text-align: left;\"><span style=\"color: #000080;\">Psychologia w\u0142a\u015bciwa to psychologia ewolucyjna, za\u015b Jurek skoncentrowa\u0142 si\u0119 na fascynuj\u0105cym problemie, jak te\u017c ewolucja kszta\u0142towa\u0142a nasz\u0105 percepcj\u0119 pi\u0119kna. Ujmuj\u0105c to najkr\u00f3cej \u2013 Jurka frapuje pi\u0119kno w oczach nagiej ma\u0142py. Kryteria rozumowania ewolucji s\u0105 proste, by nie powiedzie\u0107 prymitywne \u2013 organizm \u017cywy to kr\u00f3tkotrwa\u0142y wehiku\u0142 przekazu gen\u00f3w. Musi zatem intensywnie d\u0105\u017cy\u0107 do przekazu swoich gen\u00f3w dalej w\u00a0 procesie produkcji wehiku\u0142\u00f3w zst\u0119pnych. Musi by\u0107 zatem wyposa\u017cony w geny popychaj\u0105ce do zachwytu \u015brodowiskiem sprzyjaj\u0105cym przetrwaniu oraz partnerami do produkcji kr\u00f3tkotrawa\u0142ych wehiku\u0142\u00f3w dalszego przekazu gen\u00f3w. Geny d\u0105\u017c\u0105 do \u017cycia wiecznego. Narz\u0119dzie inicjuj\u0105ce \u00a0d\u0105\u017cenie do przekazu to machina zwana po\u017c\u0105daniem.<\/span><\/p>\n<p style=\"text-align: left;\"><span style=\"color: #000080;\">Jurek pr\u00f3buje zara\u017ca\u0107 swoj\u0105 fascynacj\u0105 student\u00f3w na Uniwersytecie Wroc\u0142awskim. Mieszka we Wroc\u0142awiu, nagrod\u0119 miano mi wr\u0119cza\u0107 we Wroc\u0142awiu, wi\u0119c zapyta\u0142em go pokornie, czy m\u00f3g\u0142by odebra\u0107 j\u0105 w moim imieniu, z cich\u0105 nadziej\u0105, \u017ce nie odm\u00f3wi.<\/span><\/p>\n<p style=\"text-align: left;\"><span style=\"color: #000080;\">Prawdziwi przyjaciele nie zawodz\u0105. Wt\u00f3rna ceremonia wr\u0119czenia odb\u0119dzie si\u0119 niebawem. B\u0119dzie to uroczysto\u015b\u0107 kameralna, ale B\u00f3g mi \u015bwiadkiem, \u017ce b\u0119dzie zacna.<\/span><\/p>\n<p style=\"text-align: left;\"><span style=\"color: #000080;\">Sama uroczysto\u015b\u0107 we Wroc\u0142awiu odby\u0142a si\u0119 29 czerwca w wroc\u0142awskiej synagodze znajduj\u0105cej si\u0119 przy ulicy Paw\u0142a W\u0142odkowica, gdzie profesor Jerzy Luty odczyta\u0142 m\u00f3j list.<\/span><\/p>\n<blockquote>\n<h5><strong>Drodzy Przyjaciele,<\/strong><\/h5>\n<p style=\"text-align: left;\"><strong>Przykro mi, \u017ce z wielu powod\u00f3w nie mog\u0119 dzi\u015b dotrze\u0107 do tego miejsca we Wroc\u0142awiu, przy ulicy Paw\u0142a W\u0142odkowica. Pisz\u0119 zatem ten list z mojego domu w Dobrzyniu nad Wis\u0142\u0105, znajduj\u0105cego si\u0119 zaledwie o kilka kilometr\u00f3w od miejsca urodzenia Paw\u0142a W\u0142odkowica. Do szko\u0142y chodzi\u0142em czasami ulic\u0105 Paw\u0142a W\u0142odkowica w Poznaniu, a ojciec uczy\u0142 mnie historii na tabliczkach ulic. Pawe\u0142 W\u0142odkowic by\u0142 znakomitym prawnikiem, by\u0142 humanist\u0105. Wbrew stanowisku \u00f3wczesnego papie\u017ca broni\u0142 w Rzymie Polski przed Krzy\u017cakami, broni\u0142 r\u00f3wnie\u017c p\u00f3\u017aniej Jana Husa \u2013 nie dlatego, \u017ce podziela\u0142 jego wszystkie pogl\u0105dy, ale dlatego, \u017ce uwa\u017ca\u0142 to za s\u0142uszne, dlatego, \u017ce sprzeciwia\u0142 si\u0119 k\u0142amstwu.<\/strong><\/p>\n<p style=\"text-align: left;\"><strong>Kiedy pytaj\u0105 mnie, dlaczego zawsze broni\u0119 Izraela, reaguj\u0119 \u015bmiechem. Kr\u00f3tka odpowied\u017a sprowadza si\u0119 zazwyczaj do stwierdzenia, \u017ce gdyby istnienie Izraela zale\u017ca\u0142o od takich obro\u0144c\u00f3w jak ja, to dawno by go ju\u017c nie by\u0142o. Izrael broni si\u0119 sam, a ja broni\u0119 si\u0119 przed k\u0142amstwami o Izraelu. W takich sytuacjach zazwyczaj otwarcie lub po\u015brednio informuj\u0119, \u017ce broni\u0119 si\u0119 r\u00f3wnie\u017c przed moim rozm\u00f3wc\u0105, kt\u00f3ry \u2013 \u015bwiadomie lub nie\u015bwiadomie \u2013 podda\u0142 si\u0119 kampanii k\u0142amstw i uzna\u0142 oszczerstwa za prawd\u0119.<\/strong><\/p>\n<p style=\"text-align: left;\"><strong>Dzi\u0119kuj\u0119 za to wyr\u00f3\u017cnienie, ale \u2013 podobnie jak Alice Teodorescu, szwedzka pos\u0142anka do Parlamentu Europejskiego \u2013 czuj\u0119 si\u0119 troch\u0119 za\u017cenowany, bowiem to, co robi\u0119, robi\u0119 dla siebie, w obronie przed nieludzk\u0105 kampani\u0105 k\u0142amstw albo przed bardzo ludzk\u0105 sk\u0142onno\u015bci\u0105 do uprzedze\u0144 i do uporczywego poszukiwania wszystkiego, co te uprzedzenia usprawiedliwia i wspiera. Alice swoim \u017cydowskim rozm\u00f3wcom odpowiada na ich podzi\u0119kowania, \u017ce jej zachowanie jest naturalne i powinno by\u0107 powszechne, \u017ce te podzi\u0119kowania wp\u0119dzaj\u0105 j\u0105 w zak\u0142opotanie. Nie znam jej rodzinnej historii (dotar\u0142a do Szwecji z Rumunii jako ma\u0142e dziecko), ale doskonale j\u0105 rozumiem. Zapewne z rodzinnego domu wynios\u0142a nawyk obrony przed k\u0142amstwem \u2013 nawyk zmieniaj\u0105cy si\u0119 w odruch, w oczywist\u0105 reakcj\u0119, kt\u00f3ra nie zas\u0142uguje na szczeg\u00f3lne wyr\u00f3\u017cnienia ani nagrody. Pawe\u0142 W\u0142odkowic by\u0142 jedn\u0105 z tych postaci, o kt\u00f3rych ugruntowana od dzieci\u0144stwa wiedza mia\u0142a prowadzi\u0107 do takiego odruchu.<\/strong><\/p>\n<p style=\"text-align: left;\"><strong>Prowadzimy z moj\u0105 \u017con\u0105 Ma\u0142gorzat\u0105 stron\u0119 internetow\u0105. Teoretycznie to czas przesz\u0142y. Moja \u017cona umar\u0142a we wtorek, 17 czerwca, o godzinie 16:02. Siedzia\u0142a przy swoim komputerze i sczytywa\u0142a \u015bwie\u017co prze\u0142o\u017cony tekst angielskiego felietonisty. Dwie minuty wcze\u015bniej pokazywa\u0142a mi zabawny rysunek, 40 minut wcze\u015bniej siedzieli\u015bmy na schodkach werandy, pal\u0105c papierosa. Tak, papierosa \u2013 od jej zawa\u0142u w 1995 roku palili\u015bmy zawsze jednego papierosa na dwoje. \u015amiali\u015bmy si\u0119, \u017ce to nasze fajki pokoju \u2013 polsko-litewskiego goja i bardzo polskiej \u017byd\u00f3wki. Dwie minuty po czwartej chcia\u0142em jej co\u015b powiedzie\u0107 i podnios\u0142em wzrok znad ekranu. Zobaczy\u0142em, jak wci\u0105ga ostatni oddech. Umar\u0142a bez cierpienia, bez b\u00f3lu, nie zd\u0105\u017cy\u0142a mnie poinformowa\u0107, \u017ce w\u0142a\u015bnie umiera, a przecie\u017c zawsze informowa\u0142a mnie o wszystkim. Nie ma jej, ale nadal prowadzimy z moj\u0105 \u017con\u0105 Ma\u0142gorzat\u0105 stron\u0119 internetow\u0105. Ma\u0142gorzata nadal wysy\u0142a do mnie kilkana\u015bcie list\u00f3w dziennie. Wszystkie subskrypcje przychodz\u0105 na jej poczt\u0119 \u2013 nadal, tak jak przed tym wtorkiem, przychodz\u0105 do mnie listy od niej. Przegl\u0105dam je na jej komputerze, wa\u017cniejsze teksty do dalszej pracy przesy\u0142am do siebie.<\/strong><\/p>\n<p style=\"text-align: left;\"><strong>Wi\u0119c na tej naszej stronie, kt\u00f3r\u0105 prowadzimy razem z moj\u0105 \u017con\u0105 Ma\u0142gorzat\u0105, pr\u00f3bujemy pokaza\u0107 przemys\u0142 k\u0142amstw, manipulacje medi\u00f3w g\u0142\u00f3wnego nurtu, zauroczenie antysyjonistyczn\u0105 propagand\u0105 uniwersytet\u00f3w, ukryte oddzia\u0142ywanie islamskiego antysemityzmu niszcz\u0105cego cz\u0142owiecze\u0144stwo najm\u0142odszego pokolenia. Zdajemy sobie spraw\u0119, \u017ce ostatecznie przekonujemy przekonanych, poniewa\u017c inni na wszelki wypadek nie szukaj\u0105 takich miejsc. Skuteczno\u015b\u0107 tych naszych dzia\u0142a\u0144 jest, delikatnie m\u00f3wi\u0105c, ograniczona \u2013 jest to dzia\u0142anie prawdopodobnie bardziej potrzebne nam samym ni\u017c komukolwiek innemu.<\/strong><\/p>\n<p style=\"text-align: left;\"><strong>Znajdujemy si\u0119 w szczeg\u00f3lnym momencie historii \u2013 zapach krwi rozlanej 7 pa\u017adziernika 2023 roku rozjuszy\u0142 besti\u0119 antysemityzmu, kt\u00f3ra szaleje ju\u017c nie tylko w Teheranie, Doha, Stambule, Sanie, Gazie czy Ramallah, ale w zachodnich parlamentach, w ONZ, na kampusach uniwersytet\u00f3w, w redakcjach szacownych medi\u00f3w i na ulicach zachodnich metropolii.<\/strong><\/p>\n<p style=\"text-align: left;\"><strong>Izrael nie posiada \u017belaznej Kopu\u0142y chroni\u0105cej go przed k\u0142amstwami z ca\u0142ego \u015bwiata. Wracaj\u0105 przes\u0105dy i stosy, z kt\u00f3rymi \u2013 bez szansy na zwyci\u0119stwo \u2013 walczy\u0142 Pawe\u0142 W\u0142odkowic.<\/strong><\/p>\n<p style=\"text-align: left;\"><strong>Ta ulica W\u0142odkowica we Wroc\u0142awiu biegnie wzd\u0142u\u017c dawnych miejskich mur\u00f3w \u2013 nazywa\u0142a si\u0119 kiedy\u015b\u00a0<em>Wallstra\u00dfe<\/em>. Nie ma mur\u00f3w broni\u0105cych przed tsunami k\u0142amstw \u2013 tylko konkretni ludzie mog\u0105 pr\u00f3bowa\u0107 zatrzyma\u0107 k\u0142amstwo i robi\u0107 to nawet wtedy, kiedy wiedz\u0105, \u017ce ich wysi\u0142ki nie maj\u0105 wi\u0119kszego wp\u0142ywu na rzeczywisto\u015b\u0107.<\/strong><\/p>\n<p style=\"text-align: left;\"><strong>Szkoda, \u017ce nie mog\u0119 by\u0107 dzi\u015b z Pa\u0144stwem w tym miejscu. Raz jeszcze dzi\u0119kuj\u0119 i przesy\u0142am serdeczne pozdrowienia z pustego domu w Dobrzyniu nad Wis\u0142\u0105, w kt\u00f3rym moja \u017cona Ma\u0142gorzata co chwila przysy\u0142a mi listy z adnotacj\u0105: \u201epilne, oce\u0144, czy to we\u017amiemy, ja jestem za\u201d. To ostatnie \u2013 to by\u0142a cz\u0119sta adnotacja. Nie wpisuj\u0119 jej, ale wiem, \u017ce jest.<\/strong><\/p>\n<\/blockquote>\n<\/div>\n<hr style=\"height: 15px; background: #d0e6fa; width: 100%;\" \/>\n<div id=\"content\" class=\"content-alignment\">\n<div id=\"watch-description\" class=\"yt-uix-button-panel\">\n<div id=\"watch-description-text\" style=\"text-align: center;\">\n<p><em>Zawarto\u015b\u0107 publikowanych artyku\u0142\u00f3w i materia\u0142\u00f3w nie reprezentuje pogl\u0105d\u00f3w ani opinii Reunion&#8217;68,<\/em><em><br \/>\nani te\u017c webmastera Blogu Reunion&#8217;68, chyba ze jest to wyra\u017anie zaznaczone.<br \/>\nTwoje uwagi, linki, w\u0142asne artyku\u0142y lub wiadomo\u015bci prze\u015blij na adres:<br \/>\n<\/em><span style=\"color: #000080;\"><strong><em><a style=\"color: #000080;\" href=\"mailto:webmaster@reunion68.com\"><span style=\"text-decoration: underline;\">webmaster@reunion68.com<\/span><\/a><\/em><\/strong><\/span><\/p>\n<\/div>\n<\/div>\n<\/div>\n<hr style=\"width: 100%;\" \/>\n","protected":false},"excerpt":{"rendered":"<p>Ulica W\u0142odkowica w Dobrzyniu. Ostatni raz by\u0142em w tej okolicy wiosn\u0105 1990 roku. Tu chyba wsz\u0119dzie by\u0142y pola, teraz to dzielnica najzamo\u017cniejszych, bogactwo sika. Ulica jest male\u0144kim zau\u0142kiem, trzy domy po jednej stronie, trzy po drugiej, si\u00f3dmy w g\u0142\u0119bi, zamykaj\u0105cy zau\u0142ek. Powiedzie\u0107, \u017ce nie ma tu \u017cywej duszy to wierutne k\u0142amstwo, obszczekuj\u0105 mnie psy, bardzo [&hellip;]<\/p>\n","protected":false},"author":1,"featured_media":0,"comment_status":"closed","ping_status":"closed","sticky":false,"template":"","format":"standard","meta":[],"categories":[6],"tags":[26,24],"_links":{"self":[{"href":"https:\/\/www.reunion68.se\/index.php?rest_route=\/wp\/v2\/posts\/122769"}],"collection":[{"href":"https:\/\/www.reunion68.se\/index.php?rest_route=\/wp\/v2\/posts"}],"about":[{"href":"https:\/\/www.reunion68.se\/index.php?rest_route=\/wp\/v2\/types\/post"}],"author":[{"embeddable":true,"href":"https:\/\/www.reunion68.se\/index.php?rest_route=\/wp\/v2\/users\/1"}],"replies":[{"embeddable":true,"href":"https:\/\/www.reunion68.se\/index.php?rest_route=%2Fwp%2Fv2%2Fcomments&post=122769"}],"version-history":[{"count":7,"href":"https:\/\/www.reunion68.se\/index.php?rest_route=\/wp\/v2\/posts\/122769\/revisions"}],"predecessor-version":[{"id":122810,"href":"https:\/\/www.reunion68.se\/index.php?rest_route=\/wp\/v2\/posts\/122769\/revisions\/122810"}],"wp:attachment":[{"href":"https:\/\/www.reunion68.se\/index.php?rest_route=%2Fwp%2Fv2%2Fmedia&parent=122769"}],"wp:term":[{"taxonomy":"category","embeddable":true,"href":"https:\/\/www.reunion68.se\/index.php?rest_route=%2Fwp%2Fv2%2Fcategories&post=122769"},{"taxonomy":"post_tag","embeddable":true,"href":"https:\/\/www.reunion68.se\/index.php?rest_route=%2Fwp%2Fv2%2Ftags&post=122769"}],"curies":[{"name":"wp","href":"https:\/\/api.w.org\/{rel}","templated":true}]}}