{"id":122791,"date":"2025-07-26T17:00:16","date_gmt":"2025-07-26T15:00:16","guid":{"rendered":"http:\/\/www.reunion68.se\/?p=122791"},"modified":"2025-07-25T08:38:57","modified_gmt":"2025-07-25T06:38:57","slug":"26-05-110","status":"publish","type":"post","link":"https:\/\/www.reunion68.se\/?p=122791","title":{"rendered":"France to recognize Palestinian state, drawing Israeli, US reproach"},"content":{"rendered":"<h5 style=\"text-align: center;\"><a href=\"https:\/\/www.jns.org\/\" target=\"_blank\" rel=\"noopener noreferrer\"><img decoding=\"async\" class=\"center alignleft\" src=\"http:\/\/www.reunion68.com\/Biuletyn\/img\/jns-1.png\" alt=\"\" width=\"35%\" \/><\/a><span style=\"text-decoration: underline; color: #000080;\"><span><strong><a style=\"color: #000080; text-decoration: underline;\" href=\"https:\/\/www.jns.org\/france-to-recognize-palestinian-state-drawing-israeli-reproach\/\" target=\"_blank\" rel=\"noopener noreferrer\">France to recognize Palestinian state, drawing Israeli, US reproach<\/a><\/strong><\/span><\/span><\/h5>\n<p style=\"text-align: center;\"><span style=\"color: #000000;\"><strong>update desk U.S. News<\/strong><\/span><\/p>\n<hr style=\"height: 15px; background: #d0e6fa; width: 100%;\" \/>\n<div>\n<h4 style=\"text-align: center;\"><strong>\u201cSuch a move rewards terror and risks creating another Iranian proxy, just as Gaza became,\u201d Israeli Prime Minister Benjamin Netanyahu stated.<\/strong><\/h4>\n<\/div>\n<p style=\"text-align: center;\"><img decoding=\"async\" class=\"aligncenter\" src=\"https:\/\/me.jnsi.org\/uploads\/2025\/06\/54598976564_da501438c2_o-1320x880.jpg\" width=\"100%\" \/><span style=\"color: #808080;\"><em>U.S. President Donald Trump talks with French President Emmanuel Macron at the G7 summit in Kananaskis, Alberta, Canada, June 16, 2025. Credit: Daniel Torok\/White House.<\/em><\/span><\/p>\n<p class=\"wp-block-paragraph\" style=\"text-align: left;\"><span style=\"color: #000080;\">French President Emmanuel Macron\u00a0<a style=\"color: #000080;\" href=\"https:\/\/x.com\/EmmanuelMacron\/status\/1948482142356603089\">stated<\/a>\u00a0on Thursday that \u201cconsistent with its historic commitment to a just and lasting peace in the Middle East,\u201d Paris intends to recognize a Palestinian state.<\/span><\/p>\n<p class=\"wp-block-paragraph\" style=\"text-align: left;\"><span style=\"color: #000080;\">\u201cI will make this solemn announcement before the United Nations General Assembly this coming September,\u201d Macron stated. \u201cThe urgent priority today is to end the war in Gaza and to bring relief to the civilian population.\u201d\u00a0<\/span><\/p>\n<p class=\"wp-block-paragraph\" style=\"text-align: left;\"><span style=\"color: #000080;\">Israeli Prime Minister Benjamin Netanyahu \u201cstrongly\u201d condemned Macron\u2019s decision \u201cto recognize a Palestinian state next to Tel Aviv in the wake of the Oct. 7 massacre.\u201d<\/span><\/p>\n<p class=\"wp-block-paragraph\" style=\"text-align: left;\"><span style=\"color: #000080;\">\u201cSuch a move rewards terror and risks creating another Iranian proxy, just as Gaza became,\u201d Netanyahu stated. \u201cA Palestinian state in these conditions would be a launch pad to annihilate Israel\u2014not to live in peace beside it. Let\u2019s be clear: the Palestinians do not seek a state alongside Israel. They seek a state instead of Israel.\u201d<\/span><\/p>\n<p class=\"wp-block-paragraph\" style=\"text-align: left;\"><span style=\"color: #000080;\">Danny Danon, the Israeli ambassador to the United Nations, stated that \u201cneither international conferences disconnected from reality nor unilateral statements at the United Nations will lead to peace.\u201d<\/span><\/p>\n<p class=\"wp-block-paragraph\" style=\"text-align: left;\"><span style=\"color: #000080;\">\u201cMacron\u2019s decision to recognize a Palestinian state after the massacre of Oct. 7 and precisely at a time when Hamas is still holding hostages is a disgraceful reward for terrorism,\u201d Danon said. \u201cAnyone who ignores the reality on the ground\u2014that Israel has no partner for peace\u2014harms not only Israel but the stability of the entire region.\u201d<\/span><\/p>\n<p class=\"wp-block-paragraph\" style=\"text-align: left;\"><span style=\"color: #000080;\">Marco Rubio, the U.S. Secretary of State, said that Washington \u201cstrongly rejects\u201d Macron\u2019s plan.<\/span><\/p>\n<p class=\"wp-block-paragraph\" style=\"text-align: left;\"><span style=\"color: #000080;\">\u201cThis reckless decision only serves Hamas propaganda and sets back peace,\u201d Rubio\u00a0<a style=\"color: #000080;\" href=\"https:\/\/x.com\/secrubio\/status\/1948551777504174570\">stated<\/a>. \u201cIt is a slap in the face to the victims of\u00a0Oct. 7.\u201d<\/span><\/p>\n<p class=\"wp-block-paragraph\" style=\"text-align: left;\"><span style=\"color: #000080;\">Sen. Tom Cotton (R-Ark.)\u00a0<a style=\"color: #000080;\" href=\"https:\/\/x.com\/SenTomCotton\/status\/1948485880970133924\">stated<\/a>\u00a0that Macron\u2019s decision is \u201ca shameful endorsement of terrorists\u201d and that \u201cthe best way for this conflict to end is to back Israel in its righteous mission of rescuing the hostages and defeating Hamas.\u201d<\/span><\/p>\n<p class=\"wp-block-paragraph\" style=\"text-align: left;\"><span style=\"color: #000080;\">AIPAC stated that Macron \u201cis acting as Hamas\u2019s handmaiden\u201d and is \u201crewarding Hamas\u2019s barbaric attack on the Jewish state on Oct. 7.\u201d<\/span><\/p>\n<p class=\"wp-block-paragraph\" style=\"text-align: left;\"><span style=\"color: #000080;\">\u201cThis unilateral recognition makes peace and reconciliation even more elusive,\u201d it said. \u201cWe urge the administration and Congress to express their opposition to the French government concerning this irresponsible action.\u201d<\/span><\/p>\n<hr style=\"height: 15px; background: #d0e6fa; width: 100%;\" \/>\n<div id=\"content\" class=\"content-alignment\">\n<div id=\"watch-description\" class=\"yt-uix-button-panel\">\n<div id=\"watch-description-text\" style=\"text-align: center;\">\n<p><em>Zawarto\u015b\u0107 publikowanych artyku\u0142\u00f3w i materia\u0142\u00f3w nie reprezentuje pogl\u0105d\u00f3w ani opinii Reunion&#8217;68,<\/em><em><br \/>\nani te\u017c webmastera Blogu Reunion&#8217;68, chyba ze jest to wyra\u017anie zaznaczone.<br \/>\nTwoje uwagi, linki, w\u0142asne artyku\u0142y lub wiadomo\u015bci prze\u015blij na adres:<br \/>\n<\/em><span style=\"color: #000080;\"><strong><em><a style=\"color: #000080;\" href=\"mailto:webmaster@reunion68.com\"><span style=\"text-decoration: underline;\">webmaster@reunion68.com<\/span><\/a><\/em><\/strong><\/span><\/p>\n<\/div>\n<\/div>\n<\/div>\n<hr style=\"width: 100%;\" \/>\n","protected":false},"excerpt":{"rendered":"<p>France to recognize Palestinian state, drawing Israeli, US reproach update desk U.S. News \u201cSuch a move rewards terror and risks creating another Iranian proxy, just as Gaza became,\u201d Israeli Prime Minister Benjamin Netanyahu stated. U.S. President Donald Trump talks with French President Emmanuel Macron at the G7 summit in Kananaskis, Alberta, Canada, June 16, 2025. [&hellip;]<\/p>\n","protected":false},"author":1,"featured_media":0,"comment_status":"closed","ping_status":"closed","sticky":false,"template":"","format":"standard","meta":[],"categories":[6],"tags":[26,24],"_links":{"self":[{"href":"https:\/\/www.reunion68.se\/index.php?rest_route=\/wp\/v2\/posts\/122791"}],"collection":[{"href":"https:\/\/www.reunion68.se\/index.php?rest_route=\/wp\/v2\/posts"}],"about":[{"href":"https:\/\/www.reunion68.se\/index.php?rest_route=\/wp\/v2\/types\/post"}],"author":[{"embeddable":true,"href":"https:\/\/www.reunion68.se\/index.php?rest_route=\/wp\/v2\/users\/1"}],"replies":[{"embeddable":true,"href":"https:\/\/www.reunion68.se\/index.php?rest_route=%2Fwp%2Fv2%2Fcomments&post=122791"}],"version-history":[{"count":5,"href":"https:\/\/www.reunion68.se\/index.php?rest_route=\/wp\/v2\/posts\/122791\/revisions"}],"predecessor-version":[{"id":122881,"href":"https:\/\/www.reunion68.se\/index.php?rest_route=\/wp\/v2\/posts\/122791\/revisions\/122881"}],"wp:attachment":[{"href":"https:\/\/www.reunion68.se\/index.php?rest_route=%2Fwp%2Fv2%2Fmedia&parent=122791"}],"wp:term":[{"taxonomy":"category","embeddable":true,"href":"https:\/\/www.reunion68.se\/index.php?rest_route=%2Fwp%2Fv2%2Fcategories&post=122791"},{"taxonomy":"post_tag","embeddable":true,"href":"https:\/\/www.reunion68.se\/index.php?rest_route=%2Fwp%2Fv2%2Ftags&post=122791"}],"curies":[{"name":"wp","href":"https:\/\/api.w.org\/{rel}","templated":true}]}}