{"id":122795,"date":"2025-07-22T17:09:04","date_gmt":"2025-07-22T15:09:04","guid":{"rendered":"http:\/\/www.reunion68.se\/?p=122795"},"modified":"2025-07-22T05:38:58","modified_gmt":"2025-07-22T03:38:58","slug":"22-09-101","status":"publish","type":"post","link":"https:\/\/www.reunion68.se\/?p=122795","title":{"rendered":"Marsz Pami\u0119ci 2025"},"content":{"rendered":"<p><img decoding=\"async\" class=\"aligncenter\" src=\"https:\/\/www.jhi.pl\/storage\/image\/core_files\/2025\/7\/4\/1680d507292c454be7cabee252c92480\/jpg\/jhi\/normal_big\/Marsz-Pamieci-2025_www-grafika-glowna-pl_1-07-25.webp\" width=\"100%\" \/><\/p>\n<hr \/>\n<h5 style=\"text-align: center;\"><a href=\"https:\/\/www.jhi.pl\/\" target=\"_blank\" rel=\"noopener noreferrer\"><img decoding=\"async\" class=\"center alignleft\" src=\"http:\/\/www.reunion68.com\/Biuletyn\/img\/zih-1.png\" alt=\"\" width=\"35%\" \/><\/a><span style=\"text-decoration: underline; color: #000080;\"><strong><a style=\"color: #000080; text-decoration: underline;\" href=\"https:\/\/www.jhi.pl\/artykuly\/marsz-pamieci-2025,8386\" target=\"_blank\" rel=\"noopener noreferrer\">Marsz Pami\u0119ci 2025<\/a><\/strong><\/span><\/h5>\n<p style=\"text-align: center;\"><span style=\"color: #000000;\"><strong>ZiH \/ Murale: Dariusz Paczkowski<\/strong><\/span><\/p>\n<hr style=\"height: 15px; background: #d0e6fa; width: 100%;\" \/>\n<p style=\"text-align: left;\"><span style=\"color: #000080;\">\u017bydowski Instytut Historyczny im. Emanuela Ringelbluma serdecznie zaprasza do udzia\u0142u w Marszu Pami\u0119ci 2025, kt\u00f3ry odb\u0119dzie si\u0119\u00a0<strong>22 lipca 2025<\/strong>\u00a0<strong>roku<\/strong>\u00a0o godz.\u00a0<strong>18:00\u00a0<\/strong>w Warszawie.<\/span><\/p>\n<p style=\"text-align: left;\"><span style=\"color: #000080;\">Po raz czternasty wsp\u00f3lnie upami\u0119tnimy ofiary Wielkiej Akcji eksterminacyjnej ludno\u015bci warszawskiego getta, przeprowadzonej przez nazist\u00f3w. W tym czasie oko\u0142o 300 tysi\u0119cy \u017byd\u00f3w i \u017byd\u00f3wek zosta\u0142o wywiezionych z Umschlagplatzu i zamordowanych w obozie zag\u0142ady w Treblince.<\/span><\/p>\n<p style=\"text-align: left;\"><span style=\"color: #000080;\">Marsz Pami\u0119ci ma na celu przywracanie pami\u0119ci o ofiarach \u2013 r\u00f3wnie\u017c tych, kt\u00f3rych imiona pozosta\u0142y nieznane.<\/span><\/p>\n<p style=\"text-align: left;\"><span style=\"color: #000080;\">Patronami tegorocznej edycji Marszu s\u0105 muzycy i muzyczki getta warszawskiego\u00a0\u2013 najliczniejsza i najpr\u0119\u017cniejsza dzia\u0142aj\u0105ca grupa artystyczna dzielnicy zamkni\u0119tej \u2013\u00a0<strong>Artur Gold, Janina Familier-Hepner, Paulina Braun, Josima Feldszuh, Jakub Glatsztejn i Szymon Pullman.<\/strong><\/span><\/p>\n<h4><strong>Ramowy plan wydarzenia:<\/strong><\/h4>\n<p style=\"padding-left: 40px; text-align: left;\"><span style=\"color: #000080;\"><strong>Miejsce rozpocz\u0119cia<\/strong>: Pomnik Umschlagplatz (ul. Stawki 10)<\/span><br \/>\n<span style=\"color: #000080;\"><strong>Przem\u00f3wienia:<\/strong>\u00a0Dyrekcja \u017bydowskiego Instytutu Historycznego oraz zaproszeni go\u015bcie<\/span><br \/>\n<span style=\"color: #000080;\">Z\u0142o\u017cenie wie\u0144c\u00f3w<\/span><br \/>\n<span style=\"color: #000080;\"><strong>Przemarsz ulicami Muranowa<\/strong>: Karmelick\u0105, Nowolipie, al. Jana Paw\u0142a II, al. Solidarno\u015bci, Biela\u0144sk\u0105, D\u0142ug\u0105 i Starymi Nalewkami<\/span><br \/>\n<span style=\"color: #000080;\"><strong>Zako\u0144czenie Marszu<\/strong>: Ogr\u00f3d Krasi\u0144skich, gdzie odb\u0119dzie si\u0119 uroczysty koncert, podczas kt\u00f3rego wyst\u0105pi\u0105: Ania Karpowicz, Dominik Strycharski, Marta Wryk i Adam Ko\u015bmieja.<\/span><\/p>\n<p style=\"padding-left: 40px; text-align: left;\"><span style=\"color: #000080;\">Koordynacja artystyczna koncertu: Ania Karpowicz.<\/span><\/p>\n<h4><strong><span data-contrast=\"auto\">PROGRAM\u202fKONCERTU:\u00a0 \u00a0 \u00a0 \u00a0 \u00a0 \u00a0 \u00a0 \u00a0 \u00a0 \u00a0 \u00a0 \u00a0 \u00a0 \u00a0 \u00a0 \u00a0 \u00a0 \u00a0 \u00a0 \u00a0 \u00a0 \u00a0 \u00a0 \u00a0 \u00a0 \u00a0 \u00a0 \u00a0 \u00a0 \u00a0 \u00a0 \u00a0 \u00a0 \u00a0 \u00a0 \u00a0 \u00a0 \u00a0 \u00a0 \u00a0 \u00a0 \u00a0 \u00a0 \u00a0 \u00a0 \u00a0 \u00a0 \u00a0 \u00a0 \u00a0 \u00a0 \u00a0 \u00a0 \u00a0 \u00a0 \u00a0 \u00a0 \u00a0 \u00a0 \u00a0 \u00a0 \u00a0 \u00a0 \u00a0 <\/span><\/strong><span data-ccp-props=\"{\">\u00a0<\/span><\/h4>\n<ol>\n<li style=\"list-style-type: none;\">\n<ol>\n<li><span style=\"color: #000080;\" data-contrast=\"auto\">\u201eMazurek&#8221; (1942) W\u0142adys\u0142awa Szpilmana napisany w getcie warszawskim\u00a0\u00a0\u00a0\u00a0\u00a0\u00a0\u00a0<\/span><\/li>\n<li><span style=\"color: #000080;\" data-contrast=\"auto\">\u201eWarszawo ma\u201d (1943) Ludwika Starskiego\u00a0do melodii \u201cMiasteczko Be\u0142z\u201d Aleksandra Olszanieckiego, w opracowaniu i reinterpretacji Adama Ko\u015bmieji<\/span><\/li>\n<li><span style=\"color: #000080;\">\u201eZog nit kejn mol\u201d (Nigdy nie m\u00f3w, 1943) Hirsza Glika w opracowaniu i reinterpretacji Adama\u00a0Ko\u015bmieji\u00a0 \u00a0 \u00a0 \u00a0 \u00a0 \u00a0 \u00a0 \u00a0 \u00a0 \u00a0 \u00a0 \u00a0 \u00a0 \u00a0 \u00a0 \u00a0 \u00a0 \u00a0 \u00a0 \u00a0 \u00a0 \u00a0 \u00a0 \u00a0 \u00a0 \u00a0 \u00a0 \u00a0 \u00a0 \u00a0 \u00a0 \u00a0 \u00a0 \u00a0 \u00a0 \u00a0 \u00a0 \u00a0 \u00a0 \u00a0 \u00a0 \u00a0 \u00a0 \u00a0 \u00a0 \u00a0 \u00a0 \u00a0\u00a0\u00a0\u00a0 \u00a0\u00a0\u00a0<\/span><\/li>\n<li><span style=\"color: #000080;\" data-contrast=\"auto\">\u201eWr\u00f3\u0107 do mnie zn\u00f3w&#8221; (1931), Andrzeja W\u0142asta z muzyk\u0105 Artura Golda\u00a0\u00a0\u00a0\u00a0\u00a0\u00a0\u00a0\u00a0\u00a0\u00a0\u00a0\u00a0\u00a0\u00a0\u00a0\u00a0\u00a0\u00a0\u00a0\u00a0\u00a0\u00a0\u00a0\u00a0\u00a0\u00a0\u00a0\u00a0\u00a0\u00a0\u00a0\u00a0\u00a0\u00a0\u00a0\u00a0\u00a0\u00a0\u00a0\u00a0\u00a0\u00a0\u00a0\u00a0\u00a0\u00a0\u00a0\u00a0\u00a0\u00a0\u00a0\u00a0\u00a0\u00a0\u00a0\u00a0\u00a0\u00a0\u00a0\u00a0\u00a0\u00a0\u00a0\u00a0\u00a0\u00a0<\/span><\/li>\n<li><span style=\"color: #000080;\" data-contrast=\"auto\">\u201eNie wierz\u0119 Ci&#8221; (1939) Andrzeja W\u0142asta z muzyk\u0105 Artura Golda<\/span><br \/>\n<span style=\"color: #000080;\" data-contrast=\"auto\">Jest to prawdopodobnie ostatnia kompozycja Artura Golda ze \u201ez\u0142otych lat\u201d jego przedwojennej dzia\u0142alno\u015bci. Piosenka zosta\u0142a po raz pierwszy zaprezentowana publicznie przez In\u0119 Benit\u0119 w teatrze Ali Baba w Warszawie wiosn\u0105 1939 roku, a nast\u0119pnie ukaza\u0142a si\u0119 na p\u0142ytach, zar\u00f3wno Syreny Rekord, jak i Odeonu.\u00a0\u00a0\u00a0\u00a0\u00a0\u00a0\u00a0\u00a0\u00a0\u00a0\u00a0\u00a0\u00a0\u00a0\u00a0\u00a0\u00a0\u00a0\u00a0\u00a0\u00a0\u00a0\u00a0\u00a0\u00a0\u00a0\u00a0\u00a0\u00a0\u00a0\u00a0\u00a0\u00a0\u00a0\u00a0\u00a0\u00a0\u00a0\u00a0\u00a0\u00a0\u00a0\u00a0\u00a0\u00a0\u00a0\u00a0\u00a0\u00a0\u00a0\u00a0\u00a0\u00a0\u00a0\u00a0\u00a0\u00a0\u00a0\u00a0<\/span><\/li>\n<li><span style=\"color: #000080;\" data-contrast=\"auto\">\u201eArojs iz geganen a jid ojf der gas&#8221; (Wyszed\u0142 \u017byd na ulic\u0119, 1940) do s\u0142\u00f3w Icchoka Kacenelsona z muzyk\u0105 Jakuba Gladsztajna; *prawykonanie\/rekonstrukcja utworu z nut odnalezionych w Archiwum Ringelbluma<\/span><\/li>\n<li><span style=\"color: #000080;\" data-contrast=\"auto\">\u201eWer ken wisn?&#8221; (Kt\u00f3\u017c mo\u017ce wiedzie\u0107, 1941) do s\u0142\u00f3w Herszela Danielewicza z muzyk\u0105 Jakuba Gladsztajna; *prawykonanie\/ rekonstrukcja utworu z nut odnalezionych w Archiwum Ringelbluma \u00a0 \u00a0 \u00a0 \u00a0 \u00a0 \u00a0 \u00a0 \u00a0 \u00a0 \u00a0 \u00a0 \u00a0 \u00a0 \u00a0 \u00a0 \u00a0 \u00a0 \u00a0 \u00a0 \u00a0<\/span><\/li>\n<li><span style=\"color: #000080;\">SYRENA:RE, czyli reinterpretacje fragment\u00f3w muzycznych z p\u0142yt szelakowych legendarnej wytw\u00f3rni Syrena Rekord\u202fw\u00a0opracowaniu flecist\u00f3w Ani\u00a0Karpowicz i Dominika Strycharskiego.<\/span><\/li>\n<\/ol>\n<\/li>\n<\/ol>\n<p><span style=\"color: #000080;\"><strong>Do\u0142\u0105cz do nas!<\/strong><\/span><\/p>\n<h2 style=\"text-align: center;\">***<\/h2>\n<p><span style=\"color: #000000;\"><strong>Organizator:<\/strong> \u017bydowski Instytut Historyczny<\/span><\/p>\n<p><span style=\"color: #000000;\">Patronat honorowy: Prezydent miasta sto\u0142ecznego Warszawy<\/span><\/p>\n<p><span style=\"color: #000000;\">Partnerzy: Stowarzyszenie \u017bydowski Instytut Historyczny w Polsce, Taube Philanthropies<\/span><\/p>\n<p><span style=\"color: #000000;\">Patroni medialni: Dw\u00f3jka Polskie Radio, TVP Kultura, Onet, Polityka, Wyborcza.pl<\/span><\/p>\n<p><span style=\"color: #000000;\">Patroni: Gmina Wyznaniowa \u017bydowska w Warszawie, Muzeum Historii \u017byd\u00f3w Polskich POLIN, Muzeum Getta Warszawskiego, Muzeum Treblinka, Fundacja Ochrony Dziedzictwa \u017bydowskiego, Pami\u0119\u0107 Treblinki, Fundacja Shalom, Fundacja \u017bycie \u017bydowskie, JCC Warszawa, Taube Center for Jewish Life &amp; Learning, Towarzystwo Spo\u0142eczno-Kulturalne \u017byd\u00f3w w Polsce<\/span><\/p>\n<hr style=\"height: 15px; background: #d0e6fa; width: 100%;\" \/>\n<div id=\"content\" class=\"content-alignment\">\n<div id=\"watch-description\" class=\"yt-uix-button-panel\">\n<div id=\"watch-description-text\" style=\"text-align: center;\">\n<p><em>Zawarto\u015b\u0107 publikowanych artyku\u0142\u00f3w i materia\u0142\u00f3w nie reprezentuje pogl\u0105d\u00f3w ani opinii Reunion&#8217;68,<\/em><em><br \/>\nani te\u017c webmastera Blogu Reunion&#8217;68, chyba ze jest to wyra\u017anie zaznaczone.<br \/>\nTwoje uwagi, linki, w\u0142asne artyku\u0142y lub wiadomo\u015bci prze\u015blij na adres:<br \/>\n<\/em><span style=\"color: #000080;\"><strong><em><a style=\"color: #000080;\" href=\"mailto:webmaster@reunion68.com\"><span style=\"text-decoration: underline;\">webmaster@reunion68.com<\/span><\/a><\/em><\/strong><\/span><\/p>\n<\/div>\n<\/div>\n<\/div>\n<hr style=\"width: 100%;\" \/>\n","protected":false},"excerpt":{"rendered":"<p>Marsz Pami\u0119ci 2025 ZiH \/ Murale: Dariusz Paczkowski \u017bydowski Instytut Historyczny im. Emanuela Ringelbluma serdecznie zaprasza do udzia\u0142u w Marszu Pami\u0119ci 2025, kt\u00f3ry odb\u0119dzie si\u0119\u00a022 lipca 2025\u00a0roku\u00a0o godz.\u00a018:00\u00a0w Warszawie. Po raz czternasty wsp\u00f3lnie upami\u0119tnimy ofiary Wielkiej Akcji eksterminacyjnej ludno\u015bci warszawskiego getta, przeprowadzonej przez nazist\u00f3w. W tym czasie oko\u0142o 300 tysi\u0119cy \u017byd\u00f3w i \u017byd\u00f3wek zosta\u0142o wywiezionych [&hellip;]<\/p>\n","protected":false},"author":1,"featured_media":0,"comment_status":"closed","ping_status":"closed","sticky":false,"template":"","format":"standard","meta":[],"categories":[6],"tags":[26,24],"_links":{"self":[{"href":"https:\/\/www.reunion68.se\/index.php?rest_route=\/wp\/v2\/posts\/122795"}],"collection":[{"href":"https:\/\/www.reunion68.se\/index.php?rest_route=\/wp\/v2\/posts"}],"about":[{"href":"https:\/\/www.reunion68.se\/index.php?rest_route=\/wp\/v2\/types\/post"}],"author":[{"embeddable":true,"href":"https:\/\/www.reunion68.se\/index.php?rest_route=\/wp\/v2\/users\/1"}],"replies":[{"embeddable":true,"href":"https:\/\/www.reunion68.se\/index.php?rest_route=%2Fwp%2Fv2%2Fcomments&post=122795"}],"version-history":[{"count":5,"href":"https:\/\/www.reunion68.se\/index.php?rest_route=\/wp\/v2\/posts\/122795\/revisions"}],"predecessor-version":[{"id":122804,"href":"https:\/\/www.reunion68.se\/index.php?rest_route=\/wp\/v2\/posts\/122795\/revisions\/122804"}],"wp:attachment":[{"href":"https:\/\/www.reunion68.se\/index.php?rest_route=%2Fwp%2Fv2%2Fmedia&parent=122795"}],"wp:term":[{"taxonomy":"category","embeddable":true,"href":"https:\/\/www.reunion68.se\/index.php?rest_route=%2Fwp%2Fv2%2Fcategories&post=122795"},{"taxonomy":"post_tag","embeddable":true,"href":"https:\/\/www.reunion68.se\/index.php?rest_route=%2Fwp%2Fv2%2Ftags&post=122795"}],"curies":[{"name":"wp","href":"https:\/\/api.w.org\/{rel}","templated":true}]}}