{"id":122799,"date":"2025-07-27T17:00:05","date_gmt":"2025-07-27T15:00:05","guid":{"rendered":"http:\/\/www.reunion68.se\/?p=122799"},"modified":"2025-07-26T10:54:31","modified_gmt":"2025-07-26T08:54:31","slug":"27-00-112","status":"publish","type":"post","link":"https:\/\/www.reunion68.se\/?p=122799","title":{"rendered":"French Foreign Minister Says Recognizing Palestinian State Defies Hamas, Despite Terror Group\u2019s Praise"},"content":{"rendered":"<h5 style=\"text-align: center;\"><a href=\"https:\/\/www.algemeiner.com\/\" target=\"_blank\" rel=\"noopener noreferrer\"><img decoding=\"async\" class=\"center alignleft\" src=\"http:\/\/www.reunion68.com\/Biuletyn\/img\/algem.png\" alt=\"\" width=\"35%\" \/><\/a><span style=\"text-decoration: underline; color: #000080;\"><span><strong><a style=\"color: #000080; text-decoration: underline;\" href=\"https:\/\/www.algemeiner.com\/2025\/07\/25\/french-foreign-minister-says-recognizing-palestinian-state-defies-hamas-despite-terror-groups-praise\/\" target=\"_blank\" rel=\"noopener noreferrer\">French Foreign Minister Says Recognizing Palestinian State Defies Hamas, Despite Terror Group\u2019s Praise<\/a><\/strong><\/span><\/span><\/h5>\n<p style=\"text-align: center;\"><span style=\"color: #000000;\"><strong>Ailin Vilches Arguello<\/strong><\/span><\/p>\n<hr style=\"height: 15px; background: #d0e6fa; width: 100%;\" \/>\n<p style=\"text-align: center;\"><img decoding=\"async\" class=\"aligncenter\" src=\"https:\/\/www.algemeiner.com\/wp-content\/uploads\/2025\/07\/France.jpg\" width=\"100%\" \/><span style=\"color: #808080;\"><em>French Foreign Minister Jean-Noel Barrot speaks to the media on the day he attends the European Union Foreign Ministers council in Brussels, Belgium, July 15, 2025. Photo: REUTERS\/Yves Herman<\/em><\/span><\/p>\n<p style=\"text-align: left;\"><span style=\"color: #000080;\">French Foreign Minister Jean-No\u00ebl Barrot insisted on Friday that President Emmanuel Macron\u2019s push to recognize a Palestinian state defies Hamas\u2019s interests \u2014 even as the terrorist group welcomed the decision.<\/span><\/p>\n<p style=\"text-align: left;\"><span style=\"color: #000080;\">\u201cHamas has consistently rejected the two-state solution. By recognizing Palestine, France is rejecting the stance of this terrorist organization and affirming its support for peace over war,\u201d the top French diplomat said in a post on X.<\/span><\/p>\n<blockquote class=\"twitter-tweet\" data-twitter-extracted-i1753519823376469056=\"true\">\n<p dir=\"ltr\" lang=\"fr\" style=\"text-align: left;\"><strong>Le Hamas a toujours refus\u00e9 la solution \u00e0 deux \u00c9tats. En reconnaissant la Palestine, la France donne tort \u00e0 ce mouvement terroriste. Elle donne raison au camp de la paix contre celui de la guerre.<\/strong><\/p>\n<p style=\"text-align: left;\"><strong>\u2014 Jean-No\u00ebl Barrot (@jnbarrot)\u00a0<a href=\"https:\/\/twitter.com\/jnbarrot\/status\/1948645072397910466?ref_src=twsrc%5Etfw\" target=\"_blank\" rel=\"noopener noreferrer\">July 25, 2025<\/a><\/strong><\/p>\n<\/blockquote>\n<p style=\"text-align: left;\"><span style=\"color: #000080;\">However, Hamas praised France\u2019s latest announcement, calling it \u201ca positive step in the right direction.\u201d<\/span><\/p>\n<p style=\"text-align: left;\"><span style=\"color: #000080;\">France\u2019s initiative is part of \u201ca political development that reflects growing international conviction in the justice of the Palestinian cause and the failure of the Israeli occupation to distort facts or suppress the will of free nations,\u201d said the Palestinian terrorist group, which has ruled Gaza for nearly two decades.<\/span><\/p>\n<p style=\"text-align: left;\"><span style=\"color: #000080;\">Hamas also said that such international steps \u201crepresent political and moral pressure\u201d on Israel.<\/span><\/p>\n<p style=\"text-align: left;\"><span style=\"color: #000080;\">On Thursday, Macron announced that France will recognize a Palestinian state and issue a formal statement at the United Nations General Assembly in September as part of its \u201ccommitment to a just and lasting peace in the Middle East.\u201d<\/span><\/p>\n<p style=\"text-align: left;\"><span style=\"color: #000080;\">\u201cThe urgent priority today is to end the war in Gaza and to bring relief to the civilian population,\u201d the French leader said in a post on X.<\/span><\/p>\n<p style=\"text-align: left;\"><span style=\"color: #000080;\">Macron called for an immediate ceasefire, the release of all hostages still held by Hamas, and\u00a0<a style=\"color: #000080;\" href=\"https:\/\/www.algemeiner.com\/2025\/07\/25\/israel-will-let-foreign-countries-drop-aid-gaza-israeli-army-radio-says\/\" target=\"_blank\" rel=\"noopener noreferrer\">increased humanitarian aid for Gaza<\/a>.<\/span><\/p>\n<p style=\"text-align: left;\"><span style=\"color: #000080;\">He also stressed the need to demilitarize the Iran-backed terrorist group, rebuild the war-torn enclave, and create a Palestinian state that\u00a0<a style=\"color: #000080;\" href=\"https:\/\/www.algemeiner.com\/2025\/07\/24\/us-israel-recall-negotiators-gaza-ceasefire-talks-witkoff-says-selfish-hamas-not-showing-good-faith\/\" target=\"_blank\" rel=\"noopener noreferrer\">recognizes Israel and ensures regional security<\/a>.<\/span><\/p>\n<p style=\"text-align: left;\"><span style=\"color: #000080;\">\u201cThe French people want peace in the Middle East. It is our responsibility \u2014 as French citizens, alongside Israelis, Palestinians, and our European and international partners \u2014 to prove that peace is possible,\u201d the French leader wrote.<\/span><\/p>\n<blockquote class=\"twitter-tweet\" data-twitter-extracted-i1753519823376469056=\"true\">\n<p dir=\"ltr\" lang=\"en\" style=\"text-align: left;\"><strong>Consistent with its historic commitment to a just and lasting peace in the Middle East, I have decided that France will recognize the State of Palestine.<\/strong><\/p>\n<p style=\"text-align: left;\"><strong>I will make this solemn announcement before the United Nations General Assembly this coming September.\u2026\u00a0<a href=\"https:\/\/t.co\/VTSVGVH41I\" target=\"_blank\" rel=\"noopener noreferrer\">pic.twitter.com\/VTSVGVH41I<\/a><\/strong><\/p>\n<p style=\"text-align: left;\"><strong>\u2014 Emmanuel Macron (@EmmanuelMacron)\u00a0<a href=\"https:\/\/twitter.com\/EmmanuelMacron\/status\/1948482142356603089?ref_src=twsrc%5Etfw\" target=\"_blank\" rel=\"noopener noreferrer\">July 24, 2025<\/a><\/strong><\/p>\n<\/blockquote>\n<p style=\"text-align: left;\"><span style=\"color: #000080;\">However, despite Macron\u2019s continued efforts, his controversial diplomatic initiative to recognize a Palestinian state faces widespread public opposition,\u00a0<a style=\"color: #000080;\" href=\"https:\/\/www.algemeiner.com\/2025\/06\/20\/majority-french-people-oppose-macrons-push-recognize-palestinian-state-new-survey-finds\/\" target=\"_blank\" rel=\"noopener noreferrer\">with nearly 80 percent of French citizens rejecting the move<\/a>.<\/span><\/p>\n<p style=\"text-align: left;\"><span style=\"color: #000080;\">A recent survey conducted by the French Institute of Public Opinion (IFOP) on behalf of the Representative Council of Jewish Institutions of France (CRIF) \u2014 the main representative body of French Jews \u2014 found that 78 percent of respondents opposed a \u201chasty, immediate, and unconditional recognition of a Palestinian state.\u201d<\/span><\/p>\n<p style=\"text-align: left;\"><span style=\"color: #000080;\">According to IFOP\u2019s survey, nearly half of French people (47 percent) believe that recognition of a Palestinian state should only be considered after the release of the remaining hostages captured by Hamas during the group\u2019s invasion of southern Israel on Oct. 7, 2023.<\/span><\/p>\n<p style=\"text-align: left;\"><span style=\"color: #000080;\">The survey also revealed deep concerns about the consequences of such a premature recognition, with 51 percent of respondents\u00a0<a style=\"color: #000080;\" href=\"https:\/\/www.algemeiner.com\/2025\/06\/06\/french-rabbi-tells-two-attacks-one-week-antisemitic-hate-crimes-rise\/\" target=\"_blank\" rel=\"noopener noreferrer\">fearing a resurgence of antisemitism in France<\/a>\u00a0and 50 percent believing it could strengthen Hamas\u2019s position in the Middle East.<\/span><\/p>\n<p style=\"text-align: left;\"><span style=\"color: #000080;\">France\u2019s policy move comes after Spain, Norway, Ireland, and Slovenia\u00a0<a style=\"color: #000080;\" href=\"https:\/\/www.algemeiner.com\/2024\/05\/28\/spain-norway-ireland-officially-recognize-palestinian-state-denmarks-parliament-rejects-proposal\/\" target=\"_blank\" rel=\"noopener noreferrer\">officially recognized a Palestinian state last year<\/a>, claiming that such a move would contribute to fostering a two-state solution and promote lasting peace in the region.<\/span><\/p>\n<p style=\"text-align: left;\"><span style=\"color: #000080;\">On Friday, Palestinian Authority President Mahmoud Abbas praised France\u2019s decision, calling it a \u201cvictory for the Palestinian cause.\u201d<\/span><\/p>\n<p style=\"text-align: left;\"><span style=\"color: #000080;\">\u201cThis reflects France\u2019s commitment to supporting the Palestinian people and their legitimate rights to their land and their homeland,\u201d Abbas said.<\/span><\/p>\n<p style=\"text-align: left;\"><span style=\"color: #000080;\">Meanwhile, Israeli Prime Minister Benjamin Netanyahu condemned France\u2019s announcement, describing it as a \u201creward for terrorism.\u201d<\/span><\/p>\n<p style=\"text-align: left;\"><span style=\"color: #000080;\">\u201cSuch a move \u2026 risks creating another Iranian proxy, just as Gaza became,\u201d the Israeli leader said in a post on X.<\/span><\/p>\n<p style=\"text-align: left;\"><span style=\"color: #000080;\">\u201cA Palestinian state in these conditions would be a launch pad to annihilate Israel \u2014 not to live in peace beside it. Let\u2019s be clear: the Palestinians do not seek a state alongside Israel. They seek a state instead of Israel,\u201d he continued.<\/span><\/p>\n<blockquote class=\"twitter-tweet\" data-twitter-extracted-i1753519823376469056=\"true\">\n<p dir=\"ltr\" lang=\"en\" style=\"text-align: left;\"><strong>We strongly condemn President Macron\u2019s decision to recognize a Palestinian state next to Tel Aviv in the wake of the October\u202f7 massacre. Such a move rewards terror and risks creating another Iranian proxy, just as Gaza became.<\/strong><\/p>\n<p style=\"text-align: left;\"><strong>A Palestinian state in these conditions would be a\u2026<\/strong><\/p>\n<p style=\"text-align: left;\"><strong>\u2014 Benjamin Netanyahu \u2013 \u05d1\u05e0\u05d9\u05de\u05d9\u05df \u05e0\u05ea\u05e0\u05d9\u05d4\u05d5 (@netanyahu)\u00a0<a href=\"https:\/\/twitter.com\/netanyahu\/status\/1948484711871119454?ref_src=twsrc%5Etfw\" target=\"_blank\" rel=\"noopener noreferrer\">July 24, 2025<\/a><\/strong><\/p>\n<\/blockquote>\n<p style=\"text-align: left;\"><span style=\"color: #000080;\">US Secretary of State Marco Rubio also denounced the move, calling it \u201creckless\u201d and saying it \u201conly serves Hamas propaganda.\u201d<\/span><\/p>\n<hr style=\"height: 15px; background: #d0e6fa; width: 100%;\" \/>\n<div id=\"content\" class=\"content-alignment\">\n<div id=\"watch-description\" class=\"yt-uix-button-panel\">\n<div id=\"watch-description-text\" style=\"text-align: center;\">\n<p><em>Zawarto\u015b\u0107 publikowanych artyku\u0142\u00f3w i materia\u0142\u00f3w nie reprezentuje pogl\u0105d\u00f3w ani opinii Reunion&#8217;68,<\/em><em><br \/>\nani te\u017c webmastera Blogu Reunion&#8217;68, chyba ze jest to wyra\u017anie zaznaczone.<br \/>\nTwoje uwagi, linki, w\u0142asne artyku\u0142y lub wiadomo\u015bci prze\u015blij na adres:<br \/>\n<\/em><span style=\"color: #000080;\"><strong><em><a style=\"color: #000080;\" href=\"mailto:webmaster@reunion68.com\"><span style=\"text-decoration: underline;\">webmaster@reunion68.com<\/span><\/a><\/em><\/strong><\/span><\/p>\n<\/div>\n<\/div>\n<\/div>\n<hr style=\"width: 100%;\" \/>\n","protected":false},"excerpt":{"rendered":"<p>French Foreign Minister Says Recognizing Palestinian State Defies Hamas, Despite Terror Group\u2019s Praise Ailin Vilches Arguello French Foreign Minister Jean-Noel Barrot speaks to the media on the day he attends the European Union Foreign Ministers council in Brussels, Belgium, July 15, 2025. Photo: REUTERS\/Yves Herman French Foreign Minister Jean-No\u00ebl Barrot insisted on Friday that President [&hellip;]<\/p>\n","protected":false},"author":1,"featured_media":0,"comment_status":"closed","ping_status":"closed","sticky":false,"template":"","format":"standard","meta":[],"categories":[6],"tags":[26,24],"_links":{"self":[{"href":"https:\/\/www.reunion68.se\/index.php?rest_route=\/wp\/v2\/posts\/122799"}],"collection":[{"href":"https:\/\/www.reunion68.se\/index.php?rest_route=\/wp\/v2\/posts"}],"about":[{"href":"https:\/\/www.reunion68.se\/index.php?rest_route=\/wp\/v2\/types\/post"}],"author":[{"embeddable":true,"href":"https:\/\/www.reunion68.se\/index.php?rest_route=\/wp\/v2\/users\/1"}],"replies":[{"embeddable":true,"href":"https:\/\/www.reunion68.se\/index.php?rest_route=%2Fwp%2Fv2%2Fcomments&post=122799"}],"version-history":[{"count":5,"href":"https:\/\/www.reunion68.se\/index.php?rest_route=\/wp\/v2\/posts\/122799\/revisions"}],"predecessor-version":[{"id":122904,"href":"https:\/\/www.reunion68.se\/index.php?rest_route=\/wp\/v2\/posts\/122799\/revisions\/122904"}],"wp:attachment":[{"href":"https:\/\/www.reunion68.se\/index.php?rest_route=%2Fwp%2Fv2%2Fmedia&parent=122799"}],"wp:term":[{"taxonomy":"category","embeddable":true,"href":"https:\/\/www.reunion68.se\/index.php?rest_route=%2Fwp%2Fv2%2Fcategories&post=122799"},{"taxonomy":"post_tag","embeddable":true,"href":"https:\/\/www.reunion68.se\/index.php?rest_route=%2Fwp%2Fv2%2Ftags&post=122799"}],"curies":[{"name":"wp","href":"https:\/\/api.w.org\/{rel}","templated":true}]}}