{"id":122837,"date":"2025-07-24T17:09:58","date_gmt":"2025-07-24T15:09:58","guid":{"rendered":"http:\/\/www.reunion68.se\/?p=122837"},"modified":"2025-07-24T13:47:23","modified_gmt":"2025-07-24T11:47:23","slug":"24-09-109","status":"publish","type":"post","link":"https:\/\/www.reunion68.se\/?p=122837","title":{"rendered":"List otwarty do Adama Michnika"},"content":{"rendered":"<p><img decoding=\"async\" class=\"aligncenter\" src=\"https:\/\/www.listyznaszegosadu.pl\/upload\/article\/bild\/9899\/553537\/800px-Adam_Michnik__2018__II_s.jpg\" width=\"100%\">Redaktor jest na urlopie, pod jego nieobecno\u015b\u0107 przypominamy wa\u017cniejsze teksty z przesz\u0142o\u015bci. Dzi\u015b &#8220;List Otwarty do Adanma Michnika&#8221; z lutego 2014 roku. p.o. Administratora, Paulina Raniszewska &amp;&amp;&amp;&amp;&amp;&amp;&amp;<\/p>\n<hr>\n<h5 style=\"text-align: center;\"><a href=\"https:\/\/www.listyznaszegosadu.pl\/\" target=\"_blank\" rel=\"noopener noreferrer\"><img decoding=\"async\" class=\"center alignleft\" src=\"http:\/\/www.reunion68.com\/Biuletyn\/img\/z-naszego.jpg\" alt=\"\" width=\"50%\"><\/a><span style=\"text-decoration: underline; color: #000080;\"><span><strong><a style=\"color: #000080; text-decoration: underline;\" href=\"https:\/\/www.listyznaszegosadu.pl\/brunatna-fala\/list-otwarty-do-adama-michnika\" target=\"_blank\" rel=\"noopener noreferrer\">List otwarty do Adama Michnika<\/a><\/strong><\/span><\/span><\/h5>\n<p style=\"text-align: center;\"><span style=\"color: #000000;\"><strong>Andrzej Koraszewski<\/strong><\/span><\/p>\n<hr style=\"height: 15px; background: #d0e6fa; width: 100%;\">\n<p class=\"strona\"><strong>Drogi Adamie!<\/strong><\/p>\n<p class=\"strona\" style=\"text-align: left;\"><span style=\"color: #000080;\">Wracaj\u0105 lata trzydzieste i&nbsp;powraca klarowna dychotomia, albo jeste\u015bmy po stronie \u0142ajdactwa, albo m\u00f3wimy g\u0142o\u015bno NIE dla plan\u00f3w ludob\u00f3jstwa, NIE dla ob\u0142\u0119du antysemityzmu. Dla uczciwego cz\u0142owieka nie ma tu niczego po\u015bredniego. Nie wystarczy tu troskliwa pami\u0119\u0107 o&nbsp;tych, kt\u00f3rych ju\u017c nie ma, nie wystarczy sprzeciw przeciw antysemityzmowi kibic\u00f3w czy internaut\u00f3w, nie ma miejsca dla formu\u0142ek o&nbsp;roz\u0142o\u017conej winie. Podobnie jak w&nbsp;latach trzydziestych, albo nale\u017cymy do tych, kt\u00f3rzy \u017c\u0105daj\u0105&nbsp;<em>numerus clausus&nbsp;<\/em>i&nbsp;\u0142awkowego getta, albo stajemy razem z&nbsp;tymi, kt\u00f3rym obiecuje si\u0119 zag\u0142ad\u0119. Nie ma trzeciej drogi i&nbsp;nic tu nie zmieni\u0105 okazjonalne b\u0105kni\u0119cia, \u017ce ta czy tamta wypowied\u017a zapowiadaj\u0105cych ludob\u00f3jstwo jest by\u0107 mo\u017ce nazbyt drastyczna, lub \u017ce jaka\u015b karykatura nazbyt przypomina karykatury ze&nbsp;<span class=\"st\">St\u00fcrmer<\/span>a.<\/span><\/p>\n<p class=\"strona\" style=\"text-align: left;\"><span style=\"color: #000080;\">Podejrzewam, i\u017c uznasz moje stwierdzenie, \u017ce powr\u00f3ci\u0142y lata trzydzieste z&nbsp;ich antysemickim ob\u0142\u0119dem za przesadzone. Argumenty na rzecz tej tezy musz\u0119 z&nbsp;konieczno\u015bci podawa\u0107 w&nbsp;wielkim skr\u00f3cie.<\/span><\/p>\n<p class=\"strona\" style=\"text-align: left;\"><span style=\"color: #000080;\">Okrzyk: \u201eTo nie antysemityzm tylko antysyjonizm&#8221; doskonale pami\u0119tamy obaj z&nbsp;czas\u00f3w Twojego relegowania ze studi\u00f3w i&nbsp;pierwszego aresztowania. Dzi\u015b ten okrzyk wydaje si\u0119 by\u0107 has\u0142em ONZ, Unii Europejskiej i&nbsp;wielu rz\u0105d\u00f3w pa\u0144stw europejskich, Amnesty International, pism takich jak brytyjski \u201eGuardian&#8221;, wielu Ko\u015bcio\u0142\u00f3w.<\/span><\/p>\n<p class=\"strona\" style=\"text-align: left;\"><span style=\"color: #000080;\">Zacznijmy od ONZ w&nbsp;latach 2002-2012 ta organizacja maj\u0105ca d\u0105\u017cy\u0107 do pokojowego rozwi\u0105zywania konflikt\u00f3w wyda\u0142a 435 rezolucji pot\u0119piaj\u0105cych Izrael, 5 Kore\u0119 P\u00f3\u0142nocn\u0105, 4 Sudan. Jako historyk i&nbsp;cz\u0142owiek, kt\u00f3ry po\u015bwi\u0119ci\u0142 swoje \u017cycie obronie praw cz\u0142owieka, masz prawdopodobnie w\u0105tpliwo\u015bci, czy te proporcje odzwierciedlaj\u0105 problemy tego \u015bwiata.<\/span><\/p>\n<p class=\"strona\" style=\"text-align: left;\"><span style=\"color: #000080;\">Kiedy i&nbsp;jak antysemityzm zacz\u0105\u0142 si\u0119 ponownie wkrada\u0107 do \u015bwiatowej polityki? Kiedy jako \u201eantysyjonizm&#8221; sta\u0142 si\u0119 ponownie szacownym pogl\u0105dem? Kiedy pod p\u0142aszczykiem udawanego wsp\u00f3\u0142czucia dla Palesty\u0144czyk\u00f3w sta\u0142 si\u0119 akceptowan\u0105 w&nbsp;towarzystwie form\u0105 poparcia dla ostatecznego rozwi\u0105zania kwestii \u017cydowskiej?<\/span><\/p>\n<p class=\"strona\" style=\"text-align: left;\"><span style=\"color: #000080;\">Obaj wiemy, \u017ce antysemityzm nie znikn\u0105\u0142 wraz z&nbsp;upadkiem Trzeciej Rzeszy. Sta\u0142 si\u0119 zaledwie niemodny. Holocaust nie przeszkadza\u0142 Brytyjczykom w&nbsp;ostrzeliwaniu statk\u00f3w wioz\u0105cych uciekinier\u00f3w z&nbsp;Europy. Nie przeszkodzi\u0142 im r\u00f3wnie\u017c w&nbsp;biernym i&nbsp;czynnym przygotowaniu armii arabskich do zag\u0142ady palesty\u0144skich \u017byd\u00f3w w&nbsp;1948 roku. Mordy ocala\u0142ych \u017byd\u00f3w polskich w&nbsp;Kielcach, Cz\u0119stochowie i&nbsp;wielu innych miejscach by\u0142y przy tym niemal niewinnym epizodem.<\/span><\/p>\n<p class=\"strona\" style=\"text-align: left;\"><span style=\"color: #000080;\">Napadni\u0119ty w&nbsp;dniu og\u0142oszenia niepodleg\u0142o\u015bci Izrael przetrwa\u0142 napa\u015b\u0107 po\u0142\u0105czonych armii s\u0105siad\u00f3w, co przy wielokrotnej przewadze w&nbsp;liczebno\u015bci wojsk i&nbsp;uzbrojenia wydawa\u0142o si\u0119 cudem. \u017bydzi wbrew planom ich s\u0105siad\u00f3w, na kt\u00f3re by\u0142o ciche przyzwolenie Zachodu, \u017cyli nadal. Wywo\u0142ywa\u0142o to nie tylko arabsk\u0105 irytacj\u0119. Antysyjonistyczne g\u0142osy w&nbsp;zachodnim \u015bwiecie s\u0142ycha\u0107 by\u0142o bardzo wyra\u017anie w&nbsp;ko\u0144cu lat czterdziestych i&nbsp;w latach pi\u0119\u0107dziesi\u0105tych ubieg\u0142ego wieku. Ta niech\u0119\u0107 Zachodu do tego, \u017ce ci \u017bydzi nadal \u017cyj\u0105, by\u0142a tak wyra\u017ana, i\u017c Stalin zw\u0119szy\u0142 tu okazj\u0119 do wstawienia nogi na Bliski Wsch\u00f3d. Przez kilka lat Zwi\u0105zek Radziecki by\u0142 g\u0142\u00f3wnym opiekunem Izraela w&nbsp;ONZ, a&nbsp;ob\u00f3z socjalistyczny g\u0142\u00f3wnym dostawc\u0105 broni do tego kraju.<\/span><\/p>\n<p class=\"strona\" style=\"text-align: left;\"><span style=\"color: #000080;\">W tym czasie Zach\u00f3d stworzy\u0142 interesuj\u0105cy problem uchod\u017ac\u00f3w palesty\u0144skich. Arabowie, kt\u00f3rych armie naje\u017ad\u017acze zach\u0119ca\u0142y do opuszczenia swoich dom\u00f3w na tydzie\u0144, p\u00f3ki nie oczy\u015bci si\u0119 ca\u0142ej Palestyny z \u017byd\u00f3w, w&nbsp;liczbie oko\u0142o 700 tysi\u0119cy znale\u017ali si\u0119 w&nbsp;Jordanii, Libanie, Syrii, Egipcie i&nbsp;kilku innych krajach. Organizacja Narod\u00f3w Zjednoczonych ustanowi\u0142a specjaln\u0105 agencj\u0119, kt\u00f3rej zadaniem by\u0142o pomaganie tym uchod\u017acom. Ta agencja nigdy nie protestowa\u0142a przeciw pozbawieniu palesty\u0144skich uchod\u017ac\u00f3w wszelkich praw, przeciw trzymaniu ich przez pokolenia w&nbsp;obozach dla uchod\u017ac\u00f3w, przeciw nadaniu uchod\u017acom palesty\u0144skim osobliwego prawa do bycia uchod\u017ac\u0105 przez wiele pokole\u0144. Przyj\u0119ta przez ONZ definicja uchod\u017acy jest klarowna. Uchod\u017ac\u0105 jest si\u0119 tylko do czasu zabezpieczenia normalnego \u017cycia. Dlatego Polacy przybyli z&nbsp;Kres\u00f3w przestawali by\u0107 uchod\u017acami w&nbsp;momencie, w&nbsp;kt\u00f3rym mieli schronienie i&nbsp;mo\u017cliwo\u015b\u0107 podj\u0119cia pracy. Czy wyobra\u017casz sobie powojenn\u0105 Europ\u0119 z&nbsp;polskimi uchod\u017acami trzymanymi przez dziesi\u0119ciolecia w&nbsp;obozach, czy z&nbsp;niemieckimi wyp\u0119dzonymi trzymanymi do dzi\u015b w&nbsp;obozach? Palesty\u0144czycy \u017cyj\u0105 do dzi\u015b w&nbsp;obozach dla uchod\u017ac\u00f3w, w&nbsp;wi\u0119kszo\u015bci kraj\u00f3w s\u0105 pozbawieni prawa do nabycia domu, prawa do pracy, prawa do wykszta\u0142cenia, prawa do swobody podr\u00f3\u017cowania. Wsp\u00f3\u0142czuj\u0105cy Palesty\u0144czykom mieszka\u0144cy Zachodu z&nbsp;regu\u0142y nie wspominaj\u0105 losu, jaki zgotowa\u0142y im pa\u0144stwa, kt\u00f3re ich przyj\u0119\u0142y, i&nbsp;nigdy nie zg\u0142aszaj\u0105 pretensji do ONZ i&nbsp;rz\u0105d\u00f3w zachodnich za \u015bwiadome i&nbsp;celowe podtrzymywanie piek\u0142a palesty\u0144skich uchod\u017ac\u00f3w.<\/span><\/p>\n<p class=\"strona\" style=\"text-align: left;\"><span style=\"color: #000080;\">Na czym zatem polega wsp\u00f3\u0142czucie dla Palesty\u0144czyk\u00f3w? Pozwolisz, \u017ce przedstawi\u0119 to w&nbsp;najbardziej drastyczny spos\u00f3b, ot\u00f3\u017c bardzo cz\u0119sto jest to wsp\u00f3\u0142czucie, \u017ce \u017bydzi utrudniaj\u0105 Palesty\u0144czykom zabijanie \u017byd\u00f3w. S\u0142yszymy gromkie protesty, \u017ce okupuj\u0105cy oddzielaj\u0105 si\u0119 murem od okupowanych, \u017ce w&nbsp;Izraelu Arabowie maj\u0105cy prawo do reprezentacji politycznej, do pracy w&nbsp;ka\u017cdym zawodzie, pe\u0142ny dost\u0119p do o\u015bwiaty, do niecenzurowanej prasy, kt\u00f3rzy maj\u0105 prawo do nabywania w\u0142asno\u015bci i&nbsp;wykonywania ka\u017cdego zawodu (w\u0142\u0105cznie z&nbsp;prac\u0105 s\u0119dziego S\u0105du Najwy\u017cszego, dyplomaty reprezentuj\u0105cego kraj za granic\u0105, czy oficera armii) s\u0105 obywatelami drugiej kategorii, a&nbsp;Izrael nazywany jest krajem apartheidu.<\/span><\/p>\n<p class=\"strona\" style=\"text-align: left;\"><span style=\"color: #000080;\">Czy nie dziwi Ci\u0119 to, Adamie, \u017ce ci sami ludzie s\u0105 ca\u0142kowicie oboj\u0119tni na los Palesty\u0144czyk\u00f3w w&nbsp;obozach dla uchod\u017ac\u00f3w w&nbsp;krajach arabskich, na fakt pozbawienia ich elementarnych praw ludzkich, na to, \u017ce s\u0105 \u015bwiadomie i&nbsp;z premedytacj\u0105 wykorzystywani jako mi\u0119so armatnie w&nbsp;konflikcie islamu z \u017bydami?<\/span><\/p>\n<p class=\"strona\" style=\"text-align: left;\"><span style=\"color: #000080;\">Czy zatem konflikt palesty\u0144sko-izraelski jest rzeczywi\u015bcie g\u0142\u00f3wnym problemem Bliskiego Wschodu, czy pozwalamy si\u0119 ok\u0142amywa\u0107? Arabowie nie zgodzili si\u0119 na utworzenie pa\u0144stwa palesty\u0144skiego w&nbsp;1947 roku, nie utworzyli na Zachodnim Brzegu pa\u0144stwa palesty\u0144skiego w&nbsp;latach 1948-1967, odmawiaj\u0105 jego utworzenia dzi\u015b. Gaza jest dzi\u015b ca\u0142kowicie samorz\u0105dn\u0105 enklaw\u0105, Zachodni Brzeg ma niespotykan\u0105 w&nbsp;dotychczasowych dziejach autonomi\u0119 \u201eterytori\u00f3w okupowanych&#8221;.<\/span><\/p>\n<p class=\"strona\" style=\"text-align: left;\"><span style=\"color: #000080;\">Zar\u00f3wno w&nbsp;rz\u0105dzonej przez Hamas Gazie, jak i&nbsp;w Autonomii Palesty\u0144skiej s\u0105 obozy dla uchod\u017ac\u00f3w z&nbsp;obywatelami ju\u017c nie drugiej, a&nbsp;pi\u0105tej kategorii, o&nbsp;kt\u00f3rych prawa Zach\u00f3d nigdy si\u0119 nie upomina\u0142.<\/span><\/p>\n<p class=\"strona\" style=\"text-align: left;\"><span style=\"color: #000080;\">Palesty\u0144czycy s\u0105 wi\u0119\u017aniami arabskiego antysemityzmu. Tresowani do nienawi\u015bci, szczuci do nienawi\u015bci i&nbsp;kochani wy\u0142\u0105cznie jako mordercy \u017byd\u00f3w.<\/span><\/p>\n<p class=\"strona\" style=\"text-align: left;\"><span style=\"color: #000080;\">W innym&nbsp;<a style=\"color: #000080;\" href=\"http:\/\/www.racjonalista.pl\/kk.php\/kk.php\/s,872\" target=\"_blanc\" rel=\"noopener noreferrer\">li\u015bcie otwartym<\/a>&nbsp;(reakcji si\u0119 nie doczeka\u0142em) proponowa\u0142em Lechowi Wa\u0142\u0119sie, \u017ceby zg\u0142osi\u0142 do Pokojowej Nagrody Nobla kandydatur\u0119 wspania\u0142ego palesty\u0144skiego lekarza z&nbsp;Gazy, autora ksi\u0105\u017cki&nbsp;<em>Nie b\u0119d\u0119 nienawidzi\u0142<\/em>, pewnie o&nbsp;nim nigdy nie s\u0142ysza\u0142e\u015b, \u201eGazeta Wyborcza&#8221; nigdy o&nbsp;nim nie pisa\u0142a.&nbsp;<a class=\"przyp\" style=\"color: #000080;\" href=\"http:\/\/www.racjonalista.pl\/kk.php\/t,8281#_f1\" name=\"_p1\"><\/a><sup>[ 1 ]<\/sup>&nbsp;Nawet dla Smole\u0144skiego by\u0142oby to zbyt trudne.<\/span><\/p>\n<p class=\"strona\" style=\"text-align: left;\"><span style=\"color: #000080;\">A wi\u0119c, czy konflikt izraelsko-palesty\u0144ski jest centraln\u0105 kwestia Bliskiego Wschodu, czy tym problemem s\u0105 ci, kt\u00f3rzy chc\u0105, \u017ceby Palesty\u0144czycy zostali na zawsze wi\u0119\u017aniami muzu\u0142ma\u0144skiej nienawi\u015bci?<\/span><\/p>\n<p class=\"strona\" style=\"text-align: left;\"><span style=\"color: #000080;\">Postawmy to pytanie inaczej, czy dla muzu\u0142man\u00f3w wojna z&nbsp;Izraelem jest wojn\u0105 religijn\u0105 i&nbsp;czy chrze\u015bcija\u0144ski&nbsp; Zach\u00f3d (wraz z&nbsp;jego lewic\u0105 laick\u0105) opowiedzia\u0142 si\u0119 w&nbsp;tej wojnie po stronie wyznawc\u00f3w Allaha?<\/span><\/p>\n<p class=\"strona\" style=\"text-align: left;\"><span style=\"color: #000080;\">Dla za\u0142o\u017cyciela Bractwa Muzu\u0142ma\u0144skiego Hassana al-Banny to pytanie by\u0142oby absurdalne. Dla niego by\u0142o oczywiste, \u017ce sprawa Izraela to wojna z \u017bydami, kt\u00f3ra mo\u017ce si\u0119 sko\u0144czy\u0107 tylko po zabiciu ostatniego \u017byda.<\/span><\/p>\n<p class=\"strona\" style=\"text-align: left;\"><span style=\"color: #000080;\">Co m\u00f3wi\u0105 jego nast\u0119pcy? Naczelny kap\u0142an tego Bractwa m\u00f3wi\u0142, \u017ce kolejny Holocaust b\u0119dzie z r\u0119ki wiernych. Pos\u0142uchaj co m\u00f3wi\u0142:<\/span><\/p>\n<p class=\"strona\" style=\"text-align: left;\"><span style=\"color: #000080;\">Mo\u017ce wola\u0142by\u015b us\u0142ysze\u0107 podobne wypowiedzi z&nbsp;ust obecnego przewodnika generalnego Bractwa Muzu\u0142ma\u0144skiego? Obs\u0142uguj\u0105ca ten region Marta Urz\u0119dowska z&nbsp;pewno\u015bci\u0105 oszcz\u0119dzi Ci tak drastycznych rzeczy, by nie zak\u0142\u00f3ca\u0107 obrazu umiarkowanego Bractwa Muzu\u0142ma\u0144skiego.<\/span><\/p>\n<p class=\"strona\" style=\"text-align: left;\"><span style=\"color: #000080;\">Kusi mnie, \u017ceby da\u0107 tu linki do pi\u0119ciu, czy dziesi\u0119ciu film\u00f3w z&nbsp;wypowiedziami kap\u0142an\u00f3w i&nbsp;polityk\u00f3w, ale musz\u0119 zachowa\u0107 umiar, powiem tylko, \u017ce zwrot \u201eO Allahu, zabij ich co do jednego&#8221; powtarza si\u0119 w&nbsp;nich z&nbsp;wielk\u0105 regularno\u015bci\u0105.<\/span><\/p>\n<p class=\"strona\" style=\"text-align: left;\"><span style=\"color: #000080;\">Czy pami\u0119tasz Adamie obrzydliw\u0105 atmosfer\u0119 w&nbsp;Polsce po wojnie sze\u015bciodniowej na Bliskim Wschodzie? W\u0142adys\u0142aw Gomu\u0142ka z\u017cyma\u0142 si\u0119 na tych, kt\u00f3rzy odwa\u017cali si\u0119 wyra\u017ca\u0107 rado\u015b\u0107 z&nbsp;powodu tego, \u017ce \u017bydom po raz kolejny uda\u0142o si\u0119 uniemo\u017cliwi\u0107 pr\u00f3b\u0119 wymordowania ich. Czy pami\u0119tasz jego wykrzywion\u0105 twarz, krzycz\u0105c\u0105 \u201ePolak ma tylko jedn\u0105 ojczyzn\u0119&#8221;. Antoni S\u0142onimski odpowiedzia\u0142 na to z&nbsp;gorzk\u0105 ironi\u0105: \u201eRozumiem, ale dlaczego to musi by\u0107 Egipt?&#8221;<\/span><\/p>\n<p class=\"strona\" style=\"text-align: left;\"><span style=\"color: #000080;\">Czy zada\u0142e\u015b sobie kiedy\u015b trud prze\u015bledzenia arabskiej propagandy w&nbsp;dniach poprzedzaj\u0105cych t\u0119 wojn\u0119? Sytuacja mi\u0119dzynarodowa odwr\u00f3ci\u0142a si\u0119, Zwi\u0105zek Radziecki zbroi\u0142 Egipt, Syri\u0119, Irak i&nbsp;kilka innych kraj\u00f3w. Francja odwa\u017cnie dostarcza\u0142a broni Izraelowi.<\/span><\/p>\n<p class=\"strona\" style=\"text-align: left;\"><span style=\"color: #000080;\">Czy w&nbsp;obliczu otwarcie zapowiadanej zag\u0142ady pojawi\u0142y si\u0119 na Morzu \u015ar\u00f3dziemnym jakie\u015b ameryka\u0144skie lotniskowce, a&nbsp;mo\u017ce Brytyjczycy postawili Egiptowi ultimatum, mo\u017ce ONZ wzmocni\u0142 swoje si\u0142y pokojowe na Synaju? Nic z&nbsp;tych rzeczy, Zwi\u0105zek Radziecki zagrzewa\u0142 do wojny, reszta \u015bwiata przygl\u0105da\u0142a si\u0119 z&nbsp;zaciekawieniem.<\/span><\/p>\n<p class=\"strona\" style=\"text-align: left;\"><span style=\"color: #000080;\">A co zapowiadano? Sp\u00f3jrz na trzy karykatury z&nbsp;kraj\u00f3w arabskich opublikowane w&nbsp;przeddzie\u0144 tej wojny:<\/span><\/p>\n<p><center><img decoding=\"async\" class=\"aligncenter\" src=\"http:\/\/i.racjonalista.pl\/img\/strony\/65.jpg\" alt=\"\" align=\"middle\" border=\"0\"><\/p>\n<p><img decoding=\"async\" class=\"aligncenter\" src=\"http:\/\/i.racjonalista.pl\/img\/strony\/64.jpg\" alt=\"\" align=\"middle\" border=\"0\"><\/p>\n<p><img decoding=\"async\" src=\"http:\/\/i.racjonalista.pl\/img\/strony\/63.jpg\" alt=\"\" align=\"middle\" border=\"0\"><\/p>\n<p><img decoding=\"async\" class=\"aligncenter\" src=\"http:\/\/i.racjonalista.pl\/img\/strony\/69.jpg\" alt=\"\" align=\"middle\" border=\"0\"><\/p>\n<p><\/center><\/p>\n<p class=\"strona\" style=\"text-align: left;\"><span style=\"color: #000080;\">Czy znasz s\u0142owo&nbsp;<em>nakba<\/em>, Adamie? To ciekawe arabskie s\u0142owo, oznacza ono kl\u0119sk\u0119 i&nbsp;uczucie upokorzenia po nieudanej pr\u00f3bie wymordowania \u017byd\u00f3w. To wa\u017cne s\u0142owo Adamie, osobliwy klucz do dzisiejszego \u015bwiata. Po ka\u017cdej nieudanej pr\u00f3bie wymordowania \u017byd\u00f3w ro\u015bnie uczucie upokorzenia i&nbsp;natychmiast rozpoczynaj\u0105 si\u0119 przygotowania do nast\u0119pnej takiej pr\u00f3by.<\/span><\/p>\n<p class=\"strona\" style=\"text-align: left;\"><span style=\"color: #000080;\">\u201eGazeta Wyborcza&#8221; prezentuje premiera Netanyahu jako polityka \u017c\u0105dnego krwi, stoj\u0105cego na drodze do pokoju. Nie pami\u0119tam, \u017ceby ta gazeta cytowa\u0142a kiedykolwiek jego s\u0142owa: \u201eKiedy Arabowie od\u0142o\u017c\u0105 bro\u0144, nast\u0119pnego dnia b\u0119dzie pok\u00f3j, kiedy Izraelczycy od\u0142o\u017c\u0105 bro\u0144, nast\u0119pnego dnia przestan\u0105 istnie\u0107&#8221;.<\/span><\/p>\n<p class=\"strona\" style=\"text-align: left;\"><span style=\"color: #000080;\">Czy te s\u0142owa ilustruj\u0105 rzeczywisto\u015b\u0107, czy s\u0105, jak to \u0142adnie nazywaj\u0105 dziennikarze Twojej gazety \u201eretoryk\u0105&#8221;?<\/span><\/p>\n<p class=\"strona\" style=\"text-align: left;\"><span style=\"color: #000080;\">\u015awiat islamu jest podzielony, liczba muzu\u0142ma\u0144skich ofiar z&nbsp;r\u0105k muzu\u0142man\u00f3w liczy si\u0119 w&nbsp;milionach ludzkich istnie\u0144. \u015awiat islamu \u201e\u0142\u0105czy&#8221; tak naprawd\u0119 tylko jedna sprawa, w\u015bciek\u0142y, ob\u0142\u0119dny antysemityzm. Kiedy gniew ludu obraca si\u0119 przeciw dyktatorowi, padaj\u0105 zarzuty, \u017ce by\u0142 kryptosyjonist\u0105 i&nbsp;wsp\u00f3\u0142pracowa\u0142 z&nbsp;Izraelem. Musia\u0142e\u015b widzie\u0107 karykatury Mubaraka i&nbsp;Kaddafiego z&nbsp;gwiazd\u0105 Dawida na czole, syryjska opozycja zarzuca Assadowi wsp\u00f3\u0142prac\u0119 z&nbsp;Izraelem, a&nbsp;Assad zarzuca syryjskiej opozycji, \u017ce jest wspierana i&nbsp;zbrojona przez Izrael. Iran zarzuca krajom arabskim, \u017ce s\u0105 uleg\u0142e wobec Izraela i&nbsp;pr\u00f3buje pozyska\u0107 zwolennik\u00f3w w&nbsp;tych krajach, przekonuj\u0105c, \u017ce dla nich wymordowanie \u017byd\u00f3w jest \u015bwi\u0119tym obowi\u0105zkiem. Szalony \u015bwiat, w&nbsp;kt\u00f3rym nieliczni libera\u0142owie pr\u00f3buj\u0105 wzywa\u0107 do opami\u0119tania. Czy kto\u015b ich s\u0142yszy? Czy to na nich koncentrujemy nasz\u0105 uwag\u0119?<\/span><\/p>\n<p class=\"strona\" style=\"text-align: left;\"><span style=\"color: #000080;\">I zn\u00f3w gorzka uwaga \u2014 nie pami\u0119tam, \u017ceby \u201eGazeta Wyborcza&#8221; zechcia\u0142a udzieli\u0107 swoich \u0142am tym autorom opozycji egipskiej, ira\u0144skiej, liba\u0144skiej czy tureckiej, kt\u00f3rzy nawo\u0142uj\u0105 do opami\u0119tania.<\/span><\/p>\n<p class=\"strona\" style=\"text-align: left;\"><span style=\"color: #000080;\">Co si\u0119 sta\u0142o? Dlaczego niemal ca\u0142a zachodnia inteligencja zacz\u0119\u0142a opowiada\u0107 si\u0119 po stronie otwartych, nie kryj\u0105cych swoich zamiar\u00f3w zwolennik\u00f3w ludob\u00f3jstwa? Dlaczego ambicj\u0105 zachodnich intelektualist\u00f3w sta\u0142a si\u0119 otwarta lub dyskretna obrona Hamasu, Hezbollahu, Bractwa Muzu\u0142ma\u0144skiego, ira\u0144skich dyktator\u00f3w i&nbsp;ka\u017cdego kto deklaruje gotowo\u015b\u0107 wymordowania \u017byd\u00f3w?<\/span><\/p>\n<p class=\"strona\" style=\"text-align: left;\"><span style=\"color: #000080;\">Twoi dziennikarze nie s\u0105 w&nbsp;\u017caden spos\u00f3b oryginalni, maszeruj\u0105 w&nbsp;karnym szeregu id\u0105cych za obowi\u0105zuj\u0105c\u0105 dzi\u015b w&nbsp;\u015bwiecie mod\u0105. Jest oczywi\u015bcie r\u00f3\u017cnica mi\u0119dzy Kostkiem Gebertem a&nbsp;Robertem Stefanickim, ale s\u0105 to drobne r\u00f3\u017cnice stylu i&nbsp;osobistej kultury. Duch jest ten sam jaki widzimy w&nbsp;BBC, w&nbsp;\u201eGuardianie&#8221;, w&nbsp;wielu gazetach francuskich, holenderskich, czy belgijskich. Tego ducha bodaj najlepiej oddaje tytu\u0142 informacji w&nbsp;\u201eGazecie Wyborczej&#8221; o&nbsp;zamachu terrorystycznym na granicy egipsko-izraelskiej. Tytu\u0142 waszej notki brzmia\u0142:&nbsp;<a style=\"color: #000080;\" href=\"http:\/\/wiadomosci.gazeta.pl\/wiadomosci\/1,114871,12259463,Izrael_zaatakowal_pojazd__ktory_wjechal_od_strony.html\" target=\"_blank\" rel=\"noopener noreferrer\">\u201eIzraelski samolot zaatakowa\u0142 pojazd, kt\u00f3ry wjecha\u0142 od strony Egiptu&#8221;<\/a>. Islami\u015bci zaatakowali egipski posterunek graniczny, zamordowali 16 \u017co\u0142nierzy egipskich, ukradli dwa wojskowe pojazdy, kt\u00f3rymi pr\u00f3bowali wjecha\u0107 na teren Izraela, a&nbsp;Twoja gazeta pisze: Izraelski samolot zaatakowa\u0142 pojazd, kt\u00f3ry wjecha\u0142 od strony Egiptu!<\/span><\/p>\n<p class=\"strona\" style=\"text-align: left;\"><span style=\"color: #000080;\">Odpowiesz, \u017ce w&nbsp;kolejnych dniach naprawiono ten b\u0142\u0105d informuj\u0105c obszernie o&nbsp;tym incydencie. Adamie, ja pisz\u0119 o&nbsp;duchu informowania o&nbsp;konflikcie, kt\u00f3ry z&nbsp;wielu powod\u00f3w zdominowa\u0142 umys\u0142y wsp\u00f3\u0142czesnego \u015bwiata.<\/span><\/p>\n<p class=\"strona\" style=\"text-align: left;\"><span style=\"color: #000080;\">Jednym z&nbsp;najbardziej antysemickich miast dzisiejszej Europy jest Malmoe. Mieszkaj\u0105cy w&nbsp;tym mie\u015bcie \u017bydzi pospiesznie pakuj\u0105 walizki, szukaj\u0105c innego miejsca na ziemi ze wzgl\u0119du na zagro\u017cenie \u017cycia. Szwedzka prasa donosi o&nbsp;tym niech\u0119tnie, w\u0142adze odwo\u0142uj\u0105 spotkania z&nbsp;izraelskim sportowcami, doniesienia na temat konfliktu na Bliskim Wschodzie cz\u0119sto s\u0105 tu takie, \u017ce artyku\u0142y Stefanickiego, Zawadzkiego czy Urz\u0119dowskiej nale\u017ca\u0142yby do wyj\u0105tkowo obiektywnych.<\/span><\/p>\n<p class=\"strona\" style=\"text-align: left;\"><span style=\"color: #000080;\">Kiedy w&nbsp;1971 roku przyjecha\u0142em na dworzec w&nbsp;Malmoe wita\u0142 nas tam Natan Tenenbaum z&nbsp;zabawnym transparentem: \u201eWychod\u017astwo Starozakonne wita ostatniego arianina Rzeczpospolitej&#8221;. Zostawia\u0142em za sob\u0105 zat\u0119ch\u0142a atmosfer\u0119 polskiego antysemityzmu, kt\u00f3ry w&nbsp;tamtych czasach mia\u0142 ohydn\u0105 g\u0119b\u0119 najwy\u017cszych w\u0142adz pa\u0144stwowych.<\/span><\/p>\n<p class=\"strona\" style=\"text-align: left;\"><span style=\"color: #000080;\">Szwecja tamtych czas\u00f3w nie tylko wolna by\u0142a od antysemityzmu, ale wyznacza\u0142a wzory moralne, jako kraj otwieraj\u0105cy swoje granice dla prze\u015bladowanych.<\/span><\/p>\n<p class=\"strona\" style=\"text-align: left;\"><span style=\"color: #000080;\">Z pewnym za\u017cenowaniem reagowa\u0142em, kiedy nazywano mnie uchod\u017ac\u0105 politycznym. Nie by\u0142em zdecydowany na otwart\u0105 walk\u0119 i&nbsp;ewentualne wi\u0119zienie, nie by\u0142em r\u00f3wnie\u017c gotowy na konformizm wobec tamtych w\u0142adz w&nbsp;Polsce. Wyjecha\u0142em, bo chcia\u0142em \u017cy\u0107 normalnym \u017cyciem. Na Ciebie i&nbsp;innych patrzy\u0142em z&nbsp;niek\u0142amanym podziwem i&nbsp;uwa\u017ca\u0142em, \u017ce moim obowi\u0105zkiem jest po\u015bwi\u0119cenie cz\u0119\u015bci tego mojego normalnego \u017cycia w&nbsp;Szwecji na informowanie \u015bwiata o&nbsp;waszych dzia\u0142aniach i&nbsp;o waszych losach. Po szwedzkiej stronie cudownych partner\u00f3w znalaz\u0142em w&nbsp;Amnesty International. Tamtej Szwecji ju\u017c nie ma. Drogi moich dawnych przyjaci\u00f3\u0142 posz\u0142y w&nbsp;r\u00f3\u017cne strony. Jeden z&nbsp;nich widz\u0105c na tablicy og\u0142oszeniowej sp\u00f3\u0142dzielczego domu towarowego dumny napis, \u017ce sp\u00f3\u0142dzielnia bojkotuje \u017cydowskie (przepraszam, izraelskie) towary, robi w\u015bciek\u0142\u0105 awantur\u0119, by\u0142a przyjaci\u00f3\u0142ka pr\u00f3buje nas przekona\u0107, \u017ce Izrael jest pa\u0144stwem apartheidu, maj\u0105cym tysi\u0105ce wi\u0119\u017ani\u00f3w politycznych i&nbsp;\u017ce jest najwi\u0119kszym zagro\u017ceniem dla pokoju na \u015bwiecie.<\/span><\/p>\n<p class=\"strona\" style=\"text-align: left;\"><span style=\"color: #000080;\">Pr\u00f3buj\u0119 zrozumie\u0107 co si\u0119 sta\u0142o, jak ludzie, w&nbsp;kt\u00f3rych inteligencj\u0119 i&nbsp;uczciwo\u015b\u0107 nie mog\u0119 w\u0105tpi\u0107, wyl\u0105dowali w\u015br\u00f3d sympatyk\u00f3w morderc\u00f3w i&nbsp;zwolennik\u00f3w ostatecznego rozwi\u0105zania kwestii \u017cydowskiej?<\/span><\/p>\n<p class=\"strona\" style=\"text-align: left;\"><span style=\"color: #000080;\">Nie mam na to pytane jednoznacznej odpowiedzi, ale bez w\u0105tpienia cz\u0119\u015bci\u0105 wyja\u015bnienia jest skradziony autorytet moralny. ONZ mia\u0142a by\u0107 w&nbsp;za\u0142o\u017ceniach autorytetem moralnym tego \u015bwiata. Antoni S\u0142onimski by\u0142 przedstawicielem Polski kiedy k\u0142adziono powojenne zr\u0119by tej organizacji. Jego teksty z&nbsp;tamtego okresu tchn\u0105 pi\u0119knym, naiwnym romantyzmem. Za\u0142o\u017cyciel Amnesty International chcia\u0142 tak niewiele, aby \u015bwiat dowiadywa\u0142 si\u0119 o&nbsp;prze\u015bladowaniach tych, kt\u00f3rych uwi\u0119ziono za ich pogl\u0105dy, dzi\u015b jego organizacja wykorzystuje nagromadzony autorytet dla otwartego popierania terroryst\u00f3w . Za\u0142o\u017cyciel Human Rights Watch wycofa\u0142 z&nbsp;niej swoje nazwisko i&nbsp;za\u0142o\u017cy\u0142 now\u0105 organizacj\u0119, poniewa\u017c ludzie, kt\u00f3rzy przej\u0119li za\u0142o\u017con\u0105 przez niego organizacj\u0119, sprzeniewierzyli si\u0119 jej pierwotnym celom.<\/span><\/p>\n<p class=\"strona\" style=\"text-align: left;\"><span style=\"color: #000080;\">Mam wra\u017cenie, \u017ce wielu uczciwych ludzi pogubi\u0142o si\u0119 w&nbsp;tym wszystkim ufaj\u0105c skradzionym autorytetom moralnym. Jednym z&nbsp;moich wielkich zawod\u00f3w jest BBC, korporacja, kt\u00f3ra przez dziesi\u0119ciolecia tworzy\u0142a standardy dziennikarskiej rzetelno\u015bci. (Z\u0142o\u015bliwa anegdota g\u0142osi\u0142a, \u017ce Orwell nigdy na w\u0142asne oczy nie widzia\u0142 \u017cadnego totalitarnego kraju, ale pracowa\u0142 w&nbsp;BBC, wi\u0119c mia\u0142 do\u015bwiadczenie z&nbsp;pierwszej r\u0119ki.)<\/span><\/p>\n<p class=\"strona\" style=\"text-align: left;\"><span style=\"color: #000080;\">Jednym z&nbsp;najwa\u017cniejszych \u017ar\u00f3de\u0142 autorytetu moralnego \u201eGazety Wyborczej&#8221; by\u0142y i&nbsp;nadal s\u0105 \u017cyciorysy jej za\u0142o\u017cycieli. W&nbsp;czasach gdy \u015bwiat ponownie stan\u0105\u0142 na rozdro\u017cu, lament nad losem umar\u0142ych nie zast\u0105pi uczciwo\u015bci intelektualnej wobec \u017cywych.<\/span><\/p>\n<p class=\"strona\" style=\"text-align: left;\"><span style=\"color: #000080;\">W ubieg\u0142\u0105 sobot\u0119 przes\u0142a\u0142em Ci mail, w&nbsp;kt\u00f3rym pisa\u0142em:<\/span><\/p>\n<blockquote>\n<p class=\"strona\" style=\"text-align: left;\"><strong>Drogi Adamie,<\/strong><br \/>\n<strong>Wczoraj czo\u0142owe postaci Iranu zapowiedzia\u0142y szybk\u0105 likwidacj\u0119 Izraela, Sekretarz Generalny Hezbollahu o\u015bwiadczy\u0142, \u017ce jego organizacja jest zaopatrzona w&nbsp;bro\u0144, kt\u00f3ra umo\u017cliwi \u015bmier\u0107 dziesi\u0105tk\u00f3w tysi\u0119cy mieszka\u0144c\u00f3w Izraela. Informacje o&nbsp;tym publikowa\u0142em wczoraj. Dzi\u015b New York Times poinformowa\u0142 o&nbsp;tym w&nbsp;notce na dalszych stronach, BBC, Guardian wcale, Ban Ki-Moon wspomnia\u0142, czytelnik \u201eGazety&#8221; nie mia\u0142 szans si\u0119 o&nbsp;tym dowiedzie\u0107. Czy zapowied\u017a szybkiego ludob\u00f3jstwa jest warta wspomnienia? Czy zniekszta\u0142cenia informacji na temat konfliktu na Bliskim Wschodzie, kt\u00f3re znajdujemy w&nbsp;\u201eGazecie Wyborczej&#8221; s\u0105 gro\u017aniejsze ni\u017c te na stronach lewak\u00f3w i&nbsp;neonazist\u00f3w? Moim zdaniem tak. Uczciwy cz\u0142owiek Wam wierzy. Tych zniekszta\u0142ce\u0144 jest u&nbsp;Was niestety bardzo du\u017co, w&nbsp;postaci przemilcze\u0144, w&nbsp;postaci jednostronnej informacji ludzi, kt\u00f3rym si\u0119 wydaje, \u017ce je\u015bli daj\u0105 informacje islamist\u00f3w i&nbsp;zr\u00f3wnowa\u017c\u0105 j\u0105 informacj\u0105 z&nbsp;Haaretz, to ju\u017c s\u0105 uczciwi.<\/strong><br \/>\n<strong>Gdyby\u015b chcia\u0142 si\u0119 dowiedzie\u0107 co si\u0119 sta\u0142o wczoraj w&nbsp;Teheranie to mo\u017cesz to przeczyta\u0107&nbsp;<a href=\"http:\/\/www.racjonalista.pl\/kk.php\/kk.php\/s,8270\" target=\"_blank\" rel=\"noopener noreferrer\">tu<\/a>. (Jest to link do naszego tekstu pod tytu\u0142em: \u201eIran \u2014 eliminacja Izraela jest bliska i&nbsp;bardziej mo\u017cliwa ni\u017c kiedykolwiek&#8221;. ) Z&nbsp;Twojej gazety tego si\u0119 nie dowiesz.<\/strong><br \/>\n<strong>Otworzy\u0142em dzi\u015b \u201eGazet\u0119&#8221; i&nbsp;znalaz\u0142em Tw\u00f3j tekst o&nbsp;godno\u015bci. Jak zawsze ciekawy, a&nbsp;jednak wola\u0142bym, \u017ceby najlepsza gazeta w&nbsp;tym kraju by\u0142a lepszym \u017ar\u00f3d\u0142em informacji o&nbsp;\u015bwiecie.<\/strong><br \/>\n<strong>Serdeczne pozdrowienia<\/strong><\/p>\n<p class=\"strona\" style=\"text-align: left;\"><strong>Andrzej<\/strong><\/p>\n<\/blockquote>\n<p class=\"strona\"><span style=\"color: #000080;\">W poniedzia\u0142ek przeczyta\u0142em w&nbsp;\u201eGazecie Wyborczej&#8221; artyku\u0142 Roberta Stefanickiego pod znamiennym tytu\u0142em: \u201eWystraszony Iran chce nastraszy\u0107 Izrael&#8221;. Wyt\u0142uszczony pocz\u0105tek g\u0142osi:<\/span><\/p>\n<blockquote>\n<p class=\"strona\" style=\"text-align: left;\"><strong>Istnienie Izraela to obraza dla ludzko\u015bci \u2014 twierdzi\u0142 prezydent Iranu Mahmud Ahmadine\u017cad. Ira\u0144scy przyw\u00f3dcy zaostrzaj\u0105 retoryk\u0119 w&nbsp;odpowiedzi na gro\u017aby ataku, kt\u00f3rymi szermuj\u0105 politycy z&nbsp;Izraela. Komentatorzy twierdz\u0105 jednak, \u017ce ta wojna nie wybuchnie.<\/strong><\/p>\n<\/blockquote>\n<p class=\"strona\" style=\"text-align: left;\"><span style=\"color: #000080;\">W dalszej cz\u0119\u015bci artyku\u0142u autor cytuje niekt\u00f3re wypowiedzi ira\u0144skiego prezydenta okre\u015blaj\u0105cego \u017byd\u00f3w jako \u201eskorumpowan\u0105 nieludzk\u0105 mniejszo\u015b\u0107 sprzeciwiaj\u0105c\u0105 si\u0119 wszystkim boskim warto\u015bciom&#8221;, stwierdzaj\u0105cego, \u017ce \u201estawianie czo\u0142a istnieniu tego sztucznego tworu syjonistycznego jest r\u00f3wnoznaczne z&nbsp;obron\u0105 praw i&nbsp;godno\u015bci wszystkich istot ludzkich&#8221;. Autor cytuje r\u00f3wnie\u017c s\u0142owa Najwy\u017cszego Przyw\u00f3dcy Alego Chameinego, \u017ce syjonistyczna rakowata naro\u015bl pozostaje najwi\u0119kszym problemem wszystkich muzu\u0142man\u00f3w i&nbsp;niebawem zniknie z&nbsp;pejza\u017cu regionu.<\/span><\/p>\n<p class=\"strona\" style=\"text-align: left;\"><span style=\"color: #000080;\">Och, to sta\u0142y rytua\u0142, uspakaja nas dziennikarz \u201eGazety Wyborczej&#8221; i&nbsp;nie warto by by\u0142o zwraca\u0107 na te s\u0142owa uwagi, gdyby nie rosn\u0105ce napi\u0119cie mi\u0119dzy Iranem a&nbsp;Izraelem.<\/span><\/p>\n<p class=\"strona\" style=\"text-align: left;\"><span style=\"color: #000080;\">Czy nie s\u0105dzisz, drogi Adamie, \u017ce mieszka\u0144cy Izraela, kt\u00f3rzy trzykrotnie bronili si\u0119 przed ostateczn\u0105 zag\u0142ad\u0105 z&nbsp;r\u0105k po\u0142\u0105czonych armii pa\u0144stw arabskich, mieszka\u0144cy tego kraju licz\u0105cego niespe\u0142na 8 milion\u00f3w ludno\u015bci, na kt\u00f3ry tylko w&nbsp;tym roku spad\u0142o blisko 400 rakiet, kt\u00f3rzy codziennie s\u0142ysz\u0105 wezwania do anihilacji swego istnienia, mog\u0105 mie\u0107 na ten temat inne zdanie i&nbsp;\u017ce jest to dziennikarstwo, delikatnie m\u00f3wi\u0105c, \u0142ajdackie?<\/span><\/p>\n<p class=\"strona\" style=\"text-align: left;\"><span style=\"color: #000080;\">Czytajmy jednak dalej. Dziennikarz \u201eGazety Wyborczej&#8221; daje odp\u00f3r (pami\u0119tasz jak modne by\u0142o to s\u0142owo w&nbsp;Polsce w&nbsp;1968 roku w&nbsp;kr\u0119gach moczarowskich siepaczy?). Stefanicki pisze:<\/span><\/p>\n<blockquote>\n<p class=\"strona\" style=\"text-align: left;\"><strong>\u201eBloger w&nbsp;USA opublikowa\u0142 izraelskie plany zaatakowania Iranu: wojna zacznie si\u0119 od cyberataku, nast\u0119pnie pociski balistyczne uderz\u0105 w&nbsp;ira\u0144skie instalacje nuklearne i&nbsp;centra dowodzenia, izraelskie my\u015bliwce doko\u0144cz\u0105 dzie\u0142a&#8221;. I&nbsp;nast\u0119pnie ten dziennikarz dodaje: \u201eZdaniem komentator\u00f3w publikacja by\u0142a kontrolowanym przeciekiem z&nbsp;Jerozolimy&#8221;.<\/strong><\/p>\n<\/blockquote>\n<p class=\"strona\" style=\"text-align: left;\"><span style=\"color: #000080;\">Ten tajemniczy bloger to Richard Silverstein, do\u015b\u0107 dobrze znany ze swoich antyizraelskich wyst\u0105pie\u0144, kt\u00f3ry wiele razy podawa\u0142 k\u0142amliwe informacje. Ta za\u015b oparta by\u0142a na swobodnych dywagacjach innego blogera i&nbsp;nie mia\u0142a nic wsp\u00f3lnego z&nbsp;\u017cadnymi \u201eprzeciekami z&nbsp;Jerozolimy&#8221;.&nbsp; Dziennikarz \u201eGazety Wyborczej&#8221; mia\u0142by przynajmniej do\u015b\u0107 przyzwoito\u015bci, \u017ceby poda\u0107 \u017ar\u00f3d\u0142o. U\u017cyj jednak wyobra\u017ani, czy s\u0105dzisz, \u017ce w\u0142adze Izraela chcia\u0142yby puszcza\u0107 tak doskona\u0142e plany, zdradzaj\u0105c swoj\u0105 wyuzdan\u0105 taktyk\u0119? Jeden \u017ca\u0142osny k\u0142amca podpiera si\u0119 innym \u017ca\u0142osnym k\u0142amc\u0105 i&nbsp;Twoja gazeta to publikuje.<\/span><\/p>\n<p class=\"strona\" style=\"text-align: left;\"><span style=\"color: #000080;\">Zostawmy Roberta Stefanickiego, wszystkie g\u0142osy na temat tego konfliktu s\u0105 w&nbsp;\u201eGazecie&#8221; w&nbsp;podobnym duchu. Niemal wszystkie prezentuj\u0105 konflikt na Bliskim Wschodzie tak jakby by\u0142y tam dwie strony, krzywdzeni muzu\u0142manie i&nbsp;krzywdz\u0105cy ich \u017bydzi. Palesty\u0144czycy b\u0119d\u0105cy najwi\u0119ksz\u0105 ofiar\u0105 wsp\u00f3\u0142czesnego antysemityzmu, s\u0105 dzi\u015b nosicielami najpot\u0119\u017cniejszego \u0142adunku nienawi\u015bci. Te r\u00f3\u017cnice s\u0105 jednak na granicy b\u0142\u0119du. G\u0142\u0119boko niech\u0119tny stosunek do \u017byd\u00f3w w&nbsp;Autonomii wynosi 97 procent, w&nbsp;Jordanii 97 procent, w&nbsp;Egipcie 95. Tylko izraelscy Arabowie mniej ch\u0119tnie nienawidz\u0105 \u017byd\u00f3w (35 procent).&nbsp; Trudno si\u0119 dziwi\u0107 Palesty\u0144czykom, ich \u017cycie od ko\u0142yski jest przygotowaniem do roli morderc\u00f3w.<\/span><\/p>\n<p class=\"strona\" style=\"text-align: left;\"><span style=\"color: #000080;\">Ko\u0144cz\u0105c ten list chcia\u0142bym Ci pokaza\u0107 kr\u00f3tki film z&nbsp;Iranu. Na tym filmie podczas wiecu nienawi\u015bci do Izraela, duchowny wzywa do wojennego okrzyku Allahu Akbar. T\u0142um milczy, t\u0142um nie daje si\u0119 podbechta\u0107, w&nbsp;ko\u0144cu przekazuj\u0105ca to na \u017cywo telewizja puszcza muzyk\u0119.<\/span><\/p>\n<p class=\"strona\" style=\"text-align: left;\"><span style=\"color: #000080;\">By\u0107 mo\u017ce Adamie pora ws\u0142ucha\u0107 si\u0119 w&nbsp;milczenie tego t\u0142umu.<\/span><\/p>\n<p class=\"strona\" style=\"text-align: left;\"><span style=\"color: #000080;\">Drogi Adamie,<\/span><\/p>\n<p class=\"strona\" style=\"text-align: left;\"><span style=\"color: #000080;\">Nie wiem, czy kiedykolwiek przeczytasz ten list. Atmosfera lat trzydziestych powr\u00f3ci\u0142a i&nbsp;zn\u00f3w na prawo i&nbsp;lewo widzimy ob\u0142\u0119dn\u0105 g\u0119b\u0119 morderczego antysemityzmu. Obro\u0144cy osobliwej moralno\u015bci pr\u00f3buj\u0105 nas przekona\u0107, \u017ce male\u0144ki Izrael jest supermocarstwem zagra\u017caj\u0105cym \u015bwiatu. Egipski pisarz, \u017ca\u0142uje, \u017ce jest ju\u017c stary i&nbsp;nie mo\u017ce sam stan\u0105\u0107 do walki, ale przekonuje, \u017ce strata dziesi\u0119ciu milion\u00f3w Egipcjan nie by\u0142aby zbyt wielka, \u017ceby uwolni\u0107 \u015bwiat od \u017byd\u00f3w.<\/span><\/p>\n<p class=\"strona\" style=\"text-align: left;\"><span style=\"color: #000080;\">On i&nbsp;wielu innych wierz\u0105, \u017ce z&nbsp;pomoc\u0105 Allaha, kt\u00f3rego\u015b dnia to si\u0119 wreszcie uda. W\u0105tpi\u0119 w&nbsp;pomoc Allaha, ale pomoc Zachodu dzielnie zbroj\u0105cego coraz liczniejsze armie arabskie jest widoczna go\u0142ym okiem. Pomoc tych, kt\u00f3rzy otwarcie lub dyskretnie opowiadaj\u0105 si\u0119 po stronie nienawi\u015bci, widoczna jest dla nielicznych. Najbardziej przekonuj\u0105ce s\u0105 skradzione autorytety moralne, te bowiem przekonuj\u0105 ludzi uczciwych, kieruj\u0105cych si\u0119 szlachetnymi intencjami.<\/span><\/p>\n<p class=\"strona\" style=\"text-align: left;\"><span style=\"color: #000080;\">Czy ludzie tacy jak Ty zd\u0105\u017c\u0105 si\u0119 ockn\u0105\u0107 i&nbsp;czy us\u0142yszymy ich g\u0142os? Nie wiem. Trudno w&nbsp;tej sprawie o&nbsp;optymizm. Musia\u0142em jednak ten list napisa\u0107.<\/span><br \/>\n<span style=\"color: #000080;\">*Pierwsza publikacja w portalu &#8220;Racjonalista&#8221; , 22 sierpnia 2012r.<\/span><\/p>\n<p style=\"text-align: left;\"><span style=\"color: #000080;\"><strong>Uzupe\u0142nienie<\/strong><\/span><\/p>\n<p style=\"text-align: left;\"><span style=\"color: #000080;\">Odpowiedzi od Adama Michnika nigdy nie dosta\u0142em, ale wiem, \u017ce ten list kr\u0105\u017cy\u0142 w\u015br\u00f3d dziennikarzy&nbsp; &#8220;Gazety Wyborczej&#8221;. Napisa\u0142 do mnie Mariusz Zawadzki przekonuj\u0105c mnie, \u017ce jego \u0142ajdactwo to czysta cnota. Ca\u0142kiem niedawno mia\u0142em d\u0142ug\u0105 i pocz\u0105tkowo przyjazn\u0105 wymian\u0119 zda\u0144 z Paw\u0142em Smole\u0144skim, przyjazny ton si\u0119 sko\u0144czy\u0142, kiedy napisa\u0142 obrzydliwy tekst po \u015bmierci Ariela Szarona (pisz\u0119 o tej naszej wymianie zda\u0144 w artykule pt.:&nbsp;<a style=\"color: #000080;\" href=\"http:\/\/www.listyznaszegosadu.pl\/mala-rzecz-o-brzydocie-lajdactwa\" target=\"_blanc\" rel=\"noopener noreferrer\">Ma\u0142a rzecz o brzydocie \u0142ajdactwa.&nbsp;<\/a>&nbsp;Z przyjemno\u015bci\u0105 musz\u0119 odnotowa\u0107, \u017ce dzi\u015b moje uwagi o artyku\u0142ach Marty Urz\u0119dowskiej s\u0105 niesprawiedliwe. Odnosz\u0119 wra\u017cenie, \u017ce ta dziennikarka przesz\u0142a przez te dwa lata bardzo pozytywn\u0105 ewolucj\u0119 i nie&nbsp; tylko widzi, ale i rozumie z tamtej rzeczywisto\u015bci znacznie wi\u0119cej, a co wi\u0119cej, stara si\u0119 uczciwie to prezentowa\u0107.<\/span><\/p>\n<p class=\"strona\" style=\"text-align: left;\"><span style=\"color: #000080;\">Adam Michnik od dawna jest ju\u017c tylko honorowym Naczelnym. Naczelnym Redaktorem tego dziennika jest Jaros\u0142aw Kurski. Naczelny to twarz pisma, profil ka\u017cdego pisma jest kszta\u0142towany przez jego redaktora naczelnego. Tak wi\u0119c wszystkie \u015bwi\u0144stwa, k\u0142amstwa i brednie s\u0105 jako\u015b powi\u0105zane z twarz\u0105 Jaros\u0142awa Kurskiego. \u017byjemy w czasach, w kt\u00f3rych brunatna fala wzrasta, a zwyczajna uczciwo\u015b\u0107 staje si\u0119 czymy\u015b w niekt\u00f3rych kr\u0119gach zgo\u0142a wstydliwym.<\/span><\/p>\n<p style=\"text-align: left;\"><span style=\"color: #000080;\">Dobrzy\u0144 nad Wis\u0142\u0105, 14 lutego 2014r.<\/span><\/p>\n<hr style=\"height: 15px; background: #d0e6fa; width: 100%;\">\n<div id=\"content\" class=\"content-alignment\">\n<div id=\"watch-description\" class=\"yt-uix-button-panel\">\n<div id=\"watch-description-text\" style=\"text-align: center;\">\n<p><em>Zawarto\u015b\u0107 publikowanych artyku\u0142\u00f3w i materia\u0142\u00f3w nie reprezentuje pogl\u0105d\u00f3w ani opinii Reunion&#8217;68,<\/em><em><br \/>\nani te\u017c webmastera Blogu Reunion&#8217;68, chyba ze jest to wyra\u017anie zaznaczone.<br \/>\nTwoje uwagi, linki, w\u0142asne artyku\u0142y lub wiadomo\u015bci prze\u015blij na adres:<br \/>\n<\/em><span style=\"color: #000080;\"><strong><em><a style=\"color: #000080;\" href=\"mailto:webmaster@reunion68.com\"><span style=\"text-decoration: underline;\">webmaster@reunion68.com<\/span><\/a><\/em><\/strong><\/span><\/p>\n<\/div>\n<\/div>\n<\/div>\n<hr style=\"width: 100%;\">\n","protected":false},"excerpt":{"rendered":"<p>Redaktor jest na urlopie, pod jego nieobecno\u015b\u0107 przypominamy wa\u017cniejsze teksty z przesz\u0142o\u015bci. Dzi\u015b &#8220;List Otwarty do Adanma Michnika&#8221; z lutego 2014 roku. p.o. Administratora, Paulina Raniszewska &amp;&amp;&amp;&amp;&amp;&amp;&amp; List otwarty do Adama Michnika Andrzej Koraszewski Drogi Adamie! Wracaj\u0105 lata trzydzieste i&nbsp;powraca klarowna dychotomia, albo jeste\u015bmy po stronie \u0142ajdactwa, albo m\u00f3wimy g\u0142o\u015bno NIE dla plan\u00f3w ludob\u00f3jstwa, NIE [&hellip;]<\/p>\n","protected":false},"author":1,"featured_media":0,"comment_status":"closed","ping_status":"closed","sticky":false,"template":"","format":"standard","meta":[],"categories":[1],"tags":[33,24],"_links":{"self":[{"href":"https:\/\/www.reunion68.se\/index.php?rest_route=\/wp\/v2\/posts\/122837"}],"collection":[{"href":"https:\/\/www.reunion68.se\/index.php?rest_route=\/wp\/v2\/posts"}],"about":[{"href":"https:\/\/www.reunion68.se\/index.php?rest_route=\/wp\/v2\/types\/post"}],"author":[{"embeddable":true,"href":"https:\/\/www.reunion68.se\/index.php?rest_route=\/wp\/v2\/users\/1"}],"replies":[{"embeddable":true,"href":"https:\/\/www.reunion68.se\/index.php?rest_route=%2Fwp%2Fv2%2Fcomments&post=122837"}],"version-history":[{"count":10,"href":"https:\/\/www.reunion68.se\/index.php?rest_route=\/wp\/v2\/posts\/122837\/revisions"}],"predecessor-version":[{"id":122848,"href":"https:\/\/www.reunion68.se\/index.php?rest_route=\/wp\/v2\/posts\/122837\/revisions\/122848"}],"wp:attachment":[{"href":"https:\/\/www.reunion68.se\/index.php?rest_route=%2Fwp%2Fv2%2Fmedia&parent=122837"}],"wp:term":[{"taxonomy":"category","embeddable":true,"href":"https:\/\/www.reunion68.se\/index.php?rest_route=%2Fwp%2Fv2%2Fcategories&post=122837"},{"taxonomy":"post_tag","embeddable":true,"href":"https:\/\/www.reunion68.se\/index.php?rest_route=%2Fwp%2Fv2%2Ftags&post=122837"}],"curies":[{"name":"wp","href":"https:\/\/api.w.org\/{rel}","templated":true}]}}