{"id":122905,"date":"2025-07-30T17:09:03","date_gmt":"2025-07-30T15:09:03","guid":{"rendered":"http:\/\/www.reunion68.se\/?p=122905"},"modified":"2025-07-29T10:31:59","modified_gmt":"2025-07-29T08:31:59","slug":"30-09-94","status":"publish","type":"post","link":"https:\/\/www.reunion68.se\/?p=122905","title":{"rendered":"Pr\u00f3by \u015bwiadectwa raz jeszcze"},"content":{"rendered":"<p><img decoding=\"async\" class=\"aligncenter\" src=\"http:\/\/www.listyznaszegosadu.pl\/upload\/article\/bild\/2794\/1083411\/DSC_0091_s.jpg\" \/><\/p>\n<hr \/>\n<h5 style=\"text-align: center;\"><a href=\"http:\/\/www.listyznaszegosadu.pl\/\" target=\"_blank\" rel=\"noopener noreferrer\"><img decoding=\"async\" class=\"center alignleft\" src=\"http:\/\/www.reunion68.com\/Biuletyn\/img\/z-naszego.jpg\" alt=\"\" width=\"50%\" \/><\/a><span style=\"text-decoration: underline; color: #000080;\"><strong><a style=\"color: #000080; text-decoration: underline;\" href=\"http:\/\/www.listyznaszegosadu.pl\/o-nas\/pralby-swiadectwa-raz-jeszcze\" target=\"_blank\" rel=\"noopener noreferrer\">Pr\u00f3by \u015bwiadectwa raz jeszcze<\/a><\/strong><\/span><\/h5>\n<p style=\"text-align: center;\"><span style=\"color: #000000;\"><strong><br \/>\nAndrzej Koraszewski<\/strong><\/span><\/p>\n<hr style=\"height: 15px; background: #d0e6fa; width: 100%;\" \/>\n<div class=\"templateArticleIngress\" style=\"text-align: left;\"><span style=\"color: #000080;\">Tekst odwo\u0142uj\u0105cy si\u0119 do\u00a0<em>Pr\u00f3b \u015bwiadectwa<\/em>\u00a0Jana Strzeleckiego by\u0142 poniek\u0105d naszym manifestem, kiedy zaczynali\u015bmy prowadzenie \u201eList\u00f3w z naszego sadu\u201d. Dzi\u015b pr\u00f3buj\u0119 prowadzi\u0107 je samodzielnie. S\u0105dz\u0119, \u017ce jest to mo\u017cliwe dzi\u0119ki niesamowitemu wsparciu wspania\u0142ych i rozumiej\u0105cych przyjaci\u00f3\u0142. Dzi\u015b, zaledwie w miesi\u0105c \u00a0i 10 dni po \u015bmierci Ma\u0142gorzaty, jestem bliski zar\u00f3wno zmodyfikowanej koncepcji \u201eList\u00f3w\u201d jak i nowej organizacji pracy redakcyjnej. Nic z tego nie by\u0142oby mo\u017cliwe bez pomocy Kuby. Zbudowane przez niego narz\u0119dzia AI pozwalaj\u0105 na przyspieszenie i samodzielne wykonanie pracy, kt\u00f3r\u0105 ci\u0105gn\u0119li\u015bmy we dwoje.<\/span><\/div>\n<p style=\"text-align: left;\">\n<div class=\"templateArticleBrodtext\">\n<p style=\"text-align: left;\"><span style=\"color: #000080;\">\u00a0Niesamowit\u0105 pomoc\u0105 jest tu moja wnuczka Paulina, kt\u00f3ra wyczuwa i realizuje to, bez czego dawno bym si\u0119 podda\u0142. M\u00f3j urlop si\u0119 nie uda\u0142, o tym za chwil\u0119. Dzi\u015b , w sobot\u0119 26 lipca 2025 roku mam tu go\u015bci, kt\u00f3rzy maj\u0105 mi przekaza\u0107 nagrod\u0119 przyznan\u0105 przez\u00a0<em>B&#8217;nai B&#8217;rith.\u00a0<\/em>To bardzo mi\u0142e, ale kiedy pracuje si\u0119 na styk, to w pewnym momencie cz\u0142owiek mo\u017ce zary\u0107 nosem w ziemi\u0119.\u00a0Zmarnowa\u0142em czas pr\u00f3buj\u0105c doprowadzi\u0107 do tego, \u017ceby organizatork\u0105 tego spotkania by\u0142a Marta Koraszewska. Zmarnowa\u0142em czas, a przede wszystkim straci\u0142em bardzo du\u017co si\u0142 na bezsensown\u0105 walk\u0119. Moja c\u00f3rka ju\u017c dawno nie jest dzieckiem, ale nigdy nie dotar\u0142a do doros\u0142o\u015bci. Drog\u0119 do doros\u0142o\u015bci zabra\u0142a jej ponowoczesno\u015b\u0107. W pi\u0105tek opublikowa\u0142em tekst, kt\u00f3rym\u00a0 chcia\u0142em j\u0105 przekona\u0107. Koszmarna ma\u017a procesu Kafki, zmieni\u0142a moj\u0105 c\u00f3rk\u0119 w istot\u0119, do kt\u00f3rej nie mam szans dotarcia i o kt\u00f3rej musz\u0119 teraz szybko zapomnie\u0107.<\/span><\/p>\n<p style=\"text-align: left;\"><span style=\"color: #000080;\"><em><br \/>\n<\/em>Marta nie jest moj\u0105 biologiczn\u0105 c\u00f3rk\u0105, podobnie jak Paulina nie jest moj\u0105 biologiczn\u0105 wnuczk\u0105. Ani jedna ani druga nie \u015bledzi mojej pracy, Mariusz, m\u0105\u017c Pauliny, jeszcze bardziej nie \u015bledzi. Mariusz jest robotnikiem budowlanym. wspania\u0142ym cz\u0142owiekiem, kt\u00f3ry patrz\u0105c na przygotowan\u0105 na dzisiejsz\u0105 uroczysto\u015b\u0107 dekoracj\u0119 w postaci kilku ma\u0142ych izraelskich flag, zapyta\u0142 czy b\u0119dzie m\u00f3g\u0142 potem jedn\u0105 dosta\u0107. Okaza\u0142o si\u0119, \u017ce chcia\u0142by j\u0105 na sta\u0142e zamontowa\u0107, na domku Julii, kt\u00f3ry zbudowa\u0142 w niegdy\u015b naszym ogrodzie, kt\u00f3ry dzi\u015b razem z domem jest w\u0142asno\u015bci\u0105 Pauliny (wi\u0119c r\u00f3wnie\u017c i jego). Mariusz nie m\u00f3g\u0142 mi zrobi\u0107 wspanialszego prezentu.<\/span><\/p>\n<p style=\"text-align: left;\">\n<span style=\"color: #000080;\">Marty Koraszewskiej nie b\u0119dzie tu ani dzi\u015b, ani najprawdopodobniej nigdy. W pi\u0105tek podj\u0105\u0142em ostatni wysi\u0142ek, by wyrwa\u0107 moj\u0105 c\u00f3rk\u0119 z \u0142ap ponowoczesno\u015bci. Opublikowa\u0142em list o mojej mi\u0142o\u015bci do niej. Otrzyma\u0142em odpowied\u017a, kt\u00f3ra ostatecznie k\u0142adzie kres marzeniom, odpowied\u017a kt\u00f3ra informuje mnie, \u017ce Marty Koraszewskiej nigdy nie by\u0142o i nigdy nie b\u0119dzie, \u017ce jest moim wymys\u0142em i \u017ce musz\u0119 si\u0119 z tym pogodzi\u0107 i ostatecznie zamkn\u0105\u0107 ten rozdzia\u0142. Jej odpowied\u017a na moj\u0105 ostatni\u0105 pr\u00f3b\u0119 odzyskania c\u00f3rki brzmia\u0142a:<\/span><\/p>\n<blockquote>\n<p style=\"text-align: left;\"><strong>Andrzeju,<\/strong><\/p>\n<p style=\"text-align: left;\"><strong>pisz\u0119 bo mo\u017ce tak \u0142atwiej do Ciebie dotr\u0119. M\u00f3wisz, \u017ce jestem Twoj\u0105 c\u00f3rk\u0105, \u017ce jeste\u015b moim ojcem. Nie s\u0142yszysz kiedy jasno komunikuj\u0119, \u017ce to, co zrobi\u0142e\u015b publikuj\u0105c ten list sprawia mi b\u00f3l. Powiedzia\u0142am Ci w zaufaniu o mojej depresji, o tym, \u017ce chodz\u0119 na terapi\u0119. Nie tylko prywatnie to wy\u015bmia\u0142e\u015b (jestem to w stanie prze\u017cy\u0107), ale opublikowa\u0142e\u015b t\u0119 informacj\u0119 pod moim zdj\u0119ciem (r\u00f3wnie\u017c wzi\u0119tym bez mojej zgody). Ja si\u0119 mojej depresji nie wstydz\u0119, otwarcie o niej m\u00f3wi\u0119 wszystkim bliskim. Jednak wola\u0142abym mie\u0107 wp\u0142yw na to, kto tak\u0105 informacj\u0119 posiada. Dzi\u0119ki Tobie moje zdrowie psychiczne zosta\u0142o wywleczone przed publiczno\u015b\u0107. To prawda, \u017ce jest to Tw\u00f3j list napisany do mnie, ale zawiera on informacje kt\u00f3rymi podzieli\u0142am si\u0119 z Tob\u0105 w zaufaniu i to zaufanie zosta\u0142o powa\u017cnie naruszone. Dla mnie w ka\u017cdej relacji zaufanie i szacunek to podstawa. Tak si\u0119 po prostu nie robi, szczeg\u00f3lnie osobie, kt\u00f3r\u0105 si\u0119 podobno kocha jak c\u00f3rk\u0119. Pewnie si\u0119 tym nie przejmiesz, bo co te\u017c mog\u0105 by\u0107 wa\u017cne moje uczucia, ale chcia\u0142am to z siebie wyj\u0105\u0107.<\/strong><\/p>\n<p style=\"text-align: left;\"><strong>Marta<\/strong><\/p>\n<\/blockquote>\n<p><span style=\"color: #000080;\">Gospodyni\u0105 dzisiejszego spotkania jest Paulina. Marta ostatecznie znika z mojego \u017cycia, ale nie z mojej pami\u0119ci. Ona, jej matka El\u017cbieta, jej m\u0105\u017c Andrzej Marciniak b\u0119d\u0105 stanowi\u0107 nies\u0142ychanie istotn\u0105 cz\u0119\u015b\u0107 Pami\u0119tnika znalezionego w starym \u0142bie. Literatura albo jest prawd\u0105, albo pogoni\u0105 za s\u0142aw\u0105. S\u0142awa mnie nie interesuje, Pr\u00f3by \u015bwiadectwa Jana Strzeleckiego to pogo\u0144 za prawd\u0105. Rozumie to Danka, kt\u00f3rej dzi\u015b nie b\u0119dzie, pojawi si\u0119 w Dobrzyniu dopiero w przysz\u0142ym tygodniu. Podj\u0119\u0142a si\u0119 zadania redagowania na bie\u017c\u0105co Pami\u0119tnika.<\/span><\/p>\n<p><span style=\"color: #000080;\"><strong>\u00a0<\/strong><\/span><\/p>\n<p><span style=\"color: #000080;\">Brak Marty b\u0119dzie dla mnie dramatem niemal tej samej wielko\u015bci, \u00a0co strata Ma\u0142gorzaty. Nigdy wi\u0119cej nie zobacz\u0119 r\u00f3wnie\u017c domu Andrzeja i El\u017cbiety. Zostawi\u0142em tam za sob\u0105 pomnik mojej \u017bony, drewniane schodki do tego domu. Marta ani nie rozumia\u0142a, ani nie mog\u0142a zrozumie\u0107 mojego w\u015bciek\u0142ego uporu, \u017ceby w ostatnim dniu mojego \u201eurlopu\u201d zbudowa\u0107 schody \u2013 pomnik Ma\u0142gorzaty. (Paradoksalnie ostatecznie zbudowa\u0142 je Andrzej). Sam dom zas\u0142uguje na powie\u015b\u0107 i je\u015bli b\u0119d\u0119 \u017cy\u0142 a\u017c tak d\u0142ugo pewnie j\u0105 napisz\u0119, zmieniaj\u0105c imiona i nazwiska, bo w tym absurdalnym procesie milo\u015bci i d\u0105\u017cenia do pi\u0119kna zgubi\u0142a si\u0119 zdolno\u015b\u0107 bycia cz\u0142owiekiem. Tak wi\u0119c zapewne napisz\u0119, \u017ce wszelkie podobie\u0144stwo do realnie istniej\u0105cych ludzi jest przypadkowe.<\/span><\/p>\n<p><span style=\"color: #000080;\">Mojej c\u00f3rki nie ma, skrad\u0142y j\u0105 potwory nowoczesno\u015bci zmieniaj\u0105c j\u0105 w zombi. Jak dziesi\u0105tki milion\u00f3w innych takich istot zachodniego \u015bwiata Marta Wierzbicka ma ca\u0142kowicie zablokowan\u0105 drog\u0119 do doros\u0142o\u015bci . Ma chirurgicznie wyci\u0119t\u0105 zdolno\u015b\u0107 przej\u015bcia do doros\u0142o\u015bci. Ten proces bodaj najlepiej opisuje \u00a0Paul Finlayson. Paul, w odpowiedzi na m\u00f3j list:<strong>\u00a0<\/strong>I did it again. Here is Polish version of your excellent article:\u00a0\u00a0<a style=\"color: #000080;\" href=\"http:\/\/www.listyznaszegosadu.pl\/notatki\/kurdowie-zapomniany-narald-w-swiecie-odurzonym-wybialrczym-oburzeniem\" target=\"_blank\" rel=\"noopener noreferrer\">http:\/\/www.listyznaszegosadu.pl\/notatki\/kurdowie-zapomniany-narald-w-swiecie-odurzonym-wybialrczym-oburzeniem<\/a><\/span><\/p>\n<p><span style=\"color: #000080;\">All the best<\/span><\/p>\n<p><span style=\"color: #000080;\">Andrzej\u00a0\u00a0<\/span><\/p>\n<p><span style=\"color: #000080;\">&#8211; przys\u0142a\u0142 mi wczoraj kr\u00f3tki list:\u00a0Great, just FYI, I was fired a week ago for calling Hamas nazis.\u00a0\u00a0\u00a0\u00a0<strong>\u00a0\u00a0\u00a0\u00a0\u00a0<\/strong><\/span><\/p>\n<p><span style=\"color: #000080;\"><strong>\u00a0<\/strong><\/span><\/p>\n<p><span style=\"color: #000080;\">Dlaczego wracam do tekstu opublikowanego w wigili\u0119 Bo\u017cego Narodzenia 2013 roku? Nagroda, kt\u00f3r\u0105 dzi\u015b wr\u0119czy mi Jurek w obecno\u015bci swojej \u017cony nosi nazw\u0119\u00a0Wdzi\u0119czno\u015b\u0107\u2013Gratitude\u2013\u05d4\u05db\u05e8\u05ea \u05d4\u05d8\u05d5\u05d1\u00a0\u2013 to samo s\u0142owo powt\u00f3rzone w trzech j\u0119zykach. \u00a0Jerzy Luty, odczyta\u0142 m\u00f3j list we Wroc\u0142awiu i w moim imieniu odebra\u0142 statuetk\u0119. Nie wiedzia\u0142em, \u017ce znam ten list na pami\u0119\u0107, ale powt\u00f3rzy\u0142em go dos\u0142ownie Marcie nad Wis\u0142\u0105. Nie m\u00f3g\u0142 do niej dotrze\u0107, chocia\u017c chyba si\u0119 stara\u0142a. Nie jej wina. Cierpi, ale od potwor\u00f3w nie mo\u017ce ani nie chce uciec.<\/span><\/p>\n<p style=\"text-align: left;\"><span style=\"color: #000080;\">A teraz m\u00f3j artyku\u0142 sprzed dwunastu lat<\/span><\/p>\n<h2 style=\"text-align: center;\">&amp;&amp;&amp;<\/h2>\n<p style=\"text-align: left;\"><span style=\"color: #000080;\">W 1971 roku \u201cCzytelnik\u201d wyda\u0142 pod tym tytu\u0142em\u00a0 niewielk\u0105 ksi\u0105\u017ck\u0119 Jana Strzeleckiego. Autor pisa\u0142 we wst\u0119pie, \u017ce jest to zarys moralno-intelektualnych do\u015bwiadcze\u0144 czas\u00f3w wojny. Ta ksi\u0105\u017cka jest dla mnie szczeg\u00f3lnie wa\u017cna. Starszy ode mnie o pokolenie Jan Strzelecki, by\u0142 zaledwie o kilka lat m\u0142odszy od mojego ojca. My byli\u015bmy pokoleniem dzieci rodzic\u00f3w, kt\u00f3rzy budzili si\u0119 z krzykiem po nocach i kt\u00f3rzy mieli zrozumia\u0142e trudno\u015bci z przekazaniem nam tych do\u015bwiadcze\u0144. Uciekali cz\u0119sto w milczenie, by oszcz\u0119dzi\u0107 nam\u00a0 opis\u00f3w zdarze\u0144 wykraczaj\u0105cych poza nie tylko dzieci\u0119c\u0105 wyobra\u017ani\u0119.<\/span><\/p>\n<p style=\"text-align: left;\">\n<p style=\"text-align: left;\"><span style=\"color: #000080;\">\u00a0Przez lata zbiera\u0142em okruchy wiedzy o zdarzeniach, kt\u00f3re sk\u0142ada\u0142y si\u0119 na ich wielk\u0105 traum\u0119. Pr\u00f3bowa\u0142em je zebra\u0107 w autobiograficznym opowiadaniu \u201eOjhyzna\u201d, do kt\u00f3rego polskiej wersji czytelnik mo\u017ce dotrze\u0107\u00a0na \u0142amach \u201eList\u00f3w\u201d.<\/span><\/p>\n<p style=\"text-align: left;\">\n<span style=\"color: #000080;\">To opowiadanie m\u00f3g\u0142bym przepisywa\u0107, uzupe\u0142nia\u0107 i szlifowa\u0107 bez ko\u0144ca, poniewa\u017c coraz to nowe do\u015bwiadczenia w\u0142asne ods\u0142aniaj\u0105 i przydaj\u0105 wagi zdarzeniom, w kt\u00f3rych uczestniczy\u0142o poprzednie pokolenie. Stosunkowo niedawno dosta\u0142em wycinki z przedwojennych pozna\u0144skich gazet, gdzie znalaz\u0142em opisy pocz\u0105tk\u00f3w lat trzydziestych, brutalnych, fizycznych atak\u00f3w nie tylko na \u017byd\u00f3w, ale i na starych profesor\u00f3w, kt\u00f3rzy odwa\u017cali si\u0119 protestowa\u0107 przeciw zbydl\u0119ceniu. Pojawia si\u0119 w tych opisach posta\u0107 Tadeusza Jasi\u0144skiego, brata mojej matki, kt\u00f3rego opisywano w endeckiej prasie jako \u201esanacyjnego boj\u00f3wkarza\u201d, a w \u201eDzienniku Pozna\u0144skim\u201d jako m\u0142odego cz\u0142owieka, kt\u00f3ry wraz z koleg\u0105 mia\u0142 odwag\u0119 stawi\u0107 czo\u0142a grupie bandzior\u00f3w, atakuj\u0105cych na ulicy starego profesora i towarzysz\u0105ce mu kobiety. \u00a0Tadeusz zgin\u0105\u0142 w czasie wojny w ZSRR z r\u0105k NKWD, ale te wycinki pozwoli\u0142y mi lepiej zrozumie\u0107 jedn\u0105 z pierwszych zapami\u0119tanych scen, kiedy moja matka podnosi desk\u0119 na schodach i widz\u0119 r\u0119ce,\u00a0 kt\u00f3re odbieraj\u0105 jedzenie. Pami\u0119tam wystraszone oczy matki, kt\u00f3ra widzi, \u017ce ja widz\u0119 i przera\u017caj\u0105co powa\u017cn\u0105 rozmow\u0119 z niespe\u0142na pi\u0119cioletnim dzieckiem, \u017ce nie wolno o tym co widzia\u0142em powiedzie\u0107 ani s\u0142owa NIKOMU.<\/span><\/p>\n<p style=\"text-align: left;\">\n<span style=\"color: #000080;\">Strzelecki pisze:<\/span><\/p>\n<p style=\"text-align: left;\"><span style=\"color: #000080;\">\u201eMy\u015bmy wiedzieli, czym jest braterstwo. Braterstwo oznacza uto\u017csamianie si\u0119 z kim\u015b drugim, nieoddzielanie jego losu od swojego; wi\u0119cej nawet \u2013 widzenie jego niebezpiecze\u0144stwa wyra\u017aniej ni\u017c swojego, doznanie, \u017ce jego \u015bmier\u0107 jest trudniejsza do prze\u017cycia ni\u017c w\u0142asna. Braterstwo jest \u0142atwo\u015bci\u0105 przekraczania tych granic, kt\u00f3re filozofowie g\u0142osz\u0105cy samotno\u015b\u0107 cz\u0142owieka uznaj\u0105 za nieprzekraczaln\u0105 lini\u0119, za kt\u00f3r\u0105 jest ju\u017c tylko milczenie lub powr\u00f3t w\u0142asnego g\u0142osu.\u201d<\/span><\/p>\n<p style=\"text-align: left;\"><span style=\"color: #000080;\">Z biegiem lat rozumia\u0142em s\u0142owa Strzeleckiego coraz lepiej i nie dlatego, \u017ce by\u0142em starszy i m\u0105drzejszy, ale dlatego, \u017ce powraca\u0142y realia pozwalaj\u0105ce lepiej zrozumie\u0107 czas pogardy.<\/span><\/p>\n<p style=\"text-align: left;\"><span style=\"color: #000080;\">W marcu 1960 roku Tadeusz Mazowiecki wyg\u0142osi\u0142 odczyt w warszawskim Klubie Inteligencji Katolickiej, ko\u0144czy\u0142 ten wyk\u0142ad s\u0142owami:<\/span><\/p>\n<p style=\"text-align: left;\"><span style=\"color: #000080;\">\u201eDlatego walka z antysemityzmem nie jest \u017cadn\u0105 zas\u0142ug\u0105 ani \u017cadnym humanitarnym gestem lito\u015bci; nie jest ona te\u017c tylko walk\u0105 o godno\u015b\u0107 \u017byd\u00f3w, ale w r\u00f3wnej mierze walk\u0105 o nasz\u0105 w\u0142asn\u0105 godno\u015b\u0107. Jest walk\u0105 o godno\u015b\u0107 wszystkich. Uog\u00f3lnienie w\u0142a\u015bciwe samej istocie antysemityzmu prowadzi bowiem poza pewien pr\u00f3g poj\u0119\u0107 moralnych, kt\u00f3rego cz\u0142owiekowi przekroczy\u0107 nie wolno, je\u015bli nie ma si\u0119 wszystko zawali\u0107.\u201d (Ca\u0142o\u015b\u0107 tego wyk\u0142adu mo\u017cna przeczyta\u0107 tu:\u00a0<a style=\"color: #000080;\" href=\"http:\/\/www.wiez.pl\/czasopismo\/;s,czasopismo_szczegoly,id,318,art,7054\" target=\"_blanc\" rel=\"noopener noreferrer\">Antysemityzm ludzi \u0142agodnych i dobrych<\/a>\u00a0.)<\/span><\/p>\n<p style=\"text-align: left;\"><span style=\"color: #000080;\">W tym samym wyk\u0142adzie Tadeusz Mazowiecki cytowa\u0142 Leszka Ko\u0142akowskiego:<\/span><\/p>\n<p style=\"text-align: left;\"><span style=\"color: #000080;\">\u00a0<em>&#8220;&#8230;antysemityzm jest \u015brodkiem wytwarzania symbolu spo\u0142ecznego. Walka z \u017bydami<\/em>\u00a0\u00a0<em>rzadko bywa celem dla siebie. &#8230;Najcz\u0119\u015bciej has\u0142a walki z \u017bydami \u0142\u0105czone s\u0105 te\u017c z innymi, stanowi\u0105cymi w\u0142a\u015bciw\u0105, polityczn\u0105 tre\u015b\u0107 walki. Historia dostarcza pod dostatkiem takich po\u0142\u0105cze\u0144, w kt\u00f3rych zwalczano na przyk\u0142ad \u017byd\u00f3w i chrze\u015bcijan, \u017byd\u00f3w i komunist\u00f3w, \u017byd\u00f3w i demokrat\u00f3w. &#8230;W naczelnej misji spo\u0142ecznego oddzia\u0142ywania antysemityzm ma stworzy\u0107 uniwersalny symbol z\u0142a, kt\u00f3ry nast\u0119pnie chce si\u0119 zwi\u0105za\u0107 w umys\u0142ach z tymi zjawiskami w polityce, kulturze, nauce &#8211; kt\u00f3re trzeba zwalcza\u0107. Trzeba z \u017cydostwa uczyni\u0107 obelg\u0119, kt\u00f3r\u0105 b\u0119dzie si\u0119 pi\u0119tnowa\u0107 wszystko, co ma by\u0107 unicestwione, nosiciela nie okre\u015blonego z\u0142a, ale z\u0142a w og\u00f3le, abstrakcyjny symbol ujemny, daj\u0105cy si\u0119 do\u0142\u0105czy\u0107 do dowolnej sytuacji, je\u015bli pragnie si\u0119 j\u0105 jako ujemn\u0105 przedstawi\u0107 przed \u015bwiatem\u201d.<br \/>\n<\/em>\u00a0<\/span><\/p>\n<p style=\"text-align: left;\"><span style=\"color: #000080;\">Ponad p\u00f3\u0142 wieku temu Mazowiecki m\u00f3wi\u0142:<\/span><\/p>\n<p style=\"text-align: left;\"><span style=\"color: #000080;\">\u201eAntysemit\u00f3w w\u015br\u00f3d nas nie ma. Nikt, poza jednym czy drugim fanatykiem, do takiej nazwy dzi\u015b si\u0119 nie przyzna. Zawsze zreszt\u0105 ludzie \u0142agodni i dobrzy m\u00f3wili: \u201eAntysemit\u0105, to ja nie jestem, pot\u0119piam tego rodzaju postaw\u0119, &#8230;ale ci \u017bydzi.\u201d<\/span><\/p>\n<p style=\"text-align: left;\"><span style=\"color: #000080;\">Ilekro\u0107 pisz\u0119 o odradzaniu si\u0119 atmosfery lat trzydziestych spotykam si\u0119 z niedowierzaniem i kpin\u0105, jeszcze cz\u0119\u015bciej z otwart\u0105 wrogo\u015bci\u0105, w szczeg\u00f3lno\u015bci tych, kt\u00f3rzy pytaj\u0105: \u201eczy wolno krytykowa\u0107 Izrael\u201d i tych kt\u00f3rzy broni\u0105 praw cz\u0142owieka, ale tylko tego cz\u0142owieka, kt\u00f3remu utrudnia si\u0119 zabijanie \u017byd\u00f3w.<\/span><\/p>\n<p style=\"text-align: left;\">\n<span style=\"color: #000080;\">Pokazywanie muzu\u0142ma\u0144skiego, obsesyjnego antyjudaizmu budzi ob\u0142\u0105kany gniew post\u0119powych libera\u0142\u00f3w na Zachodzie, w\u015bciek\u0142o\u015b\u0107\u00a0 narodowc\u00f3w\u00a0 i gro\u017aby ze strony neonazist\u00f3w. Ten dziwaczny sojusz nie jest ani nowy, ani tak dziwny jak mog\u0142oby si\u0119 zdawa\u0107. T\u0119 osobliw\u0105 koalicj\u0119 \u0142\u0105czy nienawi\u015b\u0107 do demokracji, do wolnego rynku, do \u00a0systemu parlamentarnego. Obie strony potrzebuj\u0105 symbolu z\u0142a. Na salonach nie wypada m\u00f3wi\u0107, \u017ce jest nim \u017byd, wi\u0119c dzi\u015b jest nim syjonista, albo Izrael.<\/span><\/p>\n<p style=\"text-align: left;\">\n<span style=\"color: #000080;\">Salonowy lekko w antysyjonizm udrapowany antysemityzm udziela coraz wi\u0119cej przyzwolenia temu antysemityzmowi, kt\u00f3ry nie owija ju\u017c niczego w bawe\u0142n\u0119. Tysi\u0105ce drobnych wydarze\u0144 pokazuj\u0105 jak wzbieraj\u0105ce strumienie zaczynaj\u0105 si\u0119 zlewa\u0107 w pot\u0119\u017cn\u0105 rzek\u0119.<\/span><\/p>\n<p style=\"text-align: left;\"><span style=\"color: #000080;\">Zbli\u017caj\u0105 si\u0119 \u015bwi\u0119ta Bo\u017cego Narodzenia, 5 grudnia 2013 roku pa\u0144stwowa telewizja rumu\u0144ska\u00a0<a style=\"color: #000080;\" href=\"http:\/\/www.jpost.com\/Jewish-World\/Jewish-Features\/Romanian-state-TV-airs-Christmas-carol-about-burning-Jews-celebrating-Holocaust-334699\" target=\"_blanc\" rel=\"noopener noreferrer\">nada\u0142a program z kol\u0119dami<\/a>\u00a0, jedna z nich brzmia\u0142a tak:<\/span><\/p>\n<p style=\"text-align: left;\"><span style=\"color: #000080;\">\u201e\u017bydki, przekl\u0119te \u017bydki, \u015bwi\u0119ty B\u00f3g nie zostawi ich przy \u017cyciu, ani w niebie, ani na ziemi, b\u0119d\u0105 tylko dymem z komina, do tego tylko \u017bydek jest dobry, \u017ceby by\u0142 dymem z komina nad ulic\u0105.\u201d<\/span><\/p>\n<p style=\"text-align: left;\"><span style=\"color: #000080;\">Jeszcze dziesi\u0119\u0107 lat temu ta koszmarna kol\u0119da wywo\u0142a\u0142aby burz\u0119, pisa\u0142yby o niej wszystkie gazety, politycy zastanawialiby si\u0119, czy Rumunia mo\u017ce by\u0107 cz\u0142onkiem Unii Europejskiej, dzi\u015b wiadomo\u015b\u0107 przesz\u0142a niezauwa\u017cona, baronessa Ashton dyskretnie przy\u0142\u0105cza si\u0119 do \u015bwi\u0105tecznego ch\u00f3ru.<\/span><\/p>\n<p style=\"text-align: left;\"><span style=\"color: #000080;\">W tym samym tygodniu, burmistrz ma\u0142ego miasteczka w Austrii, Karl Simlinger, zdenerwowa\u0142 si\u0119 na dziennikarzy informuj\u0105cych o imigrantach staraj\u0105cych si\u0119 o azyl. Jak powiedzia\u0142:<\/span><\/p>\n<p style=\"text-align: left;\"><span style=\"color: #000080;\">\u201eG\u00f3wno\u00a0 mnie obchodz\u0105 staraj\u0105cy si\u0119 o azyl imigranci, ale winni s\u0105 dziennikarze, kt\u00f3rych powinno si\u0119 wiesza\u0107 jak \u017byd\u00f3w.\u201d\u00a0<\/span><\/p>\n<p style=\"text-align: left;\"><span style=\"color: #000080;\">Dok\u0142adnie w tym samym czasie, w Polsce,\u00a0 w Narewce, na seminarium naukowym po\u015bwi\u0119conym\u00a0 &#8220;Gradacji kornika drukarza i ochronie r\u00f3\u017cnorodno\u015bci biologicznej w Puszczy Bia\u0142owieskiej&#8221;, autor jednego z referat\u00f3w m\u00f3wi\u0142:<\/span><\/p>\n<p style=\"text-align: left;\"><span style=\"color: #000080;\">\u00a0&#8220;Drzewa w Puszczy Bia\u0142owieskiej umieraj\u0105, bo utraci\u0142y sw\u00f3j cel \u017cycia, jakim jest pragnienie bycia wyci\u0119tym i przerobionym na deski. Odpowiadaj\u0105 za to ekolodzy, realizuj\u0105cy sztuczny program Narodu Wybranego, co w \u00f3smym dniu \u017cycia poprzez obrzezanie skrzywia ludzkie ogonki&#8221;.<\/span><\/p>\n<p style=\"text-align: left;\"><span style=\"color: #000080;\">Kierownik zbiornika wodnego Siemian\u00f3wka i radny gminy Leon Chlabicz, wszechstronnie rozwija\u0142 swoj\u0105 my\u015bl m\u00f3wi\u0105c m.in.:<\/span><\/p>\n<p style=\"text-align: left;\"><span style=\"color: #000080;\">\u201eB\u0119d\u0105c na pustyni, gdzie poprzez odpowiednie procedury, obrzezanie skrzywiaj\u0105ce na \u00f3smy dzie\u0144 ogonek ludzki, czy codzienne hodowanie, okre\u015blili si\u0119 jako Nar\u00f3d Wybrany. A wybrany do czego? Napisane to jest w Ksi\u0119dze Powt\u00f3rzonego Prawa Starego Testamentu. I ty b\u0119dziesz po\u017cycza\u0142 wszystkim narodom, sam nie b\u0119dziesz po\u017cycza\u0142. Ty zapanujesz nad wieloma narodami, oni nie b\u0119d\u0105 nad tob\u0105 panowali. I w\u0142a\u015bnie ci ludzie wyobcowani, kt\u00f3rych genetyka psychika zosta\u0142a ukierunkowana na tworzenie sztucznego \u015bwiata realizuj\u0105 ten program i my po\u015brednio przyj\u0119li\u015bmy to.\u201d<\/span><\/p>\n<p style=\"text-align: left;\"><span style=\"color: #000080;\">Autor\u00a0<a style=\"color: #000080;\" href=\"http:\/\/bialystok.gazeta.pl\/bialystok\/1,35235,15098929.html#ixzz2n5tf2LXy\" target=\"_blanc\" rel=\"noopener noreferrer\">artyku\u0142u w bia\u0142ostockim wydaniu \u201eGazety Wyborczej\u201d<\/a>, \u00a0kt\u00f3ry sam by\u0142 na tym seminarium, pisa\u0142:<\/span><\/p>\n<p style=\"text-align: left;\"><span style=\"color: #000080;\">\u201eZapytaj\u0105 pa\u0144stwo, jak na owe teorie zareagowali organizatorzy spotkania, czyli przedstawiciele pa\u0144stwowej instytucji? Ot\u00f3\u017c nie zareagowali w og\u00f3le. Moderuj\u0105cy dyskusj\u0119 pochwali\u0142 nawet radnego za wszechstronn\u0105 wiedz\u0119.\u201d<\/span><\/p>\n<p style=\"text-align: left;\"><span style=\"color: #000080;\">Na blogu Eylona Aslana-Levy\u2019ego, pod artyku\u0142em wyja\u015bniaj\u0105cym dlaczego tzw. antysyjonizm jest tylko kiepsko zamaskowan\u0105 form\u0105 antysemityzmu, internauta napisa\u0142:<\/span><\/p>\n<p style=\"text-align: left;\">\n<p style=\"text-align: left;\"><span style=\"color: #000080;\"><em>Moje stanowisko jest takie, je\u015bli chcesz mnie nazywa\u0107 antysemit\u0105 to niech ci b\u0119dzie. Wy\u0142\u0105cznie wzmacnisz moj\u0105 odraz\u0119 do was, wy haczykowate nosy, narcystyczne dzieci kainowe.<\/em><\/span><\/p>\n<p style=\"text-align: left;\">\n<p style=\"text-align: left;\"><span style=\"color: #000080;\">(Czasami wida\u0107 jak nieantysemitci strasznie m\u0119cz\u0105 si\u0119 w swoich maskach.)<\/span><\/p>\n<p style=\"text-align: left;\">\n<p style=\"text-align: left;\"><span style=\"color: #000080;\">Tego rodzaju \u201eincydenty\u201d licz\u0105 si\u0119 w steki i tysi\u0105ce, cz\u0119stotliwo\u015b\u0107 ich pojawiania si\u0119 ro\u015bnie w dramatycznym tempie, \u00f3w \u201eantysemityzm ludzi dobrych i \u0142agodnych\u201d przesta\u0142 by\u0107 czym\u015b nagannym, przeciwnie jego zauwa\u017canie wielu uwa\u017ca za rzecz niestosown\u0105. \u017badna z trzech przytoczonych wcze\u015bniej wiadomo\u015bci nie znalaz\u0142a miejsca w krajowym wydaniu \u201eGazety Wyborczej\u201d, ale w tym czasie \u201eWyborcza\u201d znalaz\u0142a miejsce na\u00a0<a style=\"color: #000080;\" href=\"http:\/\/izrael.org.il\/opinie\/3959-gazeta-wyborcza-na-tropie-krwi.html\" target=\"_blanc\" rel=\"noopener noreferrer\">k\u0142amstwa<\/a>\u00a0o Izraelu.<\/span><\/p>\n<h4 style=\"text-align: left;\"><strong>Nie kupuj u \u017byda<\/strong><\/h4>\n<p><strong>\u00a0<\/strong>\u00a0<strong>\u00a0\u00a0\u00a0\u00a0\u00a0\u00a0<\/strong><\/p>\n<p style=\"text-align: left;\"><span style=\"color: #000080;\">Has\u0142o nie kupuj u \u017byda wr\u00f3ci\u0142o z ca\u0142\u0105 moc\u0105. Wielk\u0105 akcj\u0119 organizuj\u0105 dzi\u015b ko\u015bcio\u0142y r\u00f3\u017cnych wyzna\u0144, zrzeszenia student\u00f3w, rz\u0105dy, a nawet ponadnarodowe instytucje takie jak Unia Europejska.<\/span><\/p>\n<p style=\"text-align: left;\">\n<p style=\"text-align: left;\"><span style=\"color: #000080;\">Jest to efekt niezwykle udanej inicjatywy wykszta\u0142conego na Columbia University in\u017cyniera i absolwenta wydzia\u0142u filozofii (a obecnie doktoranta i ofiary \u017cydowskiego apartheidu) na uniwersytecie w Tel Awiwie, Omara Barguoutiego.<\/span><\/p>\n<p style=\"text-align: left;\">\n<p style=\"text-align: left;\"><span style=\"color: #000080;\">Urodzony w Katarze, wychowany w Egipcie przeni\u00f3s\u0142 si\u0119 do Ramallah, gdzie w kwietniu 2004 roku rozpocz\u0105\u0142 akcj\u0119 nawo\u0142ywania do \u00a0akademickiego bojkotu Izraela (<a style=\"color: #000080;\" title=\"Palestinian Campaign for the Academic and Cultural Boycott of Israel\" href=\"http:\/\/en.wikipedia.org\/wiki\/Palestinian_Campaign_for_the_Academic_and_Cultural_Boycott_of_Israel\">Palestinian Campaign for the Academic and Cultural Boycott of Israel<\/a>). Nie by\u0142a to tak zupe\u0142nie nowa idea, gdy\u017c dwa lata wcze\u015bniej\u00a0 brytyjski \u201eGuardian\u201d opublikowa\u0142 list otwarty pary brytyjskich profesor\u00f3w biologii, Stevena i Hilary Rose. List zdoby\u0142 poparcie ponad 700 os\u00f3b z \u015brodowisk akademickich wi\u0119c Barguouti rozpoczyna\u0142 swoj\u0105 inicjatyw\u0119 na sprawdzonym gruncie i wiedzia\u0142, \u017ce jest na ni\u0105 ogromny popyt.\u00a0<\/span><\/p>\n<p style=\"text-align: left;\">\n<p style=\"text-align: left;\"><span style=\"color: #000080;\">Bojkot akademicki Izraela uda\u0142 si\u0119 nadspodziewanie dobrze i jest rozwijany do dnia dzisiejszego, wi\u0119c Barguouti w 2005 roku wyst\u0105pi\u0142 z now\u0105 globaln\u0105 inicjatyw\u0105\u00a0<a style=\"color: #000080;\" href=\"http:\/\/en.wikipedia.org\/wiki\/Boycott,_Divestment,_and_Sanctions\" target=\"_blanc\" rel=\"noopener noreferrer\">bojkotu izraelskich towar\u00f3w<\/a>\u00a0.<\/span><\/p>\n<p style=\"text-align: left;\">\n<p style=\"text-align: left;\"><span style=\"color: #000080;\">W\u015br\u00f3d zaanga\u017cowanych nie-antysemit\u00f3w Wielkiego \u015awiata panuje pewna niepewno\u015b\u0107, czy has\u0142o \u201enie kupuj u \u017byda\u201d ma dotyczy\u0107 tylko \u017cydowskich towar\u00f3w z tzw. teren\u00f3w okupowanych, czy wszelkich produkt\u00f3w \u017cydowskich, ale w ostatnich dniach sam\u00a0 Omar Barguouti rozstrzygn\u0105\u0142 wszelkie w\u0105tpliwo\u015bci.<\/span><\/p>\n<p style=\"text-align: left;\">\n<p style=\"text-align: left;\"><span style=\"color: #000080;\">Kiedy prezydent Autonomii Palesty\u0144skiej, Mahmoud Abbas,\u00a0 b\u0119d\u0105c w RPA z okazji pogrzebu Nelsona Mandeli, powiedzia\u0142 na spotkaniu z dziennikarzami, \u017ce w\u0142adze Autonomii odrzucaj\u0105 ide\u0119 bojkotu towar\u00f3w izraelskich, \u017ce uznaj\u0105 Izrael i wsp\u00f3\u0142pracuj\u0105 z Izraelem, ale apeluj\u0105 o bojkot towar\u00f3w produkowanych w tzw. osiedlach, rozsierdzony Barguouti powiedzia\u0142 \u201eElektronicznej Intifadzie\u201d:<\/span><\/p>\n<p style=\"text-align: left;\">\n<p style=\"text-align: left;\"><span style=\"color: #000080;\">\u201eNie ma palesty\u0144skiej partii politycznej, zwi\u0105zku zawodowego, NGO, czy innej masowej organizacji, kt\u00f3ra zdecydowanie nie popiera\u0142aby BDS . \u017baden palesty\u0144ski urz\u0119dnik, kt\u00f3ry nie ma demokratycznego mandatu ani rzeczywistego poparcia ze strony spo\u0142ecze\u0144stwa nie mo\u017ce zatem m\u00f3wi\u0107 w imieniu palesty\u0144skiego\u00a0 narodu w sprawach istotnych dla strategii oporu wobec izraelskiego okupacyjnego re\u017cimu, kolonizacji i apartheidu\u201d.<\/span><\/p>\n<p style=\"text-align: left;\">\n<p style=\"text-align: left;\"><span style=\"color: #000080;\">Pomi\u0144my fakt, \u017ce o apartheidzie m\u00f3wi arabski doktorant na izraelskim uniwersytecie, bo akurat to jest tu najmniej istotne, znacznie wa\u017cniejsze jest to, \u017ce g\u0142\u00f3wny inicjator bojkotu izraelskich towar\u00f3w\u00a0 m\u00f3wi wprost, niczego nie ukrywaj\u0105c \u2013 nie uznajemy prawa Izraela do istnienia i prowadzimy akcj\u0119 \u201enie kupuj u \u017byda\u201d.\u00a0\u00a0\u00a0\u00a0\u00a0\u00a0\u00a0 \u00a0<\/span><\/p>\n<p style=\"text-align: left;\">\n<p style=\"text-align: left;\"><span style=\"color: #000080;\">Mo\u017cna dyskutowa\u0107 o tym, czy wezwania do bojkotu towar\u00f3w produkowanych w izraelskich osiedlach za tzw. zielon\u0105 lini\u0105 s\u0105 zgodne czy sprzeczne z porozumieniem w Oslo, na ile wezwania do tego bojkotu traktowane s\u0105 powa\u017cnie przez samych Palesty\u0144czyk\u00f3w (ponad 100 tysi\u0119cy Palesty\u0144czyk\u00f3w pracuje w przedsi\u0119biorstwach izraelskich na terenie Judei i Samarii, a sklepy i domy towarowe handluj\u0105ce towarami z tych przedsi\u0119biorstw nie narzekaj\u0105 na brak klient\u00f3w.) W elektronicznej intifadzie chodzi przecie\u017c o \u015bwiat, a nie o postawy lokalnej ludno\u015bci. A \u015bwiat rado\u015bnie podchwyci\u0142 stare i dobrze znane has\u0142o \u201enie kupuj u \u017byda\u201d, kt\u00f3re mo\u017cna teraz powtarza\u0107 w ko\u015bcio\u0142ach, w parlamentach i na naukowych seminariach jako zupe\u0142nie nowe i zgo\u0142a szlachetne.<\/span><\/p>\n<p style=\"text-align: left;\"><span style=\"color: #000080;\">\u00a0\u00a0\u00a0\u00a0\u00a0\u00a0\u00a0\u00a0\u00a0\u00a0 \u00a0<\/span><\/p>\n<p style=\"text-align: left;\"><span style=\"color: #000080;\">Ciekaw\u0105 form\u0105 g\u0142oszenia has\u0142a \u201enie kupuj u \u017byda\u201d jest wspomniany wcze\u015bniej bojkot akademicki, bojkot przedstawicieli Izraela podczas festiwali sztuki, bojkot reprezentant\u00f3w \u00a0Izraela na zawodach sportowych.<\/span><\/p>\n<p style=\"text-align: left;\">\n<p style=\"text-align: left;\"><span style=\"color: #000080;\">Jeszcze ciekawsz\u0105 form\u0105 jest stanowcza odmowa ogl\u0105dania informacji o faktach historycznych czy wydarzeniach bie\u017c\u0105cych, je\u015bli pochodz\u0105 one z \u017cydowskich \u017ar\u00f3de\u0142 (oczywi\u015bcie wyj\u0105tek stanowi\u0105 wszelkie informacje od os\u00f3b pochodzenia \u017cydowskiego otwarcie atakuj\u0105cych Izrael i \u017byd\u00f3w, domagaj\u0105cych si\u0119 likwidacji Izraela, czy chwal\u0105cych organizacje zajmuj\u0105ce si\u0119 mordowaniem \u017byd\u00f3w. St\u0105d bo\u017cyszczami antysemickiej lewicy i antysemickiej prawicy s\u0105 ludzie tacy jak Noam Chomsky, Richard Falk, Norman Finkelstein i dziesi\u0105tki innych.)<\/span><\/p>\n<p style=\"text-align: left;\">\n<p style=\"text-align: left;\"><span style=\"color: #000080;\">Intryguj\u0105c\u0105 egzemplifikacj\u0105 tej formu\u0142y has\u0142a \u201enie kupuj u \u017byda\u201d by\u0142 niedawny artyku\u0142 opublikowany na portalu lewica.pl, na kt\u00f3rego czele stoi Piotr Szumlewicz, absolwent wydzia\u0142u socjologii i filozofii Uniwersytetu Warszawskiego. Od wielu lat redaktor kwartalnika \u201eBez Dogmatu\u201d. \u00a0<\/span><\/p>\n<p style=\"text-align: left;\">\n<p style=\"text-align: left;\"><span style=\"color: #000080;\">Artyku\u0142, o kt\u00f3rym mowa\u00a0 pozornie opowiada\u0142 o tragedii upadku krakowskiego oddzia\u0142u PSR, ale przede wszystkim by\u0142 dramatycznym apelem by \u201enie kupowa\u0107 u \u017byda\u201d. Autorka tego elaboratu pisa\u0142a:<\/span><\/p>\n<p style=\"text-align: left;\">\n<p style=\"text-align: left;\"><span style=\"color: #000080;\">&#8220;PSR powsta\u0142 w nast\u0119pstwie powo\u0142anej do \u017cycia strony racjonalista.pl i jest z ni\u0105 \u015bci\u015ble zwi\u0105zany. Nie tylko &#8220;ojcami za\u0142o\u017cycielami&#8221; dzia\u0142aj\u0105cymi i tu, i tu, ale oficjaln\u0105 umow\u0105 o wsp\u00f3\u0142pracy. Racjonalista.pl jest organem medialnym PSR-u. I tym samym PSR powi\u0105zany jest z tym, z czym poza tym powi\u0105zany jest z racjonalista.pl, z instytutem MEMRI.<\/span><\/p>\n<p><span style=\"color: #000080;\">MEMRI to skr\u00f3t od Middle East Media Research Institute i jest to agencja zajmuj\u0105ca si\u0119 badaniem medi\u00f3w Bliskiego Wschodu. Instytut MEMRI powsta\u0142 w 1998 r., jego za\u0142o\u017cycielami s\u0105 Meyrav Wurmser, neokonserwatywna doradca prawicowych izraelskich i ameryka\u0144skich polityk\u00f3w, i Yigal Carmon, by\u0142y oficer Amanu wsp\u00f3\u0142pracuj\u0105cym z Mossadem, przez 22 lata pracownik na najwy\u017cszych szczeblach izraelskich s\u0142u\u017cb wywiadowczych.<\/span><\/p>\n<p><span style=\"color: #000080;\">MEMRI ma g\u0142\u00f3wn\u0105 siedzib\u0119 w Waszyngtonie i filie w Jerozolimie, Bagdadzie i Tokio, fili\u0119 w Berlinie zamkni\u0119to po kilku latach istnienia, w Londynie troch\u0119 p\u00f3\u017aniej. Na dzie\u0144 dzisiejszy MEMRI zatrudnia ponad 80 pracownik\u00f3w. Instytut rozsy\u0142a nieodp\u0142atnie t\u0142umaczenia tekst\u00f3w i filmik\u00f3w z j\u0119zyk\u00f3w kraj\u00f3w muzu\u0142ma\u0144skich Bliskiego Wschodu do agencji prasowych, organizacji i prywatnych os\u00f3b dooko\u0142a \u015bwiata, naukowc\u00f3w, dziennikarzy, intelektualist\u00f3w, polityk\u00f3w&#8230; z jednej strony informuj\u0105c o tym, co dzieje si\u0119 w mediach tych kraj\u00f3w, z drugiej wp\u0142ywaj\u0105c na ich rozumienie i ocen\u0119 w krajach Zachodnich.<\/span><\/p>\n<p><span style=\"color: #000080;\">MEMRI podaje, \u017ce z jego us\u0142ug korzysta dow\u00f3dztwo wojsk USA, Bia\u0142y Dom, Ministerstwo Obrony Stan\u00f3w Zjednoczonych, Ministerstwo Spraw Zagranicznych USA, Ministerstwo Sprawiedliwo\u015bci USA oraz ponad 500 akademickich instytucji dooko\u0142a \u015bwiata.&#8221;<\/span><\/p>\n<p style=\"text-align: left;\">\n<p style=\"text-align: left;\"><span style=\"color: #000080;\">Zacznijmy od ma\u0142o istotnej w tym miejscy sprawy, \u017ce racjonalista.pl jest w\u0142asno\u015bci\u0105 Fundacji Wolnej My\u015bli i\u00a0 nie jest organem medialnym PSR i \u017ce racjonalista.pl nie jest i nigdy nie by\u0142 powi\u0105zany z MEMRI.<\/span><\/p>\n<p style=\"text-align: left;\">\n<p style=\"text-align: left;\"><span style=\"color: #000080;\">Polska strona MEMRI zacz\u0119\u0142a si\u0119 od tego, \u017ce racjonalista.pl opublikowa\u0142 kilka artyku\u0142\u00f3w tego\u00a0 instytutu, a potem zacz\u0119li\u015bmy z Ma\u0142gorzat\u0105 to robi\u0107 bardziej systematycznie, uzyskuj\u0105c sta\u0142e pozwolenie na publikacje wybranych tekst\u00f3w na \u0142amach Racjonalisty.\u00a0 (I tak te\u017c brzmia\u0142a notka na polskiej stronie MEMRI do chwili mojej trzeciej emerytury i rezygnacji z funkcji zast\u0119pcy redaktora naczelnego.) Redaktor portalu lewica.pl zapewne nie\u00a0 ma czasu sprawdza\u0107 prawdziwo\u015bci informacji zawartych w publikowanych przez siebie tekstach, ale nie to jest istotne, wa\u017cniejsze jest tu popularyzowanie przez niego has\u0142a \u201enie kupuj u \u017byda\u201d.<\/span><\/p>\n<p style=\"text-align: left;\">\n<p style=\"text-align: left;\"><span style=\"color: #000080;\">Autorka elaboratu wyja\u015bnia, \u017ce MEMRI zajmuje si\u0119 badaniem medi\u00f3w Bliskiego Wschodu, informuje,\u00a0 \u017ce z jego us\u0142ug korzysta dow\u00f3dztwo wojsk USA, Bia\u0142y Dom\u00a0 i Ministerstwo Obrony Stan\u00f3w Zjednoczonych oraz inne ministerstwa Wielkiego Szatana, jak i 500 akademickich instytucji na \u015bwiecie. Za\u015b jej za\u0142o\u017cyciel by\u0142 przez 22 lata pracownikiem Mossadu. Donosi ona pospiesznie, \u017ce krytycy zarzucaj\u0105 MEMRI brak obiektywno\u015bci, a tak\u017ce braki w kompetencjach, tendencyjny &#8211; antagonizuj\u0105cy &#8211; dob\u00f3r materia\u0142\u00f3w, przek\u0142amania, u\u017cywanie cytat\u00f3w wyj\u0119tych z kontekst\u00f3w oraz wszelkie manipulowanie faktami na niekorzy\u015b\u0107 spo\u0142ecze\u0144stw muzu\u0142ma\u0144skich.<\/span><\/p>\n<p style=\"text-align: left;\"><span style=\"color: #000080;\">\u00a0\u00a0\u00a0\u00a0\u00a0\u00a0\u00a0 \u00a0\u00a0\u00a0\u00a0\u00a0\u00a0<\/span><br \/>\n<span style=\"color: #000080;\">Nie wiem czy absolwent socjologii i filozofii UW, Piotr Szumlewicz zajmowa\u0142 si\u0119 kiedykolwiek analiz\u0105 j\u0119zyka i wie co s\u0105dzi\u0107 o zwrotach w stylu \u201enaukowcy stwierdzili\u201d czy \u201ekrytycy zarzucaj\u0105\u201d, nie wiem r\u00f3wnie\u017c czy kiedykolwiek czyta\u0142 jakie\u015b materia\u0142y MEMRI osobi\u015bcie, ale najwyra\u017aniej nie zapyta\u0142 o konkretne przyk\u0142ady jakichkolwiek przek\u0142ama\u0144 w materia\u0142ach MEMRI oraz o to na czym polega \u00f3w brak obiektywizmu. Najwyra\u017aniej jednak Redaktor Naczelny portalu lewica.pl oraz szacownego niegdy\u015b kwartalnika \u201eBez Dogmatu\u201d, nie interesuje si\u0119 tym, czy jakie\u015b informacje s\u0105 prawdziwe, czy fa\u0142szywe, a wy\u0142\u0105cznie tym, od kogo pochodz\u0105.<\/span><\/p>\n<p style=\"text-align: left;\">\n<p style=\"text-align: left;\"><span style=\"color: #000080;\">To \u017ce jaka\u015b pani co\u015b takiego napisa\u0142a, to jest ma\u0142o interesuj\u0105ce, to \u017ce znany i szanowany publicysta to publikuje, podpisuj\u0105c si\u0119 tym samym\u00a0 pod has\u0142em \u201enie kupuj u \u017byda\u201d, \u00a0jest alarmuj\u0105cym znakiem czasu.<\/span><\/p>\n<h4 style=\"text-align: left;\"><strong>Pr\u00f3by \u015bwiadectwa<\/strong><\/h4>\n<p><strong>\u00a0 \u00a0\u00a0\u00a0\u00a0\u00a0\u00a0\u00a0\u00a0<\/strong><\/p>\n<p style=\"text-align: left;\"><span style=\"color: #000080;\">Czym s\u0105 pr\u00f3by \u015bwiadectwa? Jan Strzelecki pisa\u0142:<\/span><\/p>\n<p style=\"text-align: left;\">\n<p style=\"text-align: left;\"><span style=\"color: #000080;\">\u201e\u015awiat, kt\u00f3ry oni zamierzali stworzy\u0107, by\u0142 \u015bwiatem g\u0142osz\u0105cym kres warto\u015bciom, kt\u00f3re przy\u015bwieca\u0142y w ci\u0105gu ostatnich dw\u00f3ch wiek\u00f3w, usi\u0142owaniom\u00a0 uczynienia z polityki sztuki mniej krwio\u017cerczej. Ich negacja \u2013 kt\u00f3rej skutk\u00f3w doznawali\u015bmy w najbardziej bezpo\u015bredni spos\u00f3b \u2013 wp\u0142yn\u0119\u0142a rozstrzygaj\u0105co na nasz\u0105 perspektyw\u0119 \u015bwiata.\u201d<\/span><\/p>\n<p style=\"text-align: left;\">\n<p style=\"text-align: left;\"><span style=\"color: #000080;\">W jednym z ostatnich akapit\u00f3w tej ma\u0142ej ksi\u0105\u017ceczki m\u00f3wi\u0142: \u00a0<\/span><\/p>\n<p style=\"text-align: left;\">\n<p style=\"text-align: left;\"><span style=\"color: #000080;\">\u201eNasz op\u00f3r by\u0142 oporem przeciwko \u015bwiatu, kt\u00f3ry oni chcieli ludziom zgotowa\u0107. Ale nasz op\u00f3r nie by\u0142 bez reszty wyznaczony przez obiektywny uk\u0142ad rzeczy, tylko przez s\u0105d o tym uk\u0142adzie, przez orzeczenie, \u017ce to, co oni czyni\u0105, jest zbrodni\u0105, kt\u00f3rej istnienie jest dla nas wyzwaniem.\u201d<\/span><\/p>\n<p style=\"text-align: left;\">\n<p style=\"text-align: left;\"><span style=\"color: #000080;\">Takie orzeczenie musi bazowa\u0107 na konkretnych faktach, kt\u00f3re wymagaj\u0105 nieustannego sprawdzania, pokazywania ich i nieustannej gotowo\u015bci przyznania si\u0119 do b\u0142\u0119du ilekro\u0107 si\u0119 mylimy.<\/span><\/p>\n<h3 style=\"text-align: center;\">&amp;&amp;&amp;<\/h3>\n<p style=\"text-align: left;\"><span style=\"color: #000080;\">Tak ko\u0144czy si\u0119 m\u00f3j wigilijny tekst sprzed 12 lat. Nie wiem o kt\u00f3rej odb\u0119dzie si\u0119 ceremonia wr\u0119czenia nagrody.\u00a0 Jurek zadzwoni jak b\u0119d\u0105 si\u0119 zbli\u017ca\u0107. Ceremonia b\u0119dzie bardzo kameralna, brakowa\u0107 tu b\u0119dzie Yigala Carmona, kt\u00f3ry od lat marzy\u0142, \u017ce dotrze z \u017con\u0105 do nas do Dobrzynia, brakowa\u0107 b\u0119dzie Piotra, chyba, \u017ce Mariusz\u2026 jeszcze zobacz\u0119. Nie b\u0119dzie brakowa\u0107 Marty porwanej przez dementork\u0119 Renatk\u0119, obecna b\u0119dzie moja rozpacz z powodu utraty szansy na odzyskanie c\u00f3rki. Teraz dwie godziny snu i przygotowa\u0107 mask\u0119 rado\u015bci na powitanie przyjaci\u00f3\u0142.<\/span><\/p>\n<\/div>\n<hr style=\"height: 15px; background: #d0e6fa; width: 100%;\" \/>\n<div id=\"content\" class=\"content-alignment\">\n<div id=\"watch-description\" class=\"yt-uix-button-panel\">\n<div id=\"watch-description-text\" style=\"text-align: center;\">\n<p><em>Zawarto\u015b\u0107 publikowanych artyku\u0142\u00f3w i materia\u0142\u00f3w nie reprezentuje pogl\u0105d\u00f3w ani opinii Reunion&#8217;68,<\/em><em><br \/>\nani te\u017c webmastera Blogu Reunion&#8217;68, chyba ze jest to wyra\u017anie zaznaczone.<br \/>\nTwoje uwagi, linki, w\u0142asne artyku\u0142y lub wiadomo\u015bci prze\u015blij na adres:<br \/>\n<\/em><span style=\"color: #000080;\"><strong><em><a style=\"color: #000080;\" href=\"mailto:webmaster@reunion68.com\"><span style=\"text-decoration: underline;\">webmaster@reunion68.com<\/span><\/a><\/em><\/strong><\/span><\/p>\n<\/div>\n<\/div>\n<\/div>\n<hr style=\"width: 100%;\" \/>\n","protected":false},"excerpt":{"rendered":"<p>Pr\u00f3by \u015bwiadectwa raz jeszcze Andrzej Koraszewski Tekst odwo\u0142uj\u0105cy si\u0119 do\u00a0Pr\u00f3b \u015bwiadectwa\u00a0Jana Strzeleckiego by\u0142 poniek\u0105d naszym manifestem, kiedy zaczynali\u015bmy prowadzenie \u201eList\u00f3w z naszego sadu\u201d. Dzi\u015b pr\u00f3buj\u0119 prowadzi\u0107 je samodzielnie. S\u0105dz\u0119, \u017ce jest to mo\u017cliwe dzi\u0119ki niesamowitemu wsparciu wspania\u0142ych i rozumiej\u0105cych przyjaci\u00f3\u0142. Dzi\u015b, zaledwie w miesi\u0105c \u00a0i 10 dni po \u015bmierci Ma\u0142gorzaty, jestem bliski zar\u00f3wno zmodyfikowanej koncepcji [&hellip;]<\/p>\n","protected":false},"author":1,"featured_media":0,"comment_status":"closed","ping_status":"closed","sticky":false,"template":"","format":"standard","meta":[],"categories":[6],"tags":[26,24],"_links":{"self":[{"href":"https:\/\/www.reunion68.se\/index.php?rest_route=\/wp\/v2\/posts\/122905"}],"collection":[{"href":"https:\/\/www.reunion68.se\/index.php?rest_route=\/wp\/v2\/posts"}],"about":[{"href":"https:\/\/www.reunion68.se\/index.php?rest_route=\/wp\/v2\/types\/post"}],"author":[{"embeddable":true,"href":"https:\/\/www.reunion68.se\/index.php?rest_route=\/wp\/v2\/users\/1"}],"replies":[{"embeddable":true,"href":"https:\/\/www.reunion68.se\/index.php?rest_route=%2Fwp%2Fv2%2Fcomments&post=122905"}],"version-history":[{"count":5,"href":"https:\/\/www.reunion68.se\/index.php?rest_route=\/wp\/v2\/posts\/122905\/revisions"}],"predecessor-version":[{"id":122933,"href":"https:\/\/www.reunion68.se\/index.php?rest_route=\/wp\/v2\/posts\/122905\/revisions\/122933"}],"wp:attachment":[{"href":"https:\/\/www.reunion68.se\/index.php?rest_route=%2Fwp%2Fv2%2Fmedia&parent=122905"}],"wp:term":[{"taxonomy":"category","embeddable":true,"href":"https:\/\/www.reunion68.se\/index.php?rest_route=%2Fwp%2Fv2%2Fcategories&post=122905"},{"taxonomy":"post_tag","embeddable":true,"href":"https:\/\/www.reunion68.se\/index.php?rest_route=%2Fwp%2Fv2%2Ftags&post=122905"}],"curies":[{"name":"wp","href":"https:\/\/api.w.org\/{rel}","templated":true}]}}