{"id":122907,"date":"2025-07-30T17:05:33","date_gmt":"2025-07-30T15:05:33","guid":{"rendered":"http:\/\/www.reunion68.se\/?p=122907"},"modified":"2025-07-29T10:40:50","modified_gmt":"2025-07-29T08:40:50","slug":"30-05-102","status":"publish","type":"post","link":"https:\/\/www.reunion68.se\/?p=122907","title":{"rendered":"As antisemitism surges in Europe, Trump\u2019s pushback proves American exceptionalism"},"content":{"rendered":"<h5 style=\"text-align: center;\"><a href=\"https:\/\/www.jns.org\/\" target=\"_blank\" rel=\"noopener noreferrer\"><img decoding=\"async\" class=\"center alignleft\" src=\"http:\/\/www.reunion68.com\/Biuletyn\/img\/jns-1.png\" alt=\"\" width=\"35%\" \/><\/a><span style=\"text-decoration: underline; color: #000080;\"><span><strong><a style=\"color: #000080; text-decoration: underline;\" href=\"https:\/\/www.jns.org\/as-antisemitism-surges-in-europe-trumps-pushback-proves-american-exceptionalism\/\" target=\"_blank\" rel=\"noopener noreferrer\">As antisemitism surges in Europe, Trump\u2019s pushback proves American exceptionalism<\/a><\/strong><\/span><\/span><\/h5>\n<p style=\"text-align: center;\"><span style=\"color: #000000;\"><strong>Jonathan S. Tobin<\/strong><\/span><\/p>\n<hr style=\"height: 15px; background: #d0e6fa; width: 100%;\" \/>\n<div>\n<h4 style=\"text-align: center;\"><strong>As outrages against Jews multiply, the administration\u2019s settlement with Columbia, though far from perfect, demonstrates that Jews are not alone in the United States.<\/strong><\/h4>\n<\/div>\n<p style=\"text-align: center;\"><img decoding=\"async\" class=\"aligncenter\" src=\"https:\/\/me.jnsi.org\/uploads\/2025\/07\/American-Flag-Held-by-Jewish-Fraternity-Member-in-North-Carolina-at-RNC-1320x880.jpg\" width=\"100%\" \/><span style=\"color: #808080;\"><em>Fraternity brothers from the University of North Carolina at Chapel Hill holding American flags greet attendees at the third day of the 2024 Republican National Convention at the Fiserv Forum in Milwaukee, Wis., on July 17, 2024. Photo by Kamil Krzaczynski\/AFP via Getty Images.<\/em><\/span><\/p>\n<p class=\"wp-block-paragraph\" style=\"text-align: left;\"><span style=\"color: #000080;\">Incidents of blatant Jew-hatred and the indifference, if not outright encouragement, of such outrages from some European governments have mounted in recent weeks. The egregious treatment of a group of French Jewish students, when the Spanish airline Vueling\u00a0<a style=\"color: #000080;\" href=\"https:\/\/www.jns.org\/52-jewish-kids-said-taken-off-flight-in-spain-for-singing-in-hebrew\/\" target=\"_blank\" rel=\"noreferrer noopener\">ejected<\/a>\u00a0them from a plane and arrested their instructor because they were singing in Hebrew, represents just the latest instance in which Diaspora Jews and Israelis have been singled out and mistreated.<\/span><\/p>\n<p class=\"wp-block-paragraph\" style=\"text-align: left;\"><span style=\"color: #000080;\">Oscar Puente, Spain\u2019s Minister of Transport and a member of that country\u2019s Socialist Workers Party,\u00a0<a style=\"color: #000080;\" href=\"https:\/\/www.jewishnews.co.uk\/spanish-transport-minister-describes-ejected-french-jewish-teens-as-israeli-brats\/\" target=\"_blank\" rel=\"noreferrer noopener\">added\u00a0<\/a>insult to injury by subsequently defending Vueling\u2019s offensive actions and referring to the French kids who had been treated abusively as \u201cIsraeli brats.\u201d That made it clear, at least as far as Spain is concerned, that discrimination against Jews is now not only officially sanctioned but is also seen as a good way to curry favor with voters.<\/span><\/p>\n<h4 class=\"wp-block-paragraph\"><strong>A post-Oct. 7 crisis<\/strong><\/h4>\n<p class=\"wp-block-paragraph\" style=\"text-align: left;\"><span style=\"color: #000080;\">While some disingenuously claim that what we are witnessing is an understandable reaction to suffering in Gaza and is merely \u201ccriticism\u201d of Israel, the list of occurrences in which those who are identified as Jewish are subjected to abuse and discrimination is now too numerous to deny that what the world is witnessing has become a crisis. Since the Hamas-led Palestinian Arab attacks in southern Israel on Oct. 7, 2023, and the orgy of mass murder, rape, torture, kidnapping and wanton destruction that took place that dark day, Jew-hatred is not merely back in fashion. There is no denying that it has been sanctioned by the intellectual, academic, legal and cultural establishments across the globe, which now regard anti-Zionism as a legitimate, even enlightened point of view, even though it is a prejudicial idea that denies rights to Jews\u2014rights denied to no one else.<\/span><\/p>\n<p class=\"wp-block-paragraph\" style=\"text-align: left;\"><span style=\"color: #000080;\">While there are places in Europe, such as Hungary or the Czech Republic, where this is not the case, such countries are few and far between, and are the exceptions that are proving the rule. The blood libels of Hamas propaganda that falsely claim that Israel is purposely starving the residents of Gaza and committing \u201cgenocide\u201d haven\u2019t merely been mainstreamed; they are now viewed as unquestioned truth, and seen as justifying statements and actions in which Jews are viewed negatively and, as a result, increasingly mistreated.<\/span><\/p>\n<p class=\"wp-block-paragraph\" style=\"text-align: left;\"><span style=\"color: #000080;\">Incidents of blatant Jew-hatred and the indifference, if not outright encouragement, of such outrages from some European governments have mounted in recent weeks. The egregious treatment of a group of French Jewish students, when the Spanish airline Vueling\u00a0<a style=\"color: #000080;\" href=\"https:\/\/www.jns.org\/52-jewish-kids-said-taken-off-flight-in-spain-for-singing-in-hebrew\/\" target=\"_blank\" rel=\"noreferrer noopener\">ejected<\/a>\u00a0them from a plane and arrested their instructor because they were singing in Hebrew, represents just the latest instance in which Diaspora Jews and Israelis have been singled out and mistreated.<\/span><\/p>\n<p class=\"wp-block-paragraph\" style=\"text-align: left;\"><span style=\"color: #000080;\">Oscar Puente, Spain\u2019s Minister of Transport and a member of that country\u2019s Socialist Workers Party,\u00a0<a style=\"color: #000080;\" href=\"https:\/\/www.jewishnews.co.uk\/spanish-transport-minister-describes-ejected-french-jewish-teens-as-israeli-brats\/\" target=\"_blank\" rel=\"noreferrer noopener\">added\u00a0<\/a>insult to injury by subsequently defending Vueling\u2019s offensive actions and referring to the French kids who had been treated abusively as \u201cIsraeli brats.\u201d That made it clear, at least as far as Spain is concerned, that discrimination against Jews is now not only officially sanctioned but is also seen as a good way to curry favor with voters.<\/span><\/p>\n<h4 class=\"wp-block-paragraph\"><strong>A post-Oct. 7 crisis<\/strong><\/h4>\n<p class=\"wp-block-paragraph\" style=\"text-align: left;\"><span style=\"color: #000080;\">While some disingenuously claim that what we are witnessing is an understandable reaction to suffering in Gaza and is merely \u201ccriticism\u201d of Israel, the list of occurrences in which those who are identified as Jewish are subjected to abuse and discrimination is now too numerous to deny that what the world is witnessing has become a crisis. Since the Hamas-led Palestinian Arab attacks in southern Israel on Oct. 7, 2023, and the orgy of mass murder, rape, torture, kidnapping and wanton destruction that took place that dark day, Jew-hatred is not merely back in fashion. There is no denying that it has been sanctioned by the intellectual, academic, legal and cultural establishments across the globe, which now regard anti-Zionism as a legitimate, even enlightened point of view, even though it is a prejudicial idea that denies rights to Jews\u2014rights denied to no one else.<\/span><\/p>\n<p class=\"wp-block-paragraph\" style=\"text-align: left;\"><span style=\"color: #000080;\">While there are places in Europe, such as Hungary or the Czech Republic, where this is not the case, such countries are few and far between, and are the exceptions that are proving the rule. The blood libels of Hamas propaganda that falsely claim that Israel is purposely starving the residents of Gaza and committing \u201cgenocide\u201d haven\u2019t merely been mainstreamed; they are now viewed as unquestioned truth, and seen as justifying statements and actions in which Jews are viewed negatively and, as a result, increasingly mistreated.<\/span><\/p>\n<hr \/>\n<p style=\"text-align: left;\"><img decoding=\"async\" class=\"alignleft\" src=\"https:\/\/me.jnsi.org\/uploads\/2024\/06\/Jonathan-S.-Tobin-480x480.png\" width=\"20%\" \/><span style=\"color: #808080;\"><em><strong>Jonathan S. Tobin<\/strong> is editor-in-chief of the Jewish News Syndicate, a senior contributor for The Federalist, a columnist for Newsweek and a contributor to many other publications. He covers the American political scene, foreign policy, the U.S.-Israel relationship, Middle East diplomacy, the Jewish world and the arts. He hosts the JNS \u201cThink Twice\u201d podcast, both the weekly video program and the \u201cJonathan Tobin Daily\u201d program, which are available on all major audio platforms and YouTube. Previously, he was executive editor, then senior online editor and chief political blogger, for Commentary magazine. Before that, he was editor-in-chief of The Jewish Exponent in Philadelphia and editor of the Connecticut Jewish Ledger. He has won more than 60 awards for commentary, art criticism and other writing. He appears regularly on television, commenting on politics and foreign policy. Born in New York City, he studied history at Columbia University.<\/em><\/span><\/p>\n<hr style=\"height: 15px; background: #d0e6fa; width: 100%;\" \/>\n<div id=\"content\" class=\"content-alignment\">\n<div id=\"watch-description\" class=\"yt-uix-button-panel\">\n<div id=\"watch-description-text\" style=\"text-align: center;\">\n<p><em>Zawarto\u015b\u0107 publikowanych artyku\u0142\u00f3w i materia\u0142\u00f3w nie reprezentuje pogl\u0105d\u00f3w ani opinii Reunion&#8217;68,<\/em><em><br \/>\nani te\u017c webmastera Blogu Reunion&#8217;68, chyba ze jest to wyra\u017anie zaznaczone.<br \/>\nTwoje uwagi, linki, w\u0142asne artyku\u0142y lub wiadomo\u015bci prze\u015blij na adres:<br \/>\n<\/em><span style=\"color: #000080;\"><strong><em><a style=\"color: #000080;\" href=\"mailto:webmaster@reunion68.com\"><span style=\"text-decoration: underline;\">webmaster@reunion68.com<\/span><\/a><\/em><\/strong><\/span><\/p>\n<\/div>\n<\/div>\n<\/div>\n<hr style=\"width: 100%;\" \/>\n","protected":false},"excerpt":{"rendered":"<p>As antisemitism surges in Europe, Trump\u2019s pushback proves American exceptionalism Jonathan S. Tobin As outrages against Jews multiply, the administration\u2019s settlement with Columbia, though far from perfect, demonstrates that Jews are not alone in the United States. Fraternity brothers from the University of North Carolina at Chapel Hill holding American flags greet attendees at the [&hellip;]<\/p>\n","protected":false},"author":1,"featured_media":0,"comment_status":"closed","ping_status":"closed","sticky":false,"template":"","format":"standard","meta":[],"categories":[6],"tags":[26,24],"_links":{"self":[{"href":"https:\/\/www.reunion68.se\/index.php?rest_route=\/wp\/v2\/posts\/122907"}],"collection":[{"href":"https:\/\/www.reunion68.se\/index.php?rest_route=\/wp\/v2\/posts"}],"about":[{"href":"https:\/\/www.reunion68.se\/index.php?rest_route=\/wp\/v2\/types\/post"}],"author":[{"embeddable":true,"href":"https:\/\/www.reunion68.se\/index.php?rest_route=\/wp\/v2\/users\/1"}],"replies":[{"embeddable":true,"href":"https:\/\/www.reunion68.se\/index.php?rest_route=%2Fwp%2Fv2%2Fcomments&post=122907"}],"version-history":[{"count":6,"href":"https:\/\/www.reunion68.se\/index.php?rest_route=\/wp\/v2\/posts\/122907\/revisions"}],"predecessor-version":[{"id":122938,"href":"https:\/\/www.reunion68.se\/index.php?rest_route=\/wp\/v2\/posts\/122907\/revisions\/122938"}],"wp:attachment":[{"href":"https:\/\/www.reunion68.se\/index.php?rest_route=%2Fwp%2Fv2%2Fmedia&parent=122907"}],"wp:term":[{"taxonomy":"category","embeddable":true,"href":"https:\/\/www.reunion68.se\/index.php?rest_route=%2Fwp%2Fv2%2Fcategories&post=122907"},{"taxonomy":"post_tag","embeddable":true,"href":"https:\/\/www.reunion68.se\/index.php?rest_route=%2Fwp%2Fv2%2Ftags&post=122907"}],"curies":[{"name":"wp","href":"https:\/\/api.w.org\/{rel}","templated":true}]}}