{"id":122924,"date":"2025-07-31T17:09:42","date_gmt":"2025-07-31T15:09:42","guid":{"rendered":"http:\/\/www.reunion68.se\/?p=122924"},"modified":"2025-07-31T14:51:17","modified_gmt":"2025-07-31T12:51:17","slug":"31-09-58","status":"publish","type":"post","link":"https:\/\/www.reunion68.se\/?p=122924","title":{"rendered":"Historyczka: Zbrodnia katy\u0144ska jest poddawana manipulacji w imi\u0119 neoimperialnych interes\u00f3w Kremla"},"content":{"rendered":"<p style=\"text-align: center;\"><img decoding=\"async\" class=\"aligncenter\" src=\"https:\/\/dzieje.pl\/sites\/default\/files\/styles\/open_article_750x0_\/public\/202507\/Multimedia1.jpg?itok=-W2qigIW\" width=\"100%\" \/><span style=\"color: #808080;\"><em>W \u015bwiecie, gdzie historia s\u0142u\u017cy polityce, nauka musi pozosta\u0107 niezale\u017cnym g\u0142osem prawdy &#8211; powiedzia\u0142a dr Barbara Jundo-Kaliszewska. Fot. Instagram\/arch. prywatne<\/em><\/span><\/p>\n<hr \/>\n<h5 style=\"text-align: center;\"><a href=\"https:\/\/dzieje.pl\/\" target=\"_blank\" rel=\"noopener noreferrer\"><img decoding=\"async\" class=\"center alignleft\" src=\"http:\/\/www.reunion68.com\/Biuletyn\/img\/dzieje_logo.png\" alt=\"\" width=\"35%\" \/><\/a><span style=\"text-decoration: underline; color: #000080;\"><span><strong><a style=\"color: #000080; text-decoration: underline;\" href=\"https:\/\/dzieje.pl\/wiadomosci\/historyczka-zbrodnia-katynska-jest-poddawana-manipulacji-w-imie-neoimperialnych\" target=\"_blank\" rel=\"noopener noreferrer\">Historyczka: Zbrodnia katy\u0144ska jest poddawana manipulacji w imi\u0119 neoimperialnych interes\u00f3w Kremla<\/a><\/strong><\/span><\/span><\/h5>\n<p style=\"text-align: center;\"><span style=\"color: #000000;\"><strong> Andrzej Dobrowolski<\/strong><\/span><\/p>\n<hr style=\"height: 15px; background: #d0e6fa; width: 100%;\" \/>\n<p style=\"text-align: left;\"><span style=\"color: #000080;\"><strong>Rosyjska polityka historyczna wobec zbrodni katy\u0144skiej, analizowana przez dr Barbar\u0119 Jundo-Kaliszewsk\u0105, ukazuje bardzo niepokoj\u0105c\u0105 ewolucj\u0119 narracji, kt\u00f3rej korzenie i konsekwencje si\u0119gaj\u0105 daleko poza histori\u0119. Podkre\u015bli\u0142a, \u017ce to, co niegdy\u015b wydawa\u0142o si\u0119 wyja\u015bnione, na nowo poddawane jest manipulacji w imi\u0119 neoimperialnych interes\u00f3w Kremla.<\/strong><\/span><\/p>\n<div class=\"field field--name-body field--type-text-with-summary field--label-hidden field__item\">\n<p style=\"text-align: left;\"><span style=\"color: #000080;\">Historyczka, politolo\u017cka i popularyzatorka nauki, adiunkt w Katedrze Teorii Prawa i My\u015bli Politycznej Wydzia\u0142u Studi\u00f3w Mi\u0119dzynarodowych i Politologicznych Uniwersytetu \u0141\u00f3dzkiego podczas jej wtorkowego wyk\u0142adu w Instytucie Pi\u0142sudskiego w Nowym Jorku, podkre\u015bli\u0142a, \u017ce to, co niegdy\u015b wydawa\u0142o si\u0119 wyja\u015bnione, jest na nowo poddawane manipulacji w imi\u0119 neoimperialnych interes\u00f3w Kremla. Punktem wyj\u015bcia jej rozwa\u017ca\u0144 by\u0142a agresja Rosji wobec Ukrainy i konsekwencje tego dla pa\u0144stw by\u0142ego obozu sowieckiego.<\/span><\/p>\n<p style=\"text-align: left;\"><span style=\"color: #000080;\">Zdaniem dr Jundo-Kaliszewskiej Rosja nie tylko prowadzi dzia\u0142ania zbrojne, lecz tak\u017ce przekszta\u0142ca histori\u0119 w narz\u0119dzie legitymizacji jej polityki imperialnej. W tym kontek\u015bcie rewizja narracji wok\u00f3\u0142 Katynia jest kolejnym przejawem ofensywy Kremla. Po zagarni\u0119ciu Krymu w 2014 r., a szczeg\u00f3lnie po inwazji na Ukrain\u0119 w 2022 r., nast\u0119puje powr\u00f3t do sowieckiego schematu \u2013 obwinianie Niemc\u00f3w za zbrodni\u0119 katy\u0144sk\u0105 mimo wcze\u015bniejszych deklaracji wprost obci\u0105\u017caj\u0105cych NKWD.<\/span><\/p>\n<p style=\"text-align: left;\"><span style=\"color: #000080;\">Prelegentka wskaza\u0142a, \u017ce na prze\u0142omie lat 80. i 90., za czas\u00f3w Michai\u0142a Gorbaczowa i Borysa Jelcyna, nast\u0105pi\u0142 wyra\u017any zwrot w rosyjskiej polityce historycznej.<\/span><\/p>\n<p style=\"text-align: left;\"><span style=\"color: #000080;\">\u2013 Przy\u015bwieca\u0142o temu has\u0142o \u201ejawno\u015bci dla prawdy historycznej\u201d i deklaracja wype\u0142nienia bia\u0142ych plam w historii. (\u2026) W roku 1992 prezydent Federacji Rosyjskiej Borys Jelcyn przeprosi\u0142 Polak\u00f3w za Katy\u0144. Podczas pobytu w Polsce przekaza\u0142 prezydentowi Lechowi Wa\u0142\u0119sie \u201epierwszy pakiet dokument\u00f3w\u201d. W roku 2005 zosta\u0142y one upublicznione przez Rosj\u0119 w internecie, m.in. na portalu Katy\u0144 RU \u2013 przypomnia\u0142a w rozmowie z PAP.<\/span><\/p>\n<p style=\"text-align: left;\"><span style=\"color: #000080;\">Zwr\u00f3ci\u0142a uwag\u0119, \u017ce nawet W\u0142adimir Putin, kt\u00f3ry po katastrofie smole\u0144skiej przyjecha\u0142 do Polski, przyzna\u0142, \u017ce jest to zbrodnia, kt\u00f3rej nie da si\u0119 usprawiedliwi\u0107. W 2010 r. Duma Rosyjska formalnie potwierdzi\u0142a odpowiedzialno\u015b\u0107 NKWD za Katy\u0144.<\/span><\/p>\n<p style=\"text-align: left;\"><span style=\"color: #000080;\">Jundo-Kaliszewska akcentowa\u0142a, \u017ce dzi\u015b ten konsensus jest podwa\u017cany. W 2025 r. Rosja ujawni\u0142a rzekomo obci\u0105\u017caj\u0105ce Niemc\u00f3w dokumenty, ponownie marginalizuj\u0105c polsk\u0105 wersj\u0119 wydarze\u0144 i stygmatyzuj\u0105c Polak\u00f3w jako rusofob\u00f3w i fa\u0142szerzy historii.<\/span><\/p>\n<p style=\"text-align: left;\"><span style=\"color: #000080;\">\u2013 Podczas gdy mamy do czynienia na arenie mi\u0119dzynarodowej z dezinformacj\u0105, wypaczonymi narracjami, manipuluje si\u0119 rzeczywistymi faktami historycznymi, bardzo wa\u017cna jest rzetelna wiedza. Np. kiedy Francja czerpie z rosyjskich \u017ar\u00f3de\u0142 albo spotykamy obywatela Rosji powtarzaj\u0105cego obecn\u0105 wersj\u0119 Moskwy, trzeba sprzeciwi\u0107 si\u0119 dezinformacji \u2013 podkre\u015bli\u0142a badaczka.<\/span><\/p>\n<p style=\"text-align: left;\"><span style=\"color: #000080;\">Zwr\u00f3ci\u0142a uwag\u0119 na proces resowietyzacji pami\u0119ci narodowej w Rosji, przejawiaj\u0105cy si\u0119 cho\u0107by w nowych podr\u0119cznikach, gdzie cytat Putina o \u201enajwi\u0119kszej katastrofie XX wieku\u201d \u2013 upadku ZSRR \u2013 poprzedzaj\u0105 zdj\u0119cia Lenina i Gagarina. To symboliczne ramy, kt\u00f3re ujawniaj\u0105 priorytety wsp\u00f3\u0142czesnej narracji rosyjskiej, g\u0142\u0119boko zakorzenionej w imperialnym my\u015bleniu. Wed\u0142ug badaczki spo\u0142ecze\u0144stwo rosyjskie jest przygotowywane do \u201eporz\u0105dkowania otoczenia\u201d, co w praktyce mo\u017ce oznacza\u0107 kolejne agresje, cho\u0107by wobec pa\u0144stw ba\u0142tyckich.<\/span><\/p>\n<p style=\"text-align: left;\"><span style=\"color: #000080;\">Dr Jundo-Kaliszewska zauwa\u017cy\u0142a, \u017ce Polska, Litwa i inne kraje regionu nie pozostaj\u0105 bierne. Ich inicjatywa \u2013 ustanowienie przez Parlament Europejski 23 kwietnia jako Dnia Ofiar Dw\u00f3ch Totalitaryzm\u00f3w \u2013 stanowi pr\u00f3b\u0119 mi\u0119dzynarodowego przeciwdzia\u0142ania manipulacjom. Jest to wyraz wsp\u00f3lnej odpowiedzialno\u015bci, ale te\u017c dow\u00f3d, jak wiele jeszcze trzeba zrobi\u0107.<\/span><\/p>\n<p style=\"text-align: left;\"><span style=\"color: #000080;\">\u2013 Ca\u0142y czas powinni\u015bmy dzia\u0142a\u0107 tak\u017ce w ramach prawa mi\u0119dzynarodowego, niezale\u017cnie od tego, na ile jest ono skuteczne \u2013 przekonywa\u0142a.<\/span><\/p>\n<p style=\"text-align: left;\"><span style=\"color: #000080;\">Prelegentka zaznaczy\u0142a, \u017ce katy\u0144ska tragedia, cho\u0107 niegdy\u015b uznana za \u201eza\u0142atwion\u0105\u201d, wymaga nowej interwencji. Brak dost\u0119pu do dokument\u00f3w rosyjskich i bia\u0142oruskich oraz uproszczony nieraz przekaz edukacyjny w Polsce powoduj\u0105, \u017ce wiedza o zbrodni pozostaje niepe\u0142na \u2013 zw\u0142aszcza o cywilnych ofiarach spoza korpusu oficerskiego. Dlatego jej zdaniem nale\u017cy t\u0119 wiedz\u0119 aktualizowa\u0107 i mi\u0119dzynarodowo promowa\u0107, szczeg\u00f3lnie w kontek\u015bcie obecnych zbrodni rosyjskich na Ukrainie. Wskaza\u0142a tu na dzia\u0142ania Eweliny Dobrowolskiej, litewskiej minister sprawiedliwo\u015bci, kt\u00f3ra w 2022 r. zg\u0142osi\u0142a wniosek do Trybuna\u0142u Karnego w Hadze o \u015bciganie zbrodni wojennych. Podobny wniosek dotyczy\u0142 Alaksandra \u0141ukaszenki w 2024 r.<\/span><\/p>\n<p style=\"text-align: left;\"><span style=\"color: #000080;\">Dr Jundo-Kaliszewska, wiceprezes polsko-litewskiego Forum Wsp\u00f3\u0142pracy i Dialogu Jerzego Giedroycia, komplementowa\u0142a zbiory Instytutu Pi\u0142sudskiego, prowadzonego obecnie przez dr Iwon\u0119 Korg\u0119, w kt\u00f3rych nie brak te\u017c dokument\u00f3w o Katyniu. Podsumowa\u0142a swoj\u0105 wypowied\u017a podkre\u015bleniem potrzeby rzetelnej wiedzy historycznej jako or\u0119\u017ca w walce z dezinformacj\u0105.<\/span><\/p>\n<p style=\"text-align: left;\"><span style=\"color: #000080;\">\u2013 W \u015bwiecie, gdzie historia s\u0142u\u017cy polityce, nauka musi pozosta\u0107 niezale\u017cnym g\u0142osem prawdy &#8211; powiedzia\u0142a.<\/span><\/p>\n<p style=\"text-align: right;\"><span style=\"color: #808080;\"><em>Z Nowego Jorku Andrzej Dobrowolski (PAP)<\/em><\/span><\/p>\n<\/div>\n<hr style=\"height: 15px; background: #d0e6fa; width: 100%;\" \/>\n<div id=\"content\" class=\"content-alignment\">\n<div id=\"watch-description\" class=\"yt-uix-button-panel\">\n<div id=\"watch-description-text\" style=\"text-align: center;\">\n<p><em>Zawarto\u015b\u0107 publikowanych artyku\u0142\u00f3w i materia\u0142\u00f3w nie reprezentuje pogl\u0105d\u00f3w ani opinii Reunion&#8217;68,<\/em><em><br \/>\nani te\u017c webmastera Blogu Reunion&#8217;68, chyba ze jest to wyra\u017anie zaznaczone.<br \/>\nTwoje uwagi, linki, w\u0142asne artyku\u0142y lub wiadomo\u015bci prze\u015blij na adres:<br \/>\n<\/em><span style=\"color: #000080;\"><strong><em><a style=\"color: #000080;\" href=\"mailto:webmaster@reunion68.com\"><span style=\"text-decoration: underline;\">webmaster@reunion68.com<\/span><\/a><\/em><\/strong><\/span><\/p>\n<\/div>\n<\/div>\n<\/div>\n<hr style=\"width: 100%;\" \/>\n","protected":false},"excerpt":{"rendered":"<p>W \u015bwiecie, gdzie historia s\u0142u\u017cy polityce, nauka musi pozosta\u0107 niezale\u017cnym g\u0142osem prawdy &#8211; powiedzia\u0142a dr Barbara Jundo-Kaliszewska. Fot. Instagram\/arch. prywatne Historyczka: Zbrodnia katy\u0144ska jest poddawana manipulacji w imi\u0119 neoimperialnych interes\u00f3w Kremla Andrzej Dobrowolski Rosyjska polityka historyczna wobec zbrodni katy\u0144skiej, analizowana przez dr Barbar\u0119 Jundo-Kaliszewsk\u0105, ukazuje bardzo niepokoj\u0105c\u0105 ewolucj\u0119 narracji, kt\u00f3rej korzenie i konsekwencje si\u0119gaj\u0105 daleko [&hellip;]<\/p>\n","protected":false},"author":1,"featured_media":0,"comment_status":"closed","ping_status":"closed","sticky":false,"template":"","format":"standard","meta":[],"categories":[6],"tags":[26,24],"_links":{"self":[{"href":"https:\/\/www.reunion68.se\/index.php?rest_route=\/wp\/v2\/posts\/122924"}],"collection":[{"href":"https:\/\/www.reunion68.se\/index.php?rest_route=\/wp\/v2\/posts"}],"about":[{"href":"https:\/\/www.reunion68.se\/index.php?rest_route=\/wp\/v2\/types\/post"}],"author":[{"embeddable":true,"href":"https:\/\/www.reunion68.se\/index.php?rest_route=\/wp\/v2\/users\/1"}],"replies":[{"embeddable":true,"href":"https:\/\/www.reunion68.se\/index.php?rest_route=%2Fwp%2Fv2%2Fcomments&post=122924"}],"version-history":[{"count":4,"href":"https:\/\/www.reunion68.se\/index.php?rest_route=\/wp\/v2\/posts\/122924\/revisions"}],"predecessor-version":[{"id":122952,"href":"https:\/\/www.reunion68.se\/index.php?rest_route=\/wp\/v2\/posts\/122924\/revisions\/122952"}],"wp:attachment":[{"href":"https:\/\/www.reunion68.se\/index.php?rest_route=%2Fwp%2Fv2%2Fmedia&parent=122924"}],"wp:term":[{"taxonomy":"category","embeddable":true,"href":"https:\/\/www.reunion68.se\/index.php?rest_route=%2Fwp%2Fv2%2Fcategories&post=122924"},{"taxonomy":"post_tag","embeddable":true,"href":"https:\/\/www.reunion68.se\/index.php?rest_route=%2Fwp%2Fv2%2Ftags&post=122924"}],"curies":[{"name":"wp","href":"https:\/\/api.w.org\/{rel}","templated":true}]}}