{"id":123035,"date":"2025-08-12T17:09:00","date_gmt":"2025-08-12T15:09:00","guid":{"rendered":"http:\/\/www.reunion68.se\/?p=123035"},"modified":"2025-08-11T10:23:51","modified_gmt":"2025-08-11T08:23:51","slug":"05-09-107","status":"publish","type":"post","link":"https:\/\/www.reunion68.se\/?p=123035","title":{"rendered":"Wznios\u0142e zasady i sentymenty"},"content":{"rendered":"<p style=\"text-align: center;\"><img decoding=\"async\" class=\"aligncenter\" src=\"https:\/\/www.gatestoneinstitute.org\/pics\/5374.jpg\" width=\"100%\"><span style=\"color: #808080;\"><em>Prezydent Francji Emmanuel Macron i minister spraw zagranicznych Jean-No\u00ebl Barrot zajmuj\u0105 si\u0119 wy\u0142\u0105cznie przywo\u0142ywaniem wznios\u0142ych zasad i wielkich sentyment\u00f3w w do\u015b\u0107 osobliwy spos\u00f3b w sprawie trwaj\u0105cej tragedii w Strefie Gazy. Na zdj\u0119ciu: Macron z Barrotem u boku przemawia w Pa\u0142acu Elizejskim w Pary\u017cu 17 kwietnia 2025 r. (Zdj\u0119cie: Ludovic Marin\/Pool\/AFP via Getty Images)<\/em><\/span><\/p>\n<hr>\n<h5 style=\"text-align: center;\"><a href=\"https:\/\/pl.gatestoneinstitute.org\/\" target=\"_blank\" rel=\"noopener noreferrer\"><img decoding=\"async\" class=\"center alignleft\" src=\"https:\/\/pl.gatestoneinstitute.org\/images\/gatestone-logo-1000.gif\" alt=\"\" width=\"50%\"><\/a><span style=\"text-decoration: underline; color: #000080;\"><strong><a style=\"color: #000080; text-decoration: underline;\" href=\"https:\/\/pl.gatestoneinstitute.org\/21767\/wzniosle-zasady-sentymenty\" target=\"_blank\" rel=\"noopener noreferrer\">Wznios\u0142e zasady i sentymenty<\/a><\/strong><\/span><\/h5>\n<p style=\"text-align: center;\"><span style=\"color: #000000;\"><strong>Amir Taheri<br \/>\n<\/strong><span style=\"color: #808080;\"><em>T\u0142umaczenie: <\/em><\/span><strong>Ma\u0142gorzata Koraszewska<\/strong><\/span><\/p>\n<hr style=\"height: 15px; background: #d0e6fa; width: 100%;\">\n<p style=\"text-align: left;\"><span style=\"color: #000080;\">Je\u015bli jeste\u015b pod presj\u0105, aby co\u015b zrobi\u0107, ale wiesz, \u017ce nie mo\u017cesz nic zrobi\u0107, co robisz? C\u00f3\u017c, nie robisz nic, tylko pr\u00f3bujesz sprawia\u0107 wra\u017cenie, \u017ce jednak co\u015b robisz. Przywo\u0142ujesz wznios\u0142e zasady i sentymenty.<\/span><\/p>\n<p style=\"text-align: left;\"><span style=\"color: #000080;\">To w\u0142a\u015bnie w do\u015b\u0107 osobliwy spos\u00f3b robi\u0105 prezydent Francji Emmanuel Macron i jego minister spraw zagranicznych Jean-No\u00ebl Barrot w sprawie trwaj\u0105cej tragedii w Strefie Gazy.<\/span><\/p>\n<p style=\"text-align: left;\"><span style=\"color: #000080;\">Francuscy przyw\u00f3dcy m\u00f3wi\u0105 o podj\u0119ciu &#8220;konkretnych dzia\u0142a\u0144&#8221;, nie zdaj\u0105c sobie sprawy, \u017ce w \u017cargonie filozoficznym dzia\u0142anie, kt\u00f3re nie jest konkretne, nie jest dzia\u0142aniem, lecz &#8220;<i>henid<\/i>&#8220;, koncepcj\u0105, kt\u00f3ra rozp\u0142ywa si\u0119 w nico\u015b\u0107 w kontakcie z rzeczywisto\u015bci\u0105.<\/span><\/p>\n<p style=\"text-align: left;\"><span style=\"color: #000080;\">Na razie m\u00f3wiono o trzech konkretnych dzia\u0142aniach.<\/span><\/p>\n<p style=\"text-align: left;\"><span style=\"color: #000080;\">Pierwszym jest zbadanie mo\u017cliwo\u015bci uznania &#8220;pa\u0144stwa palesty\u0144skiego&#8221; w nieokre\u015blonej przysz\u0142o\u015bci przez zwo\u0142anie konferencji w Nowym Jorku, w porozumieniu z Lig\u0105 Arabsk\u0105, pod auspicjami Organizacji Narod\u00f3w Zjednoczonych. Pa\u0144stwo, o kt\u00f3rym mowa, musi r\u00f3wnie\u017c obejmowa\u0107 Hamas, pod warunkiem, \u017ce zgodzi si\u0119 porzuci\u0107 przemoc i przekszta\u0142ci\u0107 w regularn\u0105 parti\u0119 polityczn\u0105.<\/span><\/p>\n<p style=\"text-align: left;\"><span style=\"color: #000080;\">Drugim krokiem jest zbadanie mo\u017cliwo\u015bci wszcz\u0119cia \u015bledztwa przeciwko niekt\u00f3rym izraelskim funkcjonariuszom pod zarzutem naruszenia niewymienionych zasad humanitarnych.<\/span><\/p>\n<p style=\"text-align: left;\"><span style=\"color: #000080;\">Trzecim krokiem jest zwr\u00f3cenie si\u0119 do Unii Europejskiej o rozwa\u017cenie mo\u017cliwo\u015bci zastosowania artyku\u0142u II umowy handlowej mi\u0119dzy Izraelem a UE w celu ograniczenia wymiany handlowej.<\/span><\/p>\n<p style=\"text-align: left;\"><span style=\"color: #000080;\">Taki krok, je\u015bli zostanie wdro\u017cony, mo\u017ce zniszczy\u0107 niekt\u00f3re przedsi\u0119biorstwa w Izraelu i Europie. Ale nie podano, co dobrego takie sygnalizowanie cnoty mog\u0142oby zrobi\u0107 dla Gaza\u0144czyk\u00f3w, kt\u00f3rzy umieraj\u0105 ka\u017cdego dnia.<\/span><\/p>\n<p style=\"text-align: left;\"><span style=\"color: #000080;\">&#8220;Nie mo\u017cemy pozwoli\u0107 na pogwa\u0142cenie naszych wznios\u0142ych zasad&#8221; \u2013 m\u00f3wi Barrot.<\/span><\/p>\n<p style=\"text-align: left;\"><span style=\"color: #000080;\">Powo\u0142uj\u0105c si\u0119 na wznios\u0142e zasady i sentymenty, jeden z jego poprzednik\u00f3w, Dominique de Villepin, d\u017centelmen, kt\u00f3ry pr\u00f3bowa\u0142 zapobiec upadkowi irackiego w\u0142adcy Saddama Husajna, powr\u00f3ci\u0142 z emerytury, aby zaapelowa\u0107 o \u015bciganie izraelskich przyw\u00f3dc\u00f3w politycznych i wojskowych przed Mi\u0119dzynarodowym Trybuna\u0142em Karnym.<\/span><\/p>\n<p style=\"text-align: left;\"><span style=\"color: #000080;\">Wow! Gdyby omawiany problem nie by\u0142 tak \u015bmiertelnie powa\u017cny, skoro ludzie umieraj\u0105 ka\u017cdego dnia, mo\u017cna by to wszystko zignorowa\u0107 jako jedynie pozerstwo maj\u0105ce na celu zachowanie pozor\u00f3w.<\/span><\/p>\n<p style=\"text-align: left;\"><span style=\"color: #000080;\">Jednak\u017ce hipokryzj\u0119 tych wznios\u0142ych zasad i sentyment\u00f3w obrazuje fakt, \u017ce 24 godziny po tym, jak Macron, Barrot i de Villepin powo\u0142ali si\u0119 na nie, aby usprawiedliwi\u0107 swoj\u0105&nbsp;<i>trompe-l&#8217;oeil<\/i>&nbsp;postaw\u0119 antyizraelsk\u0105, minister spraw wewn\u0119trznych Bruno Retailleau przedstawi\u0142 76-stronicowy raport, w kt\u00f3rym uzna\u0142 Bractwo Muzu\u0142ma\u0144skie za istniej\u0105ce i bezpo\u015brednie zagro\u017cenie dla bezpiecze\u0144stwa narodowego Francji.<\/span><\/p>\n<p style=\"text-align: left;\"><span style=\"color: #000080;\">Raport, nad kt\u00f3rym pracowano dwa lata, okre\u015bla Bractwo Muzu\u0142ma\u0144skie jako organizacj\u0119 mi\u0119dzynarodow\u0105 promuj\u0105c\u0105 ekstremizm i opisuje jej dzia\u0142ania terrorystyczne na ca\u0142ym \u015bwiecie.<\/span><\/p>\n<p style=\"text-align: left;\"><span style=\"color: #000080;\">Wspierane przez co najmniej dwa nienazwane &#8220;obce mocarstwa&#8221;, Bractwo Muzu\u0142ma\u0144skie we Francji podwoi\u0142o liczb\u0119 swoich cz\u0142onk\u00f3w do 100 tysi\u0119cy. Taktyka, kt\u00f3r\u0105 stosuje, nazywa si\u0119 &#8220;przenikaniem&#8221;, czyli infiltracj\u0105 jednostek religijnych, edukacyjnych, sportowych, kulturalnych i handlowych oraz organizacji pozarz\u0105dowych, aby wykorzysta\u0107 miliony ludzi jako \u017cywe tarcze dla swoich dzia\u0142a\u0144.<\/span><\/p>\n<p style=\"text-align: left;\"><span style=\"color: #000080;\">Szczeg\u00f3\u0142owy i oparty na \u017ar\u00f3d\u0142ach raport Retailleau nie wspomina o tym, \u017ce Hamas, jako od\u0142am Bractwa Muzu\u0142ma\u0144skiego, r\u00f3wnie\u017c wykorzystuje mieszka\u0144c\u00f3w Gazy jako \u017cywe tarcze.<\/span><\/p>\n<p style=\"text-align: left;\"><span style=\"color: #000080;\">Barrot m\u00f3wi: &#8220;Je\u015bli siejesz przemoc, zbierasz przemoc!&#8221; Zapomina jako\u015b, \u017ce obecn\u0105 przemoc zasia\u0142 atak Hamasu 7 pa\u017adziernika 2023 r. na izraelskie miasta i wsie.<\/span><\/p>\n<p style=\"text-align: left;\"><span style=\"color: #000080;\">Jego p\u0142onna nadzieja na to, \u017ce Hamas rozbroi si\u0119 i stanie regularn\u0105 parti\u0105 polityczn\u0105 uczestnicz\u0105c\u0105 w domniemanym pa\u0144stwie palesty\u0144skim o nieokre\u015blonych jeszcze kszta\u0142tach, nie pomo\u017ce mieszka\u0144com Gazy, kt\u00f3rzy s\u0105 zak\u0142adnikami kilku tysi\u0119cy uzbrojonych bandyt\u00f3w.<\/span><\/p>\n<p style=\"text-align: left;\"><span style=\"color: #000080;\">De Villepin i jemu podobni widz\u0105 Hamas jako &#8220;ruch wyzwole\u0144czy&#8221;, kt\u00f3rego nie mo\u017cna zlikwidowa\u0107. A jednak Hamas nigdy nie nazwa\u0142 siebie w ten spos\u00f3b. Uwa\u017ca si\u0119 za cz\u0119\u015b\u0107 Bractwa Muzu\u0142ma\u0144skiego, z globalnymi ambicjami i celowo nie u\u017cywa s\u0142owa &#8220;Palestyna&#8221; w definiowaniu swojej to\u017csamo\u015bci. Nie chce &#8220;wyzwoli\u0107&#8221; Palestyny, jakkolwiek by ona nie by\u0142a zdefiniowana; jego deklarowanym celem jest wymazanie Izraela z mapy.<\/span><\/p>\n<p style=\"text-align: left;\"><span style=\"color: #000080;\">Nie jestem pewien, czy przyw\u00f3dcy Hamasu byliby zadowoleni z faktu, \u017ce Francja w ten spos\u00f3b ignoruje ich prawdziw\u0105 to\u017csamo\u015b\u0107.<\/span><\/p>\n<p style=\"text-align: left;\"><span style=\"color: #000080;\">Jednak nawet twierdzenie, \u017ce uzbrojonych grup &#8220;wyzwole\u0144czych&#8221; lub &#8220;oporu&#8221; nie da si\u0119 pokona\u0107, nie zawsze jest prawdziwe.<\/span><\/p>\n<p style=\"text-align: left;\"><span style=\"color: #000080;\">Malajska Armia Wyzwolenia Narodowego zosta\u0142a ca\u0142kowicie zniszczona. Ludowy Front Wyzwolenia Okupowanej Zatoki Perskiej (PFLOAG) wyl\u0105dowa\u0142 na \u015bmietniku historii, podobnie jak Rewolucyjne Si\u0142y Zbrojne Kolumbii (FARC), \u015awietlisty Szlak i Ruch 19 Kwietnia (M19) w Ameryce \u0141aci\u0144skiej oraz p\u00f3\u0142 tuzina grup rzekomo walcz\u0105cych o &#8220;wyzwolenie Palestyny&#8221;.<\/span><\/p>\n<p style=\"text-align: left;\"><span style=\"color: #000080;\">Nikt nie mo\u017ce odm\u00f3wi\u0107 Francji prawa do opowiedzenia si\u0119 po kt\u00f3rej\u015b ze stron w tym tragicznym konflikcie. Ale s\u0105 dwie rzeczy, kt\u00f3rych nie mo\u017cna zaakceptowa\u0107.<\/span><\/p>\n<p style=\"text-align: left;\"><span style=\"color: #000080;\">Pierwsz\u0105 jest ukrycie lub ponowne zdefiniowanie to\u017csamo\u015bci strony, po kt\u00f3rej si\u0119 opowiadasz. Drug\u0105 w tym konkretnym przypadku jest u\u017cycie jawnej lub ukrytej sympatii dla Hamasu jako przykrywki do represji wobec prawdziwych lub wyimaginowanych &#8220;zagra\u017caj\u0105cych&#8221; organizacji w samej Francji.<\/span><\/p>\n<p style=\"text-align: left;\"><span style=\"color: #000080;\">Uto\u017csamianie Hamasu z Palestyn\u0105 jest zdrad\u0105 narodu palesty\u0144skiego, w tym wielu jego cz\u0142onk\u00f3w, kt\u00f3rzy nie toleruj\u0105 bezmy\u015blnej przemocy w imi\u0119 uzasadnionych d\u0105\u017ce\u0144 narodowych.<\/span><\/p>\n<p style=\"text-align: left;\"><span style=\"color: #000080;\">Francuscy przyw\u00f3dcy m\u00f3wi\u0105 wy\u0142\u0105cznie o tym, co ich zdaniem ma zrobi\u0107 Izrael; nigdy nie m\u00f3wi\u0105, co powinien zrobi\u0107 Hamas. Zapominaj\u0105, \u017ce Hamas m\u00f3g\u0142by natychmiast zako\u0144czy\u0107 t\u0119 wojn\u0119, uwalniaj\u0105c wszystkich pozosta\u0142ych zak\u0142adnik\u00f3w i oddaj\u0105c bro\u0144. Nawet ukryte poparcie dla Hamasu, poprzez krytykowanie Izraela i jego przyw\u00f3dc\u00f3w, mo\u017ce zach\u0119ci\u0107 reszt\u0119 przyw\u00f3dc\u00f3w tej grupy terrorystycznej do przed\u0142u\u017cenia konfliktu i spowodowania wi\u0119kszej liczby ofiar.<\/span><\/p>\n<p style=\"text-align: left;\"><span style=\"color: #000080;\">Tehera\u0144ska gazeta &#8220;Kayhan&#8221;, odzwierciedlaj\u0105ca pogl\u0105dy ira\u0144skiego &#8220;Najwy\u017cszego Przewodnika&#8221; Alego Chameneiego, wzywa Hamas do kontynuowania wojny, poniewa\u017c chocia\u017c straci\u0142 terytorium, nie wspominaj\u0105c o dziesi\u0105tkach tysi\u0119cy istnie\u0144 ludzkich w Strefie Gazy, &#8220;wygra\u0142 na ameryka\u0144skich i europejskich uniwersytetach oraz w \u015bwiatowej opinii publicznej&#8221;.<\/span><\/p>\n<p style=\"text-align: left;\"><span style=\"color: #000080;\">To jest wojna i, jak ka\u017cda wojna, ma na celu wyznaczenie zwyci\u0119zcy i pokonanego. Zapobieganie temu nie osi\u0105ga niczego poza utorowaniem drogi dla wi\u0119kszych i bardziej \u015bmierciono\u015bnych wojen w przysz\u0142o\u015bci.<\/span><\/p>\n<p style=\"text-align: left;\"><span style=\"color: #000080;\">Dyplomatyczne gesty Francji dotycz\u0105ce wznios\u0142ych zasad i sentyment\u00f3w przypominaj\u0105 piosenk\u0119 wybitnego francuskiego piosenkarza i autora piosenek Guya B\u00e9arta:<\/span><\/p>\n<p style=\"padding-left: 80px;\"><strong><em>&#8220;Ona chodzi do Luwru z Philippe&#8217;em,<\/em><\/strong><br \/>\n<strong><em>W imi\u0119 wznios\u0142ych zasad,<\/em><\/strong><br \/>\n<strong><em>A potem idzie si\u0119 bawi\u0107 z Armandem,<\/em><\/strong><br \/>\n<strong><em>W imi\u0119 wznios\u0142ych sentyment\u00f3w!&#8221;<\/em><\/strong><\/p>\n<hr style=\"height: 15px; background: #d0e6fa; width: 100%;\">\n<div id=\"content\" class=\"content-alignment\">\n<div id=\"watch-description\" class=\"yt-uix-button-panel\">\n<div id=\"watch-description-text\" style=\"text-align: center;\">\n<p><em>Zawarto\u015b\u0107 publikowanych artyku\u0142\u00f3w i materia\u0142\u00f3w nie reprezentuje pogl\u0105d\u00f3w ani opinii Reunion&#8217;68,<\/em><em><br \/>\nani te\u017c webmastera Blogu Reunion&#8217;68, chyba ze jest to wyra\u017anie zaznaczone.<br \/>\nTwoje uwagi, linki, w\u0142asne artyku\u0142y lub wiadomo\u015bci prze\u015blij na adres:<br \/>\n<\/em><span style=\"color: #000080;\"><strong><em><a style=\"color: #000080;\" href=\"mailto:webmaster@reunion68.com\"><span style=\"text-decoration: underline;\">webmaster@reunion68.com<\/span><\/a><\/em><\/strong><\/span><\/p>\n<\/div>\n<\/div>\n<\/div>\n<hr style=\"width: 100%;\">\n","protected":false},"excerpt":{"rendered":"<p>Prezydent Francji Emmanuel Macron i minister spraw zagranicznych Jean-No\u00ebl Barrot zajmuj\u0105 si\u0119 wy\u0142\u0105cznie przywo\u0142ywaniem wznios\u0142ych zasad i wielkich sentyment\u00f3w w do\u015b\u0107 osobliwy spos\u00f3b w sprawie trwaj\u0105cej tragedii w Strefie Gazy. Na zdj\u0119ciu: Macron z Barrotem u boku przemawia w Pa\u0142acu Elizejskim w Pary\u017cu 17 kwietnia 2025 r. (Zdj\u0119cie: Ludovic Marin\/Pool\/AFP via Getty Images) Wznios\u0142e zasady [&hellip;]<\/p>\n","protected":false},"author":1,"featured_media":0,"comment_status":"closed","ping_status":"closed","sticky":false,"template":"","format":"standard","meta":[],"categories":[6],"tags":[26,24],"_links":{"self":[{"href":"https:\/\/www.reunion68.se\/index.php?rest_route=\/wp\/v2\/posts\/123035"}],"collection":[{"href":"https:\/\/www.reunion68.se\/index.php?rest_route=\/wp\/v2\/posts"}],"about":[{"href":"https:\/\/www.reunion68.se\/index.php?rest_route=\/wp\/v2\/types\/post"}],"author":[{"embeddable":true,"href":"https:\/\/www.reunion68.se\/index.php?rest_route=\/wp\/v2\/users\/1"}],"replies":[{"embeddable":true,"href":"https:\/\/www.reunion68.se\/index.php?rest_route=%2Fwp%2Fv2%2Fcomments&post=123035"}],"version-history":[{"count":5,"href":"https:\/\/www.reunion68.se\/index.php?rest_route=\/wp\/v2\/posts\/123035\/revisions"}],"predecessor-version":[{"id":123255,"href":"https:\/\/www.reunion68.se\/index.php?rest_route=\/wp\/v2\/posts\/123035\/revisions\/123255"}],"wp:attachment":[{"href":"https:\/\/www.reunion68.se\/index.php?rest_route=%2Fwp%2Fv2%2Fmedia&parent=123035"}],"wp:term":[{"taxonomy":"category","embeddable":true,"href":"https:\/\/www.reunion68.se\/index.php?rest_route=%2Fwp%2Fv2%2Fcategories&post=123035"},{"taxonomy":"post_tag","embeddable":true,"href":"https:\/\/www.reunion68.se\/index.php?rest_route=%2Fwp%2Fv2%2Ftags&post=123035"}],"curies":[{"name":"wp","href":"https:\/\/api.w.org\/{rel}","templated":true}]}}