{"id":123056,"date":"2025-08-06T17:09:02","date_gmt":"2025-08-06T15:09:02","guid":{"rendered":"http:\/\/www.reunion68.se\/?p=123056"},"modified":"2025-08-06T08:53:51","modified_gmt":"2025-08-06T06:53:51","slug":"06-09-98","status":"publish","type":"post","link":"https:\/\/www.reunion68.se\/?p=123056","title":{"rendered":"Izrael wezwa\u0142 ambasadora Polski na dywanik"},"content":{"rendered":"<p style=\"text-align: center;\"><img decoding=\"async\" class=\"aligncenter\" src=\"https:\/\/bi.im-g.pl\/im\/a6\/aa\/1e\/z32155558AMP,Gideon-Saar.jpg\" width=\"100%\" \/><span style=\"color: #808080;\"><em>Gideon Saar (Fot. REUTERS\/Yves Herman)<\/em><\/span><\/p>\n<hr \/>\n<h5 style=\"text-align: center;\"><a href=\"https:\/\/wyborcza.pl\/\" target=\"_blank\" rel=\"noopener noreferrer\"><img decoding=\"async\" class=\"center alignleft\" src=\"http:\/\/www.reunion68.com\/Biuletyn\/img\/wyborcza.png\" alt=\"\" width=\"35%\" \/><\/a><span style=\"text-decoration: underline; color: #000080;\"><strong><a style=\"color: #000080; text-decoration: underline;\" href=\"https:\/\/wyborcza.pl\/7,75399,32155432,izrael-wezwal-ambasadora-polski-na-dywanik.html#s=S.index-K.C-B.1-L.1.duzy\" target=\"_blank\" rel=\"noopener noreferrer\">Izrael wezwa\u0142 ambasadora Polski na dywanik<\/a><\/strong><\/span><\/h5>\n<p style=\"text-align: center;\"><span style=\"color: #000000;\"><strong>Jaros\u0142aw Marczuk<\/strong><\/span><\/p>\n<hr style=\"height: 15px; background: #d0e6fa; width: 100%;\" \/>\n<h5 class=\"text--lead \">Posz\u0142o m.in. o jedne z ostatnich wypowiedzi premiera Donalda Tuska i stanowisko polskiego MSZ.<\/h5>\n<div class=\"article--underlead\" style=\"text-align: left;\"><span style=\"color: #000080;\">O tym, \u017ce Maciej Hunia, ambasador Polski w Izraelu, zosta\u0142 wezwany przez izraelskie MSZ, izraelskie media poinformowa\u0142y po godzinie 14.\u00a0<\/span><\/div>\n<div class=\"article--content article--content-free  \">\n<p class=\"text--paragraph\" style=\"text-align: left;\"><span style=\"color: #000080;\">Jak podkre\u015bli\u0142 szef izraelskiego MSZ Gideon Saar, powodem s\u0105 &#8220;skandaliczne odniesienia do oboz\u00f3w koncentracyjnych&#8221; i oskar\u017cenia wobec Izraela o \u015bwiadome g\u0142odzenie mieszka\u0144c\u00f3w Gazy.<\/span><\/p>\n<h4 class=\"text--title font-head-700\"><strong>Polska krytykuje Izrael za dzia\u0142ania w Strefie Gazy<\/strong><\/h4>\n<p class=\"text--paragraph\" style=\"text-align: left;\"><span style=\"color: #000080;\">Chodzi o ostatnie wypowiedzi premiera\u00a0<a style=\"color: #000080;\" href=\"https:\/\/wyborcza.pl\/0,128956.html?tag=Donald+Tusk#anchorLink\">Donalda Tuska<\/a>\u00a0i polskiego MSZ.<\/span><\/p>\n<p class=\"text--paragraph\" style=\"text-align: left;\"><span style=\"color: #000080;\">&#8220;Polska by\u0142a, jest i b\u0119dzie po stronie Izraela w jego konfrontacji z islamskim terroryzmem, ale nigdy po stronie polityk\u00f3w, kt\u00f3rych dzia\u0142ania prowadz\u0105 do g\u0142odu i \u015bmierci matek i dzieci. To musi by\u0107 oczywiste dla narod\u00f3w, kt\u00f3re przesz\u0142y wsp\u00f3lnie przez piek\u0142o II wojny \u015bwiatowej&#8221; \u2013 napisa\u0142 na X premier Tusk w niedziel\u0119.\u00a0 <\/span><\/p>\n<\/div>\n<p><iframe loading=\"lazy\" id=\"twitter-widget-0\" class=\"\" title=\"X Post\" src=\"https:\/\/platform.twitter.com\/embed\/Tweet.html?dnt=false&amp;embedId=twitter-widget-0&amp;features=eyJ0ZndfdGltZWxpbmVfbGlzdCI6eyJidWNrZXQiOltdLCJ2ZXJzaW9uIjpudWxsfSwidGZ3X2ZvbGxvd2VyX2NvdW50X3N1bnNldCI6eyJidWNrZXQiOnRydWUsInZlcnNpb24iOm51bGx9LCJ0ZndfdHdlZXRfZWRpdF9iYWNrZW5kIjp7ImJ1Y2tldCI6Im9uIiwidmVyc2lvbiI6bnVsbH0sInRmd19yZWZzcmNfc2Vzc2lvbiI6eyJidWNrZXQiOiJvbiIsInZlcnNpb24iOm51bGx9LCJ0ZndfZm9zbnJfc29mdF9pbnRlcnZlbnRpb25zX2VuYWJsZWQiOnsiYnVja2V0Ijoib24iLCJ2ZXJzaW9uIjpudWxsfSwidGZ3X21peGVkX21lZGlhXzE1ODk3Ijp7ImJ1Y2tldCI6InRyZWF0bWVudCIsInZlcnNpb24iOm51bGx9LCJ0ZndfZXhwZXJpbWVudHNfY29va2llX2V4cGlyYXRpb24iOnsiYnVja2V0IjoxMjA5NjAwLCJ2ZXJzaW9uIjpudWxsfSwidGZ3X3Nob3dfYmlyZHdhdGNoX3Bpdm90c19lbmFibGVkIjp7ImJ1Y2tldCI6Im9uIiwidmVyc2lvbiI6bnVsbH0sInRmd19kdXBsaWNhdGVfc2NyaWJlc190b19zZXR0aW5ncyI6eyJidWNrZXQiOiJvbiIsInZlcnNpb24iOm51bGx9LCJ0ZndfdXNlX3Byb2ZpbGVfaW1hZ2Vfc2hhcGVfZW5hYmxlZCI6eyJidWNrZXQiOiJvbiIsInZlcnNpb24iOm51bGx9LCJ0ZndfdmlkZW9faGxzX2R5bmFtaWNfbWFuaWZlc3RzXzE1MDgyIjp7ImJ1Y2tldCI6InRydWVfYml0cmF0ZSIsInZlcnNpb24iOm51bGx9LCJ0ZndfbGVnYWN5X3RpbWVsaW5lX3N1bnNldCI6eyJidWNrZXQiOnRydWUsInZlcnNpb24iOm51bGx9LCJ0ZndfdHdlZXRfZWRpdF9mcm9udGVuZCI6eyJidWNrZXQiOiJvbiIsInZlcnNpb24iOm51bGx9fQ%3D%3D&amp;frame=false&amp;hideCard=false&amp;hideThread=false&amp;id=1951975789462753352&amp;lang=pl&amp;origin=https%3A%2F%2Fwyborcza.pl%2F7%2C75399%2C32155432%2Cizrael-wezwal-ambasadora-polski-na-dywanik.html&amp;sessionId=12f2b8e4046bdbfc663e22fc7f6882df4a235571&amp;theme=light&amp;widgetsVersion=2615f7e52b7e0%3A1702314776716&amp;width=550px\" width=\"650\" height=\"400\" frameborder=\"0\" scrolling=\"yes\" allowfullscreen=\"allowfullscreen\" data-tweet-id=\"1951975789462753352\" data-mce-fragment=\"1\"><\/iframe><\/p>\n<p class=\"text--paragraph\" style=\"text-align: left;\"><span style=\"color: #000080;\">Oburzenie izraelskiego MSZ wywo\u0142a\u0142o po\u0142\u0105czenie\u00a0 &#8220;aktualnego pot\u0119pienia Hamasu z niedopuszczalnym odniesieniem do polityk\u00f3w, kt\u00f3remu towarzyszy\u0142o przypomnienie o strasznych dniach II wojny \u015bwiatowej&#8221;.<\/span><\/p>\n<p class=\"text--paragraph\"><span style=\"color: #000080;\">&#8211; Nie jest przypadkiem, \u017ce w ostatnich dniach polski rz\u0105d zdecydowa\u0142 si\u0119 odwo\u0142a\u0107 do pami\u0119ci o Holokau\u015bcie, u\u017cywaj\u0105c niepokoj\u0105cych sformu\u0142owa\u0144 &#8211; doda\u0142 Gideon Saar, jak donosi &#8220;Haarec&#8221;.<\/span><\/p>\n<p class=\"text--paragraph\" style=\"text-align: left;\"><span style=\"color: #000080;\">&#8220;Haarec&#8221; wskazuje, \u017ce izraelskim w\u0142adzom nie przypad\u0142y tak\u017ce do gustu s\u0142owa ministra Sikorskiego, kt\u00f3ry w ostatnich dniach w mediach krytykowa\u0142 dzia\u0142ania Izraela w Strefie Gazy.\u00a0<\/span><\/p>\n<p><img decoding=\"async\" class=\"preview aligncenter\" src=\"https:\/\/bi.im-g.pl\/im\/f6\/aa\/1e\/z32155638IH,Maciej-Hunia.jpg\" srcset=\"https:\/\/bi.im-g.pl\/im\/f6\/aa\/1e\/z32155638IH,Maciej-Hunia.jpg, https:\/\/bi.im-g.pl\/im\/f6\/aa\/1e\/z32155638IHR,Maciej-Hunia.jpg 2x\" alt=\"Maciej Hunia\" width=\"100%\" \/><\/p>\n<div class=\"text--photo-caption font-caption\" style=\"text-align: center;\"><span style=\"color: #808080;\"><em><span class=\"text--photo-title\">Maciej Hunia<\/span>\u00a0<span class=\"text--photo-author\">Fot. Radek Pietruszka \/ PAP<\/span><\/em><\/span><\/div>\n<p class=\"text--paragraph\" style=\"text-align: left;\"><span style=\"color: #000080;\">W poniedzia\u0142ek polski MSZ wyda\u0142 o\u015bwiadczenie w sprawie sytuacji w enklawie.<\/span><\/p>\n<p class=\"text--paragraph\" style=\"text-align: left;\"><span style=\"color: #000080;\">&#8220;Polska uznaje prawo Izraela do obrony oraz rozwoju w bezpiecznym otoczeniu w mi\u0119dzynarodowo uznanych granicach. Nie akceptuje jednak liczby ofiar w Strefie Gazy zabitych przez si\u0142y izraelskie w deklarowanym przez nie d\u0105\u017ceniu do wyeliminowania zdolno\u015bci bojowych i organizacyjnych Hamasu&#8221; &#8211; napisano w o\u015bwiadczeniu.<\/span><\/p>\n<p><img decoding=\"async\" class=\"preview aligncenter\" src=\"https:\/\/bi.im-g.pl\/im\/de\/aa\/1e\/z32155614IH,Strefa-Gazy-.jpg\" srcset=\"https:\/\/bi.im-g.pl\/im\/de\/aa\/1e\/z32155614IH,Strefa-Gazy-.jpg, https:\/\/bi.im-g.pl\/im\/de\/aa\/1e\/z32155614IHR,Strefa-Gazy-.jpg 2x\" alt=\"Strefa Gazy.\" width=\"100%\" \/><\/p>\n<div class=\"text--photo-caption font-caption\" style=\"text-align: center;\"><span style=\"color: #808080;\"><em><span class=\"text--photo-title\">Strefa Gazy.<\/span>\u00a0<span class=\"text--photo-author\">Fot. REUTERS\/Hatem Khaled<\/span><\/em><\/span><\/div>\n<div class=\"text--photo-caption font-caption\" style=\"text-align: center;\">\n<p class=\"text--paragraph\" style=\"text-align: left;\"><span style=\"color: #000080;\">&#8220;Przekaz Polski jest jasny: nie\u00a0ma\u00a0i\u00a0nigdy nie\u00a0b\u0119dzie zgody Polski na\u00a0wykorzystywanie ograniczania w\u00a0dost\u0119pie do\u00a0pomocy humanitarnej osobom dotkni\u0119tym konfliktem zbrojnym w\u00a0osi\u0105gni\u0119ciu cel\u00f3w militarnych lub\u00a0politycznych; na\u00a0wykorzystywanie g\u0142odu jako broni przeciwko ludno\u015bci cywilnej; na\u00a0tworzenie oboz\u00f3w koncentracyjnych w\u00a0celu rozwi\u0105zania konfliktu&#8221; \u2013 podkre\u015blono.<\/span><\/p>\n<p style=\"text-align: left;\"><span style=\"color: #000080;\">&#8220;Obowi\u0105zkiem Izraela, jako si\u0142y okupuj\u0105cej, jest ochrona ludno\u015bci cywilnej. Izrael tego obowi\u0105zku nie\u00a0wype\u0142nia&#8221; \u2013 dodano.<\/span><\/p>\n<hr style=\"height: 15px; background: #d0e6fa; width: 100%;\" \/>\n<div id=\"content\" class=\"content-alignment\">\n<div id=\"watch-description\" class=\"yt-uix-button-panel\">\n<div id=\"watch-description-text\" style=\"text-align: center;\">\n<p><em>Zawarto\u015b\u0107 publikowanych artyku\u0142\u00f3w i materia\u0142\u00f3w nie reprezentuje pogl\u0105d\u00f3w ani opinii Reunion&#8217;68,<\/em><em><br \/>\nani te\u017c webmastera Blogu Reunion&#8217;68, chyba ze jest to wyra\u017anie zaznaczone.<br \/>\nTwoje uwagi, linki, w\u0142asne artyku\u0142y lub wiadomo\u015bci prze\u015blij na adres:<br \/>\n<\/em><span style=\"color: #000080;\"><strong><em><a style=\"color: #000080;\" href=\"mailto:webmaster@reunion68.com\"><span style=\"text-decoration: underline;\">webmaster@reunion68.com<\/span><\/a><\/em><\/strong><\/span><\/p>\n<\/div>\n<\/div>\n<\/div>\n<hr style=\"width: 100%;\" \/>\n<\/div>\n","protected":false},"excerpt":{"rendered":"<p>Gideon Saar (Fot. REUTERS\/Yves Herman) Izrael wezwa\u0142 ambasadora Polski na dywanik Jaros\u0142aw Marczuk Posz\u0142o m.in. o jedne z ostatnich wypowiedzi premiera Donalda Tuska i stanowisko polskiego MSZ. O tym, \u017ce Maciej Hunia, ambasador Polski w Izraelu, zosta\u0142 wezwany przez izraelskie MSZ, izraelskie media poinformowa\u0142y po godzinie 14.\u00a0 Jak podkre\u015bli\u0142 szef izraelskiego MSZ Gideon Saar, powodem [&hellip;]<\/p>\n","protected":false},"author":1,"featured_media":0,"comment_status":"closed","ping_status":"closed","sticky":false,"template":"","format":"standard","meta":[],"categories":[1],"tags":[26,24],"_links":{"self":[{"href":"https:\/\/www.reunion68.se\/index.php?rest_route=\/wp\/v2\/posts\/123056"}],"collection":[{"href":"https:\/\/www.reunion68.se\/index.php?rest_route=\/wp\/v2\/posts"}],"about":[{"href":"https:\/\/www.reunion68.se\/index.php?rest_route=\/wp\/v2\/types\/post"}],"author":[{"embeddable":true,"href":"https:\/\/www.reunion68.se\/index.php?rest_route=\/wp\/v2\/users\/1"}],"replies":[{"embeddable":true,"href":"https:\/\/www.reunion68.se\/index.php?rest_route=%2Fwp%2Fv2%2Fcomments&post=123056"}],"version-history":[{"count":20,"href":"https:\/\/www.reunion68.se\/index.php?rest_route=\/wp\/v2\/posts\/123056\/revisions"}],"predecessor-version":[{"id":123080,"href":"https:\/\/www.reunion68.se\/index.php?rest_route=\/wp\/v2\/posts\/123056\/revisions\/123080"}],"wp:attachment":[{"href":"https:\/\/www.reunion68.se\/index.php?rest_route=%2Fwp%2Fv2%2Fmedia&parent=123056"}],"wp:term":[{"taxonomy":"category","embeddable":true,"href":"https:\/\/www.reunion68.se\/index.php?rest_route=%2Fwp%2Fv2%2Fcategories&post=123056"},{"taxonomy":"post_tag","embeddable":true,"href":"https:\/\/www.reunion68.se\/index.php?rest_route=%2Fwp%2Fv2%2Ftags&post=123056"}],"curies":[{"name":"wp","href":"https:\/\/api.w.org\/{rel}","templated":true}]}}