{"id":123113,"date":"2025-08-08T17:09:59","date_gmt":"2025-08-08T15:09:59","guid":{"rendered":"http:\/\/www.reunion68.se\/?p=123113"},"modified":"2025-08-24T14:53:15","modified_gmt":"2025-08-24T12:53:15","slug":"08-09-102","status":"publish","type":"post","link":"https:\/\/www.reunion68.se\/?p=123113","title":{"rendered":"Gdzie s\u0105 prawdziwi faszy\u015bci?"},"content":{"rendered":"<hr>\n<p style=\"text-align: center;\"><em><strong><img decoding=\"async\" class=\"aligncenter\" src=\"https:\/\/scontent.fbma5-1.fna.fbcdn.net\/v\/t39.30808-6\/527352486_3300370456779234_7102693168647588715_n.jpg?_nc_cat=102&amp;ccb=1-7&amp;_nc_sid=833d8c&amp;_nc_ohc=qQOfFRb0_VwQ7kNvwGwiRLU&amp;_nc_oc=AdmVz9y8MxFNi8C_wC8znRnuSEDsA6sBuiAPYeW5zwS_Ij7r3ggsuARtadXRl7audZo&amp;_nc_zt=23&amp;_nc_ht=scontent.fbma5-1.fna&amp;_nc_gid=oKHZigINjqd2sjFmQXkibg&amp;oh=00_AfW29ZHB4zHGc-wGrGW6yMwu-6iG6kvxcnEE3IPvKQ8QHA&amp;oe=68B0CBC1\" width=\"100%\"><\/strong><span style=\"color: #808080;\">Evyatar i Rom. Porwani w Izraelu 7 pa\u017adziernika 2023 roku i wykorzystywani w nazistowskiej propagandzie \u201eruchu oporu\u201d<\/span><\/em><\/p>\n<hr>\n<h3 style=\"text-align: center;\"><span style=\"text-decoration: underline;\"><a href=\"http:\/\/www.listyznaszegosadu.pl\/\" target=\"_blank\" rel=\"noopener noreferrer\"><img decoding=\"async\" class=\"center alignleft\" src=\"http:\/\/www.reunion68.com\/Biuletyn\/img\/z-naszego.jpg\" alt=\"\" width=\"50%\"><\/a><\/span><strong><span style=\"text-decoration: underline;\"><span style=\"color: #000080; text-decoration: underline;\">Gdzie s\u0105 prawdziwi faszy\u015bci?<\/span><\/span><\/strong><\/h3>\n<p style=\"text-align: center;\"><strong><span style=\"color: #000000;\">Redakcja<\/span><\/strong><\/p>\n<hr style=\"height: 15px; background: #d0e6fa; width: 100%;\">\n<div class=\"templateArticleIngress\"><span style=\"color: #000080;\">Cz\u0142onek Towarzystwa Dziennikarskiego informuje nas, \u017ce jego jedynym autorytetem w dziedzinie bliskowschodniej jest Konstanty Gebert. Nasze Towarzystwo Dziennikarskie jest bardzo europejskie i bardzo <span style=\"color: #000080;\">potrzebuje<\/span> lokalnego autorytetu, kt\u00f3ry upewni je, \u017ce jest moralne jak Macron, szlachetne jak niemiecki kanclerz i \u015bwi\u0105tobliwe jak unijna komisarz polityczna. Trzyma zatem towarzystwo dziennikarskie naszego Geberta na o\u0142tarzu jak jak\u0105\u015b relikwi\u0119 Jana Paw\u0142a II, aby naukowo zapewni\u0142 ich, \u017ce ten Netanjahu prowadzi t\u0119 wojn\u0119, \u017ceby nie i\u015b\u0107 siedzie\u0107, \u017ce nie ma powodu przejmowa\u0107 si\u0119 jakimi\u015b bombami atomowymi, bo to wymys\u0142 prawicy, kt\u00f3ra to prawica faszystowska jest. Za\u015b jego obiektywno\u015b\u0107 i bezstronno\u015b\u0107 ukazuje si\u0119 w zauwa\u017ceniu, \u017ce z tym Hamasem to chyba co\u015b \u017adziebko nie tak.<\/span><\/div>\n<div class=\"templateArticleBrodtext\">\n<p><span style=\"color: #000080;\">Szwedzka internautka pisze:<\/span><\/p>\n<blockquote>\n<p style=\"text-align: left;\"><strong>Hamas w\u0142a\u015bnie przekroczy\u0142 nowy pr\u00f3g ha\u0144by. Zmusi\u0142 izraelskiego zak\u0142adnika, Evyatara Dawida, do wykopania w\u0142asnego grobu na potrzeby filmu propagandowego. Przyjrzyjcie si\u0119 uwa\u017cnie: jest blady, wyg\u0142odzony, zredukowany do szkieletu, zmuszony do pogrzebania si\u0119 \u017cywcem przed kamerami. Cz\u0142owiek, istota ludzka, sfilmowany podczas przygotowa\u0144 do w\u0142asnej egzekucji. To tortury psychiczne, zbrodnia wojenna, czyste z\u0142o. A jednak&#8230; \u015bwiat patrzy w inn\u0105 stron\u0119. ONZ milczy. Organizacje pozarz\u0105dowe bagatelizuj\u0105 spraw\u0119. \u201ePro-palesty\u0144scy aktywi\u015bci\u201d wci\u0105\u017c krzycz\u0105&nbsp;free Palestine. Je\u015bli to was nie poruszy, to co poruszy?<\/strong><br data-start=\"1606\" data-end=\"1609\"><br \/>\n<strong>Czego jeszcze potrzebujemy, \u017ceby zrozumie\u0107, z czym mamy do czynienia? Chc\u0105, \u017ceby\u015bmy uwierzyli, \u017ce to barbarzy\u0144stwo jest dzie\u0142em garstki cz\u0142onk\u00f3w Hamasu, \u017ce wystarczy zmiana przyw\u00f3dc\u00f3w, aby przywr\u00f3ci\u0107 pok\u00f3j. Ale kto stworzy\u0142 t\u0119 nienawi\u015b\u0107? Kto ukszta\u0142towa\u0142 umys\u0142y zdolne do upokorzenia zak\u0142adnika do tego stopnia? Kto nauczy\u0142 ich, \u017ce upokorzenie, \u015bmier\u0107 i krew \u017cydowska to trofea, kt\u00f3re nale\u017cy eksponowa\u0107? Szko\u0142y UNRWA. Podr\u0119czniki dotowane przez Uni\u0119 Europejsk\u0105. Programy szkolne, kt\u00f3re nadal finansujemy. Filmy nadawane od dzieci\u0144stwa. Religijne dyskursy gloryfikuj\u0105ce m\u0119czennik\u00f3w i pogromy \u017byd\u00f3w i mniejszo\u015bci, dalekie od islamskich dogmat\u00f3w. A my wci\u0105\u017c o\u015bmielamy si\u0119 m\u00f3wi\u0107 o pa\u0144stwie palesty\u0144skim jutro?<\/strong><br data-start=\"2314\" data-end=\"2317\"><br \/>\n<strong>Czy naprawd\u0119 my\u015blicie, \u017ce ta nienawi\u015b\u0107 ko\u0144czy si\u0119 na tych, kt\u00f3rzy trzymaj\u0105 w r\u0119kach karabiny? Czy my\u015blicie, \u017ce Nour Atallah, ta kobieta z Gazy, witana przez Francj\u0119 i gloryfikuj\u0105ca Hitlera, jest odosobnionym przypadkiem? Nie, nazizm nie budzi nagle sympatii, gdy wyznaj\u0105 go Palesty\u0144czycy lub islami\u015bci. Podziw dla Hitlera, nawet pod pretekstem \u201egniewu\u201d czy \u201eoporu\u201d, pozostaje obrzydliwo\u015bci\u0105. A ka\u017cdy, kto go usprawiedliwia lub toleruje, powinien zosta\u0107 ukarany. Oto prawda: to, co widzieli\u015bcie na tym filmie, to kulminacja ideologii, kultury m\u0119cze\u0144stwa i kultu \u015bmierci. I dop\u00f3ki ta kultura nie zostanie wykorzeniona, pok\u00f3j nie b\u0119dzie mo\u017cliwy.<\/strong><\/p>\n<\/blockquote>\n<p data-start=\"2961\" data-end=\"3154\"><span style=\"color: #000080;\">Nagranie, o kt\u00f3rym pisze szwedzka internautka, wywo\u0142a\u0142o kilka w\u0105t\u0142ych pisk\u00f3w ze strony europejskich polityk\u00f3w wzywaj\u0105cych Hamas do rozbrojenia. Te g\u0142osy to kolejna ha\u0144ba i moralna degrengolada.<\/span><\/p>\n<blockquote>\n<p data-start=\"3156\" data-end=\"3396\"><strong>Niemiecki przyw\u00f3dca apeluje do Izraela, by \u201enie odpowiada\u0142 na cynizm Hamasu\u201d wstrzymaniem pomocy dla Gazy po publikacji wideo z Romem Braslavskim i Evyatorem Davidem.<\/strong><br data-start=\"3322\" data-end=\"3325\"><strong>AFP i redakcja Times of Israel, 3 sierpnia 2025<\/strong><\/p>\n<\/blockquote>\n<p data-start=\"3398\" data-end=\"3775\"><span style=\"color: #000080;\">Jak pisze Times of Israel, Unia Europejska, Wielka Brytania, Francja i Niemcy w niedziel\u0119 pot\u0119pi\u0142y propagandowe wideo z udzia\u0142em dw\u00f3ch wychudzonych izraelskich zak\u0142adnik\u00f3w, opublikowane w ubieg\u0142ym tygodniu przez terrorystyczne grupy z Gazy. Przyw\u00f3dcy tych kraj\u00f3w domagaj\u0105 si\u0119 rozbrojenia Hamasu i jego ca\u0142kowitego wykluczenia z jakiejkolwiek roli w przysz\u0142o\u015bci Strefy Gazy.<\/span><\/p>\n<p data-start=\"3777\" data-end=\"4195\"><span style=\"color: #000080;\">Rom Braslavski (21 l.) i Evyatar David (24 l.) wyst\u0105pili na opublikowanych nagraniach \u2013 odpowiednio przez Palesty\u0144ski Islamski D\u017cihad i Hamas \u2013 bladzi i wychudzeni. Fragmenty tych materia\u0142\u00f3w zosta\u0142y dopuszczone do publikacji przez rodziny zak\u0142adnik\u00f3w. Na jednym z nagra\u0144, kt\u00f3re udost\u0119pniono w sobot\u0119, David widoczny jest w podziemnym tunelu, gdzie kopie d\u00f3\u0142, kt\u00f3ry \u2013 jak sam m\u00f3wi \u2013 obawia si\u0119, \u017ce mo\u017ce by\u0107 jego grobem.<\/span><\/p>\n<p data-start=\"4197\" data-end=\"4938\"><span style=\"color: #000080;\">Prezydent Francji Emmanuel Macron oceni\u0142, \u017ce publikacja nagra\u0144 \u201eukazuje nieludzkie okrucie\u0144stwo bez granic\u201d oraz \u201epod\u0142\u0105 brutalno\u015b\u0107\u201d porywaczy.<br data-start=\"4339\" data-end=\"4342\">\u2013 Absolutnym priorytetem Francji jest natychmiastowe uwolnienie wszystkich zak\u0142adnik\u00f3w \u2013 doda\u0142 na platformie X.<br data-start=\"4453\" data-end=\"4456\">\u2013 Musimy doprowadzi\u0107 do ca\u0142kowitego rozbrojenia Hamasu, jego ca\u0142kowitego wykluczenia z jakiejkolwiek formy rz\u0105d\u00f3w oraz uznania Izraela przez pa\u0144stwo palesty\u0144skie \u2013 o\u015bwiadczy\u0142 Macron, kt\u00f3ry zapowiedzia\u0142 uznanie pa\u0144stwa palesty\u0144skiego we wrze\u015bniu, co spotka\u0142o si\u0119 z ostr\u0105 reakcj\u0105 Izraela.<br data-start=\"4742\" data-end=\"4745\"><span style=\"color: #000080;\"><br \/>\nObieca\u0142 \u201enieustannie pracowa\u0107\u201d na rzecz \u201enatychmiastowego przywr\u00f3cenia zawieszenia broni i umo\u017cliwienia masowego dostarczenia pomocy humanitarnej, kt\u00f3ra wci\u0105\u017c jest blokowana na granicach Gazy\u201d.<\/span><\/span><\/p>\n<hr data-start=\"4940\" data-end=\"4943\">\n<p data-start=\"4945\" data-end=\"5445\"><span style=\"color: #000080;\">Kanclerz Niemiec Friedrich Merz, w wywiadzie dla dziennika&nbsp;Bild, stwierdzi\u0142, \u017ce nagrania \u201epokazuj\u0105, i\u017c Hamas nie mo\u017ce odgrywa\u0107 \u017cadnej roli w przysz\u0142o\u015bci Gazy\u201d.<br data-start=\"5106\" data-end=\"5109\">Zwr\u00f3ci\u0142 si\u0119 r\u00f3wnie\u017c do Izraela, by \u201enie odpowiada\u0142 na cynizm Hamasu\u201d poprzez wstrzymywanie pomocy humanitarnej dla Strefy Gazy.<br data-start=\"5236\" data-end=\"5239\"><br \/>\nEksperci wyznaczeni przez ONZ ostrzegaj\u0105 przed post\u0119puj\u0105cym g\u0142odem w obl\u0119\u017conym regionie. Izrael natomiast zaprzecza doniesieniom o powszechnym g\u0142odowaniu i oskar\u017ca Hamas o przejmowanie transport\u00f3w z pomoc\u0105.<\/span><\/p>\n<hr data-start=\"5447\" data-end=\"5450\">\n<p data-start=\"5452\" data-end=\"6063\"><span style=\"color: #000080;\">Minister spraw zagranicznych Wielkiej Brytanii David Lammy powiedzia\u0142:<br data-start=\"5522\" data-end=\"5525\">\u2013 Obrazy zak\u0142adnik\u00f3w wykorzystywanych do cel\u00f3w propagandowych s\u0105 odra\u017caj\u0105ce.<br data-start=\"5601\" data-end=\"5604\">\u2013 Ka\u017cdy zak\u0142adnik musi zosta\u0107 natychmiast i bezwarunkowo uwolniony \u2013 napisa\u0142 Lammy na platformie X. \u2013 Hamas musi si\u0119 rozbroi\u0107 i nie mo\u017ce sprawowa\u0107 \u017cadnej kontroli nad Gaz\u0105.<br data-start=\"5776\" data-end=\"5779\">Doda\u0142, \u017ce Wielka Brytania \u201ewsp\u00f3\u0142pracuje z partnerami nad d\u0142ugoterminowym rozwi\u0105zaniem i planem pokojowym. Musi si\u0119 to rozpocz\u0105\u0107 od natychmiastowego zawieszenia broni, kt\u00f3re doprowadzi do uwolnienia zak\u0142adnik\u00f3w oraz zniesienia nieludzkich ogranicze\u0144 w dost\u0119pie do pomocy humanitarnej\u201d.<\/span><\/p>\n<hr data-start=\"6065\" data-end=\"6068\">\n<p data-start=\"6070\" data-end=\"6612\"><span style=\"color: #000080;\">Szefowa unijnej dyplomacji Kaja Kallas r\u00f3wnie\u017c pot\u0119pi\u0142a nagrania jako dow\u00f3d \u201ebarbarzy\u0144stwa Hamasu\u201d, domagaj\u0105c si\u0119 rozbrojenia tej organizacji i uwolnienia pozosta\u0142ych zak\u0142adnik\u00f3w.<\/span><br data-start=\"6249\" data-end=\"6252\"><span style=\"color: #000080;\">Minister spraw zagranicznych Ukrainy Andrij Sybiha r\u00f3wnie\u017c wyrazi\u0142 oburzenie, pisz\u0105c, \u017ce \u201enieludzkie traktowanie izraelskich zak\u0142adnik\u00f3w przez Hamas zas\u0142uguje na stanowcze pot\u0119pienie\u201d.<\/span><br data-start=\"6436\" data-end=\"6439\"><span style=\"color: #000080;\">\u2013 Ludno\u015b\u0107 Gazy nie mo\u017ce d\u0142u\u017cej cierpie\u0107 z powodu haniebnych zbrodni Hamasu. Ta organizacja musi z\u0142o\u017cy\u0107 bro\u0144 i natychmiast uwolni\u0107 wszystkich zak\u0142adnik\u00f3w \u2013 doda\u0142 Sybiha na X.<\/span><\/p>\n<hr data-start=\"6614\" data-end=\"6617\">\n<p data-start=\"6619\" data-end=\"7196\"><span style=\"color: #000080;\">Braslavski i David nale\u017c\u0105 do oko\u0142o 20 zak\u0142adnik\u00f3w, kt\u00f3rzy \u2013 jak si\u0119 uwa\u017ca \u2013 nadal \u017cyj\u0105 w Gazie. Wszyscy to m\u0142odzi m\u0119\u017cczy\u017ani porwani podczas ataku Hamasu 7 pa\u017adziernika 2023 roku, kiedy to tysi\u0105ce terroryst\u00f3w wtargn\u0119\u0142y do po\u0142udniowego Izraela, zabijaj\u0105c oko\u0142o 1200 os\u00f3b i bior\u0105c 251 zak\u0142adnik\u00f3w.<br data-start=\"6913\" data-end=\"6916\"><br \/>\nGrupy terrorystyczne w Gazie przetrzymuj\u0105 r\u00f3wnie\u017c szcz\u0105tki co najmniej 28 zak\u0142adnik\u00f3w, kt\u00f3rych \u015bmier\u0107 zosta\u0142a potwierdzona przez Si\u0142y Obronne Izraela, w tym cia\u0142o \u017co\u0142nierza IDF poleg\u0142ego w Gazie w 2014 roku. Izraelskie w\u0142adze wyra\u017caj\u0105 powa\u017cne obawy o los dw\u00f3ch innych zak\u0142adnik\u00f3w.<\/span><\/p>\n<\/div>\n<hr style=\"height: 15px; background: #d0e6fa; width: 100%;\">\n<div id=\"content\" class=\"content-alignment\">\n<div id=\"watch-description\" class=\"yt-uix-button-panel\">\n<div id=\"watch-description-text\" style=\"text-align: center;\">\n<p>Zawarto\u015b\u0107 publikowanych artyku\u0142\u00f3w i materia\u0142\u00f3w nie reprezentuje pogl\u0105d\u00f3w ani opinii Reunion&#8217;68,<br \/>\nani te\u017c webmastera Blogu Reunion&#8217;68, chyba ze jest to wyra\u017anie zaznaczone.<br \/>\nTwoje uwagi, linki, w\u0142asne artyku\u0142y lub wiadomo\u015bci prze\u015blij na adres:<br \/>\n<span style=\"color: #000080;\"><a style=\"color: #000080;\" href=\"mailto:webmaster@reunion68.com\"><span style=\"text-decoration: underline;\">webmaster@reunion68.com<\/span><\/a><\/span><\/p>\n<\/div>\n<\/div>\n<\/div>\n<hr style=\"width: 100%;\">\n","protected":false},"excerpt":{"rendered":"<p>Evyatar i Rom. Porwani w Izraelu 7 pa\u017adziernika 2023 roku i wykorzystywani w nazistowskiej propagandzie \u201eruchu oporu\u201d Gdzie s\u0105 prawdziwi faszy\u015bci? Redakcja Cz\u0142onek Towarzystwa Dziennikarskiego informuje nas, \u017ce jego jedynym autorytetem w dziedzinie bliskowschodniej jest Konstanty Gebert. Nasze Towarzystwo Dziennikarskie jest bardzo europejskie i bardzo potrzebuje lokalnego autorytetu, kt\u00f3ry upewni je, \u017ce jest moralne jak [&hellip;]<\/p>\n","protected":false},"author":1,"featured_media":0,"comment_status":"closed","ping_status":"closed","sticky":false,"template":"","format":"standard","meta":[],"categories":[6],"tags":[33,24],"_links":{"self":[{"href":"https:\/\/www.reunion68.se\/index.php?rest_route=\/wp\/v2\/posts\/123113"}],"collection":[{"href":"https:\/\/www.reunion68.se\/index.php?rest_route=\/wp\/v2\/posts"}],"about":[{"href":"https:\/\/www.reunion68.se\/index.php?rest_route=\/wp\/v2\/types\/post"}],"author":[{"embeddable":true,"href":"https:\/\/www.reunion68.se\/index.php?rest_route=\/wp\/v2\/users\/1"}],"replies":[{"embeddable":true,"href":"https:\/\/www.reunion68.se\/index.php?rest_route=%2Fwp%2Fv2%2Fcomments&post=123113"}],"version-history":[{"count":33,"href":"https:\/\/www.reunion68.se\/index.php?rest_route=\/wp\/v2\/posts\/123113\/revisions"}],"predecessor-version":[{"id":123674,"href":"https:\/\/www.reunion68.se\/index.php?rest_route=\/wp\/v2\/posts\/123113\/revisions\/123674"}],"wp:attachment":[{"href":"https:\/\/www.reunion68.se\/index.php?rest_route=%2Fwp%2Fv2%2Fmedia&parent=123113"}],"wp:term":[{"taxonomy":"category","embeddable":true,"href":"https:\/\/www.reunion68.se\/index.php?rest_route=%2Fwp%2Fv2%2Fcategories&post=123113"},{"taxonomy":"post_tag","embeddable":true,"href":"https:\/\/www.reunion68.se\/index.php?rest_route=%2Fwp%2Fv2%2Ftags&post=123113"}],"curies":[{"name":"wp","href":"https:\/\/api.w.org\/{rel}","templated":true}]}}