{"id":123213,"date":"2025-08-10T17:09:00","date_gmt":"2025-08-10T15:09:00","guid":{"rendered":"https:\/\/www.reunion68.se\/?p=123213"},"modified":"2025-08-10T09:43:43","modified_gmt":"2025-08-10T07:43:43","slug":"10-09-107","status":"publish","type":"post","link":"https:\/\/www.reunion68.se\/?p=123213","title":{"rendered":"Nowy szef ukrai\u0144skiego IPN: popieram ekshumacje, ale rozmawiajmy, bo ka\u017cdy nar\u00f3d ma prawo do bohater\u00f3w"},"content":{"rendered":"<hr \/>\n<h3 style=\"text-align: center;\"><a href=\"https:\/\/dzieje.pl\/\" target=\"_blank\" rel=\"noopener noreferrer\"><img decoding=\"async\" class=\"center alignleft\" src=\"http:\/\/www.reunion68.com\/Biuletyn\/img\/dzieje_logo.png\" alt=\"\" width=\"35%\" \/><\/a><span style=\"text-decoration: underline; color: #000080;\"><span style=\"text-decoration: underline;\"><strong><a style=\"color: #000080; text-decoration: underline;\" href=\"https:\/\/dzieje.pl\/wiadomosci\/nowy-szef-ukrainskiego-ipn-popieram-ekshumacje-ale-rozmawiajmy-bo-kazdy-narod-ma-prawo\" target=\"_blank\" rel=\"noopener noreferrer\">Nowy szef ukrai\u0144skiego IPN: popieram ekshumacje, ale rozmawiajmy, bo ka\u017cdy nar\u00f3d ma prawo do bohater\u00f3w<\/a><\/strong><\/span><\/span><\/h3>\n<p style=\"text-align: center;\"><span style=\"color: #000000;\"><strong>Z Kijowa Jaros\u0142aw Junko (PAP)<\/strong><\/span><\/p>\n<hr style=\"height: 15px; background: #d0e6fa; width: 100%;\" \/>\n<p style=\"text-align: center;\"><img decoding=\"async\" class=\"aligncenter\" src=\"https:\/\/dzieje.pl\/sites\/default\/files\/styles\/open_article_750x0_\/public\/202508\/pap_20250502_14A.jpg?itok=s7ENwkPu\" width=\"100%\" \/><em><span style=\"color: #808080;\">Wie\u015b Pu\u017aniki w obwodzie tarnopolskim na zachodzie Ukrainy, gdzie prowadzone s\u0105 prace ekshumacyjne polskich ofiar zbrodni wo\u0142y\u0144skiej. Fot. PAP\/Vladyslav Musiienko<\/span><\/em><\/p>\n<h4><strong>Nowy szef ukrai\u0144skiego Instytutu Pami\u0119ci Narodowej O\u0142eksandr A\u0142fiorow zadeklarowa\u0142 poparcie dla ekshumacji polskich ofiar zbrodni ukrai\u0144skich nacjonalist\u00f3w. W rozmowie z PAP podkre\u015bli\u0142, \u017ce spory historyczne powinny ust\u0105pi\u0107 dialogowi i uznaniu, \u017ce ka\u017cdy nar\u00f3d ma prawo do w\u0142asnych bohater\u00f3w.<\/strong><\/h4>\n<div class=\"field field--name-body field--type-text-with-summary field--label-hidden field__item\">\n<p><span style=\"color: #000080;\">\u2013 Ja absolutnie negatywnie odnosz\u0119 si\u0119 do spor\u00f3w mi\u0119dzy Polakami a Ukrai\u0144cami w sprawie historii. Koncepcyjnie jestem za tym, \u017ceby nie by\u0142o \u017cadnych spor\u00f3w mi\u0119dzy polsk\u0105 i ukrai\u0144sk\u0105 histori\u0105. Jak to zrobi\u0107? Zacz\u0105\u0107 rozmawia\u0107 \u2013 powiedzia\u0142 A\u0142fiorow.<\/span><\/p>\n<p><span style=\"color: #000080;\">Oceni\u0142, \u017ce Polska i Ukraina to partnerzy strategiczni, tworz\u0105cy \u201eo\u015b ba\u0142tyck\u0105 i czarnomorsk\u0105\u201d, kt\u00f3r\u0105 trzeba utrzymywa\u0107. Ostrzeg\u0142, \u017ce w przeciwnym wypadku \u201efront b\u0119dzie przebiega\u0142 przez nasze pa\u0144stwa\u201d.<\/span><\/p>\n<p><span style=\"color: #000080;\">Poproszony o ocen\u0119 roli Organizacji Ukrai\u0144skich Nacjonalist\u00f3w (OUN) i Ukrai\u0144skiej Powsta\u0144czej Armii (UPA), A\u0142fiorow zauwa\u017cy\u0142, \u017ce ani jedna, ani druga organizacja \u201enie zosta\u0142a postawiona przed Trybuna\u0142em Norymberskim\u201d.<\/span><\/p>\n<p><span style=\"color: #000080;\">\u2013 Czy UPA jest bohaterem dla Ukrainy? Prawdopodobnie nie dla wszystkich kategorii spo\u0142ecze\u0144stwa. Ale jest cz\u0119\u015bci\u0105 pami\u0119ci narodowej, tak jak tragedia wo\u0142y\u0144ska jest cz\u0119\u015bci\u0105 waszej pami\u0119ci \u2013 powiedzia\u0142. \u2013 Jako historyk uznaj\u0119 wa\u017cn\u0105 rol\u0119 Ukrai\u0144skiej Powsta\u0144czej Armii w walce z okupacj\u0105 niemieck\u0105 i sowieck\u0105 \u2013 doda\u0142.<\/span><\/p>\n<p><span style=\"color: #000080;\">Proszony o skomentowanie g\u0142os\u00f3w, dlaczego Ukraina nie przeprasza za Wo\u0142y\u0144, przypomnia\u0142, \u017ce \u201eco najmniej dw\u00f3ch prezydent\u00f3w Ukrainy przeprasza\u0142o\u201d. \u2013 Podajcie formu\u0142\u0119 przeprosin i ona zadzia\u0142a. Ale je\u015bli te przeprosiny b\u0119d\u0105 zawiera\u0107 w sobie upokorzenie, to szczerych przeprosin nie b\u0119dzie. Jeste\u015bmy doro\u015bli \u2013 podajcie nam formu\u0142\u0119 \u2013 zaznaczy\u0142.<\/span><\/p>\n<p><span style=\"color: #000080;\">A\u0142fiorow opowiedzia\u0142 si\u0119 jednoznacznie za przeprowadzeniem wszystkich ekshumacji ofiar wzajemnych konflikt\u00f3w, jak podkre\u015bli\u0142 \u2013 \u201ena terytorium Ukrainy i Polski\u201d. \u2013 Trzeba wi\u0119cej ekshumacji? Wi\u0119c trzeba je przeprowadza\u0107. I to b\u0119dzie uczciwe wobec tych ludzi, kt\u00f3rzy wtedy zgin\u0119li. (\u2026) Nie unikajmy tego \u2013 o\u015bwiadczy\u0142. Jednocze\u015bnie oceni\u0142, \u017ce nawet po ekshumacjach strona polska \u201emo\u017ce nie by\u0107 zadowolona z ich wynik\u00f3w\u201d. \u2013 Nie znajdziemy tam 200 tysi\u0119cy ludzi \u2013 powiedzia\u0142.<\/span><\/p>\n<p><span style=\"color: #000080;\">W kwestii oceny postaci takich jak przyw\u00f3dca OUN Stepan Bandera i dow\u00f3dca UPA Roman Szuchewycz nowy szef IPN Ukrainy zauwa\u017cy\u0142, \u017ce oczekiwania zmiany bohater\u00f3w wobec Kijowa formu\u0142uje przede wszystkim Rosja.<\/span><\/p>\n<p><span style=\"color: #000080;\">\u2013 Znam jeden kraj, kt\u00f3ry wymaga od nas, by\u015bmy znale\u017ali sobie innych bohater\u00f3w, znale\u017ali jeszcze jeden j\u0119zyk i jeszcze jedn\u0105 religi\u0119. Jest to Federacja Rosyjska. (W relacjach z Polakami \u2013 PAP) zr\u00f3bmy razem zwyci\u0119stwo, jeszcze jedno wsp\u00f3lne zwyci\u0119stwo, a potem zajmiemy si\u0119 niuansami XX wieku \u2013 powiedzia\u0142.<\/span><\/p>\n<p><span style=\"color: #000080;\">Jako g\u0142\u00f3wne zadanie swojej instytucji wskaza\u0142 nawi\u0105zanie i kontynuacj\u0119 wsp\u00f3\u0142pracy z Polsk\u0105, \u201ekt\u00f3ra zacz\u0119\u0142a pomaga\u0107 Ukrainie od 24 lutego 2022 roku i nadal to robi\u201d. Przyzna\u0142, \u017ce polska nauka historyczna jest bardziej dojrza\u0142a od ukrai\u0144skiej i ma swoje tradycje, a IPN w Kijowie jest znacznie mniejszy od polskiego \u2013 zatrudnia 71 pracownik\u00f3w wobec ponad 2 tys. w Warszawie.<\/span><\/p>\n<p><span style=\"color: #000080;\">A\u0142fiorow odni\u00f3s\u0142 si\u0119 te\u017c do zarzut\u00f3w pod swoim adresem, m.in. o rzekome gloryfikowanie SS. Podkre\u015bli\u0142, \u017ce pierwsze takie publikacje pojawi\u0142y si\u0119 w polskich mediach prawicowych, a potem zosta\u0142y podchwycone przez rosyjsk\u0105 propagand\u0119. \u2013 Dla mnie takie standardy etyczne s\u0105 nie do przyj\u0119cia. Chcia\u0142bym, \u017ceby\u015bmy rozmawiali nie o nag\u0142\u00f3wkach, ale o tym, co znajduje si\u0119 w samej informacji \u2013 podkre\u015bli\u0142.<\/span><\/p>\n<p><span style=\"color: #000080;\">M\u00f3wi\u0105c o relacjach instytucjonalnych z polskim IPN, zaznaczy\u0142, \u017ce nie otrzyma\u0142 dot\u0105d \u017cadnej reakcji na swoje powo\u0142anie. \u2013 Mo\u017ce strona polska postrzega ukrai\u0144ski Instytut Pami\u0119ci Narodowej jako quasi-instytucj\u0119. (\u2026) Czekam na reakcj\u0119 polskich koleg\u00f3w \u2013 na to, \u017ce maj\u0105 w Ukrainie sojusznika o nazwie Ukrai\u0144ski Instytut Pami\u0119ci Narodowej, kt\u00f3ry m\u00f3wi o przesz\u0142o\u015bci po to, aby widzie\u0107 przysz\u0142o\u015b\u0107 \u2013 powiedzia\u0142.<\/span><\/p>\n<p><span style=\"color: #000080;\">41-letni A\u0142fiorow zosta\u0142 mianowany prezesem Ukrai\u0144skiego Instytutu Pami\u0119ci Narodowej 27 czerwca. Z wykszta\u0142cenia jest historykiem. Prowadzi\u0142 po\u015bwi\u0119cone historii programy autorskie w radiu i telewizji. W latach 2014-2022 odbywa\u0142 s\u0142u\u017cb\u0119 wojskow\u0105 w pu\u0142ku Azow. Jest majorem rezerwy.<\/span><\/p>\n<p style=\"text-align: right;\">Z Kijowa Jaros\u0142aw Junko (PAP)<\/p>\n<\/div>\n<hr style=\"height: 15px; background: #d0e6fa; width: 100%;\" \/>\n<div id=\"content\" class=\"content-alignment\">\n<div id=\"watch-description\" class=\"yt-uix-button-panel\">\n<div id=\"watch-description-text\" style=\"text-align: center;\">\n<p><em>Zawarto\u015b\u0107 publikowanych artyku\u0142\u00f3w i materia\u0142\u00f3w nie reprezentuje pogl\u0105d\u00f3w ani opinii Reunion&#8217;68,<\/em><em><br \/>\nani te\u017c webmastera Blogu Reunion&#8217;68, chyba ze jest to wyra\u017anie zaznaczone.<br \/>\nTwoje uwagi, linki, w\u0142asne artyku\u0142y lub wiadomo\u015bci prze\u015blij na adres:<br \/>\n<\/em><span style=\"color: #000080;\"><strong><em><a style=\"color: #000080;\" href=\"mailto:webmaster@reunion68.com\"><span style=\"text-decoration: underline;\">webmaster@reunion68.com<\/span><\/a><\/em><\/strong><\/span><\/p>\n<\/div>\n<\/div>\n<\/div>\n<hr style=\"width: 100%;\" \/>\n","protected":false},"excerpt":{"rendered":"<p>Nowy szef ukrai\u0144skiego IPN: popieram ekshumacje, ale rozmawiajmy, bo ka\u017cdy nar\u00f3d ma prawo do bohater\u00f3w Z Kijowa Jaros\u0142aw Junko (PAP) Wie\u015b Pu\u017aniki w obwodzie tarnopolskim na zachodzie Ukrainy, gdzie prowadzone s\u0105 prace ekshumacyjne polskich ofiar zbrodni wo\u0142y\u0144skiej. Fot. PAP\/Vladyslav Musiienko Nowy szef ukrai\u0144skiego Instytutu Pami\u0119ci Narodowej O\u0142eksandr A\u0142fiorow zadeklarowa\u0142 poparcie dla ekshumacji polskich ofiar zbrodni [&hellip;]<\/p>\n","protected":false},"author":1,"featured_media":0,"comment_status":"closed","ping_status":"closed","sticky":false,"template":"","format":"standard","meta":[],"categories":[6],"tags":[33,24],"_links":{"self":[{"href":"https:\/\/www.reunion68.se\/index.php?rest_route=\/wp\/v2\/posts\/123213"}],"collection":[{"href":"https:\/\/www.reunion68.se\/index.php?rest_route=\/wp\/v2\/posts"}],"about":[{"href":"https:\/\/www.reunion68.se\/index.php?rest_route=\/wp\/v2\/types\/post"}],"author":[{"embeddable":true,"href":"https:\/\/www.reunion68.se\/index.php?rest_route=\/wp\/v2\/users\/1"}],"replies":[{"embeddable":true,"href":"https:\/\/www.reunion68.se\/index.php?rest_route=%2Fwp%2Fv2%2Fcomments&post=123213"}],"version-history":[{"count":5,"href":"https:\/\/www.reunion68.se\/index.php?rest_route=\/wp\/v2\/posts\/123213\/revisions"}],"predecessor-version":[{"id":123266,"href":"https:\/\/www.reunion68.se\/index.php?rest_route=\/wp\/v2\/posts\/123213\/revisions\/123266"}],"wp:attachment":[{"href":"https:\/\/www.reunion68.se\/index.php?rest_route=%2Fwp%2Fv2%2Fmedia&parent=123213"}],"wp:term":[{"taxonomy":"category","embeddable":true,"href":"https:\/\/www.reunion68.se\/index.php?rest_route=%2Fwp%2Fv2%2Fcategories&post=123213"},{"taxonomy":"post_tag","embeddable":true,"href":"https:\/\/www.reunion68.se\/index.php?rest_route=%2Fwp%2Fv2%2Ftags&post=123213"}],"curies":[{"name":"wp","href":"https:\/\/api.w.org\/{rel}","templated":true}]}}