{"id":123249,"date":"2025-08-10T17:05:00","date_gmt":"2025-08-10T15:05:00","guid":{"rendered":"https:\/\/www.reunion68.se\/?p=123249"},"modified":"2025-08-10T09:36:42","modified_gmt":"2025-08-10T07:36:42","slug":"11-09-102","status":"publish","type":"post","link":"https:\/\/www.reunion68.se\/?p=123249","title":{"rendered":"Andrzej Koraszewski &#8211; Zajrzyjcie do\u00a0naszego sadu"},"content":{"rendered":"<h5 style=\"text-align: center;\"><a href=\"https:\/\/studioopinii.pl\/\" target=\"_blank\" rel=\"noopener noreferrer\"><img decoding=\"async\" class=\"center alignleft\" src=\"http:\/\/www.reunion68.com\/Biuletyn\/img\/studio.png\" alt=\"\" width=\"35%\"><\/a><span style=\"text-decoration: underline; color: #000080;\"><span><strong><a style=\"color: #000080; text-decoration: underline;\" href=\"https:\/\/studioopinii.pl\/o-redakcji\/wspolpracuja\/andrzej-koraszewski\" target=\"_blank\" rel=\"noopener noreferrer\">Andrzej Koraszewski<\/a><\/strong><\/span><\/span><\/h5>\n<p style=\"text-align: center;\"><span style=\"color: #000000;\"><strong>Andrzej Koraszewski<\/strong><\/span><\/p>\n<hr style=\"height: 15px; background: #d0e6fa; width: 100%;\">\n<p style=\"text-align: left;\"><img decoding=\"async\" class=\"alignright\" src=\"https:\/\/studioopinii.pl\/wp-content\/uploads\/2013\/12\/Koraszewski.jpg\" width=\"50%\"><br \/>\n<em><span style=\"color: #808080;\">Wszystkie informacje o Andrzeju znajduj\u0105 si\u0119 w Wikipedii. A oto co on sam napisa\u0142 nam o sobie:<\/span><\/em><\/p>\n<hr>\n<p style=\"text-align: left;\" align=\"center\"><span style=\"color: #000080;\">Pracowa\u0142em w&nbsp;Polskiej Sekcji BBC, pisywa\u0142em artyku\u0142y dla paryskiej \u201eKultury\u201d, przez&nbsp;lata wsp\u00f3\u0142tworzy\u0142em portal \u201eRacjonalista\u201d, wreszcie dojrzeli\u015bmy z&nbsp;\u017con\u0105 do&nbsp;pr\u00f3by stworzenia czego\u015b w\u0142asnego i&nbsp;od&nbsp;stycznia 2014 roku ruszy\u0142y&nbsp;<a class=\"extlink\" style=\"color: #000080;\" href=\"http:\/\/www.listyznaszegosadu.pl\/\" target=\"_blank\" rel=\"noopener\"><em>Listy z&nbsp;naszego sadu<\/em><\/a>.<\/span><\/p>\n<p><span style=\"color: #000080;\">Zamiast w\u0142asnej prezentacji przytocz\u0119 to, co&nbsp;o&nbsp;\u201c<a class=\"extlink\" style=\"color: #000080;\" href=\"http:\/\/www.listyznaszegosadu.pl\/\" target=\"_blank\" rel=\"noopener\"><em>Listach z&nbsp;naszego sadu<\/em><\/a>\u201d napisali w&nbsp;<a style=\"color: #000080;\" href=\"https:\/\/studioopinii.pl\/\"><i>Studio Opinii<\/i><\/a><b><i>.<\/i><\/b><\/span><\/p>\n<p><span style=\"color: #000080;\">2014-01-13.&nbsp;<a class=\"extlink\" style=\"color: #000080;\" href=\"http:\/\/pl.wikipedia.org\/wiki\/Andrzej_Koraszewski\"><strong>Andrzej Koraszewski<\/strong><\/a>&nbsp;pisa\u0142 ju\u017c u&nbsp;nas (<a style=\"color: #000080;\" href=\"https:\/\/studioopinii.pl\/andrzej-koraszewski-proby-swiadectwa\/\">Andrzej Koraszewski: Pr\u00f3by \u015bwiadectwa<\/a>). Jest dziennikarzem wybitnym, o&nbsp;bliskim nam racjonalistycznym i&nbsp;laickim \u015bwiatopogl\u0105dzie. Przez&nbsp;lata ca\u0142e by\u0142 cz\u0142onkiem redakcji portalu Racjonalista.pl; ostatnimi czasy zaj\u0105\u0142 si\u0119 innym przedsi\u0119wzi\u0119ciem internetowym \u2013 opracowywaniem polskiej zawarto\u015bci dla&nbsp;<a class=\"extlink\" style=\"color: #000080;\" href=\"http:\/\/www2.memri.org\/polish\/\" target=\"_blank\" rel=\"noopener\">MEMRI<\/a>. Prowadzi te\u017c w\u0142asnego bloga (wsp\u00f3lnie z&nbsp;\u017con\u0105):&nbsp;<a class=\"extlink\" style=\"color: #000080;\" href=\"http:\/\/www.listyznaszegosadu.pl\/\" target=\"_blank\" rel=\"noopener\"><em>Listy z&nbsp;naszego sadu<\/em><\/a>. Poni\u017cszy tekst pochodzi w\u0142a\u015bnie stamt\u0105d. Obiecujemy \u2013 Andrzejowi i&nbsp;sobie \u2013 obficie korzysta\u0107 z&nbsp;jego tw\u00f3rczo\u015bci w&nbsp;tym miejscu.<\/span><\/p>\n<p><span style=\"color: #000080;\">Nie&nbsp;jestem pewien czy&nbsp;naprawd\u0119 jestem dziennikarzem wybitnym, ale&nbsp;na&nbsp;szcz\u0119\u015bcie&nbsp;<a class=\"extlink\" style=\"color: #000080;\" href=\"http:\/\/www.listyznaszegosadu.pl\/\" target=\"_blank\" rel=\"noopener\"><em>Listy z&nbsp;naszego sadu<\/em><\/a>&nbsp;nie&nbsp;s\u0105&nbsp;blogiem, a&nbsp;moje&nbsp;teksty stanowi\u0105 tu&nbsp;zaledwie u\u0142amek zawarto\u015bci. Dominuj\u0105 w&nbsp;\u201eListach\u201d t\u0142umaczenia artyku\u0142\u00f3w, zar\u00f3wno autor\u00f3w o&nbsp;mi\u0119dzynarodowej s\u0142awie, jak i&nbsp;tych (w&nbsp;szczeg\u00f3lno\u015bci libera\u0142\u00f3w \u015bwiata muzu\u0142ma\u0144skiego), kt\u00f3rych&nbsp;g\u0142os, naszym zdaniem, warto us\u0142ysze\u0107.<\/span><\/p>\n<p><span style=\"color: #000080;\">Czym s\u0105&nbsp;zatem owe&nbsp;<a class=\"extlink\" style=\"color: #000080;\" href=\"http:\/\/www.listyznaszegosadu.pl\/\" target=\"_blank\" rel=\"noopener\"><em>Listy z&nbsp;naszego sadu<\/em><\/a>?<\/span><\/p>\n<p><span style=\"color: #000080;\">Zajrzyjcie \u2013 by\u0107 mo\u017ce s\u0105&nbsp;tym, co&nbsp;daje si\u0119 lubi\u0107, o&nbsp;czym warto powiedzie\u0107 innym, o&nbsp;czym warto napisa\u0107?<\/span><\/p>\n<p><span style=\"color: #000080;\">Nie&nbsp;jestem i&nbsp;nigdy nie&nbsp;mia\u0142em ambicji, \u017ceby&nbsp;by\u0107 jakim\u015b Redaktorem Naczelnym. Redaktor Naczeln\u0105 \u201eList\u00f3w\u201d jest Hili.&nbsp; Nasze codzienne dialogi ukazuj\u0105 si\u0119 zar\u00f3wno w&nbsp;\u201eListach\u201d, jak i&nbsp;na&nbsp;stronie&nbsp;<i><a class=\"extlink\" style=\"color: #000080;\" href=\"http:\/\/whyevolutionistrue.wordpress.com\/\">WhyEvolutionIs True<\/a>&nbsp;<\/i>Jerrego Cyoyne\u2019a.<\/span><\/p>\n<p align=\"center\">\n<p align=\"center\"><a href=\"https:\/\/studioopinii.pl\/wp-content\/uploads\/2014\/02\/hili.jpg\"><img decoding=\"async\" loading=\"lazy\" class=\"size-medium wp-image-76596 aligncenter\" src=\"https:\/\/studioopinii.pl\/wp-content\/uploads\/2014\/02\/hili-300x241.jpg\" sizes=\"(max-width: 300px) 100vw, 300px\" srcset=\"https:\/\/studioopinii.pl\/wp-content\/uploads\/2014\/02\/hili-300x241.jpg 300w, https:\/\/studioopinii.pl\/wp-content\/uploads\/2014\/02\/hili.jpg 699w\" alt=\"hili\" width=\"300\" height=\"241\" data-hasqtip=\"2\" aria-describedby=\"qtip-2\"><\/a><\/p>\n<p><span style=\"color: #000080;\"><em>Ja:<\/em>Hili, sp\u00f3jrz na&nbsp;ten artyku\u0142, bierzemy to?<\/span><br \/>\n<span style=\"color: #000080;\"><em>Hili<\/em>: Podejmij sam decyzj\u0119, jak kto\u015b nie&nbsp;potrafi delegowa\u0107&nbsp;&nbsp;uprawnie\u0144, to&nbsp;znaczy, \u017ce&nbsp;nie&nbsp;umie zarz\u0105dza\u0107 firm\u0105.<\/span><\/p>\n<p><a href=\"https:\/\/studioopinii.pl\/wp-content\/uploads\/2014\/02\/korasz-1.jpg\"><img decoding=\"async\" loading=\"lazy\" class=\"aligncenter  wp-image-76601\" src=\"https:\/\/studioopinii.pl\/wp-content\/uploads\/2014\/02\/korasz-1.jpg\" sizes=\"(max-width: 552px) 100vw, 552px\" srcset=\"https:\/\/studioopinii.pl\/wp-content\/uploads\/2014\/02\/korasz-1.jpg 788w, https:\/\/studioopinii.pl\/wp-content\/uploads\/2014\/02\/korasz-1-300x214.jpg 300w\" alt=\"korasz 1\" width=\"552\" height=\"394\" data-hasqtip=\"3\" aria-describedby=\"qtip-3\"><\/a><\/p>\n<p><a href=\"https:\/\/studioopinii.pl\/wp-content\/uploads\/2014\/02\/korasz-2.jpg\"><img decoding=\"async\" loading=\"lazy\" class=\"aligncenter  wp-image-76606\" src=\"https:\/\/studioopinii.pl\/wp-content\/uploads\/2014\/02\/korasz-2.jpg\" sizes=\"(max-width: 552px) 100vw, 552px\" srcset=\"https:\/\/studioopinii.pl\/wp-content\/uploads\/2014\/02\/korasz-2.jpg 788w, https:\/\/studioopinii.pl\/wp-content\/uploads\/2014\/02\/korasz-2-300x214.jpg 300w\" alt=\"korasz 2\" width=\"552\" height=\"394\" data-hasqtip=\"4\"><\/a><\/p>\n<p><a href=\"https:\/\/studioopinii.pl\/wp-content\/uploads\/2014\/02\/korasz-3.jpg\"><img decoding=\"async\" loading=\"lazy\" class=\"aligncenter  wp-image-76611\" src=\"https:\/\/studioopinii.pl\/wp-content\/uploads\/2014\/02\/korasz-3.jpg\" sizes=\"(max-width: 552px) 100vw, 552px\" srcset=\"https:\/\/studioopinii.pl\/wp-content\/uploads\/2014\/02\/korasz-3.jpg 788w, https:\/\/studioopinii.pl\/wp-content\/uploads\/2014\/02\/korasz-3-300x214.jpg 300w\" alt=\"korasz 3\" width=\"552\" height=\"394\" data-hasqtip=\"5\" aria-describedby=\"qtip-5\"><\/a><\/p>\n<hr style=\"height: 15px; background: #d0e6fa; width: 100%;\">\n<div id=\"content\" class=\"content-alignment\">\n<div id=\"watch-description\" class=\"yt-uix-button-panel\">\n<div id=\"watch-description-text\" style=\"text-align: center;\">\n<p><em>Zawarto\u015b\u0107 publikowanych artyku\u0142\u00f3w i materia\u0142\u00f3w nie reprezentuje pogl\u0105d\u00f3w ani opinii Reunion&#8217;68,<\/em><em><br \/>\nani te\u017c webmastera Blogu Reunion&#8217;68, chyba ze jest to wyra\u017anie zaznaczone.<br \/>\nTwoje uwagi, linki, w\u0142asne artyku\u0142y lub wiadomo\u015bci prze\u015blij na adres:<br \/>\n<\/em><span style=\"color: #000080;\"><strong><em><a style=\"color: #000080;\" href=\"mailto:webmaster@reunion68.com\"><span style=\"text-decoration: underline;\">webmaster@reunion68.com<\/span><\/a><\/em><\/strong><\/span><\/p>\n<\/div>\n<\/div>\n<\/div>\n<hr style=\"width: 100%;\">\n","protected":false},"excerpt":{"rendered":"<p>Andrzej Koraszewski Andrzej Koraszewski Wszystkie informacje o Andrzeju znajduj\u0105 si\u0119 w Wikipedii. A oto co on sam napisa\u0142 nam o sobie: Pracowa\u0142em w&nbsp;Polskiej Sekcji BBC, pisywa\u0142em artyku\u0142y dla paryskiej \u201eKultury\u201d, przez&nbsp;lata wsp\u00f3\u0142tworzy\u0142em portal \u201eRacjonalista\u201d, wreszcie dojrzeli\u015bmy z&nbsp;\u017con\u0105 do&nbsp;pr\u00f3by stworzenia czego\u015b w\u0142asnego i&nbsp;od&nbsp;stycznia 2014 roku ruszy\u0142y&nbsp;Listy z&nbsp;naszego sadu. Zamiast w\u0142asnej prezentacji przytocz\u0119 to, co&nbsp;o&nbsp;\u201cListach z&nbsp;naszego sadu\u201d [&hellip;]<\/p>\n","protected":false},"author":1,"featured_media":0,"comment_status":"closed","ping_status":"closed","sticky":false,"template":"","format":"standard","meta":[],"categories":[6],"tags":[33,24],"_links":{"self":[{"href":"https:\/\/www.reunion68.se\/index.php?rest_route=\/wp\/v2\/posts\/123249"}],"collection":[{"href":"https:\/\/www.reunion68.se\/index.php?rest_route=\/wp\/v2\/posts"}],"about":[{"href":"https:\/\/www.reunion68.se\/index.php?rest_route=\/wp\/v2\/types\/post"}],"author":[{"embeddable":true,"href":"https:\/\/www.reunion68.se\/index.php?rest_route=\/wp\/v2\/users\/1"}],"replies":[{"embeddable":true,"href":"https:\/\/www.reunion68.se\/index.php?rest_route=%2Fwp%2Fv2%2Fcomments&post=123249"}],"version-history":[{"count":6,"href":"https:\/\/www.reunion68.se\/index.php?rest_route=\/wp\/v2\/posts\/123249\/revisions"}],"predecessor-version":[{"id":123261,"href":"https:\/\/www.reunion68.se\/index.php?rest_route=\/wp\/v2\/posts\/123249\/revisions\/123261"}],"wp:attachment":[{"href":"https:\/\/www.reunion68.se\/index.php?rest_route=%2Fwp%2Fv2%2Fmedia&parent=123249"}],"wp:term":[{"taxonomy":"category","embeddable":true,"href":"https:\/\/www.reunion68.se\/index.php?rest_route=%2Fwp%2Fv2%2Fcategories&post=123249"},{"taxonomy":"post_tag","embeddable":true,"href":"https:\/\/www.reunion68.se\/index.php?rest_route=%2Fwp%2Fv2%2Ftags&post=123249"}],"curies":[{"name":"wp","href":"https:\/\/api.w.org\/{rel}","templated":true}]}}