{"id":123276,"date":"2025-08-12T17:05:00","date_gmt":"2025-08-12T15:05:00","guid":{"rendered":"https:\/\/www.reunion68.se\/?p=123276"},"modified":"2025-08-12T10:28:57","modified_gmt":"2025-08-12T08:28:57","slug":"12-00-104","status":"publish","type":"post","link":"https:\/\/www.reunion68.se\/?p=123276","title":{"rendered":"Australia to Recognize Palestinian State at UN, Prompting Sharp Backlash From Israel, Local Jewish Community"},"content":{"rendered":"<hr>\n<h3 style=\"text-align: center;\"><a href=\"https:\/\/www.algemeiner.com\/\" target=\"_blank\" rel=\"noopener noreferrer\"><img decoding=\"async\" class=\"center alignleft\" src=\"http:\/\/www.reunion68.com\/Biuletyn\/img\/algem.png\" alt=\"\" width=\"35%\"><\/a><span style=\"text-decoration: underline; color: #000080;\"><strong><a style=\"color: #000080; text-decoration: underline;\" href=\"https:\/\/www.algemeiner.com\/2025\/08\/11\/australia-recognize-palestinian-state-un-prompting-sharp-backlash-israel-local-jewish-community\/\" target=\"_blank\" rel=\"noopener noreferrer\">Australia to Recognize Palestinian State at UN, Prompting Sharp Backlash From Israel, Local Jewish Community<\/a><\/strong><\/span><\/h3>\n<p style=\"text-align: center;\"><span style=\"color: #000000;\"><strong>Vilches Arguello<\/strong><\/span><\/p>\n<hr style=\"height: 15px; background: #d0e6fa; width: 100%;\">\n<p style=\"text-align: center;\"><img decoding=\"async\" class=\"aligncenter\" src=\"https:\/\/www.algemeiner.com\/wp-content\/uploads\/2024\/12\/2024-11-25T025623Z_1_LYNXNPEKAO02K_RTROPTP_4_AUSTRALIA-POLITICS-QANTAS1.jpg\" width=\"100%\"><span style=\"color: #808080;\"><em>Australian Prime Minister Anthony Albanese speaks during a press conference at the Parliament House in Canberra, Australia, June 17, 2024. Photo: Lukas Coch\/Pool via REUTERS<\/em><\/span><\/p>\n<p><span style=\"color: #000080;\">Australia will formally recognize a Palestinian state during the United Nations General Assembly\u2019s annual debate in September,&nbsp;<a style=\"color: #000080;\" href=\"https:\/\/www.algemeiner.com\/2025\/07\/30\/uk-rejects-criticism-move-recognize-palestinian-state-rewards-hamas\/\" target=\"_blank\" rel=\"noopener\">joining a growing list of European nations backing the move<\/a>&nbsp;despite sharp criticism from Israeli leaders and the country\u2019s Jewish community.<\/span><\/p>\n<p><span style=\"color: #000080;\">\u201cAustralia will recognize the right of the Palestinian people to a state of their own. We will work with the international community to make this right a reality,\u201d Prime Minister Anthony Albanese announced on Monday during a press conference.<\/span><\/p>\n<p><span style=\"color: #000080;\">Albanese described a two-state solution to the Israeli-Palestinian conflict as \u201chumanity\u2019s best hope to break the cycle of violence in the Middle East and to bring an end to the conflict, suffering, and starvation in Gaza.\u201d<\/span><\/p>\n<p><span style=\"color: #000080;\">The prime minister also said he had received assurances from&nbsp;<a style=\"color: #000080;\" href=\"https:\/\/www.algemeiner.com\/2025\/08\/10\/abbas-may-declare-a-palestinian-state-at-the-un-general-assembly\/\" target=\"_blank\" rel=\"noopener\">the Palestinian Authority (PA)<\/a>&nbsp;\u2014 which has governed much of the West Bank without holding elections for two decades \u2014 that there would be \u201cno role for the terrorists of Hamas in any future Palestinian state.\u201d<\/span><\/p>\n<p><span style=\"color: #000080;\">Australia\u2019s announcement comes after France first declared last month its intention to recognize a Palestinian state, with other Western countries, including the United Kingdom and Canada, joining the effort.<\/span><\/p>\n<p><span style=\"color: #000080;\">Israeli President Isaac Herzog condemned Australia\u2019s decision, calling it \u201ca&nbsp;<a style=\"color: #000080;\" href=\"https:\/\/www.algemeiner.com\/2025\/07\/24\/israel-says-france-rewarding-terror-macron-announces-plan-recognize-palestinian-state\/\" target=\"_blank\" rel=\"noopener\">reward for terror<\/a>, a prize for the enemies of freedom, liberty, and democracy.\u201d<\/span><\/p>\n<p><span style=\"color: #000080;\">\u201cThis is a grave and dangerous mistake, which will not help a single Palestinian and sadly will not bring back a single hostage,\u201d the Israeli leader said during a press conference, referring to the dozens of Israeli hostages still being by the Palestinian terrorist group Hamas in Gaza.<\/span><\/p>\n<p><span style=\"color: #000080;\">Israel\u2019s ambassador to Australia, Amir Maimon, also condemned the country\u2019s latest decision, saying it \u201cundermines Israel\u2019s security, derails hostage negotiations and hands a victory to those who oppose coexistence.\u201d<\/span><\/p>\n<p><span style=\"color: #000080;\">Albanese is also facing escalating criticism from&nbsp;<a style=\"color: #000080;\" href=\"https:\/\/www.algemeiner.com\/2024\/12\/02\/antisemitic-incidents-australia-quadruple-record-high-since-oct-7-attack-new-report-says\/\" target=\"_blank\" rel=\"noopener\">Australia\u2019s Jewish community and leaders<\/a>&nbsp;who strongly oppose the move.<\/span><\/p>\n<p><span style=\"color: #000080;\">The Australian Jewish Association condemned the government\u2019s decision, calling it a reward for Hamas and its brutal atrocities during the group\u2019s invasion of and massacre across southern Israel on Oct. 7, 2023.<\/span><\/p>\n<p><span style=\"color: #000080;\">\u201cThis is more than a betrayal of a friend. It is a reckless attack on the Jewish people in Australia and abroad,\u201d the statement read. \u201cThe decision will do nothing to advance peace in the Middle East since the Albanese Government has no influence there.\u201d&nbsp;<\/span><\/p>\n<p><iframe loading=\"lazy\" id=\"twitter-widget-2\" class=\"\" title=\"X Post\" src=\"https:\/\/platform.twitter.com\/embed\/Tweet.html?dnt=false&amp;embedId=twitter-widget-2&amp;features=eyJ0ZndfdGltZWxpbmVfbGlzdCI6eyJidWNrZXQiOltdLCJ2ZXJzaW9uIjpudWxsfSwidGZ3X2ZvbGxvd2VyX2NvdW50X3N1bnNldCI6eyJidWNrZXQiOnRydWUsInZlcnNpb24iOm51bGx9LCJ0ZndfdHdlZXRfZWRpdF9iYWNrZW5kIjp7ImJ1Y2tldCI6Im9uIiwidmVyc2lvbiI6bnVsbH0sInRmd19yZWZzcmNfc2Vzc2lvbiI6eyJidWNrZXQiOiJvbiIsInZlcnNpb24iOm51bGx9LCJ0ZndfZm9zbnJfc29mdF9pbnRlcnZlbnRpb25zX2VuYWJsZWQiOnsiYnVja2V0Ijoib24iLCJ2ZXJzaW9uIjpudWxsfSwidGZ3X21peGVkX21lZGlhXzE1ODk3Ijp7ImJ1Y2tldCI6InRyZWF0bWVudCIsInZlcnNpb24iOm51bGx9LCJ0ZndfZXhwZXJpbWVudHNfY29va2llX2V4cGlyYXRpb24iOnsiYnVja2V0IjoxMjA5NjAwLCJ2ZXJzaW9uIjpudWxsfSwidGZ3X3Nob3dfYmlyZHdhdGNoX3Bpdm90c19lbmFibGVkIjp7ImJ1Y2tldCI6Im9uIiwidmVyc2lvbiI6bnVsbH0sInRmd19kdXBsaWNhdGVfc2NyaWJlc190b19zZXR0aW5ncyI6eyJidWNrZXQiOiJvbiIsInZlcnNpb24iOm51bGx9LCJ0ZndfdXNlX3Byb2ZpbGVfaW1hZ2Vfc2hhcGVfZW5hYmxlZCI6eyJidWNrZXQiOiJvbiIsInZlcnNpb24iOm51bGx9LCJ0ZndfdmlkZW9faGxzX2R5bmFtaWNfbWFuaWZlc3RzXzE1MDgyIjp7ImJ1Y2tldCI6InRydWVfYml0cmF0ZSIsInZlcnNpb24iOm51bGx9LCJ0ZndfbGVnYWN5X3RpbWVsaW5lX3N1bnNldCI6eyJidWNrZXQiOnRydWUsInZlcnNpb24iOm51bGx9LCJ0ZndfdHdlZXRfZWRpdF9mcm9udGVuZCI6eyJidWNrZXQiOiJvbiIsInZlcnNpb24iOm51bGx9fQ%3D%3D&amp;frame=false&amp;hideCard=false&amp;hideThread=false&amp;id=1954753506105344116&amp;lang=en&amp;origin=https%3A%2F%2Fwww.algemeiner.com%2F2025%2F08%2F11%2Faustralia-recognize-palestinian-state-un-prompting-sharp-backlash-israel-local-jewish-community%2F&amp;sessionId=7c140d60e93d521057afd8207840add43a6db961&amp;siteScreenName=Algemeiner&amp;theme=light&amp;widgetsVersion=2615f7e52b7e0%3A1702314776716&amp;width=550px\" width=\"650\" height=\"650\" frameborder=\"0\" scrolling=\"yes\" allowfullscreen=\"allowfullscreen\" data-tweet-id=\"1954753506105344116\" data-mce-fragment=\"1\"><\/iframe><\/p>\n<p><span style=\"color: #000080;\">Australia has faced an&nbsp;<a href=\"https:\/\/www.algemeiner.com\/2025\/02\/19\/australias-spy-chief-warns-surge-antisemitism-across-country-has-not-yet-plateaued\/\" target=\"_blank\" rel=\"noopener\">onslaught of antisemitic incidents<\/a>, including violent attacks and arson targeting synagogues, over the past year, many of which appear to have been motivated by anti-Israel animus amid the war in Gaza.<\/span><\/p>\n<p><span style=\"color: #000080;\">The Zionist Federation of Australia also denounced the move by Albanese, warning that \u201cmoving forward while Hamas remains in power and the Palestinian Authority has not delivered verified reforms will only undermine peace efforts and reward terrorism.\u201d<\/span><\/p>\n<p><span style=\"color: #000080;\">\u201cRecognition without agreed borders, a single governing authority, or a demonstrated capacity for peaceful coexistence does not advance peace. It departs from Australia\u2019s bipartisan position and risks delaying, rather than resolving, the conflict,\u201d the statement read.<\/span><\/p>\n<p><span style=\"color: #000080;\">On Monday, New Zealand Foreign Minister Winston Peters announced that his country would also consider recognizing a Palestinian state at next month\u2019s UN General Assembly.<\/span><\/p>\n<p><span style=\"color: #000080;\">Peters said New Zealand\u2019s recognition of a Palestinian state was \u201ca matter of when, not if,\u201d though he acknowledged it was \u201cnot a straightforward, clear-cut issue.\u201d<\/span><\/p>\n<p><span style=\"color: #000080;\">Last week, senior Hamas official Ghazi Hamad declared that \u201cthe initiative by several countries to recognize a Palestinian state is one of the fruits of Oct. 7.\u201d<\/span><\/p>\n<p><span style=\"color: #000080;\">\u201cWe proved that victory over Israel is not impossible, and our weapons are a symbol of Palestinian dignity,\u201d Hamad told Al Jazeera.<\/span><\/p>\n<p><span style=\"color: #000080;\">Senior Hamas officials have r<a href=\"https:\/\/www.algemeiner.com\/2024\/06\/19\/hamas-official-says-terror-group-would-do-oct-7-attack-again-possible-go-back-time\/\" target=\"_blank\" rel=\"noopener\">epeatedly vowed to carry out more attacks<\/a>&nbsp;similar to its Oct. 7, 2023, massacre, in which Palestinian terrorists murdered 1,200 people and kidnapped 251 hostages during their rampage across southern Israel.<\/span><\/p>\n<hr style=\"height: 15px; background: #d0e6fa; width: 100%;\">\n<div id=\"content\" class=\"content-alignment\">\n<div id=\"watch-description\" class=\"yt-uix-button-panel\">\n<div id=\"watch-description-text\" style=\"text-align: center;\">\n<p><em>Zawarto\u015b\u0107 publikowanych artyku\u0142\u00f3w i materia\u0142\u00f3w nie reprezentuje pogl\u0105d\u00f3w ani opinii Reunion&#8217;68,<\/em><em><br \/>\nani te\u017c webmastera Blogu Reunion&#8217;68, chyba ze jest to wyra\u017anie zaznaczone.<br \/>\nTwoje uwagi, linki, w\u0142asne artyku\u0142y lub wiadomo\u015bci prze\u015blij na adres:<br \/>\n<\/em><span style=\"color: #000080;\"><strong><em><a style=\"color: #000080;\" href=\"mailto:webmaster@reunion68.com\"><span style=\"text-decoration: underline;\">webmaster@reunion68.com<\/span><\/a><\/em><\/strong><\/span><\/p>\n<\/div>\n<\/div>\n<\/div>\n<hr style=\"width: 100%;\">\n","protected":false},"excerpt":{"rendered":"<p>Australia to Recognize Palestinian State at UN, Prompting Sharp Backlash From Israel, Local Jewish Community Vilches Arguello Australian Prime Minister Anthony Albanese speaks during a press conference at the Parliament House in Canberra, Australia, June 17, 2024. Photo: Lukas Coch\/Pool via REUTERS Australia will formally recognize a Palestinian state during the United Nations General Assembly\u2019s [&hellip;]<\/p>\n","protected":false},"author":1,"featured_media":0,"comment_status":"closed","ping_status":"closed","sticky":false,"template":"","format":"standard","meta":[],"categories":[6],"tags":[33,24],"_links":{"self":[{"href":"https:\/\/www.reunion68.se\/index.php?rest_route=\/wp\/v2\/posts\/123276"}],"collection":[{"href":"https:\/\/www.reunion68.se\/index.php?rest_route=\/wp\/v2\/posts"}],"about":[{"href":"https:\/\/www.reunion68.se\/index.php?rest_route=\/wp\/v2\/types\/post"}],"author":[{"embeddable":true,"href":"https:\/\/www.reunion68.se\/index.php?rest_route=\/wp\/v2\/users\/1"}],"replies":[{"embeddable":true,"href":"https:\/\/www.reunion68.se\/index.php?rest_route=%2Fwp%2Fv2%2Fcomments&post=123276"}],"version-history":[{"count":10,"href":"https:\/\/www.reunion68.se\/index.php?rest_route=\/wp\/v2\/posts\/123276\/revisions"}],"predecessor-version":[{"id":123340,"href":"https:\/\/www.reunion68.se\/index.php?rest_route=\/wp\/v2\/posts\/123276\/revisions\/123340"}],"wp:attachment":[{"href":"https:\/\/www.reunion68.se\/index.php?rest_route=%2Fwp%2Fv2%2Fmedia&parent=123276"}],"wp:term":[{"taxonomy":"category","embeddable":true,"href":"https:\/\/www.reunion68.se\/index.php?rest_route=%2Fwp%2Fv2%2Fcategories&post=123276"},{"taxonomy":"post_tag","embeddable":true,"href":"https:\/\/www.reunion68.se\/index.php?rest_route=%2Fwp%2Fv2%2Ftags&post=123276"}],"curies":[{"name":"wp","href":"https:\/\/api.w.org\/{rel}","templated":true}]}}