{"id":123341,"date":"2025-08-14T17:09:00","date_gmt":"2025-08-14T15:09:00","guid":{"rendered":"https:\/\/www.reunion68.se\/?p=123341"},"modified":"2025-08-14T08:43:16","modified_gmt":"2025-08-14T06:43:16","slug":"14-09-111","status":"publish","type":"post","link":"https:\/\/www.reunion68.se\/?p=123341","title":{"rendered":"Faryzejska kultura rzekomo wsp\u00f3\u0142czuj\u0105cych"},"content":{"rendered":"<p><img decoding=\"async\" class=\"aligncenter\" src=\"https:\/\/bi.im-g.pl\/im\/e2\/af\/1e\/z32174562IH,Strefa-Gazy--W-srode-13-sierpnia-zginelo-prawie-30.jpg\" width=\"100%\"><\/p>\n<hr>\n<p>.<\/p>\n<h3 style=\"text-align: center;\"><a href=\"http:\/\/www.listyznaszegosadu.pl\/\" target=\"_blank\" rel=\"noopener noreferrer\"><img decoding=\"async\" class=\"center alignleft\" src=\"http:\/\/www.reunion68.com\/Biuletyn\/img\/z-naszego.jpg\" alt=\"\" width=\"50%\"><\/a><span style=\"text-decoration: underline; color: #000080;\"><span style=\"text-decoration: underline;\"><strong><a style=\"color: #000080; text-decoration: underline;\" href=\"http:\/\/www.listyznaszegosadu.pl\/znasz-li-ten-kraj\/faryzejska-kultura-rzekomo-wspallczujacych\" target=\"_blank\" rel=\"noopener noreferrer\">Faryzejska kultura rzekomo wsp\u00f3\u0142czuj\u0105cych<\/a><\/strong><\/span><\/span><\/h3>\n<p style=\"text-align: center;\"><span style=\"color: #000000;\"><strong>Andrzej Koraszewski<\/strong><\/span><\/p>\n<hr style=\"height: 15px; background: #d0e6fa; width: 100%;\">\n<p><span style=\"color: #000080;\">Ucz\u0119 si\u0119 \u017cycia z nowym kalectwem. Pospiesznie przygotowuj\u0119 si\u0119 do samotnej kontynuacji tego, co robili\u015bmy we dwoje. Czy to mo\u017ce si\u0119 uda\u0107? Nie wiem, nie do mnie b\u0119dzie nale\u017ca\u0142a ocena. Chwilowo czyszcz\u0119 stajni\u0119 Augiasza, tworz\u0119 nowy warsztat pracy, borykam si\u0119 z emocjami, kt\u00f3re popychaj\u0105 raz w jedn\u0105, raz w drug\u0105 stron\u0119. \u201eListy z naszego sadu\u201d wype\u0142nia\u0142y nasze \u017cycie niemal bez reszty, by\u0142y i nadal s\u0105 protestem przeciw zak\u0142amanemu \u015bwiatu.<\/span><\/p>\n<p><span style=\"color: #000080;\">Od wczesnej m\u0142odo\u015bci patrzyli\u015bmy ze zdumieniem na og\u00f3lno\u015bwiatowy ruch solidarno\u015bci w nienawi\u015bci wobec Izraela. Dzia\u0142ania radzieckich polityk\u00f3w nie budzi\u0142y zdziwienia. Ich antysemityzm by\u0142 zar\u00f3wno narz\u0119dziem zdobywania sojusznik\u00f3w do walki z \u201eameryka\u0144skim imperializmem i kolonializmem\u201d, czyli z sam\u0105 ide\u0105 demokracji, jak i kontynuacj\u0105 wielowiekowej religijnej i politycznej tradycji. Zrozumienie Brytyjczyk\u00f3w, d\u0105\u017c\u0105cych nawet bezpo\u015brednio po Zag\u0142adzie do likwidacji \u017byd\u00f3w w Mandacie Palesty\u0144skim, Francuz\u00f3w blokuj\u0105cych pomoc dla broni\u0105cego si\u0119 przed kolejn\u0105 zag\u0142ad\u0105 narodu, Niemc\u00f3w borykaj\u0105cych si\u0119 z poczuciem winy i szukaj\u0105cych odkupienia w specyficznie pojmowanej \u201esprawiedliwo\u015bci\u201d \u2013 by\u0142o znacznie trudniejsze. Polska nie budzi\u0142a zdumienia, zawsze epigo\u0144ska c\u00f3ra Ko\u015bcio\u0142a, sojuszniczka Moskwy, zerkaj\u0105ca z zazdro\u015bci\u0105 na Pary\u017c i Londyn. Dziwi\u0142o i budzi\u0142o poczucie niewygody narastaj\u0105ce poczucie obco\u015bci w sto\u0142ecznej inteligenckiej kawiarni.<\/span><\/p>\n<p><span style=\"color: #000080;\">Po trzech dekadach w\u0119dr\u00f3wek po \u015bwiecie powr\u00f3t do kraju dzieci\u0144stwa okaza\u0142 si\u0119 zdumiewaj\u0105co udany. Czasami \u017cartowali\u015bmy, \u017ce wybrali\u015bmy miejsce wystarczaj\u0105co odleg\u0142e od stolicy, \u017ceby mie\u0107 pewno\u015b\u0107, \u017ce mieszkamy w Polsce. Internet dawa\u0142 nam mo\u017cliwo\u015b\u0107 kontaktu ze \u015bwiatem, s\u0105siedzi dostarczali kontaktu ze zwyk\u0142ymi lud\u017ami, niemaj\u0105cymi wiele wsp\u00f3lnego z mieszka\u0144cami wie\u017cy z ko\u015bci s\u0142oniowej. Pod koniec \u017cycia, podobnie jak na samym pocz\u0105tku naszej mi\u0142o\u015bci, Izrael by\u0142 papierkiem lakmusowym moralnego stanu \u015bwiata.<\/span><\/p>\n<p><span style=\"color: #000080;\">Nie mieli\u015bmy z\u0142udze\u0144, wiedzieli\u015bmy, \u017ce p\u0142yniemy pod pr\u0105d, \u017ce mo\u017cemy zaledwie dawa\u0107 \u015bwiadectwo i szuka\u0107 innych niepokornych. Teraz, kiedy Ma\u0142gorzaty ju\u017c nie ma, zastanawiam si\u0119, czy starczy mi energii. W przesz\u0142o\u015bci w chwilach zw\u0105tpienia w sens tego wysi\u0142ku to drugie umia\u0142o wyci\u0105gn\u0105\u0107 z marazmu. W samotno\u015bci to wszystko jest znacznie trudniejsze.<\/span><\/p>\n<p><span style=\"color: #000080;\">Patrz\u0119 na dzisiejsze doniesienie&nbsp;<em>wiadomo\u015bci.gazeta.pl<\/em>. Pani Katarzyna Romik jest wstrz\u0105\u015bni\u0119ta raportem ONZ, \u017ce koncerny wsp\u00f3\u0142pracuj\u0105 z Izraelem. Komentarze zamkni\u0119te \u2013 ciekawe dlaczego, czy\u017cby redakcja doskonale wiedzia\u0142a, co robi i co chce osi\u0105gn\u0105\u0107, ale obawia si\u0119, \u017ce reakcje czytelnik\u00f3w b\u0119d\u0105 nazbyt ods\u0142ania\u0107 te intencje?<\/span><\/p>\n<p><span style=\"color: #000080;\">Jak donosi absolwentka filologii, na \u201ewstrz\u0105saj\u0105cy raport\u201d zareagowa\u0142o polskie (niepisowskie) MSZ:<\/span><\/p>\n<blockquote><p><strong>\u201eMinisterstwo Spraw Zagranicznych RP podkre\u015bli\u0142o, \u017ce ocenia ten stan rzeczy jednoznacznie negatywnie. W odpowiedzi przes\u0142anej do dziennika&nbsp;<em>Rzeczpospolita<\/em>&nbsp;resort doda\u0142, \u017ce ewentualne przyj\u0119cie przez Uni\u0119 Europejsk\u0105 sankcji, kt\u00f3re mia\u0142yby by\u0107 odpowiedzi\u0105 na dzia\u0142ania koncern\u00f3w, wymaga\u0142oby jednomy\u015blnej zgody wszystkich pa\u0144stw cz\u0142onkowskich. Mo\u017cliwym \u015brodkiem oddzia\u0142ywania, znajduj\u0105cym odbicie w kszta\u0142towaniu warto\u015bci rynkowej przedsi\u0119biorstwa, jest presja konsument\u00f3w i opinii publicznej \u2013 zauwa\u017cy\u0142o ministerstwo.\u201d<\/strong><\/p><\/blockquote>\n<p style=\"text-align: left;\"><span style=\"color: #000080;\">Kr\u00f3tko m\u00f3wi\u0105c \u2013 Warszawa obawia si\u0119, \u017ce jacy\u015b Czesi mog\u0105 podstawia\u0107 nog\u0119 i odm\u00f3wi\u0107 solidarnej nienawi\u015bci.<\/span><\/p>\n<p style=\"text-align: left;\"><span style=\"color: #000080;\">Pani \u201edziennikarka\u201d informuje r\u00f3wnie\u017c, \u017ce sekretarz stanu USA Marco Rubio po opublikowaniu raportu Franceski Albanese zagrozi\u0142 na\u0142o\u017ceniem na ni\u0105 sankcji.<\/span><\/p>\n<blockquote><p><strong>\u201ePrzedstawiciel administracji Trumpa nazwa\u0142 wysi\u0142ki cz\u0142onkini ONZ krokami bezprawnymi i haniebnymi. Stany Zjednoczone b\u0119d\u0105 nadal podejmowa\u0107 wszelkie dzia\u0142ania, kt\u00f3re uznamy za konieczne, aby odpowiedzie\u0107 na akty bezprawia i chroni\u0107 nasz\u0105 suwerenno\u015b\u0107 i suwerenno\u015b\u0107 naszych sojusznik\u00f3w \u2013 o\u015bwiadczy\u0142 Rubio.\u201d<\/strong><\/p><\/blockquote>\n<p><span style=\"color: #000080;\">Ciekawe, czy dziennikarka posiada cie\u0144 \u015bwiadomo\u015bci, na jakiej podstawie przedstawiciel Stan\u00f3w Zjednoczonych okre\u015bli\u0142 dzia\u0142ania przedstawicieli ONZ jako \u201ebezprawne\u201d, czy co\u015b wie o przepisach dotycz\u0105cych mi\u0119dzynarodowego handlu, czy tylko Marco Rubio \u017ale jej si\u0119 kojarzy? Czy mo\u017ce zna\u0107 antysemick\u0105 przesz\u0142o\u015b\u0107 Franceski Albanese? Z czym jej si\u0119 kojarzy nazwisko Ant\u00f3nio Manuela de Oliveiry Guterresa? Nie wiem i nie mog\u0119 tego wiedzie\u0107. Mnie imiona nadane w 1949 roku portugalskiemu niemowl\u0119ciu kojarz\u0105 si\u0119 z rz\u0105dz\u0105cym w\u00f3wczas Portugali\u0105 faszyst\u0105 Ant\u00f3nio de Oliveir\u0105 Salazarem, a Manuel \u2013 z Manuelem I Szcz\u0119\u015bliwym, kt\u00f3ry wygna\u0142 \u017byd\u00f3w z Portugalii. Obecny Pierwszy Sekretarz ONZ nie popiera faszyzmu, to ju\u017c takie niemodne, on tylko kontynuuje wielkie dzie\u0142a Kurta Waldheima. \u017badnemu dziennikarzowi&nbsp;<em>wiadomo\u015bci.gazeta.pl<\/em>&nbsp;taka wiedza nie jest potrzebna, wystarcz\u0105 depesze agencyjne.<\/span><\/p>\n<p><span style=\"color: #000080;\">Nasza wspania\u0142a \u201edziennikarka\u201d od pe\u0142nej obrzydzenia informacji o niecnym prote\u015bcie ameryka\u0144skiego sekretarza stanu przechodzi do doniesienia Al-D\u017caziry i informuje konsument\u00f3w tych wiadomo\u015bci, \u017ce:<\/span><\/p>\n<blockquote><p><strong>\u201e\u2026 w \u015brod\u0119 13 sierpnia zgin\u0119\u0142o 29 Palesty\u0144czyk\u00f3w w izraelskich atakach lotniczych w ca\u0142ej Strefie Gazy. Co najmniej 10 ofiar to osoby pr\u00f3buj\u0105ce uzyska\u0107 pomoc humanitarn\u0105. Centra dystrybucji pomocy to wci\u0105\u017c \u015bmiertelne pu\u0142apki \u2013 oceni\u0142a stacja. I dodaje, \u017ce zdecydowana wi\u0119kszo\u015b\u0107 ludzi nie ma innego wyj\u015bcia, jak tylko pojawi\u0107 si\u0119 tam i spr\u00f3bowa\u0107 zdoby\u0107 wszystko, co jest dost\u0119pne dla ich rodzin.\u201d<\/strong><\/p><\/blockquote>\n<p style=\"text-align: left;\"><span style=\"color: #000080;\">Zastanawianie si\u0119 nad pytaniem, co \u201edziennikarka\u201d&nbsp;<em>wiadomo\u015bci.gazeta.pl<\/em>&nbsp;mo\u017ce wiedzie\u0107 na temat Al-D\u017caziry, Kataru i historii Bractwa Muzu\u0142ma\u0144skiego, jest cokolwiek bezp\u0142odne. Mo\u017cemy by\u0107 pewni, \u017ce zatrudniaj\u0105ca j\u0105 redakcja nie oczekiwa\u0142a takiej wiedzy, a co wi\u0119cej \u2013 taka wiedza by\u0142aby dyskwalifikuj\u0105ca do pracy, kt\u00f3r\u0105 wykonuje. Najwyra\u017aniej jednak to, co jej w duszy gra, jest dobrze zharmonizowane z oczekiwaniami redakcji. Pani Katarzyna Romik jest szlachetn\u0105 osob\u0105 g\u0142\u0119boko wsp\u00f3\u0142czuj\u0105c\u0105 wszystkim krzywdzonym przez \u017byd\u00f3w.<\/span><\/p>\n<p style=\"text-align: left;\"><span style=\"color: #000080;\">Inna pe\u0142na wszelakiego rodzaju empatii osoba pojawi\u0142a si\u0119 na moim Facebooku, komentuj\u0105c artyku\u0142 o mi\u0142o\u015bci W\u0142odzimierza Czarzastego i jego ferajny do Palestyny i Palesty\u0144czyk\u00f3w. Mateusz X jest oburzony, \u017ce kogo\u015b, kto tak pi\u0119knie chodzi na obchody upami\u0119tniaj\u0105ce mordowanie \u017byd\u00f3w w przesz\u0142o\u015bci i r\u00f3wnocze\u015bnie rado\u015bnie popiera dzisiejszych nazist\u00f3w, mo\u017cna nazwa\u0107 antysemit\u0105.<\/span><\/p>\n<p><span style=\"color: #000080;\">Mateusz X broni cnoty pos\u0142anki. Nie wiem kt\u00f3rej, bo w moim artykule pojawiaj\u0105 si\u0119 dwie szlachetne pos\u0142anki \u2013 jedna b\u0119d\u0105ca podobno autork\u0105 projektu ustawy Nowej Lewicy i druga b\u0119d\u0105ca twarz\u0105 Koalicji Obywatelskiej w Sejmowej Komisji Spraw Zagranicznych. By\u0107 mo\u017ce Mateusz X nie wymienia nazwiska, bo podobnie jak ja nie dostrzega mi\u0119dzy nimi \u017cadnej r\u00f3\u017cnicy. Obie kochaj\u0105 prezentowa\u0107 si\u0119 jako istoty szlachetne, obie udaj\u0105, \u017ce wsp\u00f3\u0142czuj\u0105 Palesty\u0144czykom i \u017ce to rzekome wsp\u00f3\u0142czucie jest jedynym powodem ich nienawi\u015bci do jeszcze \u017cyj\u0105cych \u017byd\u00f3w.<\/span><\/p>\n<p><span style=\"color: #000080;\">Mateusz X przekonuje, \u017ce nie mo\u017ce by\u0107 antysemit\u0105, bo sam jest \u017bydem. Ciekawe. Nie wiedzia\u0142em, \u017ce geny decyduj\u0105 o pogl\u0105dach.<\/span><\/p>\n<p><span style=\"color: #000080;\">Najciekawszy jest \u017cal Mateusza X o m\u00f3j stosunek do postaci, kt\u00f3ra w rzekomo komentowanym przez niego artykule nie wyst\u0119puje, a mianowicie do Konstantego Geberta.<\/span><\/p>\n<p><span style=\"color: #000080;\">Mateusz X nie jest w stanie poj\u0105\u0107, \u017ce mo\u017ce by\u0107 cokolwiek z\u0142ego w deklaracji tego \u201ekrytyka Izraela\u201d, \u017ce jego nie interesuj\u0105 arabscy faszy\u015bci. Zainteresowanie ideologi\u0105 \u201eosi oporu\u201d (Iranu, Hezbollahu, Huti, Hamasu, Fatahu, Bractwa Muzu\u0142ma\u0144skiego, Turcji, Egiptu i innych) jest g\u0142\u0119bokim nietaktem i szkodzi poczuciu sprawiedliwo\u015bci \u201ekrytyk\u00f3w Izraela\u201d. Mateusz X nie chce grzeba\u0107 w historii, jemu wystarcza dobre samopoczucie \u201ekrytyka Izraela\u201d, kt\u00f3ry mo\u017ce deklarowa\u0107 kole\u017ckom z gojowskiej lewicy, \u017ce jest takim porz\u0105dnym \u017bydem i te\u017c pragnie, \u017ceby demokracj\u0119 wreszcie diabli wzi\u0119li i \u017ceby zwyci\u0119\u017cy\u0142a awangarda, czyli Mateusz X i jego bracia w Karolu Marksie.<\/span><\/p>\n<p><span style=\"color: #000080;\">A jednak mam szacunek do Mateusza X, bo kiedy poprosi\u0142em go, \u017ceby znikn\u0105\u0142, nie zmuszaj\u0105c mnie do blokowania, zamilk\u0142 jak przysta\u0142o na osob\u0119 z jak\u0105\u015b elementarn\u0105 przyzwoito\u015bci\u0105.<\/span><\/p>\n<p><span style=\"color: #000080;\">Patrz\u0105c na doniesienie w dzisiejszych \u201ewiadomo\u015bciach\u201d i przypominaj\u0105c sobie wynurzenia Mateusza X, u\u015bwiadomi\u0142em sobie, jak bardzo powszechna jest (r\u00f3wnie\u017c nad Wis\u0142\u0105) solidarno\u015b\u0107 nienawi\u015bci ukrywaj\u0105ca swoj\u0105 odra\u017caj\u0105c\u0105 g\u0119b\u0119 za rzekomym wsp\u00f3\u0142czuciem dla Palesty\u0144czyk\u00f3w, a wyra\u017caj\u0105ca si\u0119 w nieustaj\u0105cym pragnieniu ratowania ich faszystowskiej w\u0142adzy, k\u0142amstwach o g\u0142odzie, k\u0142amstwach o ludob\u00f3jstwie, k\u0142amstwach o \u017cydowskich zbrodniach.<\/span><\/p>\n<p><span style=\"color: #000080;\">Czy to jest dzi\u015b powszechna postawa Polak\u00f3w? Patrz\u0105c na to z perspektywy mojego miasteczka, mam wra\u017cenie, \u017ce solidne badania przynios\u0142yby odmienn\u0105 odpowied\u017a. Solidnych bada\u0144 nie ma, pozostaje wra\u017cenie, \u017ce to choroba, kt\u00f3ra dotkn\u0119\u0142a g\u0142\u00f3wnie wielkomiejsk\u0105 inteligencj\u0119 \u2013 t\u0119 z lewicowymi i t\u0119 z prawicowymi pogl\u0105dami.<\/span><\/p>\n<p><span style=\"color: #000080;\">Zamiast zastanawia\u0107 si\u0119 nad pytaniem, jak dzi\u015b wygl\u0105da\u0142aby nasza dyskusja, gdyby Ma\u0142gorzata \u017cy\u0142a, usiad\u0142em do pisania. Mam wra\u017cenie, \u017ce to dobry znak.<\/span><\/p>\n<hr style=\"height: 15px; background: #d0e6fa; width: 100%;\">\n<div id=\"content\" class=\"content-alignment\">\n<div id=\"watch-description\" class=\"yt-uix-button-panel\">\n<div id=\"watch-description-text\" style=\"text-align: center;\">\n<p><em>Zawarto\u015b\u0107 publikowanych artyku\u0142\u00f3w i materia\u0142\u00f3w nie reprezentuje pogl\u0105d\u00f3w ani opinii Reunion&#8217;68,<\/em><em><br \/>\nani te\u017c webmastera Blogu Reunion&#8217;68, chyba ze jest to wyra\u017anie zaznaczone.<br \/>\nTwoje uwagi, linki, w\u0142asne artyku\u0142y lub wiadomo\u015bci prze\u015blij na adres:<br \/>\n<\/em><span style=\"color: #000080;\"><strong><em><a style=\"color: #000080;\" href=\"mailto:webmaster@reunion68.com\"><span style=\"text-decoration: underline;\">webmaster@reunion68.com<\/span><\/a><\/em><\/strong><\/span><\/p>\n<\/div>\n<\/div>\n<\/div>\n<hr style=\"width: 100%;\">\n","protected":false},"excerpt":{"rendered":"<p>. Faryzejska kultura rzekomo wsp\u00f3\u0142czuj\u0105cych Andrzej Koraszewski Ucz\u0119 si\u0119 \u017cycia z nowym kalectwem. Pospiesznie przygotowuj\u0119 si\u0119 do samotnej kontynuacji tego, co robili\u015bmy we dwoje. Czy to mo\u017ce si\u0119 uda\u0107? Nie wiem, nie do mnie b\u0119dzie nale\u017ca\u0142a ocena. Chwilowo czyszcz\u0119 stajni\u0119 Augiasza, tworz\u0119 nowy warsztat pracy, borykam si\u0119 z emocjami, kt\u00f3re popychaj\u0105 raz w jedn\u0105, raz [&hellip;]<\/p>\n","protected":false},"author":1,"featured_media":0,"comment_status":"closed","ping_status":"closed","sticky":false,"template":"","format":"standard","meta":[],"categories":[6],"tags":[33,24],"_links":{"self":[{"href":"https:\/\/www.reunion68.se\/index.php?rest_route=\/wp\/v2\/posts\/123341"}],"collection":[{"href":"https:\/\/www.reunion68.se\/index.php?rest_route=\/wp\/v2\/posts"}],"about":[{"href":"https:\/\/www.reunion68.se\/index.php?rest_route=\/wp\/v2\/types\/post"}],"author":[{"embeddable":true,"href":"https:\/\/www.reunion68.se\/index.php?rest_route=\/wp\/v2\/users\/1"}],"replies":[{"embeddable":true,"href":"https:\/\/www.reunion68.se\/index.php?rest_route=%2Fwp%2Fv2%2Fcomments&post=123341"}],"version-history":[{"count":8,"href":"https:\/\/www.reunion68.se\/index.php?rest_route=\/wp\/v2\/posts\/123341\/revisions"}],"predecessor-version":[{"id":123380,"href":"https:\/\/www.reunion68.se\/index.php?rest_route=\/wp\/v2\/posts\/123341\/revisions\/123380"}],"wp:attachment":[{"href":"https:\/\/www.reunion68.se\/index.php?rest_route=%2Fwp%2Fv2%2Fmedia&parent=123341"}],"wp:term":[{"taxonomy":"category","embeddable":true,"href":"https:\/\/www.reunion68.se\/index.php?rest_route=%2Fwp%2Fv2%2Fcategories&post=123341"},{"taxonomy":"post_tag","embeddable":true,"href":"https:\/\/www.reunion68.se\/index.php?rest_route=%2Fwp%2Fv2%2Ftags&post=123341"}],"curies":[{"name":"wp","href":"https:\/\/api.w.org\/{rel}","templated":true}]}}