{"id":123415,"date":"2025-08-17T17:09:00","date_gmt":"2025-08-17T15:09:00","guid":{"rendered":"https:\/\/www.reunion68.se\/?p=123415"},"modified":"2025-08-16T07:22:36","modified_gmt":"2025-08-16T05:22:36","slug":"17-09-98","status":"publish","type":"post","link":"https:\/\/www.reunion68.se\/?p=123415","title":{"rendered":"Ameryka\u0144ski antysemityzm"},"content":{"rendered":"<p><img decoding=\"async\" class=\"aligncenter\" src=\"https:\/\/studioopinii.pl\/wp-content\/uploads\/2025\/08\/kyle_langford-650x425.webp\" width=\"100%\" \/><\/p>\n<hr \/>\n<p>.<\/p>\n<h3 style=\"text-align: center;\"><a href=\"https:\/\/studioopinii.pl\/\" target=\"_blank\" rel=\"noopener noreferrer\"><img decoding=\"async\" class=\"center alignleft\" src=\"http:\/\/www.reunion68.com\/Biuletyn\/img\/studio.png\" alt=\"\" width=\"35%\" \/><\/a><span style=\"text-decoration: underline; color: #000080;\"><span style=\"text-decoration: underline;\"><strong><a style=\"color: #000080; text-decoration: underline;\" href=\"https:\/\/studioopinii.pl\/archiwa\/246614\" target=\"_blank\" rel=\"noopener noreferrer\">Ameryka\u0144ski antysemityzm<\/a><\/strong><\/span><\/span><\/h3>\n<p style=\"text-align: center;\"><span style=\"color: #000000;\"><strong>Stanis\u0142aw Obirek<\/strong><\/span><\/p>\n<hr style=\"height: 15px; background: #d0e6fa; width: 100%;\" \/>\n<p><span style=\"color: #000080;\">Z\u00a0pewnym zaskoczeniem odkry\u0142em nieznana mi\u00a0twarz ameryka\u0144skiego antysemityzmu katolickiego. Sta\u0142o si\u0119 to\u00a0za\u00a0spraw\u0105 wydanej w\u00a02024 roku ksi\u0105\u017cki m\u0142odego historyka Davida Austina Walsha \u201cTaking America Back. The Conservative Movement and the far right\u201d, (Odzyska\u0107 Ameryk\u0119. Ruch konserwatywny i\u00a0skrajna prawica). To\u00a0\u015bwietnie i\u00a0\u017cywo odmalowany fresk niezwykle skomplikowanego ideologicznie stanu umys\u0142u ameryka\u0144skich konserwatyst\u00f3w, z\u00a0kt\u00f3rych\u00a0wielu do\u015b\u0107 otwarcie flirtowa\u0142o z\u00a0faszyzmem i\u00a0antysemityzmem. Niekt\u00f3re z\u00a0\u201egwiazd\u201d skrajnej prawicy g\u0142osz\u0105 pogl\u0105dy, kt\u00f3re ur\u0105gaj\u0105 zdrowemu rozs\u0105dkowi, jak chocia\u017cby Marjorie Taylor Greene, kt\u00f3ra\u00a0twierdzi\u0142a, \u017ce\u00a0laser kosmiczny kontrolowany przez\u00a0\u017byd\u00f3w wywo\u0142uje po\u017cary na\u00a0ameryka\u0144skim Zachodzie, czy\u00a0George Santos, patologiczny k\u0142amca, kt\u00f3ry\u00a0mi\u0119dzy innymi fa\u0142szywie twierdzi\u0142, \u017ce\u00a0jest potomkiem ocala\u0142ych z\u00a0Holokaustu i\u00a0wielokrotnie publikowa\u0142 antysemickie komentarze na\u00a0swoich kontach w\u00a0mediach spo\u0142eczno\u015bciowych. Ten drugi odsiaduje w\u0142a\u015bnie kar\u0119 siedmiu lat wi\u0119zienia za\u00a0oszustwa bankowe i\u00a0kradzie\u017c to\u017csamo\u015bci. Walsh swoje wywody ko\u0144czy na\u00a0nies\u0142awnej pami\u0119ci szturmie 6 stycznia 2021 roku na\u00a0Kapitol.<\/span><\/p>\n<p><span style=\"color: #000080;\">To\u00a0po\u00a0tym ataku ameryka\u0144ski nestor bada\u0144 nad\u00a0faszyzmem Robert Paxton przesta\u0142 mie\u0107 w\u0105tpliwo\u015bci \u2013 Trump i\u00a0trumpizm to\u00a0jego zdaniem kolejna ods\u0142ona faszyzmu. Jak napisa\u0142 11 stycznia 2021 roku na\u00a0\u0142amach Newsweeka:\u00a0<em>\u201ePod\u017ceganie Trumpa do\u00a0inwazji na\u00a0Kapitol 6 stycznia 2021 roku usuwa m\u00f3j\u00a0sprzeciw wobec etykietki faszysty. Jego otwarte nawo\u0142ywanie do\u00a0przemocy obywatelskiej w\u00a0celu uniewa\u017cnienia wybor\u00f3w przekracza granic\u0119. Etykieta ta\u00a0wydaje si\u0119 teraz nie\u00a0tylko\u00a0akceptowalna, ale\u00a0wr\u0119cz konieczna\u201d<\/em>. Zaraz po\u00a0tym Paxton doda\u0142 s\u0142owa, kt\u00f3re wydaj\u0105 si\u0119 dzisiaj wr\u0119cz prorocze:\u00a0<em>\u201ePomimo obiecuj\u0105cych pocz\u0105tkowych sygna\u0142\u00f3w i\u00a0wzgl\u0119dnej stabilno\u015bci ameryka\u0144skich instytucji, jest zbyt wcze\u015bnie, aby odpowiedzialny historyk m\u00f3g\u0142 stwierdzi\u0107, czy\u00a0uda si\u0119 utrzyma\u0107 nasz\u0105 republik\u0119 w\u00a0lepszym stanie ni\u017c europejskim przyw\u00f3dcom uda\u0142o si\u0119 obroni\u0107 swoje\u201d<\/em>. Komentarz Paxtona jest ciekawy r\u00f3wnie\u017c z\u00a0tego wzgl\u0119du, \u017ce\u00a0jego ksi\u0105\u017cki po\u015bwi\u0119cone kolaboracyjnego re\u017cimowi Vichy ods\u0142oni\u0142y Francuzom g\u0142\u0119bi\u0119 antysemickiej tradycji i\u00a0powszechno\u015b\u0107 faszystowskich sympatii ich spo\u0142ecze\u0144stwa. Jednak od\u00a0tamtego czasu wydarzy\u0142o si\u0119 tak\u00a0wiele i\u00a0pojawi\u0142y si\u0119 nowe ods\u0142ony zar\u00f3wno faszyzmu jak i\u00a0antysemityzmu, \u017ce\u00a0zapewne David Austin Walsh zgromadzi\u0142 sporo materia\u0142u na\u00a0kolejny tom historii skrajnej prawicy i\u00a0jej zwi\u0105zk\u00f3w z\u00a0faszyzmem i\u00a0antysemityzmem.<\/span><\/p>\n<p><span style=\"color: #000080;\">Niecierpliwie oczekuj\u0105c tej\u00a0nowej publikacji pozwol\u0119 sobie wspomnie\u0107 o\u00a0dw\u00f3ch nowych \u201dgwiazdach\u201d ameryka\u0144skiej sceny publicznej. Nie\u00a0m\u00f3wi\u0119 o\u00a0scenie politycznej, bo\u00a0obaj panowie jak dot\u0105d odznaczyli si\u0119 robieniem du\u017cej wrzawy wok\u00f3\u0142 siebie bez\u00a0zauwa\u017calnych sukces\u00f3w politycznych. Cho\u0107 kto wie, czy\u00a0takowych nie\u00a0odnios\u0105 w\u00a0przysz\u0142o\u015bci. Wszak obaj s\u0105\u00a0m\u0142odzi, gorliwi i\u00a0ch\u0119tnie m\u00f3wi\u0105 i\u00a0pisz\u0105 o\u00a0swoim katolicyzmie, cho\u0107 rozumianym do\u015b\u0107 osobliwie. Jak wiadomo katolicy robi\u0105 w\u00a0ostatnich latach wr\u0119cz polityczn\u0105 furor\u0119 zajmuj\u0105c wiele kluczowych stanowisk w\u00a0administracji Trumpa. Nick Fuentes ma\u00a026 lat i\u00a0ju\u017c bardzo bogat\u0105 biografi\u0119, w\u00a0tym medialnie nag\u0142o\u015bnione spotkanie z\u00a0oczekuj\u0105cym na\u00a0drug\u0105 kadencj\u0119 prezydenck\u0105 Donaldem Trumpem w\u00a02022 roku. Opr\u00f3cz przyznawania si\u0119 do\u00a0katolicyzmu Fuentes jest bia\u0142ym supremacjonist\u0105, antysemit\u0105 i\u00a0negacjonist\u0105 Holocaustu.<\/span><\/p>\n<p><span style=\"color: #000080;\">Jeszcze barwniejsza postaci\u0105 jest 24 letni Kyle Langford, kt\u00f3ry\u00a0w\u0142a\u015bnie og\u0142osi\u0142 ch\u0119\u0107 startowania w\u00a02026 roku w\u00a0wyborach na\u00a0gubernatora Kalifornii. Ca\u0142kowicie podziela pogl\u0105dy starszego kolegi, jednak wzbogaci\u0142 je\u00a0o\u00a0elementy, kt\u00f3re ju\u017c przynios\u0142y mu\u00a0rozpoznawalno\u015b\u0107. W\u00a0ramach promocji swojej kandydatury umie\u015bci\u0142 swoje zdj\u0119cie na\u00a0tle bramy obozu w\u00a0Auschwitz deklaruj\u0105c, \u017ce\u00a0tak\u00a0zamierza rozwi\u0105za\u0107 problem bezrobocia i\u00a0bezdomno\u015bci w\u00a0Kalifornii. Dopytywany przez\u00a0dziennikarzy ca\u0142kiem serio t\u0142umaczy\u0142, \u017ce\u00a0Auschwitz to\u00a0\u017caden ob\u00f3z \u015bmierci dla miliona \u017byd\u00f3w, tylko\u00a0w\u0142a\u015bnie znakomicie zorganizowany ob\u00f3z pracy i\u00a0\u017ce\u00a0on\u00a0sam jest dumny ze\u00a0swoich niemieckich przodk\u00f3w. Portal National Catholic Reporter dopytywa\u0142 wsp\u00f3\u0142wyznawc\u0119 o\u00a0jego pogl\u0105dy i\u00a0o\u00a0zdj\u0119cie, kt\u00f3re sta\u0142o si\u0119 powodem mi\u0119dzynarodowego zgorszenia, na\u00a0co\u00a0Kyle Langford z\u00a0prostot\u0105 odpowiedzia\u0142, \u017ce\u00a0\u201ejego niemieccy przodkowie u\u015bmiechaj\u0105 si\u0119 do\u00a0niego\u201d. Opisa\u0142 Auschwitz-Birkenau jako \u201epi\u0119kny ob\u00f3z pracy\u201d i\u00a0zapewni\u0142, \u017ce\u00a0nie\u00a0\u017cartuje, m\u00f3wi\u0105c o\u00a0wysy\u0142aniu bezdomnych i\u00a0bezrobotnych do\u00a0podobnego o\u015brodka. Langford powiedzia\u0142 NCR, \u017ce\u00a0odrzuca narracj\u0119, jakoby Auschwitz-Birkenau by\u0142 obozem zag\u0142ady. Pochwali\u0142 r\u00f3wnie\u017c nazistowskie Niemcy za\u00a0to, \u017ce\u00a0mia\u0142y \u201euporz\u0105dkowane\u201d spo\u0142ecze\u0144stwo: \u201eByli dumni z\u00a0tego, kim byli\u201d.<\/span><\/p>\n<p><span style=\"color: #000080;\">Dzi\u015b rozpoczynamy nowy rozdzia\u0142 w\u00a0historii urz\u0119du prezydenta, kt\u00f3ry\u00a0obejmuje kolejny nominat Jaros\u0142awa Kaczy\u0144skiego. Jerzy Baczy\u0144ski, naczelny Polityki, napisa\u0142, \u017ce\u00a0Dud\u0119 \u017cegnamy bez\u00a0\u017calu, a\u00a0Nawrockiego witamy bez\u00a0nadziei. W\u00a0pe\u0142ni podzielam to\u00a0odczucie i\u00a0zapewne jeszcze nie\u00a0raz przekonamy si\u0119 o\u00a0jego zasadno\u015bci. Tak\u00a0wiec my\u00a0mamy naszego Grzegorza Brauna, kt\u00f3ry\u00a0ca\u0142kiem serio pow\u0105tpiewa w\u00a0istnienie kom\u00f3r gazowych, a\u00a0Amerykanie maj\u0105 Kyle Langforda, kt\u00f3ry\u00a0\u2013 jak na\u00a0razie \u2013 ma\u00a0tylko\u00a02 procent zwolennik\u00f3w, ale\u00a0kto wie, co\u00a0przyniesie przysz\u0142o\u015b\u0107.<\/span><\/p>\n<hr \/>\n<p style=\"text-align: left;\"><img decoding=\"async\" class=\"alignleft\" src=\"https:\/\/studioopinii.pl\/wp-content\/uploads\/2015\/07\/obirek.jpg\" width=\"20%\" \/><strong><span style=\"color: #808080;\"><em>Stanis\u0142aw Obirek<\/em><\/span><\/strong><br \/>\n<span style=\"color: #808080;\"><em>(ur. 21 sierpnia 1956 w Tomaszowie Lubelskim) \u2013 teolog,<\/em><\/span><br \/>\n<span style=\"color: #808080;\"><em>historyk, antropolog kultury, profesor nauk humanistycznych, profesor zwyczajny Uniwersytetu Warszawskiego, by\u0142y jezuita.<\/em><\/span><\/p>\n<hr style=\"height: 15px; background: #d0e6fa; width: 100%;\" \/>\n<div id=\"content\" class=\"content-alignment\">\n<div id=\"watch-description\" class=\"yt-uix-button-panel\">\n<div id=\"watch-description-text\" style=\"text-align: center;\">\n<p><em>Zawarto\u015b\u0107 publikowanych artyku\u0142\u00f3w i materia\u0142\u00f3w nie reprezentuje pogl\u0105d\u00f3w ani opinii Reunion&#8217;68,<\/em><em><br \/>\nani te\u017c webmastera Blogu Reunion&#8217;68, chyba ze jest to wyra\u017anie zaznaczone.<br \/>\nTwoje uwagi, linki, w\u0142asne artyku\u0142y lub wiadomo\u015bci prze\u015blij na adres:<br \/>\n<\/em><span style=\"color: #000080;\"><strong><em><a style=\"color: #000080;\" href=\"mailto:webmaster@reunion68.com\"><span style=\"text-decoration: underline;\">webmaster@reunion68.com<\/span><\/a><\/em><\/strong><\/span><\/p>\n<\/div>\n<\/div>\n<\/div>\n<hr style=\"width: 100%;\" \/>\n","protected":false},"excerpt":{"rendered":"<p>. Ameryka\u0144ski antysemityzm Stanis\u0142aw Obirek Z\u00a0pewnym zaskoczeniem odkry\u0142em nieznana mi\u00a0twarz ameryka\u0144skiego antysemityzmu katolickiego. Sta\u0142o si\u0119 to\u00a0za\u00a0spraw\u0105 wydanej w\u00a02024 roku ksi\u0105\u017cki m\u0142odego historyka Davida Austina Walsha \u201cTaking America Back. The Conservative Movement and the far right\u201d, (Odzyska\u0107 Ameryk\u0119. Ruch konserwatywny i\u00a0skrajna prawica). To\u00a0\u015bwietnie i\u00a0\u017cywo odmalowany fresk niezwykle skomplikowanego ideologicznie stanu umys\u0142u ameryka\u0144skich konserwatyst\u00f3w, z\u00a0kt\u00f3rych\u00a0wielu do\u015b\u0107 otwarcie [&hellip;]<\/p>\n","protected":false},"author":1,"featured_media":0,"comment_status":"closed","ping_status":"closed","sticky":false,"template":"","format":"standard","meta":[],"categories":[6],"tags":[33,24],"_links":{"self":[{"href":"https:\/\/www.reunion68.se\/index.php?rest_route=\/wp\/v2\/posts\/123415"}],"collection":[{"href":"https:\/\/www.reunion68.se\/index.php?rest_route=\/wp\/v2\/posts"}],"about":[{"href":"https:\/\/www.reunion68.se\/index.php?rest_route=\/wp\/v2\/types\/post"}],"author":[{"embeddable":true,"href":"https:\/\/www.reunion68.se\/index.php?rest_route=\/wp\/v2\/users\/1"}],"replies":[{"embeddable":true,"href":"https:\/\/www.reunion68.se\/index.php?rest_route=%2Fwp%2Fv2%2Fcomments&post=123415"}],"version-history":[{"count":5,"href":"https:\/\/www.reunion68.se\/index.php?rest_route=\/wp\/v2\/posts\/123415\/revisions"}],"predecessor-version":[{"id":123430,"href":"https:\/\/www.reunion68.se\/index.php?rest_route=\/wp\/v2\/posts\/123415\/revisions\/123430"}],"wp:attachment":[{"href":"https:\/\/www.reunion68.se\/index.php?rest_route=%2Fwp%2Fv2%2Fmedia&parent=123415"}],"wp:term":[{"taxonomy":"category","embeddable":true,"href":"https:\/\/www.reunion68.se\/index.php?rest_route=%2Fwp%2Fv2%2Fcategories&post=123415"},{"taxonomy":"post_tag","embeddable":true,"href":"https:\/\/www.reunion68.se\/index.php?rest_route=%2Fwp%2Fv2%2Ftags&post=123415"}],"curies":[{"name":"wp","href":"https:\/\/api.w.org\/{rel}","templated":true}]}}